{"id":4888,"date":"2011-02-04T18:03:55","date_gmt":"2011-02-04T15:03:55","guid":{"rendered":"http:\/\/localhost\/wordpress\/2011\/02\/04\/bir-yilin-son-gunleri\/"},"modified":"2011-02-04T18:03:55","modified_gmt":"2011-02-04T15:03:55","slug":"bir-yilin-son-gunleri","status":"publish","type":"post","link":"https:\/\/narteks.net\/index.php\/2011\/02\/04\/bir-yilin-son-gunleri\/","title":{"rendered":"B\u0130R YILIN SON G\u00dcNLER\u0130"},"content":{"rendered":"<p>I.<br \/>bir y\u0131l daha bitiyor<br \/>\u0130\u015fte bu kadar duru,bu kadar yal\u0131n<br \/>bu kadar el de\u011fmemi\u015f<br \/>s\u0131radan bir ger\u00e7e\u011fi daha<br \/>kollar\u0131 ba\u011fl\u0131 hayat\u0131m\u0131z\u0131n<br \/>bir \u015fiire nas\u0131l dahil edilir bir y\u0131l\u0131n son g\u00fcnleri<br \/>her sonda her ba\u015flang\u0131\u00e7ta ve her defas\u0131nda<br \/>al\u0131r gibi bir ba\u015fkas\u0131n\u0131 kar\u015f\u0131m\u0131za<br \/>perdeler \u00e7ekip,\u0131\u015f\u0131klar s\u00f6nd\u00fcr\u00fcp<br \/>oturup yata\u011f\u0131n i\u00e7ine bir ba\u015f\u0131m\u0131za<br \/>sorgulamak kendimizi<br \/>\u00f6\u011frenmek ikizin anadilini,ikinci belle\u011fimizi<br \/>\u00f6\u011frenmek kendimizle hesapla\u015fman\u0131n buzul ili\u015fkilerini<br \/>bu aynalar\u0131n dehlizlerinde gezinirken g\u00f6r\u00fcr\u00fcz<br \/>karanl\u0131k g\u00fcnlerimizin kenar s\u00fcslerini<\/p>\n<p>biterken bir y\u0131l\u0131n son g\u00fcnleri<br \/>biliyoruz takvimler belirlemez de\u011fi\u015fimin mevsimlerini<br \/>gen\u00e7lik ikindilerini<\/p>\n<p>karg\u0131nm\u0131\u015f bir \u00e7ocuktuk b\u00fcy\u00fcd\u00fc\u011f\u00fcm\u00fczden beri<\/p>\n<p>II.<br \/>bir y\u0131l daha bitiyor<br \/>d\u00fc\u015flerim,tasar\u0131lar\u0131m,yar\u0131m kalm\u0131\u015f onca \u015fey<br \/>her y\u0131l biraz daha k\u0131sal\u0131yor \u00f6ncekinden<br \/>bana m\u0131 \u00f6yle geliyor<br \/>yoksa daha m\u0131 h\u0131zl\u0131 ilerliyor zaman<br \/>insan ya\u015flan\u0131rken?<\/p>\n<p>III.<br \/>k\u0131rd\u0131m m\u0131 incittim mi birilerin<br \/>kimleri kazand\u0131m,yitirdiklerim kimler?<br \/>kendimi yineledim mi yazd\u0131klar\u0131mda?<br \/>yeniden d\u00fc\u015f\u00fcnmeliyim<br \/>dostluklar\u0131m\u0131,ili\u015fkilerimi<br \/>da\u011f\u0131n\u0131k yata\u011f\u0131m,mutsuz yata\u011f\u0131m<br \/>\u00e7o\u011faltt\u0131n m\u0131 eksiklerimi<br \/>g\u00f6zlerim \u00e7ocukluk foto\u011fraflar\u0131nda m\u0131 kald\u0131<br \/>yitirdim mi yoksa masumiyetimi?<br \/>bor\u00e7lar\u0131m\u0131 \u00f6dedim mi?<br \/>do\u011fru se\u00e7tim mi sorular\u0131n fiillerini?<br \/>t\u0131rnaklar\u0131m kesilmi\u015f,di\u015flerim f\u0131r\u00e7alanm\u0131\u015f,sa\u00e7lar\u0131m taranm\u0131\u015f,<br \/>giysilerim \u00fct\u00fcl\u00fc,odam d\u00fczenli mi?<br \/>\u00f6d\u00fcn\u00e7 ald\u0131\u011f\u0131m kitaplar\u0131 geri verdim mi?<br \/>geri verdim mi ald\u0131klar\u0131m\u0131:<br \/>a\u015fklar\u0131,dostluklar\u0131,sevgileri,g\u00fcvenleri,ba\u011flar\u0131<br \/>kitaplara,sayfalara,sat\u0131rlara borcumu \u00f6dedim mi?<br \/>yoklad\u0131m m\u0131 duygular\u0131m\u0131<br \/>hala sevebiliyor muyum insanlar\u0131?<br \/>ovmal\u0131 g\u00fcm\u00fc\u015flerimi,bak\u0131rlar\u0131m\u0131,cila ge\u00e7meli ah\u015faplar\u0131ma<br \/>ovmal\u0131 umutlar\u0131<br \/>sakl\u0131 tutumal\u0131 gelecek inanc\u0131n\u0131,yar\u0131nlar\u0131,eksik etmemeli a\u011fz\u0131m\u0131zdan<br \/>han\u00e7er k\u0131vam\u0131ndaki karamizah tad\u0131n\u0131<br \/>\u015fimdi oturup uzun bir hasretlik mektubu yazmal\u0131y\u0131m Yavuz&#8217;a<br \/>sonra k\u00f6\u015fe ba\u015f\u0131ndan bir demet \u00e7i\u00e7ek al\u0131p \u00f6yle ba\u015flamal\u0131y\u0131m ak\u015fama<br \/>yeni bir y\u0131la<br \/>ama nedense her \u015feyin tad\u0131 da\u011f\u0131l\u0131yor a\u011fz\u0131mda<br \/>bir sap \u00e7i\u00e7ek mi ta\u015f\u0131sam yoksa a\u011fz\u0131m\u0131n k\u0131y\u0131s\u0131nda<br \/>ayd\u0131nl\u0131k rengi vursun diye g\u00f6zlerimdeki buluta\u00a0 <\/p>\n<p>Murathan MUNGAN<\/p>\n","protected":false},"excerpt":{"rendered":"<p>I.bir y\u0131l daha bitiyor\u0130\u015fte bu kadar duru,bu kadar yal\u0131nbu kadar el de\u011fmemi\u015fs\u0131radan bir ger\u00e7e\u011fi dahakollar\u0131 ba\u011fl\u0131 hayat\u0131m\u0131z\u0131nbir \u015fiire nas\u0131l dahil edilir bir y\u0131l\u0131n son g\u00fcnleriher sonda her ba\u015flang\u0131\u00e7ta ve her defas\u0131ndaal\u0131r gibi bir ba\u015fkas\u0131n\u0131 kar\u015f\u0131m\u0131zaperdeler \u00e7ekip,\u0131\u015f\u0131klar s\u00f6nd\u00fcr\u00fcpoturup yata\u011f\u0131n i\u00e7ine bir ba\u015f\u0131m\u0131zasorgulamak kendimizi\u00f6\u011frenmek ikizin anadilini,ikinci belle\u011fimizi\u00f6\u011frenmek kendimizle hesapla\u015fman\u0131n buzul ili\u015fkilerinibu aynalar\u0131n dehlizlerinde gezinirken g\u00f6r\u00fcr\u00fczkaranl\u0131k g\u00fcnlerimizin kenar [&hellip;]<\/p>\n","protected":false},"author":1,"featured_media":0,"comment_status":"open","ping_status":"open","sticky":false,"template":"","format":"standard","meta":{"footnotes":""},"categories":[154],"tags":[],"class_list":{"0":"post-4888","1":"post","2":"type-post","3":"status-publish","4":"format-standard","6":"category-murathan-mungan"},"yoast_head":"<!-- This site is optimized with the Yoast SEO Premium plugin v24.9 (Yoast SEO v24.9) - https:\/\/yoast.com\/wordpress\/plugins\/seo\/ -->\n<title>B\u0130R YILIN SON G\u00dcNLER\u0130 - narteks.net<\/title>\n<meta name=\"robots\" content=\"index, follow, max-snippet:-1, max-image-preview:large, max-video-preview:-1\" \/>\n<link rel=\"canonical\" href=\"https:\/\/narteks.net\/index.php\/2011\/02\/04\/bir-yilin-son-gunleri\/\" \/>\n<meta property=\"og:locale\" content=\"tr_TR\" \/>\n<meta property=\"og:type\" content=\"article\" \/>\n<meta property=\"og:title\" content=\"B\u0130R YILIN SON G\u00dcNLER\u0130\" \/>\n<meta property=\"og:description\" content=\"I.bir y\u0131l daha bitiyor\u0130\u015fte bu kadar duru,bu kadar yal\u0131nbu kadar el de\u011fmemi\u015fs\u0131radan bir ger\u00e7e\u011fi dahakollar\u0131 ba\u011fl\u0131 hayat\u0131m\u0131z\u0131nbir \u015fiire nas\u0131l dahil edilir bir y\u0131l\u0131n son g\u00fcnleriher sonda her ba\u015flang\u0131\u00e7ta ve her defas\u0131ndaal\u0131r gibi bir ba\u015fkas\u0131n\u0131 kar\u015f\u0131m\u0131zaperdeler \u00e7ekip,\u0131\u015f\u0131klar s\u00f6nd\u00fcr\u00fcpoturup yata\u011f\u0131n i\u00e7ine bir ba\u015f\u0131m\u0131zasorgulamak kendimizi\u00f6\u011frenmek ikizin anadilini,ikinci belle\u011fimizi\u00f6\u011frenmek kendimizle hesapla\u015fman\u0131n buzul ili\u015fkilerinibu aynalar\u0131n dehlizlerinde gezinirken g\u00f6r\u00fcr\u00fczkaranl\u0131k g\u00fcnlerimizin kenar [&hellip;]\" \/>\n<meta property=\"og:url\" content=\"https:\/\/narteks.net\/index.php\/2011\/02\/04\/bir-yilin-son-gunleri\/\" \/>\n<meta property=\"og:site_name\" content=\"narteks.net\" \/>\n<meta property=\"article:published_time\" content=\"2011-02-04T15:03:55+00:00\" \/>\n<meta property=\"og:image\" content=\"https:\/\/narteks.net\/wp-content\/uploads\/narteks.png\" \/>\n\t<meta property=\"og:image:width\" content=\"300\" \/>\n\t<meta property=\"og:image:height\" content=\"90\" \/>\n\t<meta property=\"og:image:type\" content=\"image\/png\" \/>\n<meta name=\"author\" content=\"Tar\u0131k\" \/>\n<meta name=\"twitter:card\" content=\"summary_large_image\" \/>\n<meta name=\"twitter:creator\" content=\"@narteks\" \/>\n<meta name=\"twitter:site\" content=\"@narteks\" \/>\n<meta name=\"twitter:label1\" content=\"Yazan:\" \/>\n\t<meta name=\"twitter:data1\" content=\"Tar\u0131k\" \/>\n\t<meta name=\"twitter:label2\" content=\"Tahmini okuma s\u00fcresi\" \/>\n\t<meta name=\"twitter:data2\" content=\"2 dakika\" \/>\n<script type=\"application\/ld+json\" class=\"yoast-schema-graph\">{\"@context\":\"https:\/\/schema.org\",\"@graph\":[{\"@type\":\"Article\",\"@id\":\"https:\/\/narteks.net\/index.php\/2011\/02\/04\/bir-yilin-son-gunleri\/#article\",\"isPartOf\":{\"@id\":\"https:\/\/narteks.net\/index.php\/2011\/02\/04\/bir-yilin-son-gunleri\/\"},\"author\":{\"name\":\"Tar\u0131k\",\"@id\":\"https:\/\/narteks.net\/#\/schema\/person\/61f37d9834294b72d31d274e7ed79bca\"},\"headline\":\"B\u0130R YILIN SON G\u00dcNLER\u0130\",\"datePublished\":\"2011-02-04T15:03:55+00:00\",\"mainEntityOfPage\":{\"@id\":\"https:\/\/narteks.net\/index.php\/2011\/02\/04\/bir-yilin-son-gunleri\/\"},\"wordCount\":388,\"commentCount\":0,\"publisher\":{\"@id\":\"https:\/\/narteks.net\/#organization\"},\"articleSection\":[\"Murathan MUNGAN\"],\"inLanguage\":\"tr\",\"potentialAction\":[{\"@type\":\"CommentAction\",\"name\":\"Comment\",\"target\":[\"https:\/\/narteks.net\/index.php\/2011\/02\/04\/bir-yilin-son-gunleri\/#respond\"]}]},{\"@type\":\"WebPage\",\"@id\":\"https:\/\/narteks.net\/index.php\/2011\/02\/04\/bir-yilin-son-gunleri\/\",\"url\":\"https:\/\/narteks.net\/index.php\/2011\/02\/04\/bir-yilin-son-gunleri\/\",\"name\":\"B\u0130R YILIN SON G\u00dcNLER\u0130 - narteks.net\",\"isPartOf\":{\"@id\":\"https:\/\/narteks.net\/#website\"},\"datePublished\":\"2011-02-04T15:03:55+00:00\",\"breadcrumb\":{\"@id\":\"https:\/\/narteks.net\/index.php\/2011\/02\/04\/bir-yilin-son-gunleri\/#breadcrumb\"},\"inLanguage\":\"tr\",\"potentialAction\":[{\"@type\":\"ReadAction\",\"target\":[\"https:\/\/narteks.net\/index.php\/2011\/02\/04\/bir-yilin-son-gunleri\/\"]}]},{\"@type\":\"BreadcrumbList\",\"@id\":\"https:\/\/narteks.net\/index.php\/2011\/02\/04\/bir-yilin-son-gunleri\/#breadcrumb\",\"itemListElement\":[{\"@type\":\"ListItem\",\"position\":1,\"name\":\"Anasayfa\",\"item\":\"https:\/\/narteks.net\/\"},{\"@type\":\"ListItem\",\"position\":2,\"name\":\"B\u0130R YILIN SON G\u00dcNLER\u0130\"}]},{\"@type\":\"WebSite\",\"@id\":\"https:\/\/narteks.net\/#website\",\"url\":\"https:\/\/narteks.net\/\",\"name\":\"narteks.net\",\"description\":\"K\u00fclt\u00fcr Sanat Edebiyat Felsefe\",\"publisher\":{\"@id\":\"https:\/\/narteks.net\/#organization\"},\"alternateName\":\"K\u00fclt\u00fcr Sanat Edebiyat Felsefe\",\"potentialAction\":[{\"@type\":\"SearchAction\",\"target\":{\"@type\":\"EntryPoint\",\"urlTemplate\":\"https:\/\/narteks.net\/?s={search_term_string}\"},\"query-input\":{\"@type\":\"PropertyValueSpecification\",\"valueRequired\":true,\"valueName\":\"search_term_string\"}}],\"inLanguage\":\"tr\"},{\"@type\":\"Organization\",\"@id\":\"https:\/\/narteks.net\/#organization\",\"name\":\"narteks.net\",\"url\":\"https:\/\/narteks.net\/\",\"logo\":{\"@type\":\"ImageObject\",\"inLanguage\":\"tr\",\"@id\":\"https:\/\/narteks.net\/#\/schema\/logo\/image\/\",\"url\":\"https:\/\/narteks.net\/wp-content\/uploads\/narteks.png\",\"contentUrl\":\"https:\/\/narteks.net\/wp-content\/uploads\/narteks.png\",\"width\":300,\"height\":90,\"caption\":\"narteks.net\"},\"image\":{\"@id\":\"https:\/\/narteks.net\/#\/schema\/logo\/image\/\"},\"sameAs\":[\"https:\/\/x.com\/narteks\",\"https:\/\/instagram.com\/narteksnet\"]},{\"@type\":\"Person\",\"@id\":\"https:\/\/narteks.net\/#\/schema\/person\/61f37d9834294b72d31d274e7ed79bca\",\"name\":\"Tar\u0131k\",\"image\":{\"@type\":\"ImageObject\",\"inLanguage\":\"tr\",\"@id\":\"https:\/\/narteks.net\/#\/schema\/person\/image\/\",\"url\":\"https:\/\/secure.gravatar.com\/avatar\/50865afb55632c4ae467e0af0930f6510aa2297d8014be502a55b14f3b7550cf?s=96&d=mm&r=g\",\"contentUrl\":\"https:\/\/secure.gravatar.com\/avatar\/50865afb55632c4ae467e0af0930f6510aa2297d8014be502a55b14f3b7550cf?s=96&d=mm&r=g\",\"caption\":\"Tar\u0131k\"},\"sameAs\":[\"http:\/\/narteks.net\"],\"url\":\"https:\/\/narteks.net\/index.php\/author\/narbak\/\"}]}<\/script>\n<!-- \/ Yoast SEO Premium plugin. -->","yoast_head_json":{"title":"B\u0130R YILIN SON G\u00dcNLER\u0130 - narteks.net","robots":{"index":"index","follow":"follow","max-snippet":"max-snippet:-1","max-image-preview":"max-image-preview:large","max-video-preview":"max-video-preview:-1"},"canonical":"https:\/\/narteks.net\/index.php\/2011\/02\/04\/bir-yilin-son-gunleri\/","og_locale":"tr_TR","og_type":"article","og_title":"B\u0130R YILIN SON G\u00dcNLER\u0130","og_description":"I.bir y\u0131l daha bitiyor\u0130\u015fte bu kadar duru,bu kadar yal\u0131nbu kadar el de\u011fmemi\u015fs\u0131radan bir ger\u00e7e\u011fi dahakollar\u0131 ba\u011fl\u0131 hayat\u0131m\u0131z\u0131nbir \u015fiire nas\u0131l dahil edilir bir y\u0131l\u0131n son g\u00fcnleriher sonda her ba\u015flang\u0131\u00e7ta ve her defas\u0131ndaal\u0131r gibi bir ba\u015fkas\u0131n\u0131 kar\u015f\u0131m\u0131zaperdeler \u00e7ekip,\u0131\u015f\u0131klar s\u00f6nd\u00fcr\u00fcpoturup yata\u011f\u0131n i\u00e7ine bir ba\u015f\u0131m\u0131zasorgulamak kendimizi\u00f6\u011frenmek ikizin anadilini,ikinci belle\u011fimizi\u00f6\u011frenmek kendimizle hesapla\u015fman\u0131n buzul ili\u015fkilerinibu aynalar\u0131n dehlizlerinde gezinirken g\u00f6r\u00fcr\u00fczkaranl\u0131k g\u00fcnlerimizin kenar [&hellip;]","og_url":"https:\/\/narteks.net\/index.php\/2011\/02\/04\/bir-yilin-son-gunleri\/","og_site_name":"narteks.net","article_published_time":"2011-02-04T15:03:55+00:00","og_image":[{"width":300,"height":90,"url":"https:\/\/narteks.net\/wp-content\/uploads\/narteks.png","type":"image\/png"}],"author":"Tar\u0131k","twitter_card":"summary_large_image","twitter_creator":"@narteks","twitter_site":"@narteks","twitter_misc":{"Yazan:":"Tar\u0131k","Tahmini okuma s\u00fcresi":"2 dakika"},"schema":{"@context":"https:\/\/schema.org","@graph":[{"@type":"Article","@id":"https:\/\/narteks.net\/index.php\/2011\/02\/04\/bir-yilin-son-gunleri\/#article","isPartOf":{"@id":"https:\/\/narteks.net\/index.php\/2011\/02\/04\/bir-yilin-son-gunleri\/"},"author":{"name":"Tar\u0131k","@id":"https:\/\/narteks.net\/#\/schema\/person\/61f37d9834294b72d31d274e7ed79bca"},"headline":"B\u0130R YILIN SON G\u00dcNLER\u0130","datePublished":"2011-02-04T15:03:55+00:00","mainEntityOfPage":{"@id":"https:\/\/narteks.net\/index.php\/2011\/02\/04\/bir-yilin-son-gunleri\/"},"wordCount":388,"commentCount":0,"publisher":{"@id":"https:\/\/narteks.net\/#organization"},"articleSection":["Murathan MUNGAN"],"inLanguage":"tr","potentialAction":[{"@type":"CommentAction","name":"Comment","target":["https:\/\/narteks.net\/index.php\/2011\/02\/04\/bir-yilin-son-gunleri\/#respond"]}]},{"@type":"WebPage","@id":"https:\/\/narteks.net\/index.php\/2011\/02\/04\/bir-yilin-son-gunleri\/","url":"https:\/\/narteks.net\/index.php\/2011\/02\/04\/bir-yilin-son-gunleri\/","name":"B\u0130R YILIN SON G\u00dcNLER\u0130 - narteks.net","isPartOf":{"@id":"https:\/\/narteks.net\/#website"},"datePublished":"2011-02-04T15:03:55+00:00","breadcrumb":{"@id":"https:\/\/narteks.net\/index.php\/2011\/02\/04\/bir-yilin-son-gunleri\/#breadcrumb"},"inLanguage":"tr","potentialAction":[{"@type":"ReadAction","target":["https:\/\/narteks.net\/index.php\/2011\/02\/04\/bir-yilin-son-gunleri\/"]}]},{"@type":"BreadcrumbList","@id":"https:\/\/narteks.net\/index.php\/2011\/02\/04\/bir-yilin-son-gunleri\/#breadcrumb","itemListElement":[{"@type":"ListItem","position":1,"name":"Anasayfa","item":"https:\/\/narteks.net\/"},{"@type":"ListItem","position":2,"name":"B\u0130R YILIN SON G\u00dcNLER\u0130"}]},{"@type":"WebSite","@id":"https:\/\/narteks.net\/#website","url":"https:\/\/narteks.net\/","name":"narteks.net","description":"K\u00fclt\u00fcr Sanat Edebiyat Felsefe","publisher":{"@id":"https:\/\/narteks.net\/#organization"},"alternateName":"K\u00fclt\u00fcr Sanat Edebiyat Felsefe","potentialAction":[{"@type":"SearchAction","target":{"@type":"EntryPoint","urlTemplate":"https:\/\/narteks.net\/?s={search_term_string}"},"query-input":{"@type":"PropertyValueSpecification","valueRequired":true,"valueName":"search_term_string"}}],"inLanguage":"tr"},{"@type":"Organization","@id":"https:\/\/narteks.net\/#organization","name":"narteks.net","url":"https:\/\/narteks.net\/","logo":{"@type":"ImageObject","inLanguage":"tr","@id":"https:\/\/narteks.net\/#\/schema\/logo\/image\/","url":"https:\/\/narteks.net\/wp-content\/uploads\/narteks.png","contentUrl":"https:\/\/narteks.net\/wp-content\/uploads\/narteks.png","width":300,"height":90,"caption":"narteks.net"},"image":{"@id":"https:\/\/narteks.net\/#\/schema\/logo\/image\/"},"sameAs":["https:\/\/x.com\/narteks","https:\/\/instagram.com\/narteksnet"]},{"@type":"Person","@id":"https:\/\/narteks.net\/#\/schema\/person\/61f37d9834294b72d31d274e7ed79bca","name":"Tar\u0131k","image":{"@type":"ImageObject","inLanguage":"tr","@id":"https:\/\/narteks.net\/#\/schema\/person\/image\/","url":"https:\/\/secure.gravatar.com\/avatar\/50865afb55632c4ae467e0af0930f6510aa2297d8014be502a55b14f3b7550cf?s=96&d=mm&r=g","contentUrl":"https:\/\/secure.gravatar.com\/avatar\/50865afb55632c4ae467e0af0930f6510aa2297d8014be502a55b14f3b7550cf?s=96&d=mm&r=g","caption":"Tar\u0131k"},"sameAs":["http:\/\/narteks.net"],"url":"https:\/\/narteks.net\/index.php\/author\/narbak\/"}]}},"_links":{"self":[{"href":"https:\/\/narteks.net\/index.php\/wp-json\/wp\/v2\/posts\/4888","targetHints":{"allow":["GET"]}}],"collection":[{"href":"https:\/\/narteks.net\/index.php\/wp-json\/wp\/v2\/posts"}],"about":[{"href":"https:\/\/narteks.net\/index.php\/wp-json\/wp\/v2\/types\/post"}],"author":[{"embeddable":true,"href":"https:\/\/narteks.net\/index.php\/wp-json\/wp\/v2\/users\/1"}],"replies":[{"embeddable":true,"href":"https:\/\/narteks.net\/index.php\/wp-json\/wp\/v2\/comments?post=4888"}],"version-history":[{"count":0,"href":"https:\/\/narteks.net\/index.php\/wp-json\/wp\/v2\/posts\/4888\/revisions"}],"wp:attachment":[{"href":"https:\/\/narteks.net\/index.php\/wp-json\/wp\/v2\/media?parent=4888"}],"wp:term":[{"taxonomy":"category","embeddable":true,"href":"https:\/\/narteks.net\/index.php\/wp-json\/wp\/v2\/categories?post=4888"},{"taxonomy":"post_tag","embeddable":true,"href":"https:\/\/narteks.net\/index.php\/wp-json\/wp\/v2\/tags?post=4888"}],"curies":[{"name":"wp","href":"https:\/\/api.w.org\/{rel}","templated":true}]}}