{"id":4891,"date":"2011-02-04T18:06:59","date_gmt":"2011-02-04T15:06:59","guid":{"rendered":"http:\/\/localhost\/wordpress\/2011\/02\/04\/bu-ne-bicim-hayat\/"},"modified":"2011-02-04T18:06:59","modified_gmt":"2011-02-04T15:06:59","slug":"bu-ne-bicim-hayat","status":"publish","type":"post","link":"https:\/\/narteks.net\/index.php\/2011\/02\/04\/bu-ne-bicim-hayat\/","title":{"rendered":"BU NE B\u0130\u00c7\u0130M HAYAT"},"content":{"rendered":"<p>Bu ne bi\u00e7im Postac\u0131<br \/>\u00dc\u00e7 defa \u00e7al\u0131yor kap\u0131y\u0131<br \/>Bu ne bi\u00e7im kel<br \/>Hem merhemi var<br \/>Hem s\u00fcrm\u00fcyor ba\u015f\u0131na<br \/>Bu ne bi\u00e7im bi\u00e7imler<br \/>\u0130stedi\u011finiz kadar \u00e7o\u011falt\u0131labilir<br \/>Memleket \u00e7ok m\u00fcsait buna<br \/>\u00d6rne\u011fin yeni bir kom\u015fu ta\u015f\u0131nd\u0131 kar\u015f\u0131ya<br \/>Bir bakt\u0131m Fahriye Abla!<br \/>K\u0131rk y\u0131ll\u0131k bir r\u00f6tar yapm\u0131\u015f<br \/>Erzincan Treni<br \/>Ben gelmi\u015fim \u015fu ya\u015f\u0131ma<br \/>O ise \u015fiirdeki ya\u015f\u0131ndan g\u00fcn almam\u0131\u015f daha<br \/>Benimki ne bi\u00e7im hayat<br \/>Uymuyor ne g\u00f6rd\u00fcklerime<br \/>ne duyduklar\u0131ma<br \/>ne okuduklar\u0131ma<br \/>Ben ne bi\u00e7im benim<br \/>Ne kendime benziyorum<br \/>Ne ba\u015fkalar\u0131na <\/p>\n<p>Murathan MUNGAN<\/p>\n","protected":false},"excerpt":{"rendered":"<p>Bu ne bi\u00e7im Postac\u0131\u00dc\u00e7 defa \u00e7al\u0131yor kap\u0131y\u0131Bu ne bi\u00e7im kelHem merhemi varHem s\u00fcrm\u00fcyor ba\u015f\u0131naBu ne bi\u00e7im bi\u00e7imler\u0130stedi\u011finiz kadar \u00e7o\u011falt\u0131labilirMemleket \u00e7ok m\u00fcsait buna\u00d6rne\u011fin yeni bir kom\u015fu ta\u015f\u0131nd\u0131 kar\u015f\u0131yaBir bakt\u0131m Fahriye Abla!K\u0131rk y\u0131ll\u0131k bir r\u00f6tar yapm\u0131\u015fErzincan TreniBen gelmi\u015fim \u015fu ya\u015f\u0131maO ise \u015fiirdeki ya\u015f\u0131ndan g\u00fcn almam\u0131\u015f dahaBenimki ne bi\u00e7im hayatUymuyor ne g\u00f6rd\u00fcklerimene duyduklar\u0131mane okuduklar\u0131maBen ne bi\u00e7im benimNe kendime [&hellip;]<\/p>\n","protected":false},"author":1,"featured_media":0,"comment_status":"open","ping_status":"open","sticky":false,"template":"","format":"standard","meta":{"footnotes":""},"categories":[154],"tags":[],"class_list":{"0":"post-4891","1":"post","2":"type-post","3":"status-publish","4":"format-standard","6":"category-murathan-mungan"},"yoast_head":"<!-- This site is optimized with the Yoast SEO Premium plugin v24.9 (Yoast SEO v24.9) - https:\/\/yoast.com\/wordpress\/plugins\/seo\/ -->\n<title>BU NE B\u0130\u00c7\u0130M HAYAT - narteks.net<\/title>\n<meta name=\"robots\" content=\"index, follow, max-snippet:-1, max-image-preview:large, max-video-preview:-1\" \/>\n<link rel=\"canonical\" href=\"https:\/\/narteks.net\/index.php\/2011\/02\/04\/bu-ne-bicim-hayat\/\" \/>\n<meta property=\"og:locale\" content=\"tr_TR\" \/>\n<meta property=\"og:type\" content=\"article\" \/>\n<meta property=\"og:title\" content=\"BU NE B\u0130\u00c7\u0130M HAYAT\" \/>\n<meta property=\"og:description\" content=\"Bu ne bi\u00e7im Postac\u0131\u00dc\u00e7 defa \u00e7al\u0131yor kap\u0131y\u0131Bu ne bi\u00e7im kelHem merhemi varHem s\u00fcrm\u00fcyor ba\u015f\u0131naBu ne bi\u00e7im bi\u00e7imler\u0130stedi\u011finiz kadar \u00e7o\u011falt\u0131labilirMemleket \u00e7ok m\u00fcsait buna\u00d6rne\u011fin yeni bir kom\u015fu ta\u015f\u0131nd\u0131 kar\u015f\u0131yaBir bakt\u0131m Fahriye Abla!K\u0131rk y\u0131ll\u0131k bir r\u00f6tar yapm\u0131\u015fErzincan TreniBen gelmi\u015fim \u015fu ya\u015f\u0131maO ise \u015fiirdeki ya\u015f\u0131ndan g\u00fcn almam\u0131\u015f dahaBenimki ne bi\u00e7im hayatUymuyor ne g\u00f6rd\u00fcklerimene duyduklar\u0131mane okuduklar\u0131maBen ne bi\u00e7im benimNe kendime [&hellip;]\" \/>\n<meta property=\"og:url\" content=\"https:\/\/narteks.net\/index.php\/2011\/02\/04\/bu-ne-bicim-hayat\/\" \/>\n<meta property=\"og:site_name\" content=\"narteks.net\" \/>\n<meta property=\"article:published_time\" content=\"2011-02-04T15:06:59+00:00\" \/>\n<meta property=\"og:image\" content=\"https:\/\/narteks.net\/wp-content\/uploads\/narteks.png\" \/>\n\t<meta property=\"og:image:width\" content=\"300\" \/>\n\t<meta property=\"og:image:height\" content=\"90\" \/>\n\t<meta property=\"og:image:type\" content=\"image\/png\" \/>\n<meta name=\"author\" content=\"Tar\u0131k\" \/>\n<meta name=\"twitter:card\" content=\"summary_large_image\" \/>\n<meta name=\"twitter:creator\" content=\"@narteks\" \/>\n<meta name=\"twitter:site\" content=\"@narteks\" \/>\n<meta name=\"twitter:label1\" content=\"Yazan:\" \/>\n\t<meta name=\"twitter:data1\" content=\"Tar\u0131k\" \/>\n<script type=\"application\/ld+json\" class=\"yoast-schema-graph\">{\"@context\":\"https:\/\/schema.org\",\"@graph\":[{\"@type\":\"Article\",\"@id\":\"https:\/\/narteks.net\/index.php\/2011\/02\/04\/bu-ne-bicim-hayat\/#article\",\"isPartOf\":{\"@id\":\"https:\/\/narteks.net\/index.php\/2011\/02\/04\/bu-ne-bicim-hayat\/\"},\"author\":{\"name\":\"Tar\u0131k\",\"@id\":\"https:\/\/narteks.net\/#\/schema\/person\/61f37d9834294b72d31d274e7ed79bca\"},\"headline\":\"BU NE B\u0130\u00c7\u0130M HAYAT\",\"datePublished\":\"2011-02-04T15:06:59+00:00\",\"mainEntityOfPage\":{\"@id\":\"https:\/\/narteks.net\/index.php\/2011\/02\/04\/bu-ne-bicim-hayat\/\"},\"wordCount\":103,\"commentCount\":0,\"publisher\":{\"@id\":\"https:\/\/narteks.net\/#organization\"},\"articleSection\":[\"Murathan MUNGAN\"],\"inLanguage\":\"tr\",\"potentialAction\":[{\"@type\":\"CommentAction\",\"name\":\"Comment\",\"target\":[\"https:\/\/narteks.net\/index.php\/2011\/02\/04\/bu-ne-bicim-hayat\/#respond\"]}]},{\"@type\":\"WebPage\",\"@id\":\"https:\/\/narteks.net\/index.php\/2011\/02\/04\/bu-ne-bicim-hayat\/\",\"url\":\"https:\/\/narteks.net\/index.php\/2011\/02\/04\/bu-ne-bicim-hayat\/\",\"name\":\"BU NE B\u0130\u00c7\u0130M HAYAT - narteks.net\",\"isPartOf\":{\"@id\":\"https:\/\/narteks.net\/#website\"},\"datePublished\":\"2011-02-04T15:06:59+00:00\",\"breadcrumb\":{\"@id\":\"https:\/\/narteks.net\/index.php\/2011\/02\/04\/bu-ne-bicim-hayat\/#breadcrumb\"},\"inLanguage\":\"tr\",\"potentialAction\":[{\"@type\":\"ReadAction\",\"target\":[\"https:\/\/narteks.net\/index.php\/2011\/02\/04\/bu-ne-bicim-hayat\/\"]}]},{\"@type\":\"BreadcrumbList\",\"@id\":\"https:\/\/narteks.net\/index.php\/2011\/02\/04\/bu-ne-bicim-hayat\/#breadcrumb\",\"itemListElement\":[{\"@type\":\"ListItem\",\"position\":1,\"name\":\"Anasayfa\",\"item\":\"https:\/\/narteks.net\/\"},{\"@type\":\"ListItem\",\"position\":2,\"name\":\"BU NE B\u0130\u00c7\u0130M HAYAT\"}]},{\"@type\":\"WebSite\",\"@id\":\"https:\/\/narteks.net\/#website\",\"url\":\"https:\/\/narteks.net\/\",\"name\":\"narteks.net\",\"description\":\"K\u00fclt\u00fcr Sanat Edebiyat Felsefe\",\"publisher\":{\"@id\":\"https:\/\/narteks.net\/#organization\"},\"alternateName\":\"K\u00fclt\u00fcr Sanat Edebiyat Felsefe\",\"potentialAction\":[{\"@type\":\"SearchAction\",\"target\":{\"@type\":\"EntryPoint\",\"urlTemplate\":\"https:\/\/narteks.net\/?s={search_term_string}\"},\"query-input\":{\"@type\":\"PropertyValueSpecification\",\"valueRequired\":true,\"valueName\":\"search_term_string\"}}],\"inLanguage\":\"tr\"},{\"@type\":\"Organization\",\"@id\":\"https:\/\/narteks.net\/#organization\",\"name\":\"narteks.net\",\"url\":\"https:\/\/narteks.net\/\",\"logo\":{\"@type\":\"ImageObject\",\"inLanguage\":\"tr\",\"@id\":\"https:\/\/narteks.net\/#\/schema\/logo\/image\/\",\"url\":\"https:\/\/narteks.net\/wp-content\/uploads\/narteks.png\",\"contentUrl\":\"https:\/\/narteks.net\/wp-content\/uploads\/narteks.png\",\"width\":300,\"height\":90,\"caption\":\"narteks.net\"},\"image\":{\"@id\":\"https:\/\/narteks.net\/#\/schema\/logo\/image\/\"},\"sameAs\":[\"https:\/\/x.com\/narteks\",\"https:\/\/instagram.com\/narteksnet\"]},{\"@type\":\"Person\",\"@id\":\"https:\/\/narteks.net\/#\/schema\/person\/61f37d9834294b72d31d274e7ed79bca\",\"name\":\"Tar\u0131k\",\"image\":{\"@type\":\"ImageObject\",\"inLanguage\":\"tr\",\"@id\":\"https:\/\/narteks.net\/#\/schema\/person\/image\/\",\"url\":\"https:\/\/secure.gravatar.com\/avatar\/50865afb55632c4ae467e0af0930f6510aa2297d8014be502a55b14f3b7550cf?s=96&d=mm&r=g\",\"contentUrl\":\"https:\/\/secure.gravatar.com\/avatar\/50865afb55632c4ae467e0af0930f6510aa2297d8014be502a55b14f3b7550cf?s=96&d=mm&r=g\",\"caption\":\"Tar\u0131k\"},\"sameAs\":[\"http:\/\/narteks.net\"],\"url\":\"https:\/\/narteks.net\/index.php\/author\/narbak\/\"}]}<\/script>\n<!-- \/ Yoast SEO Premium plugin. -->","yoast_head_json":{"title":"BU NE B\u0130\u00c7\u0130M HAYAT - narteks.net","robots":{"index":"index","follow":"follow","max-snippet":"max-snippet:-1","max-image-preview":"max-image-preview:large","max-video-preview":"max-video-preview:-1"},"canonical":"https:\/\/narteks.net\/index.php\/2011\/02\/04\/bu-ne-bicim-hayat\/","og_locale":"tr_TR","og_type":"article","og_title":"BU NE B\u0130\u00c7\u0130M HAYAT","og_description":"Bu ne bi\u00e7im Postac\u0131\u00dc\u00e7 defa \u00e7al\u0131yor kap\u0131y\u0131Bu ne bi\u00e7im kelHem merhemi varHem s\u00fcrm\u00fcyor ba\u015f\u0131naBu ne bi\u00e7im bi\u00e7imler\u0130stedi\u011finiz kadar \u00e7o\u011falt\u0131labilirMemleket \u00e7ok m\u00fcsait buna\u00d6rne\u011fin yeni bir kom\u015fu ta\u015f\u0131nd\u0131 kar\u015f\u0131yaBir bakt\u0131m Fahriye Abla!K\u0131rk y\u0131ll\u0131k bir r\u00f6tar yapm\u0131\u015fErzincan TreniBen gelmi\u015fim \u015fu ya\u015f\u0131maO ise \u015fiirdeki ya\u015f\u0131ndan g\u00fcn almam\u0131\u015f dahaBenimki ne bi\u00e7im hayatUymuyor ne g\u00f6rd\u00fcklerimene duyduklar\u0131mane okuduklar\u0131maBen ne bi\u00e7im benimNe kendime [&hellip;]","og_url":"https:\/\/narteks.net\/index.php\/2011\/02\/04\/bu-ne-bicim-hayat\/","og_site_name":"narteks.net","article_published_time":"2011-02-04T15:06:59+00:00","og_image":[{"width":300,"height":90,"url":"https:\/\/narteks.net\/wp-content\/uploads\/narteks.png","type":"image\/png"}],"author":"Tar\u0131k","twitter_card":"summary_large_image","twitter_creator":"@narteks","twitter_site":"@narteks","twitter_misc":{"Yazan:":"Tar\u0131k"},"schema":{"@context":"https:\/\/schema.org","@graph":[{"@type":"Article","@id":"https:\/\/narteks.net\/index.php\/2011\/02\/04\/bu-ne-bicim-hayat\/#article","isPartOf":{"@id":"https:\/\/narteks.net\/index.php\/2011\/02\/04\/bu-ne-bicim-hayat\/"},"author":{"name":"Tar\u0131k","@id":"https:\/\/narteks.net\/#\/schema\/person\/61f37d9834294b72d31d274e7ed79bca"},"headline":"BU NE B\u0130\u00c7\u0130M HAYAT","datePublished":"2011-02-04T15:06:59+00:00","mainEntityOfPage":{"@id":"https:\/\/narteks.net\/index.php\/2011\/02\/04\/bu-ne-bicim-hayat\/"},"wordCount":103,"commentCount":0,"publisher":{"@id":"https:\/\/narteks.net\/#organization"},"articleSection":["Murathan MUNGAN"],"inLanguage":"tr","potentialAction":[{"@type":"CommentAction","name":"Comment","target":["https:\/\/narteks.net\/index.php\/2011\/02\/04\/bu-ne-bicim-hayat\/#respond"]}]},{"@type":"WebPage","@id":"https:\/\/narteks.net\/index.php\/2011\/02\/04\/bu-ne-bicim-hayat\/","url":"https:\/\/narteks.net\/index.php\/2011\/02\/04\/bu-ne-bicim-hayat\/","name":"BU NE B\u0130\u00c7\u0130M HAYAT - narteks.net","isPartOf":{"@id":"https:\/\/narteks.net\/#website"},"datePublished":"2011-02-04T15:06:59+00:00","breadcrumb":{"@id":"https:\/\/narteks.net\/index.php\/2011\/02\/04\/bu-ne-bicim-hayat\/#breadcrumb"},"inLanguage":"tr","potentialAction":[{"@type":"ReadAction","target":["https:\/\/narteks.net\/index.php\/2011\/02\/04\/bu-ne-bicim-hayat\/"]}]},{"@type":"BreadcrumbList","@id":"https:\/\/narteks.net\/index.php\/2011\/02\/04\/bu-ne-bicim-hayat\/#breadcrumb","itemListElement":[{"@type":"ListItem","position":1,"name":"Anasayfa","item":"https:\/\/narteks.net\/"},{"@type":"ListItem","position":2,"name":"BU NE B\u0130\u00c7\u0130M HAYAT"}]},{"@type":"WebSite","@id":"https:\/\/narteks.net\/#website","url":"https:\/\/narteks.net\/","name":"narteks.net","description":"K\u00fclt\u00fcr Sanat Edebiyat Felsefe","publisher":{"@id":"https:\/\/narteks.net\/#organization"},"alternateName":"K\u00fclt\u00fcr Sanat Edebiyat Felsefe","potentialAction":[{"@type":"SearchAction","target":{"@type":"EntryPoint","urlTemplate":"https:\/\/narteks.net\/?s={search_term_string}"},"query-input":{"@type":"PropertyValueSpecification","valueRequired":true,"valueName":"search_term_string"}}],"inLanguage":"tr"},{"@type":"Organization","@id":"https:\/\/narteks.net\/#organization","name":"narteks.net","url":"https:\/\/narteks.net\/","logo":{"@type":"ImageObject","inLanguage":"tr","@id":"https:\/\/narteks.net\/#\/schema\/logo\/image\/","url":"https:\/\/narteks.net\/wp-content\/uploads\/narteks.png","contentUrl":"https:\/\/narteks.net\/wp-content\/uploads\/narteks.png","width":300,"height":90,"caption":"narteks.net"},"image":{"@id":"https:\/\/narteks.net\/#\/schema\/logo\/image\/"},"sameAs":["https:\/\/x.com\/narteks","https:\/\/instagram.com\/narteksnet"]},{"@type":"Person","@id":"https:\/\/narteks.net\/#\/schema\/person\/61f37d9834294b72d31d274e7ed79bca","name":"Tar\u0131k","image":{"@type":"ImageObject","inLanguage":"tr","@id":"https:\/\/narteks.net\/#\/schema\/person\/image\/","url":"https:\/\/secure.gravatar.com\/avatar\/50865afb55632c4ae467e0af0930f6510aa2297d8014be502a55b14f3b7550cf?s=96&d=mm&r=g","contentUrl":"https:\/\/secure.gravatar.com\/avatar\/50865afb55632c4ae467e0af0930f6510aa2297d8014be502a55b14f3b7550cf?s=96&d=mm&r=g","caption":"Tar\u0131k"},"sameAs":["http:\/\/narteks.net"],"url":"https:\/\/narteks.net\/index.php\/author\/narbak\/"}]}},"_links":{"self":[{"href":"https:\/\/narteks.net\/index.php\/wp-json\/wp\/v2\/posts\/4891","targetHints":{"allow":["GET"]}}],"collection":[{"href":"https:\/\/narteks.net\/index.php\/wp-json\/wp\/v2\/posts"}],"about":[{"href":"https:\/\/narteks.net\/index.php\/wp-json\/wp\/v2\/types\/post"}],"author":[{"embeddable":true,"href":"https:\/\/narteks.net\/index.php\/wp-json\/wp\/v2\/users\/1"}],"replies":[{"embeddable":true,"href":"https:\/\/narteks.net\/index.php\/wp-json\/wp\/v2\/comments?post=4891"}],"version-history":[{"count":0,"href":"https:\/\/narteks.net\/index.php\/wp-json\/wp\/v2\/posts\/4891\/revisions"}],"wp:attachment":[{"href":"https:\/\/narteks.net\/index.php\/wp-json\/wp\/v2\/media?parent=4891"}],"wp:term":[{"taxonomy":"category","embeddable":true,"href":"https:\/\/narteks.net\/index.php\/wp-json\/wp\/v2\/categories?post=4891"},{"taxonomy":"post_tag","embeddable":true,"href":"https:\/\/narteks.net\/index.php\/wp-json\/wp\/v2\/tags?post=4891"}],"curies":[{"name":"wp","href":"https:\/\/api.w.org\/{rel}","templated":true}]}}