{"id":490,"date":"2009-04-12T12:56:24","date_gmt":"2009-04-12T09:56:24","guid":{"rendered":"http:\/\/localhost\/wordpress\/2009\/04\/12\/ben-artik-kusum\/"},"modified":"2009-04-12T12:56:24","modified_gmt":"2009-04-12T09:56:24","slug":"ben-artik-kusum","status":"publish","type":"post","link":"https:\/\/narteks.net\/index.php\/2009\/04\/12\/ben-artik-kusum\/","title":{"rendered":"BEN ARTIK K\u00dcS\u00dcM"},"content":{"rendered":"<p>\u00a0<\/p>\n<p>beni de k\u0131rd\u0131lar i\u00e7imde k\u0131rd\u0131lar <br \/> karanl\u0131k camlardan sular ak\u0131yordu <br \/> \u015fim\u015fekli bir bo\u015flukta saat vurdu <br \/> beni de k\u0131rd\u0131lar belki yaln\u0131zd\u0131lar <br \/> belki onlar\u0131n da \u00e7ocuklu\u011fu yoktu <br \/> b\u00fct\u00fcn \u015fark\u0131lara kapal\u0131yd\u0131lar <br \/> bir gen\u00e7 k\u0131z de\u011fmemi\u015fti sa\u00e7lar\u0131na <\/p>\n<p> beni de k\u0131rd\u0131lar ben art\u0131k k\u00fcs\u00fcm <br \/> ya\u011fmurlar\u0131 ya\u011fm\u0131yor a\u011fa\u00e7lar\u0131ma <br \/> sular\u0131ndan i\u00e7miyorum susad\u0131m ama <br \/> beni de k\u0131rd\u0131lar so\u011fuk bir \u00f6l\u00fcm <br \/> \u00e7evik bir b\u0131\u00e7ak gibi \u00e7ak\u0131ld\u0131 akl\u0131ma <br \/> oysa bir \u015fark\u0131y\u0131m yeniden do\u011fan g\u00fcn\u00fcm <br \/> b\u00fct\u00fcn \u015fark\u0131lara kapal\u0131yd\u0131lar<\/p>\n<p>Attila \u0130LHAN<\/p>\n","protected":false},"excerpt":{"rendered":"<p>\u00a0 beni de k\u0131rd\u0131lar i\u00e7imde k\u0131rd\u0131lar karanl\u0131k camlardan sular ak\u0131yordu \u015fim\u015fekli bir bo\u015flukta saat vurdu beni de k\u0131rd\u0131lar belki yaln\u0131zd\u0131lar belki onlar\u0131n da \u00e7ocuklu\u011fu yoktu b\u00fct\u00fcn \u015fark\u0131lara kapal\u0131yd\u0131lar bir gen\u00e7 k\u0131z de\u011fmemi\u015fti sa\u00e7lar\u0131na beni de k\u0131rd\u0131lar ben art\u0131k k\u00fcs\u00fcm ya\u011fmurlar\u0131 ya\u011fm\u0131yor a\u011fa\u00e7lar\u0131ma sular\u0131ndan i\u00e7miyorum susad\u0131m ama beni de k\u0131rd\u0131lar so\u011fuk bir \u00f6l\u00fcm \u00e7evik bir b\u0131\u00e7ak [&hellip;]<\/p>\n","protected":false},"author":1,"featured_media":0,"comment_status":"open","ping_status":"open","sticky":false,"template":"","format":"standard","meta":{"footnotes":""},"categories":[11],"tags":[],"class_list":{"0":"post-490","1":"post","2":"type-post","3":"status-publish","4":"format-standard","6":"category-attila-ilhan"},"yoast_head":"<!-- This site is optimized with the Yoast SEO Premium plugin v24.9 (Yoast SEO v24.9) - https:\/\/yoast.com\/wordpress\/plugins\/seo\/ -->\n<title>BEN ARTIK K\u00dcS\u00dcM - narteks.net<\/title>\n<meta name=\"robots\" content=\"index, follow, max-snippet:-1, max-image-preview:large, max-video-preview:-1\" \/>\n<link rel=\"canonical\" href=\"https:\/\/narteks.net\/index.php\/2009\/04\/12\/ben-artik-kusum\/\" \/>\n<meta property=\"og:locale\" content=\"tr_TR\" \/>\n<meta property=\"og:type\" content=\"article\" \/>\n<meta property=\"og:title\" content=\"BEN ARTIK K\u00dcS\u00dcM\" \/>\n<meta property=\"og:description\" content=\"\u00a0 beni de k\u0131rd\u0131lar i\u00e7imde k\u0131rd\u0131lar karanl\u0131k camlardan sular ak\u0131yordu \u015fim\u015fekli bir bo\u015flukta saat vurdu beni de k\u0131rd\u0131lar belki yaln\u0131zd\u0131lar belki onlar\u0131n da \u00e7ocuklu\u011fu yoktu b\u00fct\u00fcn \u015fark\u0131lara kapal\u0131yd\u0131lar bir gen\u00e7 k\u0131z de\u011fmemi\u015fti sa\u00e7lar\u0131na beni de k\u0131rd\u0131lar ben art\u0131k k\u00fcs\u00fcm ya\u011fmurlar\u0131 ya\u011fm\u0131yor a\u011fa\u00e7lar\u0131ma sular\u0131ndan i\u00e7miyorum susad\u0131m ama beni de k\u0131rd\u0131lar so\u011fuk bir \u00f6l\u00fcm \u00e7evik bir b\u0131\u00e7ak [&hellip;]\" \/>\n<meta property=\"og:url\" content=\"https:\/\/narteks.net\/index.php\/2009\/04\/12\/ben-artik-kusum\/\" \/>\n<meta property=\"og:site_name\" content=\"narteks.net\" \/>\n<meta property=\"article:published_time\" content=\"2009-04-12T09:56:24+00:00\" \/>\n<meta property=\"og:image\" content=\"https:\/\/narteks.net\/wp-content\/uploads\/narteks.png\" \/>\n\t<meta property=\"og:image:width\" content=\"300\" \/>\n\t<meta property=\"og:image:height\" content=\"90\" \/>\n\t<meta property=\"og:image:type\" content=\"image\/png\" \/>\n<meta name=\"author\" content=\"Tar\u0131k\" \/>\n<meta name=\"twitter:card\" content=\"summary_large_image\" \/>\n<meta name=\"twitter:creator\" content=\"@narteks\" \/>\n<meta name=\"twitter:site\" content=\"@narteks\" \/>\n<meta name=\"twitter:label1\" content=\"Yazan:\" \/>\n\t<meta name=\"twitter:data1\" content=\"Tar\u0131k\" \/>\n\t<meta name=\"twitter:label2\" content=\"Tahmini okuma s\u00fcresi\" \/>\n\t<meta name=\"twitter:data2\" content=\"1 dakika\" \/>\n<script type=\"application\/ld+json\" class=\"yoast-schema-graph\">{\"@context\":\"https:\/\/schema.org\",\"@graph\":[{\"@type\":\"Article\",\"@id\":\"https:\/\/narteks.net\/index.php\/2009\/04\/12\/ben-artik-kusum\/#article\",\"isPartOf\":{\"@id\":\"https:\/\/narteks.net\/index.php\/2009\/04\/12\/ben-artik-kusum\/\"},\"author\":{\"name\":\"Tar\u0131k\",\"@id\":\"https:\/\/narteks.net\/#\/schema\/person\/61f37d9834294b72d31d274e7ed79bca\"},\"headline\":\"BEN ARTIK K\u00dcS\u00dcM\",\"datePublished\":\"2009-04-12T09:56:24+00:00\",\"mainEntityOfPage\":{\"@id\":\"https:\/\/narteks.net\/index.php\/2009\/04\/12\/ben-artik-kusum\/\"},\"wordCount\":129,\"commentCount\":0,\"publisher\":{\"@id\":\"https:\/\/narteks.net\/#organization\"},\"articleSection\":[\"Attila ILHAN\"],\"inLanguage\":\"tr\",\"potentialAction\":[{\"@type\":\"CommentAction\",\"name\":\"Comment\",\"target\":[\"https:\/\/narteks.net\/index.php\/2009\/04\/12\/ben-artik-kusum\/#respond\"]}]},{\"@type\":\"WebPage\",\"@id\":\"https:\/\/narteks.net\/index.php\/2009\/04\/12\/ben-artik-kusum\/\",\"url\":\"https:\/\/narteks.net\/index.php\/2009\/04\/12\/ben-artik-kusum\/\",\"name\":\"BEN ARTIK K\u00dcS\u00dcM - narteks.net\",\"isPartOf\":{\"@id\":\"https:\/\/narteks.net\/#website\"},\"datePublished\":\"2009-04-12T09:56:24+00:00\",\"breadcrumb\":{\"@id\":\"https:\/\/narteks.net\/index.php\/2009\/04\/12\/ben-artik-kusum\/#breadcrumb\"},\"inLanguage\":\"tr\",\"potentialAction\":[{\"@type\":\"ReadAction\",\"target\":[\"https:\/\/narteks.net\/index.php\/2009\/04\/12\/ben-artik-kusum\/\"]}]},{\"@type\":\"BreadcrumbList\",\"@id\":\"https:\/\/narteks.net\/index.php\/2009\/04\/12\/ben-artik-kusum\/#breadcrumb\",\"itemListElement\":[{\"@type\":\"ListItem\",\"position\":1,\"name\":\"Anasayfa\",\"item\":\"https:\/\/narteks.net\/\"},{\"@type\":\"ListItem\",\"position\":2,\"name\":\"BEN ARTIK K\u00dcS\u00dcM\"}]},{\"@type\":\"WebSite\",\"@id\":\"https:\/\/narteks.net\/#website\",\"url\":\"https:\/\/narteks.net\/\",\"name\":\"narteks.net\",\"description\":\"K\u00fclt\u00fcr Sanat Edebiyat Felsefe\",\"publisher\":{\"@id\":\"https:\/\/narteks.net\/#organization\"},\"alternateName\":\"K\u00fclt\u00fcr Sanat Edebiyat Felsefe\",\"potentialAction\":[{\"@type\":\"SearchAction\",\"target\":{\"@type\":\"EntryPoint\",\"urlTemplate\":\"https:\/\/narteks.net\/?s={search_term_string}\"},\"query-input\":{\"@type\":\"PropertyValueSpecification\",\"valueRequired\":true,\"valueName\":\"search_term_string\"}}],\"inLanguage\":\"tr\"},{\"@type\":\"Organization\",\"@id\":\"https:\/\/narteks.net\/#organization\",\"name\":\"narteks.net\",\"url\":\"https:\/\/narteks.net\/\",\"logo\":{\"@type\":\"ImageObject\",\"inLanguage\":\"tr\",\"@id\":\"https:\/\/narteks.net\/#\/schema\/logo\/image\/\",\"url\":\"https:\/\/narteks.net\/wp-content\/uploads\/narteks.png\",\"contentUrl\":\"https:\/\/narteks.net\/wp-content\/uploads\/narteks.png\",\"width\":300,\"height\":90,\"caption\":\"narteks.net\"},\"image\":{\"@id\":\"https:\/\/narteks.net\/#\/schema\/logo\/image\/\"},\"sameAs\":[\"https:\/\/x.com\/narteks\",\"https:\/\/instagram.com\/narteksnet\"]},{\"@type\":\"Person\",\"@id\":\"https:\/\/narteks.net\/#\/schema\/person\/61f37d9834294b72d31d274e7ed79bca\",\"name\":\"Tar\u0131k\",\"image\":{\"@type\":\"ImageObject\",\"inLanguage\":\"tr\",\"@id\":\"https:\/\/narteks.net\/#\/schema\/person\/image\/\",\"url\":\"https:\/\/secure.gravatar.com\/avatar\/50865afb55632c4ae467e0af0930f6510aa2297d8014be502a55b14f3b7550cf?s=96&d=mm&r=g\",\"contentUrl\":\"https:\/\/secure.gravatar.com\/avatar\/50865afb55632c4ae467e0af0930f6510aa2297d8014be502a55b14f3b7550cf?s=96&d=mm&r=g\",\"caption\":\"Tar\u0131k\"},\"sameAs\":[\"http:\/\/narteks.net\"],\"url\":\"https:\/\/narteks.net\/index.php\/author\/narbak\/\"}]}<\/script>\n<!-- \/ Yoast SEO Premium plugin. -->","yoast_head_json":{"title":"BEN ARTIK K\u00dcS\u00dcM - narteks.net","robots":{"index":"index","follow":"follow","max-snippet":"max-snippet:-1","max-image-preview":"max-image-preview:large","max-video-preview":"max-video-preview:-1"},"canonical":"https:\/\/narteks.net\/index.php\/2009\/04\/12\/ben-artik-kusum\/","og_locale":"tr_TR","og_type":"article","og_title":"BEN ARTIK K\u00dcS\u00dcM","og_description":"\u00a0 beni de k\u0131rd\u0131lar i\u00e7imde k\u0131rd\u0131lar karanl\u0131k camlardan sular ak\u0131yordu \u015fim\u015fekli bir bo\u015flukta saat vurdu beni de k\u0131rd\u0131lar belki yaln\u0131zd\u0131lar belki onlar\u0131n da \u00e7ocuklu\u011fu yoktu b\u00fct\u00fcn \u015fark\u0131lara kapal\u0131yd\u0131lar bir gen\u00e7 k\u0131z de\u011fmemi\u015fti sa\u00e7lar\u0131na beni de k\u0131rd\u0131lar ben art\u0131k k\u00fcs\u00fcm ya\u011fmurlar\u0131 ya\u011fm\u0131yor a\u011fa\u00e7lar\u0131ma sular\u0131ndan i\u00e7miyorum susad\u0131m ama beni de k\u0131rd\u0131lar so\u011fuk bir \u00f6l\u00fcm \u00e7evik bir b\u0131\u00e7ak [&hellip;]","og_url":"https:\/\/narteks.net\/index.php\/2009\/04\/12\/ben-artik-kusum\/","og_site_name":"narteks.net","article_published_time":"2009-04-12T09:56:24+00:00","og_image":[{"width":300,"height":90,"url":"https:\/\/narteks.net\/wp-content\/uploads\/narteks.png","type":"image\/png"}],"author":"Tar\u0131k","twitter_card":"summary_large_image","twitter_creator":"@narteks","twitter_site":"@narteks","twitter_misc":{"Yazan:":"Tar\u0131k","Tahmini okuma s\u00fcresi":"1 dakika"},"schema":{"@context":"https:\/\/schema.org","@graph":[{"@type":"Article","@id":"https:\/\/narteks.net\/index.php\/2009\/04\/12\/ben-artik-kusum\/#article","isPartOf":{"@id":"https:\/\/narteks.net\/index.php\/2009\/04\/12\/ben-artik-kusum\/"},"author":{"name":"Tar\u0131k","@id":"https:\/\/narteks.net\/#\/schema\/person\/61f37d9834294b72d31d274e7ed79bca"},"headline":"BEN ARTIK K\u00dcS\u00dcM","datePublished":"2009-04-12T09:56:24+00:00","mainEntityOfPage":{"@id":"https:\/\/narteks.net\/index.php\/2009\/04\/12\/ben-artik-kusum\/"},"wordCount":129,"commentCount":0,"publisher":{"@id":"https:\/\/narteks.net\/#organization"},"articleSection":["Attila ILHAN"],"inLanguage":"tr","potentialAction":[{"@type":"CommentAction","name":"Comment","target":["https:\/\/narteks.net\/index.php\/2009\/04\/12\/ben-artik-kusum\/#respond"]}]},{"@type":"WebPage","@id":"https:\/\/narteks.net\/index.php\/2009\/04\/12\/ben-artik-kusum\/","url":"https:\/\/narteks.net\/index.php\/2009\/04\/12\/ben-artik-kusum\/","name":"BEN ARTIK K\u00dcS\u00dcM - narteks.net","isPartOf":{"@id":"https:\/\/narteks.net\/#website"},"datePublished":"2009-04-12T09:56:24+00:00","breadcrumb":{"@id":"https:\/\/narteks.net\/index.php\/2009\/04\/12\/ben-artik-kusum\/#breadcrumb"},"inLanguage":"tr","potentialAction":[{"@type":"ReadAction","target":["https:\/\/narteks.net\/index.php\/2009\/04\/12\/ben-artik-kusum\/"]}]},{"@type":"BreadcrumbList","@id":"https:\/\/narteks.net\/index.php\/2009\/04\/12\/ben-artik-kusum\/#breadcrumb","itemListElement":[{"@type":"ListItem","position":1,"name":"Anasayfa","item":"https:\/\/narteks.net\/"},{"@type":"ListItem","position":2,"name":"BEN ARTIK K\u00dcS\u00dcM"}]},{"@type":"WebSite","@id":"https:\/\/narteks.net\/#website","url":"https:\/\/narteks.net\/","name":"narteks.net","description":"K\u00fclt\u00fcr Sanat Edebiyat Felsefe","publisher":{"@id":"https:\/\/narteks.net\/#organization"},"alternateName":"K\u00fclt\u00fcr Sanat Edebiyat Felsefe","potentialAction":[{"@type":"SearchAction","target":{"@type":"EntryPoint","urlTemplate":"https:\/\/narteks.net\/?s={search_term_string}"},"query-input":{"@type":"PropertyValueSpecification","valueRequired":true,"valueName":"search_term_string"}}],"inLanguage":"tr"},{"@type":"Organization","@id":"https:\/\/narteks.net\/#organization","name":"narteks.net","url":"https:\/\/narteks.net\/","logo":{"@type":"ImageObject","inLanguage":"tr","@id":"https:\/\/narteks.net\/#\/schema\/logo\/image\/","url":"https:\/\/narteks.net\/wp-content\/uploads\/narteks.png","contentUrl":"https:\/\/narteks.net\/wp-content\/uploads\/narteks.png","width":300,"height":90,"caption":"narteks.net"},"image":{"@id":"https:\/\/narteks.net\/#\/schema\/logo\/image\/"},"sameAs":["https:\/\/x.com\/narteks","https:\/\/instagram.com\/narteksnet"]},{"@type":"Person","@id":"https:\/\/narteks.net\/#\/schema\/person\/61f37d9834294b72d31d274e7ed79bca","name":"Tar\u0131k","image":{"@type":"ImageObject","inLanguage":"tr","@id":"https:\/\/narteks.net\/#\/schema\/person\/image\/","url":"https:\/\/secure.gravatar.com\/avatar\/50865afb55632c4ae467e0af0930f6510aa2297d8014be502a55b14f3b7550cf?s=96&d=mm&r=g","contentUrl":"https:\/\/secure.gravatar.com\/avatar\/50865afb55632c4ae467e0af0930f6510aa2297d8014be502a55b14f3b7550cf?s=96&d=mm&r=g","caption":"Tar\u0131k"},"sameAs":["http:\/\/narteks.net"],"url":"https:\/\/narteks.net\/index.php\/author\/narbak\/"}]}},"_links":{"self":[{"href":"https:\/\/narteks.net\/index.php\/wp-json\/wp\/v2\/posts\/490","targetHints":{"allow":["GET"]}}],"collection":[{"href":"https:\/\/narteks.net\/index.php\/wp-json\/wp\/v2\/posts"}],"about":[{"href":"https:\/\/narteks.net\/index.php\/wp-json\/wp\/v2\/types\/post"}],"author":[{"embeddable":true,"href":"https:\/\/narteks.net\/index.php\/wp-json\/wp\/v2\/users\/1"}],"replies":[{"embeddable":true,"href":"https:\/\/narteks.net\/index.php\/wp-json\/wp\/v2\/comments?post=490"}],"version-history":[{"count":0,"href":"https:\/\/narteks.net\/index.php\/wp-json\/wp\/v2\/posts\/490\/revisions"}],"wp:attachment":[{"href":"https:\/\/narteks.net\/index.php\/wp-json\/wp\/v2\/media?parent=490"}],"wp:term":[{"taxonomy":"category","embeddable":true,"href":"https:\/\/narteks.net\/index.php\/wp-json\/wp\/v2\/categories?post=490"},{"taxonomy":"post_tag","embeddable":true,"href":"https:\/\/narteks.net\/index.php\/wp-json\/wp\/v2\/tags?post=490"}],"curies":[{"name":"wp","href":"https:\/\/api.w.org\/{rel}","templated":true}]}}