{"id":4909,"date":"2011-02-04T18:24:08","date_gmt":"2011-02-04T15:24:08","guid":{"rendered":"http:\/\/localhost\/wordpress\/2011\/02\/04\/gecenin-uzun-soylevi\/"},"modified":"2011-02-04T18:24:08","modified_gmt":"2011-02-04T15:24:08","slug":"gecenin-uzun-soylevi","status":"publish","type":"post","link":"https:\/\/narteks.net\/index.php\/2011\/02\/04\/gecenin-uzun-soylevi\/","title":{"rendered":"GECEN\u0130N UZUN S\u00d6YLEV\u0130"},"content":{"rendered":"<p style=\"text-align: justify;\">I.<br \/>Co\u015fkular\u0131m\u0131z yetim kald\u0131. Yoksul ka\u011f\u0131tlar\u0131m\u0131z\u0131 onarm\u0131yor art\u0131k \u015fiirlerimiz. \u015eiirlerimizin kireci vuruyor y\u00fcz\u00fcm\u00fczdeki duvara. (Eksik fakat ayd\u0131nl\u0131k anlat\u0131mlar\u0131 her \u00e7e\u015fit mutsuzlu\u011fun&#8230;) Ve ellerimizi ko\u011fu\u015fturuyoruz durmadan. Sab\u0131kal\u0131 \u015fiirlerimizden artan ve kendimizce yorumlad\u0131\u011f\u0131m\u0131z ellerimizi. Durmadan kendimize t\u0131rman\u0131yoruz uzun soluklarla. Ayaklar\u0131m\u0131z \u00e7i\u011fnenmi\u015f leylaklardan dev\u015firilmi\u015f; leylak yorgunu sarp yollar inmekte denizin sab\u0131kal\u0131 sevdalar\u0131na.<br \/>(Korsan yorgunu denizin; g\u00f6ky\u00fcz\u00fcne rengi yitik \u015fafaklar\u0131n yamad\u0131\u011f\u0131&#8230;)<\/p>\n<p>II.<br \/>Gece. Zaman ihtilali. Kur\u015fun ge\u00e7irmez y\u00fcreklerimiz. Yani uzatmal\u0131 yasaklar\u0131n konaklad\u0131\u011f\u0131 o ma\u011frur suskunluk. Ku\u015fatmalardan artakalm\u0131\u015f yaral\u0131 insanli\u011fina kefil y\u00fcrek. \u015eimdi gecenin uzun s\u00f6ylevinde ya\u015fanan dilsiz \u015fiirlerin yitik kafiyelerine ayak uydurmaya \u00e7al\u0131\u015f\u0131yor. Yetim kalm\u0131\u015f \u00e7arp\u0131nt\u0131lar\u0131na; yaralar\u0131n\u0131 sararak. Geveze dilsizli\u011fin ikilemini ya\u015fayan kafiyelerin k\u00fc\u00e7\u00fck, \u00fcrkek ad\u0131mlar\u0131na. Sessizliklerinde dingin bir bar\u0131\u015f\u0131kl\u0131\u011f\u0131n b\u00fcy\u00fcs\u00fc. Hangi b\u00fcy\u00fclerle onarmaktay\u0131z kendimizi, bir par\u00e7a daha ya\u015famak i\u00e7in.<br \/>(K\u0131y\u0131lar\u0131m\u0131zda suskunluk. Ellerimizin bizle birle\u015fti\u011fi yerde- Biz lisan\u0131 bilinmeyen rehin b\u0131rak\u0131lm\u0131\u015f bir co\u011frafya atlas\u0131.) Oysa deniz biziz. K\u0131y\u0131 biz. Sevi\u015fmek, bir gen\u00e7lik karantinas\u0131.<br \/>Ve uzun kalemlerin g\u00f6lgeleri dola\u015f\u0131yor yaral\u0131 duyarl\u0131klar\u0131m\u0131z\u0131n \u00fczerinde.<\/p>\n<p>Biz g\u00fcnd\u00fcz s\u00fcrg\u00fcnleri!<br \/>Yazmakla tamamlad\u0131k m\u0131 kendimizi?<br \/>Yazmakla tan\u0131mlad\u0131k m\u0131?<br \/>Kalemlerimizin u\u00e7lar\u0131 yine de nar \u00e7i\u00e7e\u011fi.<\/p>\n<p>III.<br \/>Eski harfler kilitlemi\u015f babam\u0131n tarihini cep yazmalar\u0131nda. A\u011f\u0131r bir g\u00f6zl\u00fck kalm\u0131\u015f tahta ma\u011faralar\u0131nda deri \u00e7ekmecelerin (ve uzun senelerin) . Beni o tan\u0131mlayabilirdi ancak. \u0130nce siyah \u00e7izgili, o ac\u0131 ye\u015fil, k\u0131r\u0131k dolmakaleminin kuruyan kan\u0131yla. (O hi\u00e7 unutamad\u0131\u011f\u0131m dolmakaleminin. Ve herkesin h\u0131rs\u0131z\u0131 \u015fiirlerinin&#8230;) Beni o tan\u0131mlayabilirdi ancak. Ben be\u015f ya\u015f\u0131ndayken \u00f6ld\u00fcrd\u00fc\u011f\u00fcm babam. \u015eimdi y\u0131rt\u0131k foto\u011fraflar\u0131n\u0131 arka cebimde gezdirdi\u011fim s\u00fcnnet\u00e7i babam.<\/p>\n<p>IV.<br \/>Ac\u0131mlayabilirim biraz daha. Dilerseniz biraz daha \u0131\u015f\u0131kland\u0131rabilirim nesnel ger\u00e7ekli\u011fimi; (sizler i\u00e7in) . Bana kendimi anlatmam\u0131\u015f beni size anlatabilirim. \u015eiirlerimle sizden ka\u00e7\u0131rd\u0131klar\u0131m\u0131 (gecelerimi) yak\u0131nla\u015ft\u0131rabilirim karanl\u0131\u011f\u0131mla.<br \/>Gece. zaman ihtilali. Bu k\u00fclt\u00fcr birikimi hangi umars\u0131z unutkanl\u0131\u011f\u0131m\u0131z\u0131n h\u00fcviyetidir? A\u00e7\u0131klar m\u0131s\u0131n\u0131z?<\/p>\n<p>V.<br \/>Siz ve biz (birbirimizi g\u00f6rmeden, belki g\u00f6rmek bile istemeden) bin y\u0131l daha gezinelim aynal\u0131 karanl\u0131\u011f\u0131m\u0131zda. Yeralt\u0131 duyarl\u0131klar\u0131m\u0131zdan bi\u00e7ti\u011fimiz civan giysilerimizin g\u00f6rece \u00f6zerkli\u011fini s\u0131nayal\u0131m. Gecenin eklemedi\u011fi isyanlar\u0131m\u0131z ve \u015fiirlerimizle; belin ve kan\u0131n eklemedi\u011fi ideoloji \u00e7ar\u015faflar\u0131nda. Yani her sevi\u015fmenin son ihtilal provas\u0131nda.<br \/>Ve bin y\u0131l daha kilitleyelim gizlerimizi \u00e7ar\u015f\u0131l\u0131 ili\u015fkilerimizle. \u00c7ar\u015f\u0131l\u0131 ili\u015fkilerimizin m\u00fcfredata uygun diliyle.<br \/>Belki sonra, ondan sonra, her \u015fey a\u00e7\u0131k, apa\u00e7\u0131k yaz\u0131labilir, herkes i\u00e7in.<br \/>(Bir duyarl\u0131k ihtilalinde kendimizi talan edip, sevdi\u011fimiz zaman&#8230;)<\/p>\n<p>VI.<br \/>Kan. \u0130rmak tanr\u0131s\u0131n\u0131n su\u00e7u kan.<br \/>Kimsenin birbirini tan\u0131mamas\u0131, anlamamas\u0131 bundan.<\/p>\n<p>VII.<br \/>\u015eimdi gecenin uzun s\u00f6ylevinden, insan olmaktan, toplumsal bir insan olmaktan, onanmaktan ve redd-i ilhaktan toplayabildiklerimiz bunlar. Kendimiz.<br \/>Sunaklar\u0131m\u0131za ac\u0131lar\u0131m\u0131z\u0131 koyuyoruz.<br \/>Bunlar hi\u00e7bir hapishanede yaz\u0131lmam\u0131\u015f hapishane defterleridir Efendim. L\u00fctfen kabul buyrunuz.\u00a0\u00a0 <\/p>\n<p>Murathan MUNGAN<\/p>\n","protected":false},"excerpt":{"rendered":"<p>I.Co\u015fkular\u0131m\u0131z yetim kald\u0131. Yoksul ka\u011f\u0131tlar\u0131m\u0131z\u0131 onarm\u0131yor art\u0131k \u015fiirlerimiz. \u015eiirlerimizin kireci vuruyor y\u00fcz\u00fcm\u00fczdeki duvara. (Eksik fakat ayd\u0131nl\u0131k anlat\u0131mlar\u0131 her \u00e7e\u015fit mutsuzlu\u011fun&#8230;) Ve ellerimizi ko\u011fu\u015fturuyoruz durmadan. Sab\u0131kal\u0131 \u015fiirlerimizden artan ve kendimizce yorumlad\u0131\u011f\u0131m\u0131z ellerimizi. Durmadan kendimize t\u0131rman\u0131yoruz uzun soluklarla. Ayaklar\u0131m\u0131z \u00e7i\u011fnenmi\u015f leylaklardan dev\u015firilmi\u015f; leylak yorgunu sarp yollar inmekte denizin sab\u0131kal\u0131 sevdalar\u0131na.(Korsan yorgunu denizin; g\u00f6ky\u00fcz\u00fcne rengi yitik \u015fafaklar\u0131n yamad\u0131\u011f\u0131&#8230;) [&hellip;]<\/p>\n","protected":false},"author":1,"featured_media":0,"comment_status":"open","ping_status":"open","sticky":false,"template":"","format":"standard","meta":{"footnotes":""},"categories":[154],"tags":[],"class_list":{"0":"post-4909","1":"post","2":"type-post","3":"status-publish","4":"format-standard","6":"category-murathan-mungan"},"yoast_head":"<!-- This site is optimized with the Yoast SEO Premium plugin v24.9 (Yoast SEO v24.9) - https:\/\/yoast.com\/wordpress\/plugins\/seo\/ -->\n<title>GECEN\u0130N UZUN S\u00d6YLEV\u0130 - narteks.net<\/title>\n<meta name=\"robots\" content=\"index, follow, max-snippet:-1, max-image-preview:large, max-video-preview:-1\" \/>\n<link rel=\"canonical\" href=\"https:\/\/narteks.net\/index.php\/2011\/02\/04\/gecenin-uzun-soylevi\/\" \/>\n<meta property=\"og:locale\" content=\"tr_TR\" \/>\n<meta property=\"og:type\" content=\"article\" \/>\n<meta property=\"og:title\" content=\"GECEN\u0130N UZUN S\u00d6YLEV\u0130\" \/>\n<meta property=\"og:description\" content=\"I.Co\u015fkular\u0131m\u0131z yetim kald\u0131. Yoksul ka\u011f\u0131tlar\u0131m\u0131z\u0131 onarm\u0131yor art\u0131k \u015fiirlerimiz. \u015eiirlerimizin kireci vuruyor y\u00fcz\u00fcm\u00fczdeki duvara. (Eksik fakat ayd\u0131nl\u0131k anlat\u0131mlar\u0131 her \u00e7e\u015fit mutsuzlu\u011fun&#8230;) Ve ellerimizi ko\u011fu\u015fturuyoruz durmadan. Sab\u0131kal\u0131 \u015fiirlerimizden artan ve kendimizce yorumlad\u0131\u011f\u0131m\u0131z ellerimizi. Durmadan kendimize t\u0131rman\u0131yoruz uzun soluklarla. Ayaklar\u0131m\u0131z \u00e7i\u011fnenmi\u015f leylaklardan dev\u015firilmi\u015f; leylak yorgunu sarp yollar inmekte denizin sab\u0131kal\u0131 sevdalar\u0131na.(Korsan yorgunu denizin; g\u00f6ky\u00fcz\u00fcne rengi yitik \u015fafaklar\u0131n yamad\u0131\u011f\u0131&#8230;) [&hellip;]\" \/>\n<meta property=\"og:url\" content=\"https:\/\/narteks.net\/index.php\/2011\/02\/04\/gecenin-uzun-soylevi\/\" \/>\n<meta property=\"og:site_name\" content=\"narteks.net\" \/>\n<meta property=\"article:published_time\" content=\"2011-02-04T15:24:08+00:00\" \/>\n<meta property=\"og:image\" content=\"https:\/\/narteks.net\/wp-content\/uploads\/narteks.png\" \/>\n\t<meta property=\"og:image:width\" content=\"300\" \/>\n\t<meta property=\"og:image:height\" content=\"90\" \/>\n\t<meta property=\"og:image:type\" content=\"image\/png\" \/>\n<meta name=\"author\" content=\"Tar\u0131k\" \/>\n<meta name=\"twitter:card\" content=\"summary_large_image\" \/>\n<meta name=\"twitter:creator\" content=\"@narteks\" \/>\n<meta name=\"twitter:site\" content=\"@narteks\" \/>\n<meta name=\"twitter:label1\" content=\"Yazan:\" \/>\n\t<meta name=\"twitter:data1\" content=\"Tar\u0131k\" \/>\n\t<meta name=\"twitter:label2\" content=\"Tahmini okuma s\u00fcresi\" \/>\n\t<meta name=\"twitter:data2\" content=\"3 dakika\" \/>\n<script type=\"application\/ld+json\" class=\"yoast-schema-graph\">{\"@context\":\"https:\/\/schema.org\",\"@graph\":[{\"@type\":\"Article\",\"@id\":\"https:\/\/narteks.net\/index.php\/2011\/02\/04\/gecenin-uzun-soylevi\/#article\",\"isPartOf\":{\"@id\":\"https:\/\/narteks.net\/index.php\/2011\/02\/04\/gecenin-uzun-soylevi\/\"},\"author\":{\"name\":\"Tar\u0131k\",\"@id\":\"https:\/\/narteks.net\/#\/schema\/person\/61f37d9834294b72d31d274e7ed79bca\"},\"headline\":\"GECEN\u0130N UZUN S\u00d6YLEV\u0130\",\"datePublished\":\"2011-02-04T15:24:08+00:00\",\"mainEntityOfPage\":{\"@id\":\"https:\/\/narteks.net\/index.php\/2011\/02\/04\/gecenin-uzun-soylevi\/\"},\"wordCount\":568,\"commentCount\":0,\"publisher\":{\"@id\":\"https:\/\/narteks.net\/#organization\"},\"articleSection\":[\"Murathan MUNGAN\"],\"inLanguage\":\"tr\",\"potentialAction\":[{\"@type\":\"CommentAction\",\"name\":\"Comment\",\"target\":[\"https:\/\/narteks.net\/index.php\/2011\/02\/04\/gecenin-uzun-soylevi\/#respond\"]}]},{\"@type\":\"WebPage\",\"@id\":\"https:\/\/narteks.net\/index.php\/2011\/02\/04\/gecenin-uzun-soylevi\/\",\"url\":\"https:\/\/narteks.net\/index.php\/2011\/02\/04\/gecenin-uzun-soylevi\/\",\"name\":\"GECEN\u0130N UZUN S\u00d6YLEV\u0130 - narteks.net\",\"isPartOf\":{\"@id\":\"https:\/\/narteks.net\/#website\"},\"datePublished\":\"2011-02-04T15:24:08+00:00\",\"breadcrumb\":{\"@id\":\"https:\/\/narteks.net\/index.php\/2011\/02\/04\/gecenin-uzun-soylevi\/#breadcrumb\"},\"inLanguage\":\"tr\",\"potentialAction\":[{\"@type\":\"ReadAction\",\"target\":[\"https:\/\/narteks.net\/index.php\/2011\/02\/04\/gecenin-uzun-soylevi\/\"]}]},{\"@type\":\"BreadcrumbList\",\"@id\":\"https:\/\/narteks.net\/index.php\/2011\/02\/04\/gecenin-uzun-soylevi\/#breadcrumb\",\"itemListElement\":[{\"@type\":\"ListItem\",\"position\":1,\"name\":\"Anasayfa\",\"item\":\"https:\/\/narteks.net\/\"},{\"@type\":\"ListItem\",\"position\":2,\"name\":\"GECEN\u0130N UZUN S\u00d6YLEV\u0130\"}]},{\"@type\":\"WebSite\",\"@id\":\"https:\/\/narteks.net\/#website\",\"url\":\"https:\/\/narteks.net\/\",\"name\":\"narteks.net\",\"description\":\"K\u00fclt\u00fcr Sanat Edebiyat Felsefe\",\"publisher\":{\"@id\":\"https:\/\/narteks.net\/#organization\"},\"alternateName\":\"K\u00fclt\u00fcr Sanat Edebiyat Felsefe\",\"potentialAction\":[{\"@type\":\"SearchAction\",\"target\":{\"@type\":\"EntryPoint\",\"urlTemplate\":\"https:\/\/narteks.net\/?s={search_term_string}\"},\"query-input\":{\"@type\":\"PropertyValueSpecification\",\"valueRequired\":true,\"valueName\":\"search_term_string\"}}],\"inLanguage\":\"tr\"},{\"@type\":\"Organization\",\"@id\":\"https:\/\/narteks.net\/#organization\",\"name\":\"narteks.net\",\"url\":\"https:\/\/narteks.net\/\",\"logo\":{\"@type\":\"ImageObject\",\"inLanguage\":\"tr\",\"@id\":\"https:\/\/narteks.net\/#\/schema\/logo\/image\/\",\"url\":\"https:\/\/narteks.net\/wp-content\/uploads\/narteks.png\",\"contentUrl\":\"https:\/\/narteks.net\/wp-content\/uploads\/narteks.png\",\"width\":300,\"height\":90,\"caption\":\"narteks.net\"},\"image\":{\"@id\":\"https:\/\/narteks.net\/#\/schema\/logo\/image\/\"},\"sameAs\":[\"https:\/\/x.com\/narteks\",\"https:\/\/instagram.com\/narteksnet\"]},{\"@type\":\"Person\",\"@id\":\"https:\/\/narteks.net\/#\/schema\/person\/61f37d9834294b72d31d274e7ed79bca\",\"name\":\"Tar\u0131k\",\"image\":{\"@type\":\"ImageObject\",\"inLanguage\":\"tr\",\"@id\":\"https:\/\/narteks.net\/#\/schema\/person\/image\/\",\"url\":\"https:\/\/secure.gravatar.com\/avatar\/50865afb55632c4ae467e0af0930f6510aa2297d8014be502a55b14f3b7550cf?s=96&d=mm&r=g\",\"contentUrl\":\"https:\/\/secure.gravatar.com\/avatar\/50865afb55632c4ae467e0af0930f6510aa2297d8014be502a55b14f3b7550cf?s=96&d=mm&r=g\",\"caption\":\"Tar\u0131k\"},\"sameAs\":[\"http:\/\/narteks.net\"],\"url\":\"https:\/\/narteks.net\/index.php\/author\/narbak\/\"}]}<\/script>\n<!-- \/ Yoast SEO Premium plugin. -->","yoast_head_json":{"title":"GECEN\u0130N UZUN S\u00d6YLEV\u0130 - narteks.net","robots":{"index":"index","follow":"follow","max-snippet":"max-snippet:-1","max-image-preview":"max-image-preview:large","max-video-preview":"max-video-preview:-1"},"canonical":"https:\/\/narteks.net\/index.php\/2011\/02\/04\/gecenin-uzun-soylevi\/","og_locale":"tr_TR","og_type":"article","og_title":"GECEN\u0130N UZUN S\u00d6YLEV\u0130","og_description":"I.Co\u015fkular\u0131m\u0131z yetim kald\u0131. Yoksul ka\u011f\u0131tlar\u0131m\u0131z\u0131 onarm\u0131yor art\u0131k \u015fiirlerimiz. \u015eiirlerimizin kireci vuruyor y\u00fcz\u00fcm\u00fczdeki duvara. (Eksik fakat ayd\u0131nl\u0131k anlat\u0131mlar\u0131 her \u00e7e\u015fit mutsuzlu\u011fun&#8230;) Ve ellerimizi ko\u011fu\u015fturuyoruz durmadan. Sab\u0131kal\u0131 \u015fiirlerimizden artan ve kendimizce yorumlad\u0131\u011f\u0131m\u0131z ellerimizi. Durmadan kendimize t\u0131rman\u0131yoruz uzun soluklarla. Ayaklar\u0131m\u0131z \u00e7i\u011fnenmi\u015f leylaklardan dev\u015firilmi\u015f; leylak yorgunu sarp yollar inmekte denizin sab\u0131kal\u0131 sevdalar\u0131na.(Korsan yorgunu denizin; g\u00f6ky\u00fcz\u00fcne rengi yitik \u015fafaklar\u0131n yamad\u0131\u011f\u0131&#8230;) [&hellip;]","og_url":"https:\/\/narteks.net\/index.php\/2011\/02\/04\/gecenin-uzun-soylevi\/","og_site_name":"narteks.net","article_published_time":"2011-02-04T15:24:08+00:00","og_image":[{"width":300,"height":90,"url":"https:\/\/narteks.net\/wp-content\/uploads\/narteks.png","type":"image\/png"}],"author":"Tar\u0131k","twitter_card":"summary_large_image","twitter_creator":"@narteks","twitter_site":"@narteks","twitter_misc":{"Yazan:":"Tar\u0131k","Tahmini okuma s\u00fcresi":"3 dakika"},"schema":{"@context":"https:\/\/schema.org","@graph":[{"@type":"Article","@id":"https:\/\/narteks.net\/index.php\/2011\/02\/04\/gecenin-uzun-soylevi\/#article","isPartOf":{"@id":"https:\/\/narteks.net\/index.php\/2011\/02\/04\/gecenin-uzun-soylevi\/"},"author":{"name":"Tar\u0131k","@id":"https:\/\/narteks.net\/#\/schema\/person\/61f37d9834294b72d31d274e7ed79bca"},"headline":"GECEN\u0130N UZUN S\u00d6YLEV\u0130","datePublished":"2011-02-04T15:24:08+00:00","mainEntityOfPage":{"@id":"https:\/\/narteks.net\/index.php\/2011\/02\/04\/gecenin-uzun-soylevi\/"},"wordCount":568,"commentCount":0,"publisher":{"@id":"https:\/\/narteks.net\/#organization"},"articleSection":["Murathan MUNGAN"],"inLanguage":"tr","potentialAction":[{"@type":"CommentAction","name":"Comment","target":["https:\/\/narteks.net\/index.php\/2011\/02\/04\/gecenin-uzun-soylevi\/#respond"]}]},{"@type":"WebPage","@id":"https:\/\/narteks.net\/index.php\/2011\/02\/04\/gecenin-uzun-soylevi\/","url":"https:\/\/narteks.net\/index.php\/2011\/02\/04\/gecenin-uzun-soylevi\/","name":"GECEN\u0130N UZUN S\u00d6YLEV\u0130 - narteks.net","isPartOf":{"@id":"https:\/\/narteks.net\/#website"},"datePublished":"2011-02-04T15:24:08+00:00","breadcrumb":{"@id":"https:\/\/narteks.net\/index.php\/2011\/02\/04\/gecenin-uzun-soylevi\/#breadcrumb"},"inLanguage":"tr","potentialAction":[{"@type":"ReadAction","target":["https:\/\/narteks.net\/index.php\/2011\/02\/04\/gecenin-uzun-soylevi\/"]}]},{"@type":"BreadcrumbList","@id":"https:\/\/narteks.net\/index.php\/2011\/02\/04\/gecenin-uzun-soylevi\/#breadcrumb","itemListElement":[{"@type":"ListItem","position":1,"name":"Anasayfa","item":"https:\/\/narteks.net\/"},{"@type":"ListItem","position":2,"name":"GECEN\u0130N UZUN S\u00d6YLEV\u0130"}]},{"@type":"WebSite","@id":"https:\/\/narteks.net\/#website","url":"https:\/\/narteks.net\/","name":"narteks.net","description":"K\u00fclt\u00fcr Sanat Edebiyat Felsefe","publisher":{"@id":"https:\/\/narteks.net\/#organization"},"alternateName":"K\u00fclt\u00fcr Sanat Edebiyat Felsefe","potentialAction":[{"@type":"SearchAction","target":{"@type":"EntryPoint","urlTemplate":"https:\/\/narteks.net\/?s={search_term_string}"},"query-input":{"@type":"PropertyValueSpecification","valueRequired":true,"valueName":"search_term_string"}}],"inLanguage":"tr"},{"@type":"Organization","@id":"https:\/\/narteks.net\/#organization","name":"narteks.net","url":"https:\/\/narteks.net\/","logo":{"@type":"ImageObject","inLanguage":"tr","@id":"https:\/\/narteks.net\/#\/schema\/logo\/image\/","url":"https:\/\/narteks.net\/wp-content\/uploads\/narteks.png","contentUrl":"https:\/\/narteks.net\/wp-content\/uploads\/narteks.png","width":300,"height":90,"caption":"narteks.net"},"image":{"@id":"https:\/\/narteks.net\/#\/schema\/logo\/image\/"},"sameAs":["https:\/\/x.com\/narteks","https:\/\/instagram.com\/narteksnet"]},{"@type":"Person","@id":"https:\/\/narteks.net\/#\/schema\/person\/61f37d9834294b72d31d274e7ed79bca","name":"Tar\u0131k","image":{"@type":"ImageObject","inLanguage":"tr","@id":"https:\/\/narteks.net\/#\/schema\/person\/image\/","url":"https:\/\/secure.gravatar.com\/avatar\/50865afb55632c4ae467e0af0930f6510aa2297d8014be502a55b14f3b7550cf?s=96&d=mm&r=g","contentUrl":"https:\/\/secure.gravatar.com\/avatar\/50865afb55632c4ae467e0af0930f6510aa2297d8014be502a55b14f3b7550cf?s=96&d=mm&r=g","caption":"Tar\u0131k"},"sameAs":["http:\/\/narteks.net"],"url":"https:\/\/narteks.net\/index.php\/author\/narbak\/"}]}},"_links":{"self":[{"href":"https:\/\/narteks.net\/index.php\/wp-json\/wp\/v2\/posts\/4909","targetHints":{"allow":["GET"]}}],"collection":[{"href":"https:\/\/narteks.net\/index.php\/wp-json\/wp\/v2\/posts"}],"about":[{"href":"https:\/\/narteks.net\/index.php\/wp-json\/wp\/v2\/types\/post"}],"author":[{"embeddable":true,"href":"https:\/\/narteks.net\/index.php\/wp-json\/wp\/v2\/users\/1"}],"replies":[{"embeddable":true,"href":"https:\/\/narteks.net\/index.php\/wp-json\/wp\/v2\/comments?post=4909"}],"version-history":[{"count":0,"href":"https:\/\/narteks.net\/index.php\/wp-json\/wp\/v2\/posts\/4909\/revisions"}],"wp:attachment":[{"href":"https:\/\/narteks.net\/index.php\/wp-json\/wp\/v2\/media?parent=4909"}],"wp:term":[{"taxonomy":"category","embeddable":true,"href":"https:\/\/narteks.net\/index.php\/wp-json\/wp\/v2\/categories?post=4909"},{"taxonomy":"post_tag","embeddable":true,"href":"https:\/\/narteks.net\/index.php\/wp-json\/wp\/v2\/tags?post=4909"}],"curies":[{"name":"wp","href":"https:\/\/api.w.org\/{rel}","templated":true}]}}