{"id":4910,"date":"2011-02-04T18:25:19","date_gmt":"2011-02-04T15:25:19","guid":{"rendered":"http:\/\/localhost\/wordpress\/2011\/02\/04\/gecilmez-deniz\/"},"modified":"2011-02-04T18:25:19","modified_gmt":"2011-02-04T15:25:19","slug":"gecilmez-deniz","status":"publish","type":"post","link":"https:\/\/narteks.net\/index.php\/2011\/02\/04\/gecilmez-deniz\/","title":{"rendered":"GE\u00c7\u0130LMEZ DEN\u0130Z"},"content":{"rendered":"<p>I-<\/p>\n<p>ahreli bir ka\u011f\u0131t \u00fcst\u00fcne simsiyah kapanm\u0131\u015f\u0131m<br \/>kaz\u0131r\u0131m kendimi bir secdeden, ellerimde gizli hattatlar<br \/>ve s\u00f6ze gelmez devrik duyarl\u0131klar\u0131m<br \/>g\u00f6zlerim -h\u00fczn\u00fcn dilsiz masalc\u0131s\u0131-<br \/>g\u00f6zlerimde hi\u00e7bir dile \u00e7evrilmez intiharlar<br \/>oysa sakl\u0131 han\u00e7erimi ma\u011frur bildiniz<br \/>kendimin tenha bir yerinde vurulmu\u015fum, yatar\u0131m<br \/>oras\u0131 bir denizin g\u00f6lgesidir, g\u00f6remezsiniz<br \/>\u00f6l\u00fcm \u00fczre bir akrepken menek\u015felenirsiniz<br \/>ve ahreli ka\u011f\u0131tlar d\u00fcr\u00fcl\u00fcr ferman diye<br \/>yufka \u00f6l\u00fcmlerin hazin tarihleriyle<br \/>kar alt\u0131nda kalm\u0131\u015f imzas\u0131z karanl\u0131klar\u0131m<br \/>ve azg\u0131n sularda kendini arayan deniz<br \/>ben konu\u015fmam, susar\u0131m<br \/>bu aklamaz ki sizi<br \/>katilimsiniz<\/p>\n<p>II-<\/p>\n<p>katilimsiniz en azg\u0131n sularda<br \/>ellerinizde kan m\u00fcrekkepleri sarho\u015f<br \/>\u00f6l\u00fcm nas\u0131l bir sarma\u015f\u0131k ki<br \/>(deniz g\u00f6ren) en ma\u011frur balkonlarda<br \/>bir g\u00fcn siz de katilleri seversiniz\u00a0\u00a0 <\/p>\n<p>Murathan MUNGAN<\/p>\n","protected":false},"excerpt":{"rendered":"<p>I- ahreli bir ka\u011f\u0131t \u00fcst\u00fcne simsiyah kapanm\u0131\u015f\u0131mkaz\u0131r\u0131m kendimi bir secdeden, ellerimde gizli hattatlarve s\u00f6ze gelmez devrik duyarl\u0131klar\u0131mg\u00f6zlerim -h\u00fczn\u00fcn dilsiz masalc\u0131s\u0131-g\u00f6zlerimde hi\u00e7bir dile \u00e7evrilmez intiharlaroysa sakl\u0131 han\u00e7erimi ma\u011frur bildinizkendimin tenha bir yerinde vurulmu\u015fum, yatar\u0131moras\u0131 bir denizin g\u00f6lgesidir, g\u00f6remezsiniz\u00f6l\u00fcm \u00fczre bir akrepken menek\u015felenirsinizve ahreli ka\u011f\u0131tlar d\u00fcr\u00fcl\u00fcr ferman diyeyufka \u00f6l\u00fcmlerin hazin tarihleriylekar alt\u0131nda kalm\u0131\u015f imzas\u0131z karanl\u0131klar\u0131mve azg\u0131n sularda [&hellip;]<\/p>\n","protected":false},"author":1,"featured_media":0,"comment_status":"open","ping_status":"open","sticky":false,"template":"","format":"standard","meta":{"footnotes":""},"categories":[154],"tags":[],"class_list":{"0":"post-4910","1":"post","2":"type-post","3":"status-publish","4":"format-standard","6":"category-murathan-mungan"},"yoast_head":"<!-- This site is optimized with the Yoast SEO Premium plugin v24.9 (Yoast SEO v24.9) - https:\/\/yoast.com\/wordpress\/plugins\/seo\/ -->\n<title>GE\u00c7\u0130LMEZ DEN\u0130Z - narteks.net<\/title>\n<meta name=\"robots\" content=\"index, follow, max-snippet:-1, max-image-preview:large, max-video-preview:-1\" \/>\n<link rel=\"canonical\" href=\"https:\/\/narteks.net\/index.php\/2011\/02\/04\/gecilmez-deniz\/\" \/>\n<meta property=\"og:locale\" content=\"tr_TR\" \/>\n<meta property=\"og:type\" content=\"article\" \/>\n<meta property=\"og:title\" content=\"GE\u00c7\u0130LMEZ DEN\u0130Z\" \/>\n<meta property=\"og:description\" content=\"I- ahreli bir ka\u011f\u0131t \u00fcst\u00fcne simsiyah kapanm\u0131\u015f\u0131mkaz\u0131r\u0131m kendimi bir secdeden, ellerimde gizli hattatlarve s\u00f6ze gelmez devrik duyarl\u0131klar\u0131mg\u00f6zlerim -h\u00fczn\u00fcn dilsiz masalc\u0131s\u0131-g\u00f6zlerimde hi\u00e7bir dile \u00e7evrilmez intiharlaroysa sakl\u0131 han\u00e7erimi ma\u011frur bildinizkendimin tenha bir yerinde vurulmu\u015fum, yatar\u0131moras\u0131 bir denizin g\u00f6lgesidir, g\u00f6remezsiniz\u00f6l\u00fcm \u00fczre bir akrepken menek\u015felenirsinizve ahreli ka\u011f\u0131tlar d\u00fcr\u00fcl\u00fcr ferman diyeyufka \u00f6l\u00fcmlerin hazin tarihleriylekar alt\u0131nda kalm\u0131\u015f imzas\u0131z karanl\u0131klar\u0131mve azg\u0131n sularda [&hellip;]\" \/>\n<meta property=\"og:url\" content=\"https:\/\/narteks.net\/index.php\/2011\/02\/04\/gecilmez-deniz\/\" \/>\n<meta property=\"og:site_name\" content=\"narteks.net\" \/>\n<meta property=\"article:published_time\" content=\"2011-02-04T15:25:19+00:00\" \/>\n<meta property=\"og:image\" content=\"https:\/\/narteks.net\/wp-content\/uploads\/narteks.png\" \/>\n\t<meta property=\"og:image:width\" content=\"300\" \/>\n\t<meta property=\"og:image:height\" content=\"90\" \/>\n\t<meta property=\"og:image:type\" content=\"image\/png\" \/>\n<meta name=\"author\" content=\"Tar\u0131k\" \/>\n<meta name=\"twitter:card\" content=\"summary_large_image\" \/>\n<meta name=\"twitter:creator\" content=\"@narteks\" \/>\n<meta name=\"twitter:site\" content=\"@narteks\" \/>\n<meta name=\"twitter:label1\" content=\"Yazan:\" \/>\n\t<meta name=\"twitter:data1\" content=\"Tar\u0131k\" \/>\n\t<meta name=\"twitter:label2\" content=\"Tahmini okuma s\u00fcresi\" \/>\n\t<meta name=\"twitter:data2\" content=\"1 dakika\" \/>\n<script type=\"application\/ld+json\" class=\"yoast-schema-graph\">{\"@context\":\"https:\/\/schema.org\",\"@graph\":[{\"@type\":\"Article\",\"@id\":\"https:\/\/narteks.net\/index.php\/2011\/02\/04\/gecilmez-deniz\/#article\",\"isPartOf\":{\"@id\":\"https:\/\/narteks.net\/index.php\/2011\/02\/04\/gecilmez-deniz\/\"},\"author\":{\"name\":\"Tar\u0131k\",\"@id\":\"https:\/\/narteks.net\/#\/schema\/person\/61f37d9834294b72d31d274e7ed79bca\"},\"headline\":\"GE\u00c7\u0130LMEZ DEN\u0130Z\",\"datePublished\":\"2011-02-04T15:25:19+00:00\",\"mainEntityOfPage\":{\"@id\":\"https:\/\/narteks.net\/index.php\/2011\/02\/04\/gecilmez-deniz\/\"},\"wordCount\":136,\"commentCount\":0,\"publisher\":{\"@id\":\"https:\/\/narteks.net\/#organization\"},\"articleSection\":[\"Murathan MUNGAN\"],\"inLanguage\":\"tr\",\"potentialAction\":[{\"@type\":\"CommentAction\",\"name\":\"Comment\",\"target\":[\"https:\/\/narteks.net\/index.php\/2011\/02\/04\/gecilmez-deniz\/#respond\"]}]},{\"@type\":\"WebPage\",\"@id\":\"https:\/\/narteks.net\/index.php\/2011\/02\/04\/gecilmez-deniz\/\",\"url\":\"https:\/\/narteks.net\/index.php\/2011\/02\/04\/gecilmez-deniz\/\",\"name\":\"GE\u00c7\u0130LMEZ DEN\u0130Z - narteks.net\",\"isPartOf\":{\"@id\":\"https:\/\/narteks.net\/#website\"},\"datePublished\":\"2011-02-04T15:25:19+00:00\",\"breadcrumb\":{\"@id\":\"https:\/\/narteks.net\/index.php\/2011\/02\/04\/gecilmez-deniz\/#breadcrumb\"},\"inLanguage\":\"tr\",\"potentialAction\":[{\"@type\":\"ReadAction\",\"target\":[\"https:\/\/narteks.net\/index.php\/2011\/02\/04\/gecilmez-deniz\/\"]}]},{\"@type\":\"BreadcrumbList\",\"@id\":\"https:\/\/narteks.net\/index.php\/2011\/02\/04\/gecilmez-deniz\/#breadcrumb\",\"itemListElement\":[{\"@type\":\"ListItem\",\"position\":1,\"name\":\"Anasayfa\",\"item\":\"https:\/\/narteks.net\/\"},{\"@type\":\"ListItem\",\"position\":2,\"name\":\"GE\u00c7\u0130LMEZ DEN\u0130Z\"}]},{\"@type\":\"WebSite\",\"@id\":\"https:\/\/narteks.net\/#website\",\"url\":\"https:\/\/narteks.net\/\",\"name\":\"narteks.net\",\"description\":\"K\u00fclt\u00fcr Sanat Edebiyat Felsefe\",\"publisher\":{\"@id\":\"https:\/\/narteks.net\/#organization\"},\"alternateName\":\"K\u00fclt\u00fcr Sanat Edebiyat Felsefe\",\"potentialAction\":[{\"@type\":\"SearchAction\",\"target\":{\"@type\":\"EntryPoint\",\"urlTemplate\":\"https:\/\/narteks.net\/?s={search_term_string}\"},\"query-input\":{\"@type\":\"PropertyValueSpecification\",\"valueRequired\":true,\"valueName\":\"search_term_string\"}}],\"inLanguage\":\"tr\"},{\"@type\":\"Organization\",\"@id\":\"https:\/\/narteks.net\/#organization\",\"name\":\"narteks.net\",\"url\":\"https:\/\/narteks.net\/\",\"logo\":{\"@type\":\"ImageObject\",\"inLanguage\":\"tr\",\"@id\":\"https:\/\/narteks.net\/#\/schema\/logo\/image\/\",\"url\":\"https:\/\/narteks.net\/wp-content\/uploads\/narteks.png\",\"contentUrl\":\"https:\/\/narteks.net\/wp-content\/uploads\/narteks.png\",\"width\":300,\"height\":90,\"caption\":\"narteks.net\"},\"image\":{\"@id\":\"https:\/\/narteks.net\/#\/schema\/logo\/image\/\"},\"sameAs\":[\"https:\/\/x.com\/narteks\",\"https:\/\/instagram.com\/narteksnet\"]},{\"@type\":\"Person\",\"@id\":\"https:\/\/narteks.net\/#\/schema\/person\/61f37d9834294b72d31d274e7ed79bca\",\"name\":\"Tar\u0131k\",\"image\":{\"@type\":\"ImageObject\",\"inLanguage\":\"tr\",\"@id\":\"https:\/\/narteks.net\/#\/schema\/person\/image\/\",\"url\":\"https:\/\/secure.gravatar.com\/avatar\/50865afb55632c4ae467e0af0930f6510aa2297d8014be502a55b14f3b7550cf?s=96&d=mm&r=g\",\"contentUrl\":\"https:\/\/secure.gravatar.com\/avatar\/50865afb55632c4ae467e0af0930f6510aa2297d8014be502a55b14f3b7550cf?s=96&d=mm&r=g\",\"caption\":\"Tar\u0131k\"},\"sameAs\":[\"http:\/\/narteks.net\"],\"url\":\"https:\/\/narteks.net\/index.php\/author\/narbak\/\"}]}<\/script>\n<!-- \/ Yoast SEO Premium plugin. -->","yoast_head_json":{"title":"GE\u00c7\u0130LMEZ DEN\u0130Z - narteks.net","robots":{"index":"index","follow":"follow","max-snippet":"max-snippet:-1","max-image-preview":"max-image-preview:large","max-video-preview":"max-video-preview:-1"},"canonical":"https:\/\/narteks.net\/index.php\/2011\/02\/04\/gecilmez-deniz\/","og_locale":"tr_TR","og_type":"article","og_title":"GE\u00c7\u0130LMEZ DEN\u0130Z","og_description":"I- ahreli bir ka\u011f\u0131t \u00fcst\u00fcne simsiyah kapanm\u0131\u015f\u0131mkaz\u0131r\u0131m kendimi bir secdeden, ellerimde gizli hattatlarve s\u00f6ze gelmez devrik duyarl\u0131klar\u0131mg\u00f6zlerim -h\u00fczn\u00fcn dilsiz masalc\u0131s\u0131-g\u00f6zlerimde hi\u00e7bir dile \u00e7evrilmez intiharlaroysa sakl\u0131 han\u00e7erimi ma\u011frur bildinizkendimin tenha bir yerinde vurulmu\u015fum, yatar\u0131moras\u0131 bir denizin g\u00f6lgesidir, g\u00f6remezsiniz\u00f6l\u00fcm \u00fczre bir akrepken menek\u015felenirsinizve ahreli ka\u011f\u0131tlar d\u00fcr\u00fcl\u00fcr ferman diyeyufka \u00f6l\u00fcmlerin hazin tarihleriylekar alt\u0131nda kalm\u0131\u015f imzas\u0131z karanl\u0131klar\u0131mve azg\u0131n sularda [&hellip;]","og_url":"https:\/\/narteks.net\/index.php\/2011\/02\/04\/gecilmez-deniz\/","og_site_name":"narteks.net","article_published_time":"2011-02-04T15:25:19+00:00","og_image":[{"width":300,"height":90,"url":"https:\/\/narteks.net\/wp-content\/uploads\/narteks.png","type":"image\/png"}],"author":"Tar\u0131k","twitter_card":"summary_large_image","twitter_creator":"@narteks","twitter_site":"@narteks","twitter_misc":{"Yazan:":"Tar\u0131k","Tahmini okuma s\u00fcresi":"1 dakika"},"schema":{"@context":"https:\/\/schema.org","@graph":[{"@type":"Article","@id":"https:\/\/narteks.net\/index.php\/2011\/02\/04\/gecilmez-deniz\/#article","isPartOf":{"@id":"https:\/\/narteks.net\/index.php\/2011\/02\/04\/gecilmez-deniz\/"},"author":{"name":"Tar\u0131k","@id":"https:\/\/narteks.net\/#\/schema\/person\/61f37d9834294b72d31d274e7ed79bca"},"headline":"GE\u00c7\u0130LMEZ DEN\u0130Z","datePublished":"2011-02-04T15:25:19+00:00","mainEntityOfPage":{"@id":"https:\/\/narteks.net\/index.php\/2011\/02\/04\/gecilmez-deniz\/"},"wordCount":136,"commentCount":0,"publisher":{"@id":"https:\/\/narteks.net\/#organization"},"articleSection":["Murathan MUNGAN"],"inLanguage":"tr","potentialAction":[{"@type":"CommentAction","name":"Comment","target":["https:\/\/narteks.net\/index.php\/2011\/02\/04\/gecilmez-deniz\/#respond"]}]},{"@type":"WebPage","@id":"https:\/\/narteks.net\/index.php\/2011\/02\/04\/gecilmez-deniz\/","url":"https:\/\/narteks.net\/index.php\/2011\/02\/04\/gecilmez-deniz\/","name":"GE\u00c7\u0130LMEZ DEN\u0130Z - narteks.net","isPartOf":{"@id":"https:\/\/narteks.net\/#website"},"datePublished":"2011-02-04T15:25:19+00:00","breadcrumb":{"@id":"https:\/\/narteks.net\/index.php\/2011\/02\/04\/gecilmez-deniz\/#breadcrumb"},"inLanguage":"tr","potentialAction":[{"@type":"ReadAction","target":["https:\/\/narteks.net\/index.php\/2011\/02\/04\/gecilmez-deniz\/"]}]},{"@type":"BreadcrumbList","@id":"https:\/\/narteks.net\/index.php\/2011\/02\/04\/gecilmez-deniz\/#breadcrumb","itemListElement":[{"@type":"ListItem","position":1,"name":"Anasayfa","item":"https:\/\/narteks.net\/"},{"@type":"ListItem","position":2,"name":"GE\u00c7\u0130LMEZ DEN\u0130Z"}]},{"@type":"WebSite","@id":"https:\/\/narteks.net\/#website","url":"https:\/\/narteks.net\/","name":"narteks.net","description":"K\u00fclt\u00fcr Sanat Edebiyat Felsefe","publisher":{"@id":"https:\/\/narteks.net\/#organization"},"alternateName":"K\u00fclt\u00fcr Sanat Edebiyat Felsefe","potentialAction":[{"@type":"SearchAction","target":{"@type":"EntryPoint","urlTemplate":"https:\/\/narteks.net\/?s={search_term_string}"},"query-input":{"@type":"PropertyValueSpecification","valueRequired":true,"valueName":"search_term_string"}}],"inLanguage":"tr"},{"@type":"Organization","@id":"https:\/\/narteks.net\/#organization","name":"narteks.net","url":"https:\/\/narteks.net\/","logo":{"@type":"ImageObject","inLanguage":"tr","@id":"https:\/\/narteks.net\/#\/schema\/logo\/image\/","url":"https:\/\/narteks.net\/wp-content\/uploads\/narteks.png","contentUrl":"https:\/\/narteks.net\/wp-content\/uploads\/narteks.png","width":300,"height":90,"caption":"narteks.net"},"image":{"@id":"https:\/\/narteks.net\/#\/schema\/logo\/image\/"},"sameAs":["https:\/\/x.com\/narteks","https:\/\/instagram.com\/narteksnet"]},{"@type":"Person","@id":"https:\/\/narteks.net\/#\/schema\/person\/61f37d9834294b72d31d274e7ed79bca","name":"Tar\u0131k","image":{"@type":"ImageObject","inLanguage":"tr","@id":"https:\/\/narteks.net\/#\/schema\/person\/image\/","url":"https:\/\/secure.gravatar.com\/avatar\/50865afb55632c4ae467e0af0930f6510aa2297d8014be502a55b14f3b7550cf?s=96&d=mm&r=g","contentUrl":"https:\/\/secure.gravatar.com\/avatar\/50865afb55632c4ae467e0af0930f6510aa2297d8014be502a55b14f3b7550cf?s=96&d=mm&r=g","caption":"Tar\u0131k"},"sameAs":["http:\/\/narteks.net"],"url":"https:\/\/narteks.net\/index.php\/author\/narbak\/"}]}},"_links":{"self":[{"href":"https:\/\/narteks.net\/index.php\/wp-json\/wp\/v2\/posts\/4910","targetHints":{"allow":["GET"]}}],"collection":[{"href":"https:\/\/narteks.net\/index.php\/wp-json\/wp\/v2\/posts"}],"about":[{"href":"https:\/\/narteks.net\/index.php\/wp-json\/wp\/v2\/types\/post"}],"author":[{"embeddable":true,"href":"https:\/\/narteks.net\/index.php\/wp-json\/wp\/v2\/users\/1"}],"replies":[{"embeddable":true,"href":"https:\/\/narteks.net\/index.php\/wp-json\/wp\/v2\/comments?post=4910"}],"version-history":[{"count":0,"href":"https:\/\/narteks.net\/index.php\/wp-json\/wp\/v2\/posts\/4910\/revisions"}],"wp:attachment":[{"href":"https:\/\/narteks.net\/index.php\/wp-json\/wp\/v2\/media?parent=4910"}],"wp:term":[{"taxonomy":"category","embeddable":true,"href":"https:\/\/narteks.net\/index.php\/wp-json\/wp\/v2\/categories?post=4910"},{"taxonomy":"post_tag","embeddable":true,"href":"https:\/\/narteks.net\/index.php\/wp-json\/wp\/v2\/tags?post=4910"}],"curies":[{"name":"wp","href":"https:\/\/api.w.org\/{rel}","templated":true}]}}