{"id":4912,"date":"2011-02-04T18:26:46","date_gmt":"2011-02-04T15:26:46","guid":{"rendered":"http:\/\/localhost\/wordpress\/2011\/02\/04\/gemici-isligi\/"},"modified":"2011-02-04T18:26:46","modified_gmt":"2011-02-04T15:26:46","slug":"gemici-isligi","status":"publish","type":"post","link":"https:\/\/narteks.net\/index.php\/2011\/02\/04\/gemici-isligi\/","title":{"rendered":"GEM\u0130C\u0130 ISLI\u011eI"},"content":{"rendered":"<p>Ay bo\u015falm\u0131\u015f g\u00f6ky\u00fcz\u00fcnde<br \/>Da\u011f\u0131l\u0131p gitmi\u015f tekneler<br \/>Kimsesiz denizlerde \u00e7alkalanan<br \/>Y\u0131ld\u0131zlar\u0131 s\u00f6nd\u00fcr\u00fclm\u00fc\u015f geceler<br \/>Hat\u0131rlanacak ne b\u0131rakt\u0131ysak geride<br \/>Isl\u0131kla \u00e7al\u0131yoruz<br \/>s\u00f6zlerini unuttu\u011fumuz \u015fark\u0131lar gibi<br \/>hangi limanlarda kald\u0131 kim bilir<br \/>bir bizim sanarken \u00f6mr\u00fcm\u00fcz\u00fc<br \/>yazd\u0131\u011f\u0131m\u0131z<br \/>okunaks\u0131z defterler<\/p>\n<p>kim dikti \u00f6n\u00fcm\u00fcze bu g\u00f6r\u00fcnmez engelleri<br \/>a\u00e7\u0131k denizlerde bile bir ge\u00e7it ar\u0131yoruz kendimize<br \/>yetmiyor yolculukla \u00f6de\u015fmek<br \/>yetmiyor unutman\u0131n bor\u00e7lar\u0131n\u0131 \u00f6demek<br \/>\u00f6yle bir yere varm\u0131\u015f\u0131z ki fark\u0131nda bile olmadan<br \/>birbirinden ayn\u0131 uzakl\u0131kta<br \/>iki y\u0131ld\u0131z gibi \u015fimdi<br \/>hem ge\u00e7mi\u015f hem gelecek<\/p>\n<p>deniz karanl\u0131k<br \/>kimsesiz gece<br \/>bir tek \u0131sl\u0131kla ayd\u0131nlan\u0131yor<br \/>seferini unutmu\u015f tekne<br \/>bir tek \u0131sl\u0131k<br \/>insan\u0131 nereye kadar g\u00f6t\u00fcr\u00fcrse\u00a0 <\/p>\n<p>Murathan MUNGAN<\/p>\n","protected":false},"excerpt":{"rendered":"<p>Ay bo\u015falm\u0131\u015f g\u00f6ky\u00fcz\u00fcndeDa\u011f\u0131l\u0131p gitmi\u015f teknelerKimsesiz denizlerde \u00e7alkalananY\u0131ld\u0131zlar\u0131 s\u00f6nd\u00fcr\u00fclm\u00fc\u015f gecelerHat\u0131rlanacak ne b\u0131rakt\u0131ysak gerideIsl\u0131kla \u00e7al\u0131yoruzs\u00f6zlerini unuttu\u011fumuz \u015fark\u0131lar gibihangi limanlarda kald\u0131 kim bilirbir bizim sanarken \u00f6mr\u00fcm\u00fcz\u00fcyazd\u0131\u011f\u0131m\u0131zokunaks\u0131z defterler kim dikti \u00f6n\u00fcm\u00fcze bu g\u00f6r\u00fcnmez engelleria\u00e7\u0131k denizlerde bile bir ge\u00e7it ar\u0131yoruz kendimizeyetmiyor yolculukla \u00f6de\u015fmekyetmiyor unutman\u0131n bor\u00e7lar\u0131n\u0131 \u00f6demek\u00f6yle bir yere varm\u0131\u015f\u0131z ki fark\u0131nda bile olmadanbirbirinden ayn\u0131 uzakl\u0131ktaiki y\u0131ld\u0131z gibi \u015fimdihem ge\u00e7mi\u015f hem [&hellip;]<\/p>\n","protected":false},"author":1,"featured_media":0,"comment_status":"open","ping_status":"open","sticky":false,"template":"","format":"standard","meta":{"footnotes":""},"categories":[154],"tags":[],"class_list":{"0":"post-4912","1":"post","2":"type-post","3":"status-publish","4":"format-standard","6":"category-murathan-mungan"},"yoast_head":"<!-- This site is optimized with the Yoast SEO Premium plugin v24.9 (Yoast SEO v24.9) - https:\/\/yoast.com\/wordpress\/plugins\/seo\/ -->\n<title>GEM\u0130C\u0130 ISLI\u011eI - narteks.net<\/title>\n<meta name=\"robots\" content=\"index, follow, max-snippet:-1, max-image-preview:large, max-video-preview:-1\" \/>\n<link rel=\"canonical\" href=\"https:\/\/narteks.net\/index.php\/2011\/02\/04\/gemici-isligi\/\" \/>\n<meta property=\"og:locale\" content=\"tr_TR\" \/>\n<meta property=\"og:type\" content=\"article\" \/>\n<meta property=\"og:title\" content=\"GEM\u0130C\u0130 ISLI\u011eI\" \/>\n<meta property=\"og:description\" content=\"Ay bo\u015falm\u0131\u015f g\u00f6ky\u00fcz\u00fcndeDa\u011f\u0131l\u0131p gitmi\u015f teknelerKimsesiz denizlerde \u00e7alkalananY\u0131ld\u0131zlar\u0131 s\u00f6nd\u00fcr\u00fclm\u00fc\u015f gecelerHat\u0131rlanacak ne b\u0131rakt\u0131ysak gerideIsl\u0131kla \u00e7al\u0131yoruzs\u00f6zlerini unuttu\u011fumuz \u015fark\u0131lar gibihangi limanlarda kald\u0131 kim bilirbir bizim sanarken \u00f6mr\u00fcm\u00fcz\u00fcyazd\u0131\u011f\u0131m\u0131zokunaks\u0131z defterler kim dikti \u00f6n\u00fcm\u00fcze bu g\u00f6r\u00fcnmez engelleria\u00e7\u0131k denizlerde bile bir ge\u00e7it ar\u0131yoruz kendimizeyetmiyor yolculukla \u00f6de\u015fmekyetmiyor unutman\u0131n bor\u00e7lar\u0131n\u0131 \u00f6demek\u00f6yle bir yere varm\u0131\u015f\u0131z ki fark\u0131nda bile olmadanbirbirinden ayn\u0131 uzakl\u0131ktaiki y\u0131ld\u0131z gibi \u015fimdihem ge\u00e7mi\u015f hem [&hellip;]\" \/>\n<meta property=\"og:url\" content=\"https:\/\/narteks.net\/index.php\/2011\/02\/04\/gemici-isligi\/\" \/>\n<meta property=\"og:site_name\" content=\"narteks.net\" \/>\n<meta property=\"article:published_time\" content=\"2011-02-04T15:26:46+00:00\" \/>\n<meta property=\"og:image\" content=\"https:\/\/narteks.net\/wp-content\/uploads\/narteks.png\" \/>\n\t<meta property=\"og:image:width\" content=\"300\" \/>\n\t<meta property=\"og:image:height\" content=\"90\" \/>\n\t<meta property=\"og:image:type\" content=\"image\/png\" \/>\n<meta name=\"author\" content=\"Tar\u0131k\" \/>\n<meta name=\"twitter:card\" content=\"summary_large_image\" \/>\n<meta name=\"twitter:creator\" content=\"@narteks\" \/>\n<meta name=\"twitter:site\" content=\"@narteks\" \/>\n<meta name=\"twitter:label1\" content=\"Yazan:\" \/>\n\t<meta name=\"twitter:data1\" content=\"Tar\u0131k\" \/>\n\t<meta name=\"twitter:label2\" content=\"Tahmini okuma s\u00fcresi\" \/>\n\t<meta name=\"twitter:data2\" content=\"1 dakika\" \/>\n<script type=\"application\/ld+json\" class=\"yoast-schema-graph\">{\"@context\":\"https:\/\/schema.org\",\"@graph\":[{\"@type\":\"Article\",\"@id\":\"https:\/\/narteks.net\/index.php\/2011\/02\/04\/gemici-isligi\/#article\",\"isPartOf\":{\"@id\":\"https:\/\/narteks.net\/index.php\/2011\/02\/04\/gemici-isligi\/\"},\"author\":{\"name\":\"Tar\u0131k\",\"@id\":\"https:\/\/narteks.net\/#\/schema\/person\/61f37d9834294b72d31d274e7ed79bca\"},\"headline\":\"GEM\u0130C\u0130 ISLI\u011eI\",\"datePublished\":\"2011-02-04T15:26:46+00:00\",\"mainEntityOfPage\":{\"@id\":\"https:\/\/narteks.net\/index.php\/2011\/02\/04\/gemici-isligi\/\"},\"wordCount\":126,\"commentCount\":0,\"publisher\":{\"@id\":\"https:\/\/narteks.net\/#organization\"},\"articleSection\":[\"Murathan MUNGAN\"],\"inLanguage\":\"tr\",\"potentialAction\":[{\"@type\":\"CommentAction\",\"name\":\"Comment\",\"target\":[\"https:\/\/narteks.net\/index.php\/2011\/02\/04\/gemici-isligi\/#respond\"]}]},{\"@type\":\"WebPage\",\"@id\":\"https:\/\/narteks.net\/index.php\/2011\/02\/04\/gemici-isligi\/\",\"url\":\"https:\/\/narteks.net\/index.php\/2011\/02\/04\/gemici-isligi\/\",\"name\":\"GEM\u0130C\u0130 ISLI\u011eI - narteks.net\",\"isPartOf\":{\"@id\":\"https:\/\/narteks.net\/#website\"},\"datePublished\":\"2011-02-04T15:26:46+00:00\",\"breadcrumb\":{\"@id\":\"https:\/\/narteks.net\/index.php\/2011\/02\/04\/gemici-isligi\/#breadcrumb\"},\"inLanguage\":\"tr\",\"potentialAction\":[{\"@type\":\"ReadAction\",\"target\":[\"https:\/\/narteks.net\/index.php\/2011\/02\/04\/gemici-isligi\/\"]}]},{\"@type\":\"BreadcrumbList\",\"@id\":\"https:\/\/narteks.net\/index.php\/2011\/02\/04\/gemici-isligi\/#breadcrumb\",\"itemListElement\":[{\"@type\":\"ListItem\",\"position\":1,\"name\":\"Anasayfa\",\"item\":\"https:\/\/narteks.net\/\"},{\"@type\":\"ListItem\",\"position\":2,\"name\":\"GEM\u0130C\u0130 ISLI\u011eI\"}]},{\"@type\":\"WebSite\",\"@id\":\"https:\/\/narteks.net\/#website\",\"url\":\"https:\/\/narteks.net\/\",\"name\":\"narteks.net\",\"description\":\"K\u00fclt\u00fcr Sanat Edebiyat Felsefe\",\"publisher\":{\"@id\":\"https:\/\/narteks.net\/#organization\"},\"alternateName\":\"K\u00fclt\u00fcr Sanat Edebiyat Felsefe\",\"potentialAction\":[{\"@type\":\"SearchAction\",\"target\":{\"@type\":\"EntryPoint\",\"urlTemplate\":\"https:\/\/narteks.net\/?s={search_term_string}\"},\"query-input\":{\"@type\":\"PropertyValueSpecification\",\"valueRequired\":true,\"valueName\":\"search_term_string\"}}],\"inLanguage\":\"tr\"},{\"@type\":\"Organization\",\"@id\":\"https:\/\/narteks.net\/#organization\",\"name\":\"narteks.net\",\"url\":\"https:\/\/narteks.net\/\",\"logo\":{\"@type\":\"ImageObject\",\"inLanguage\":\"tr\",\"@id\":\"https:\/\/narteks.net\/#\/schema\/logo\/image\/\",\"url\":\"https:\/\/narteks.net\/wp-content\/uploads\/narteks.png\",\"contentUrl\":\"https:\/\/narteks.net\/wp-content\/uploads\/narteks.png\",\"width\":300,\"height\":90,\"caption\":\"narteks.net\"},\"image\":{\"@id\":\"https:\/\/narteks.net\/#\/schema\/logo\/image\/\"},\"sameAs\":[\"https:\/\/x.com\/narteks\",\"https:\/\/instagram.com\/narteksnet\"]},{\"@type\":\"Person\",\"@id\":\"https:\/\/narteks.net\/#\/schema\/person\/61f37d9834294b72d31d274e7ed79bca\",\"name\":\"Tar\u0131k\",\"image\":{\"@type\":\"ImageObject\",\"inLanguage\":\"tr\",\"@id\":\"https:\/\/narteks.net\/#\/schema\/person\/image\/\",\"url\":\"https:\/\/secure.gravatar.com\/avatar\/50865afb55632c4ae467e0af0930f6510aa2297d8014be502a55b14f3b7550cf?s=96&d=mm&r=g\",\"contentUrl\":\"https:\/\/secure.gravatar.com\/avatar\/50865afb55632c4ae467e0af0930f6510aa2297d8014be502a55b14f3b7550cf?s=96&d=mm&r=g\",\"caption\":\"Tar\u0131k\"},\"sameAs\":[\"http:\/\/narteks.net\"],\"url\":\"https:\/\/narteks.net\/index.php\/author\/narbak\/\"}]}<\/script>\n<!-- \/ Yoast SEO Premium plugin. -->","yoast_head_json":{"title":"GEM\u0130C\u0130 ISLI\u011eI - narteks.net","robots":{"index":"index","follow":"follow","max-snippet":"max-snippet:-1","max-image-preview":"max-image-preview:large","max-video-preview":"max-video-preview:-1"},"canonical":"https:\/\/narteks.net\/index.php\/2011\/02\/04\/gemici-isligi\/","og_locale":"tr_TR","og_type":"article","og_title":"GEM\u0130C\u0130 ISLI\u011eI","og_description":"Ay bo\u015falm\u0131\u015f g\u00f6ky\u00fcz\u00fcndeDa\u011f\u0131l\u0131p gitmi\u015f teknelerKimsesiz denizlerde \u00e7alkalananY\u0131ld\u0131zlar\u0131 s\u00f6nd\u00fcr\u00fclm\u00fc\u015f gecelerHat\u0131rlanacak ne b\u0131rakt\u0131ysak gerideIsl\u0131kla \u00e7al\u0131yoruzs\u00f6zlerini unuttu\u011fumuz \u015fark\u0131lar gibihangi limanlarda kald\u0131 kim bilirbir bizim sanarken \u00f6mr\u00fcm\u00fcz\u00fcyazd\u0131\u011f\u0131m\u0131zokunaks\u0131z defterler kim dikti \u00f6n\u00fcm\u00fcze bu g\u00f6r\u00fcnmez engelleria\u00e7\u0131k denizlerde bile bir ge\u00e7it ar\u0131yoruz kendimizeyetmiyor yolculukla \u00f6de\u015fmekyetmiyor unutman\u0131n bor\u00e7lar\u0131n\u0131 \u00f6demek\u00f6yle bir yere varm\u0131\u015f\u0131z ki fark\u0131nda bile olmadanbirbirinden ayn\u0131 uzakl\u0131ktaiki y\u0131ld\u0131z gibi \u015fimdihem ge\u00e7mi\u015f hem [&hellip;]","og_url":"https:\/\/narteks.net\/index.php\/2011\/02\/04\/gemici-isligi\/","og_site_name":"narteks.net","article_published_time":"2011-02-04T15:26:46+00:00","og_image":[{"width":300,"height":90,"url":"https:\/\/narteks.net\/wp-content\/uploads\/narteks.png","type":"image\/png"}],"author":"Tar\u0131k","twitter_card":"summary_large_image","twitter_creator":"@narteks","twitter_site":"@narteks","twitter_misc":{"Yazan:":"Tar\u0131k","Tahmini okuma s\u00fcresi":"1 dakika"},"schema":{"@context":"https:\/\/schema.org","@graph":[{"@type":"Article","@id":"https:\/\/narteks.net\/index.php\/2011\/02\/04\/gemici-isligi\/#article","isPartOf":{"@id":"https:\/\/narteks.net\/index.php\/2011\/02\/04\/gemici-isligi\/"},"author":{"name":"Tar\u0131k","@id":"https:\/\/narteks.net\/#\/schema\/person\/61f37d9834294b72d31d274e7ed79bca"},"headline":"GEM\u0130C\u0130 ISLI\u011eI","datePublished":"2011-02-04T15:26:46+00:00","mainEntityOfPage":{"@id":"https:\/\/narteks.net\/index.php\/2011\/02\/04\/gemici-isligi\/"},"wordCount":126,"commentCount":0,"publisher":{"@id":"https:\/\/narteks.net\/#organization"},"articleSection":["Murathan MUNGAN"],"inLanguage":"tr","potentialAction":[{"@type":"CommentAction","name":"Comment","target":["https:\/\/narteks.net\/index.php\/2011\/02\/04\/gemici-isligi\/#respond"]}]},{"@type":"WebPage","@id":"https:\/\/narteks.net\/index.php\/2011\/02\/04\/gemici-isligi\/","url":"https:\/\/narteks.net\/index.php\/2011\/02\/04\/gemici-isligi\/","name":"GEM\u0130C\u0130 ISLI\u011eI - narteks.net","isPartOf":{"@id":"https:\/\/narteks.net\/#website"},"datePublished":"2011-02-04T15:26:46+00:00","breadcrumb":{"@id":"https:\/\/narteks.net\/index.php\/2011\/02\/04\/gemici-isligi\/#breadcrumb"},"inLanguage":"tr","potentialAction":[{"@type":"ReadAction","target":["https:\/\/narteks.net\/index.php\/2011\/02\/04\/gemici-isligi\/"]}]},{"@type":"BreadcrumbList","@id":"https:\/\/narteks.net\/index.php\/2011\/02\/04\/gemici-isligi\/#breadcrumb","itemListElement":[{"@type":"ListItem","position":1,"name":"Anasayfa","item":"https:\/\/narteks.net\/"},{"@type":"ListItem","position":2,"name":"GEM\u0130C\u0130 ISLI\u011eI"}]},{"@type":"WebSite","@id":"https:\/\/narteks.net\/#website","url":"https:\/\/narteks.net\/","name":"narteks.net","description":"K\u00fclt\u00fcr Sanat Edebiyat Felsefe","publisher":{"@id":"https:\/\/narteks.net\/#organization"},"alternateName":"K\u00fclt\u00fcr Sanat Edebiyat Felsefe","potentialAction":[{"@type":"SearchAction","target":{"@type":"EntryPoint","urlTemplate":"https:\/\/narteks.net\/?s={search_term_string}"},"query-input":{"@type":"PropertyValueSpecification","valueRequired":true,"valueName":"search_term_string"}}],"inLanguage":"tr"},{"@type":"Organization","@id":"https:\/\/narteks.net\/#organization","name":"narteks.net","url":"https:\/\/narteks.net\/","logo":{"@type":"ImageObject","inLanguage":"tr","@id":"https:\/\/narteks.net\/#\/schema\/logo\/image\/","url":"https:\/\/narteks.net\/wp-content\/uploads\/narteks.png","contentUrl":"https:\/\/narteks.net\/wp-content\/uploads\/narteks.png","width":300,"height":90,"caption":"narteks.net"},"image":{"@id":"https:\/\/narteks.net\/#\/schema\/logo\/image\/"},"sameAs":["https:\/\/x.com\/narteks","https:\/\/instagram.com\/narteksnet"]},{"@type":"Person","@id":"https:\/\/narteks.net\/#\/schema\/person\/61f37d9834294b72d31d274e7ed79bca","name":"Tar\u0131k","image":{"@type":"ImageObject","inLanguage":"tr","@id":"https:\/\/narteks.net\/#\/schema\/person\/image\/","url":"https:\/\/secure.gravatar.com\/avatar\/50865afb55632c4ae467e0af0930f6510aa2297d8014be502a55b14f3b7550cf?s=96&d=mm&r=g","contentUrl":"https:\/\/secure.gravatar.com\/avatar\/50865afb55632c4ae467e0af0930f6510aa2297d8014be502a55b14f3b7550cf?s=96&d=mm&r=g","caption":"Tar\u0131k"},"sameAs":["http:\/\/narteks.net"],"url":"https:\/\/narteks.net\/index.php\/author\/narbak\/"}]}},"_links":{"self":[{"href":"https:\/\/narteks.net\/index.php\/wp-json\/wp\/v2\/posts\/4912","targetHints":{"allow":["GET"]}}],"collection":[{"href":"https:\/\/narteks.net\/index.php\/wp-json\/wp\/v2\/posts"}],"about":[{"href":"https:\/\/narteks.net\/index.php\/wp-json\/wp\/v2\/types\/post"}],"author":[{"embeddable":true,"href":"https:\/\/narteks.net\/index.php\/wp-json\/wp\/v2\/users\/1"}],"replies":[{"embeddable":true,"href":"https:\/\/narteks.net\/index.php\/wp-json\/wp\/v2\/comments?post=4912"}],"version-history":[{"count":0,"href":"https:\/\/narteks.net\/index.php\/wp-json\/wp\/v2\/posts\/4912\/revisions"}],"wp:attachment":[{"href":"https:\/\/narteks.net\/index.php\/wp-json\/wp\/v2\/media?parent=4912"}],"wp:term":[{"taxonomy":"category","embeddable":true,"href":"https:\/\/narteks.net\/index.php\/wp-json\/wp\/v2\/categories?post=4912"},{"taxonomy":"post_tag","embeddable":true,"href":"https:\/\/narteks.net\/index.php\/wp-json\/wp\/v2\/tags?post=4912"}],"curies":[{"name":"wp","href":"https:\/\/api.w.org\/{rel}","templated":true}]}}