{"id":4926,"date":"2011-02-04T18:39:33","date_gmt":"2011-02-04T15:39:33","guid":{"rendered":"http:\/\/localhost\/wordpress\/2011\/02\/04\/iklim\/"},"modified":"2011-02-04T18:39:33","modified_gmt":"2011-02-04T15:39:33","slug":"iklim","status":"publish","type":"post","link":"https:\/\/narteks.net\/index.php\/2011\/02\/04\/iklim\/","title":{"rendered":"\u0130KL\u0130M"},"content":{"rendered":"<p>a\u015fk iklimdir<br \/>tarikat cihazlar\u0131yla<br \/>yarat\u0131r d\u00fcnyas\u0131n\u0131<br \/>inanmayanlar i\u00e7in<br \/>Allah imkan\u0131d\u0131r<\/p>\n<p>ayn\u0131d\u0131r cenneti cehennemi<br \/>ahreti uyand\u0131r\u0131r<\/p>\n<p>kendi ahlak\u0131n\u0131 ister ikliminden<br \/>nafile kalplerin ka\u00e7\u0131n\u0131lmaz kaderi<br \/>tabiat\u0131n\u0131n ko\u015fullar\u0131<br \/>ya da iklim tuza\u011f\u0131<br \/>kendi derinli\u011fi kadar sever herkes<br \/>u\u00e7urum ba\u015flar bir yerinden<br \/>a\u015fk rehin al\u0131r d\u00fcnyay\u0131<\/p>\n<p>so\u011fu\u011fun uykusu ba\u015fka s\u0131ca\u011f\u0131n uykusu<br \/>baz\u0131 uykusuzluklar r\u00fcyad\u0131r<\/p>\n<p>iklimle beslenir a\u015fk<br \/>g\u00f6k haritas\u0131 ile kalbin kap\u0131s\u0131 e\u015ftir<br \/>a\u015fk merhamet ister sahibinden<\/p>\n<p>leyla ile mecnun \u00e7\u00f6lde ge\u00e7er<br \/>sanr\u0131, humma, a\u015fk<br \/>ayn\u0131 \u00e7\u00f6l\u00fcn \u00e7ocuklar\u0131d\u0131r<br \/>akraba karanl\u0131\u011f\u0131nda \u00e7o\u011fal\u0131r<br \/>bire kadar inen tanr\u0131lar<br \/>yol kaderle k\u0131sal\u0131r<\/p>\n<p>Kum Saati&#8217;nde akan eski soru:<br \/>neden \u00e7\u00f6le indi d\u00f6rt kitap<br \/>ayn\u0131d\u0131r \u00e7\u00f6l ile kalbin kap\u0131s\u0131<br \/>ge\u00e7ilmez<br \/>tutulmadan<br \/>a\u015fk\u0131n do\u011fusu ve bat\u0131s\u0131<\/p>\n<p>\u00e7\u00fcnk a\u015fk\u0131n do\u011fusu ve bat\u0131s\u0131 vard\u0131r<br \/>kuzeyden g\u00fcneye iner<br \/>mazinin kavimleriyle<br \/>kap\u0131s\u0131 bulunmayan \u015fehirlere<\/p>\n<p>kap\u0131s\u0131 bulunanlar a\u015fk\u0131 surlar\u0131n d\u0131\u015f\u0131nda b\u0131rak\u0131r<br \/>kaleler d\u00fc\u015fer \u015fehirler yak\u0131l\u0131r<br \/>k\u0131yamet yery\u00fcz\u00fc provas\u0131<br \/>s\u00fckunet cinnetiyle ge\u00e7er<br \/>tufandan korkanlar\u0131n hayat\u0131<br \/>onlara okuduklar\u0131 kitaplar kal\u0131r<\/p>\n<p>mazi hi\u00e7bir a\u015fkla tamamlanmaz<br \/>\u00e7\u00fcnk\u00fc mazi kalplerde yarad\u0131r<br \/>zamanlar\u0131n birbirini tutmamas\u0131d\u0131r a\u015fk<br \/>birbirine erken ya da ge\u00e7 kalm\u0131\u015f kap\u0131lard\u0131r<br \/>\u00f6l\u00fcml\u00fc insan ile g\u00f6rece zaman<br \/>var olu\u015f bir alayd\u0131r<br \/>bilgeli\u011fin ard\u0131ndan ko\u015fan<br \/>yal\u0131n ger\u00e7eklerle ya\u015flan\u0131r<\/p>\n<p>a\u015fk\u0131n \u00e7etin definesi<br \/>Babil kulesi kadar da\u011f\u0131lm\u0131\u015ft\u0131r<br \/>yery\u00fcz\u00fcne binlerce tarifle, a\u015fk hala gizdir<br \/>kay\u0131p kule diller kadar<br \/>\u015fifrelenmi\u015ftir tene ve tarihe<br \/>\u0131\u015f\u0131k h\u0131z\u0131nda yeniden dirilinceye kadar<br \/>kule, kalp, dil<br \/>bilmece<\/p>\n<p>sahibinin k\u00f6r\u00fcd\u00fcr a\u015fk<br \/>ba\u015fka alemlerin g\u00f6zleri \u00f6d\u00fcn\u00e7t\u00fcr<br \/>a\u015fk \u00fczerine s\u00f6ylenmi\u015f b\u00fct\u00fcn s\u00f6zler<br \/>unutulmadan<br \/>hat\u0131rlanmaz<br \/>bir daha<br \/>bunu yapan a\u015fkt\u0131r<\/p>\n<p>a\u015fk insan\u0131n i\u00e7indeki gen\u00e7tir<br \/>kendi i\u00e7indeki yol ortas\u0131nda kalan<br \/>yar\u0131m hayatlar\u0131n kay\u0131p sahipleri i\u00e7in<br \/>a\u015fk uzakt\u0131r<\/p>\n<p>a\u015fk uzak oldu\u011funda<br \/>kullan\u0131lmaz yak\u0131nl\u0131klarla<br \/>a\u015fk ki\u015fiye kendini tan\u0131t\u0131r unutturmak i\u00e7in<br \/>daha \u00f6nce de s\u00f6ylendi:<br \/>her \u00f6\u011frenilen bir sonrakine saklan\u0131r<br \/>zaman a\u015fktan b\u00f6yle intikam al\u0131r<br \/>kimse ko\u015famaz zaman\u0131n \u00f6n\u00fcnden<br \/>hi\u00e7bir s\u00f6nm\u00fc\u015f ger\u00e7ek onaramaz kor kay\u0131plar\u0131<\/p>\n<p>a\u015fk kusurdur hatad\u0131r g\u00fcnaht\u0131r<br \/>yasakt\u0131r<br \/>imkans\u0131zd\u0131r<br \/>bu y\u00fczden insanl\u0131k i\u00e7in hala bir imkand\u0131r<\/p>\n<p>bir ba\u015flang\u0131\u00e7t\u0131r a\u015fk<br \/>insan\u0131n kendine ba\u015flang\u0131c\u0131<br \/>\u00e7ok az ki\u015fi ilk kez a\u015f\u0131k oluyormu\u015f gibi<br \/>tekrarlayabilir a\u015fk\u0131<br \/>ba\u015flang\u0131\u00e7lar\u0131 unutanlar i\u00e7in<br \/>art\u0131k imkans\u0131z olan\u0131<\/p>\n<p>bu, hayat\u0131 tekrarlamakt\u0131r<br \/>diyalektik bile bu y\u00fczden a\u015fkt\u0131r<\/p>\n<p>a\u015fk hakk\u0131nda s\u00f6ylenmi\u015f b\u00fct\u00fcn s\u00f6zler<br \/>ya\u015fanmadan yaland\u0131r<\/p>\n<p>a\u015fk bir hakt\u0131r<br \/>sonuna kadar kullan\u0131r<br \/>kullan\u0131lmaz olan\u0131<\/p>\n<p>iyi a\u015fk \u015fiiri yoktur, hi\u00e7 olmad\u0131,<br \/>bu da olmad\u0131<br \/>her a\u015fk \u015fiiri yaln\u0131zca tekrarlar<br \/>tekrarlanmaz olan\u0131<br \/>her biri yaln\u0131zca bir sonrakinin ilham\u0131<br \/>belki bu kadar s\u00f6z<br \/>ba\u011f\u0131\u015flat\u0131r bana bu a\u015fk\u0131<br \/>2001 yaz\u0131yd\u0131<br \/>\u00e7ok istedim \u00e7ok istedi \u00e7ok istedik<br \/>ama olmad\u0131 <\/p>\n<p>Murathan MUNGAN<\/p>\n","protected":false},"excerpt":{"rendered":"<p>a\u015fk iklimdirtarikat cihazlar\u0131ylayarat\u0131r d\u00fcnyas\u0131n\u0131inanmayanlar i\u00e7inAllah imkan\u0131d\u0131r ayn\u0131d\u0131r cenneti cehennemiahreti uyand\u0131r\u0131r kendi ahlak\u0131n\u0131 ister iklimindennafile kalplerin ka\u00e7\u0131n\u0131lmaz kaderitabiat\u0131n\u0131n ko\u015fullar\u0131ya da iklim tuza\u011f\u0131kendi derinli\u011fi kadar sever herkesu\u00e7urum ba\u015flar bir yerindena\u015fk rehin al\u0131r d\u00fcnyay\u0131 so\u011fu\u011fun uykusu ba\u015fka s\u0131ca\u011f\u0131n uykusubaz\u0131 uykusuzluklar r\u00fcyad\u0131r iklimle beslenir a\u015fkg\u00f6k haritas\u0131 ile kalbin kap\u0131s\u0131 e\u015ftira\u015fk merhamet ister sahibinden leyla ile mecnun \u00e7\u00f6lde ge\u00e7ersanr\u0131, humma, [&hellip;]<\/p>\n","protected":false},"author":1,"featured_media":0,"comment_status":"open","ping_status":"open","sticky":false,"template":"","format":"standard","meta":{"footnotes":""},"categories":[154],"tags":[],"class_list":{"0":"post-4926","1":"post","2":"type-post","3":"status-publish","4":"format-standard","6":"category-murathan-mungan"},"yoast_head":"<!-- This site is optimized with the Yoast SEO Premium plugin v24.9 (Yoast SEO v24.9) - https:\/\/yoast.com\/wordpress\/plugins\/seo\/ -->\n<title>\u0130KL\u0130M - narteks.net<\/title>\n<meta name=\"robots\" content=\"index, follow, max-snippet:-1, max-image-preview:large, max-video-preview:-1\" \/>\n<link rel=\"canonical\" href=\"https:\/\/narteks.net\/index.php\/2011\/02\/04\/iklim\/\" \/>\n<meta property=\"og:locale\" content=\"tr_TR\" \/>\n<meta property=\"og:type\" content=\"article\" \/>\n<meta property=\"og:title\" content=\"\u0130KL\u0130M\" \/>\n<meta property=\"og:description\" content=\"a\u015fk iklimdirtarikat cihazlar\u0131ylayarat\u0131r d\u00fcnyas\u0131n\u0131inanmayanlar i\u00e7inAllah imkan\u0131d\u0131r ayn\u0131d\u0131r cenneti cehennemiahreti uyand\u0131r\u0131r kendi ahlak\u0131n\u0131 ister iklimindennafile kalplerin ka\u00e7\u0131n\u0131lmaz kaderitabiat\u0131n\u0131n ko\u015fullar\u0131ya da iklim tuza\u011f\u0131kendi derinli\u011fi kadar sever herkesu\u00e7urum ba\u015flar bir yerindena\u015fk rehin al\u0131r d\u00fcnyay\u0131 so\u011fu\u011fun uykusu ba\u015fka s\u0131ca\u011f\u0131n uykusubaz\u0131 uykusuzluklar r\u00fcyad\u0131r iklimle beslenir a\u015fkg\u00f6k haritas\u0131 ile kalbin kap\u0131s\u0131 e\u015ftira\u015fk merhamet ister sahibinden leyla ile mecnun \u00e7\u00f6lde ge\u00e7ersanr\u0131, humma, [&hellip;]\" \/>\n<meta property=\"og:url\" content=\"https:\/\/narteks.net\/index.php\/2011\/02\/04\/iklim\/\" \/>\n<meta property=\"og:site_name\" content=\"narteks.net\" \/>\n<meta property=\"article:published_time\" content=\"2011-02-04T15:39:33+00:00\" \/>\n<meta property=\"og:image\" content=\"https:\/\/narteks.net\/wp-content\/uploads\/narteks.png\" \/>\n\t<meta property=\"og:image:width\" content=\"300\" \/>\n\t<meta property=\"og:image:height\" content=\"90\" \/>\n\t<meta property=\"og:image:type\" content=\"image\/png\" \/>\n<meta name=\"author\" content=\"Tar\u0131k\" \/>\n<meta name=\"twitter:card\" content=\"summary_large_image\" \/>\n<meta name=\"twitter:creator\" content=\"@narteks\" \/>\n<meta name=\"twitter:site\" content=\"@narteks\" \/>\n<meta name=\"twitter:label1\" content=\"Yazan:\" \/>\n\t<meta name=\"twitter:data1\" content=\"Tar\u0131k\" \/>\n\t<meta name=\"twitter:label2\" content=\"Tahmini okuma s\u00fcresi\" \/>\n\t<meta name=\"twitter:data2\" content=\"3 dakika\" \/>\n<script type=\"application\/ld+json\" class=\"yoast-schema-graph\">{\"@context\":\"https:\/\/schema.org\",\"@graph\":[{\"@type\":\"Article\",\"@id\":\"https:\/\/narteks.net\/index.php\/2011\/02\/04\/iklim\/#article\",\"isPartOf\":{\"@id\":\"https:\/\/narteks.net\/index.php\/2011\/02\/04\/iklim\/\"},\"author\":{\"name\":\"Tar\u0131k\",\"@id\":\"https:\/\/narteks.net\/#\/schema\/person\/61f37d9834294b72d31d274e7ed79bca\"},\"headline\":\"\u0130KL\u0130M\",\"datePublished\":\"2011-02-04T15:39:33+00:00\",\"mainEntityOfPage\":{\"@id\":\"https:\/\/narteks.net\/index.php\/2011\/02\/04\/iklim\/\"},\"wordCount\":525,\"commentCount\":0,\"publisher\":{\"@id\":\"https:\/\/narteks.net\/#organization\"},\"articleSection\":[\"Murathan MUNGAN\"],\"inLanguage\":\"tr\",\"potentialAction\":[{\"@type\":\"CommentAction\",\"name\":\"Comment\",\"target\":[\"https:\/\/narteks.net\/index.php\/2011\/02\/04\/iklim\/#respond\"]}]},{\"@type\":\"WebPage\",\"@id\":\"https:\/\/narteks.net\/index.php\/2011\/02\/04\/iklim\/\",\"url\":\"https:\/\/narteks.net\/index.php\/2011\/02\/04\/iklim\/\",\"name\":\"\u0130KL\u0130M - narteks.net\",\"isPartOf\":{\"@id\":\"https:\/\/narteks.net\/#website\"},\"datePublished\":\"2011-02-04T15:39:33+00:00\",\"breadcrumb\":{\"@id\":\"https:\/\/narteks.net\/index.php\/2011\/02\/04\/iklim\/#breadcrumb\"},\"inLanguage\":\"tr\",\"potentialAction\":[{\"@type\":\"ReadAction\",\"target\":[\"https:\/\/narteks.net\/index.php\/2011\/02\/04\/iklim\/\"]}]},{\"@type\":\"BreadcrumbList\",\"@id\":\"https:\/\/narteks.net\/index.php\/2011\/02\/04\/iklim\/#breadcrumb\",\"itemListElement\":[{\"@type\":\"ListItem\",\"position\":1,\"name\":\"Anasayfa\",\"item\":\"https:\/\/narteks.net\/\"},{\"@type\":\"ListItem\",\"position\":2,\"name\":\"\u0130KL\u0130M\"}]},{\"@type\":\"WebSite\",\"@id\":\"https:\/\/narteks.net\/#website\",\"url\":\"https:\/\/narteks.net\/\",\"name\":\"narteks.net\",\"description\":\"K\u00fclt\u00fcr Sanat Edebiyat Felsefe\",\"publisher\":{\"@id\":\"https:\/\/narteks.net\/#organization\"},\"alternateName\":\"K\u00fclt\u00fcr Sanat Edebiyat Felsefe\",\"potentialAction\":[{\"@type\":\"SearchAction\",\"target\":{\"@type\":\"EntryPoint\",\"urlTemplate\":\"https:\/\/narteks.net\/?s={search_term_string}\"},\"query-input\":{\"@type\":\"PropertyValueSpecification\",\"valueRequired\":true,\"valueName\":\"search_term_string\"}}],\"inLanguage\":\"tr\"},{\"@type\":\"Organization\",\"@id\":\"https:\/\/narteks.net\/#organization\",\"name\":\"narteks.net\",\"url\":\"https:\/\/narteks.net\/\",\"logo\":{\"@type\":\"ImageObject\",\"inLanguage\":\"tr\",\"@id\":\"https:\/\/narteks.net\/#\/schema\/logo\/image\/\",\"url\":\"https:\/\/narteks.net\/wp-content\/uploads\/narteks.png\",\"contentUrl\":\"https:\/\/narteks.net\/wp-content\/uploads\/narteks.png\",\"width\":300,\"height\":90,\"caption\":\"narteks.net\"},\"image\":{\"@id\":\"https:\/\/narteks.net\/#\/schema\/logo\/image\/\"},\"sameAs\":[\"https:\/\/x.com\/narteks\",\"https:\/\/instagram.com\/narteksnet\"]},{\"@type\":\"Person\",\"@id\":\"https:\/\/narteks.net\/#\/schema\/person\/61f37d9834294b72d31d274e7ed79bca\",\"name\":\"Tar\u0131k\",\"image\":{\"@type\":\"ImageObject\",\"inLanguage\":\"tr\",\"@id\":\"https:\/\/narteks.net\/#\/schema\/person\/image\/\",\"url\":\"https:\/\/secure.gravatar.com\/avatar\/50865afb55632c4ae467e0af0930f6510aa2297d8014be502a55b14f3b7550cf?s=96&d=mm&r=g\",\"contentUrl\":\"https:\/\/secure.gravatar.com\/avatar\/50865afb55632c4ae467e0af0930f6510aa2297d8014be502a55b14f3b7550cf?s=96&d=mm&r=g\",\"caption\":\"Tar\u0131k\"},\"sameAs\":[\"http:\/\/narteks.net\"],\"url\":\"https:\/\/narteks.net\/index.php\/author\/narbak\/\"}]}<\/script>\n<!-- \/ Yoast SEO Premium plugin. -->","yoast_head_json":{"title":"\u0130KL\u0130M - narteks.net","robots":{"index":"index","follow":"follow","max-snippet":"max-snippet:-1","max-image-preview":"max-image-preview:large","max-video-preview":"max-video-preview:-1"},"canonical":"https:\/\/narteks.net\/index.php\/2011\/02\/04\/iklim\/","og_locale":"tr_TR","og_type":"article","og_title":"\u0130KL\u0130M","og_description":"a\u015fk iklimdirtarikat cihazlar\u0131ylayarat\u0131r d\u00fcnyas\u0131n\u0131inanmayanlar i\u00e7inAllah imkan\u0131d\u0131r ayn\u0131d\u0131r cenneti cehennemiahreti uyand\u0131r\u0131r kendi ahlak\u0131n\u0131 ister iklimindennafile kalplerin ka\u00e7\u0131n\u0131lmaz kaderitabiat\u0131n\u0131n ko\u015fullar\u0131ya da iklim tuza\u011f\u0131kendi derinli\u011fi kadar sever herkesu\u00e7urum ba\u015flar bir yerindena\u015fk rehin al\u0131r d\u00fcnyay\u0131 so\u011fu\u011fun uykusu ba\u015fka s\u0131ca\u011f\u0131n uykusubaz\u0131 uykusuzluklar r\u00fcyad\u0131r iklimle beslenir a\u015fkg\u00f6k haritas\u0131 ile kalbin kap\u0131s\u0131 e\u015ftira\u015fk merhamet ister sahibinden leyla ile mecnun \u00e7\u00f6lde ge\u00e7ersanr\u0131, humma, [&hellip;]","og_url":"https:\/\/narteks.net\/index.php\/2011\/02\/04\/iklim\/","og_site_name":"narteks.net","article_published_time":"2011-02-04T15:39:33+00:00","og_image":[{"width":300,"height":90,"url":"https:\/\/narteks.net\/wp-content\/uploads\/narteks.png","type":"image\/png"}],"author":"Tar\u0131k","twitter_card":"summary_large_image","twitter_creator":"@narteks","twitter_site":"@narteks","twitter_misc":{"Yazan:":"Tar\u0131k","Tahmini okuma s\u00fcresi":"3 dakika"},"schema":{"@context":"https:\/\/schema.org","@graph":[{"@type":"Article","@id":"https:\/\/narteks.net\/index.php\/2011\/02\/04\/iklim\/#article","isPartOf":{"@id":"https:\/\/narteks.net\/index.php\/2011\/02\/04\/iklim\/"},"author":{"name":"Tar\u0131k","@id":"https:\/\/narteks.net\/#\/schema\/person\/61f37d9834294b72d31d274e7ed79bca"},"headline":"\u0130KL\u0130M","datePublished":"2011-02-04T15:39:33+00:00","mainEntityOfPage":{"@id":"https:\/\/narteks.net\/index.php\/2011\/02\/04\/iklim\/"},"wordCount":525,"commentCount":0,"publisher":{"@id":"https:\/\/narteks.net\/#organization"},"articleSection":["Murathan MUNGAN"],"inLanguage":"tr","potentialAction":[{"@type":"CommentAction","name":"Comment","target":["https:\/\/narteks.net\/index.php\/2011\/02\/04\/iklim\/#respond"]}]},{"@type":"WebPage","@id":"https:\/\/narteks.net\/index.php\/2011\/02\/04\/iklim\/","url":"https:\/\/narteks.net\/index.php\/2011\/02\/04\/iklim\/","name":"\u0130KL\u0130M - narteks.net","isPartOf":{"@id":"https:\/\/narteks.net\/#website"},"datePublished":"2011-02-04T15:39:33+00:00","breadcrumb":{"@id":"https:\/\/narteks.net\/index.php\/2011\/02\/04\/iklim\/#breadcrumb"},"inLanguage":"tr","potentialAction":[{"@type":"ReadAction","target":["https:\/\/narteks.net\/index.php\/2011\/02\/04\/iklim\/"]}]},{"@type":"BreadcrumbList","@id":"https:\/\/narteks.net\/index.php\/2011\/02\/04\/iklim\/#breadcrumb","itemListElement":[{"@type":"ListItem","position":1,"name":"Anasayfa","item":"https:\/\/narteks.net\/"},{"@type":"ListItem","position":2,"name":"\u0130KL\u0130M"}]},{"@type":"WebSite","@id":"https:\/\/narteks.net\/#website","url":"https:\/\/narteks.net\/","name":"narteks.net","description":"K\u00fclt\u00fcr Sanat Edebiyat Felsefe","publisher":{"@id":"https:\/\/narteks.net\/#organization"},"alternateName":"K\u00fclt\u00fcr Sanat Edebiyat Felsefe","potentialAction":[{"@type":"SearchAction","target":{"@type":"EntryPoint","urlTemplate":"https:\/\/narteks.net\/?s={search_term_string}"},"query-input":{"@type":"PropertyValueSpecification","valueRequired":true,"valueName":"search_term_string"}}],"inLanguage":"tr"},{"@type":"Organization","@id":"https:\/\/narteks.net\/#organization","name":"narteks.net","url":"https:\/\/narteks.net\/","logo":{"@type":"ImageObject","inLanguage":"tr","@id":"https:\/\/narteks.net\/#\/schema\/logo\/image\/","url":"https:\/\/narteks.net\/wp-content\/uploads\/narteks.png","contentUrl":"https:\/\/narteks.net\/wp-content\/uploads\/narteks.png","width":300,"height":90,"caption":"narteks.net"},"image":{"@id":"https:\/\/narteks.net\/#\/schema\/logo\/image\/"},"sameAs":["https:\/\/x.com\/narteks","https:\/\/instagram.com\/narteksnet"]},{"@type":"Person","@id":"https:\/\/narteks.net\/#\/schema\/person\/61f37d9834294b72d31d274e7ed79bca","name":"Tar\u0131k","image":{"@type":"ImageObject","inLanguage":"tr","@id":"https:\/\/narteks.net\/#\/schema\/person\/image\/","url":"https:\/\/secure.gravatar.com\/avatar\/50865afb55632c4ae467e0af0930f6510aa2297d8014be502a55b14f3b7550cf?s=96&d=mm&r=g","contentUrl":"https:\/\/secure.gravatar.com\/avatar\/50865afb55632c4ae467e0af0930f6510aa2297d8014be502a55b14f3b7550cf?s=96&d=mm&r=g","caption":"Tar\u0131k"},"sameAs":["http:\/\/narteks.net"],"url":"https:\/\/narteks.net\/index.php\/author\/narbak\/"}]}},"_links":{"self":[{"href":"https:\/\/narteks.net\/index.php\/wp-json\/wp\/v2\/posts\/4926","targetHints":{"allow":["GET"]}}],"collection":[{"href":"https:\/\/narteks.net\/index.php\/wp-json\/wp\/v2\/posts"}],"about":[{"href":"https:\/\/narteks.net\/index.php\/wp-json\/wp\/v2\/types\/post"}],"author":[{"embeddable":true,"href":"https:\/\/narteks.net\/index.php\/wp-json\/wp\/v2\/users\/1"}],"replies":[{"embeddable":true,"href":"https:\/\/narteks.net\/index.php\/wp-json\/wp\/v2\/comments?post=4926"}],"version-history":[{"count":0,"href":"https:\/\/narteks.net\/index.php\/wp-json\/wp\/v2\/posts\/4926\/revisions"}],"wp:attachment":[{"href":"https:\/\/narteks.net\/index.php\/wp-json\/wp\/v2\/media?parent=4926"}],"wp:term":[{"taxonomy":"category","embeddable":true,"href":"https:\/\/narteks.net\/index.php\/wp-json\/wp\/v2\/categories?post=4926"},{"taxonomy":"post_tag","embeddable":true,"href":"https:\/\/narteks.net\/index.php\/wp-json\/wp\/v2\/tags?post=4926"}],"curies":[{"name":"wp","href":"https:\/\/api.w.org\/{rel}","templated":true}]}}