{"id":4937,"date":"2011-02-04T18:48:59","date_gmt":"2011-02-04T15:48:59","guid":{"rendered":"http:\/\/localhost\/wordpress\/2011\/02\/04\/kara-saplanmis-tren\/"},"modified":"2011-02-04T18:48:59","modified_gmt":"2011-02-04T15:48:59","slug":"kara-saplanmis-tren","status":"publish","type":"post","link":"https:\/\/narteks.net\/index.php\/2011\/02\/04\/kara-saplanmis-tren\/","title":{"rendered":"KARA SAPLANMI\u015e TREN"},"content":{"rendered":"<p>ayn\u0131 t\u00fcnellerden \u00e7\u0131karken yitirdi\u011fimiz d\u00fc\u015fler<br \/>birlikte kama\u015fan g\u00f6vdelerimiz<br \/>karanl\u0131ktan \u0131\u015f\u0131\u011fa \u00fcrperen ten<br \/>ba\u015fka yolcular\u0131n\u0131 bekliyor \u015fimdi<br \/>kara saplanm\u0131\u015f tren<br \/>ayr\u0131nt\u0131lar\u0131n ba\u011f\u0131\u015flamad\u0131\u011f\u0131 nabz\u0131m\u0131n vuru\u015flar\u0131<br \/>bir ba\u015fkas\u0131 olarak ya\u015fad\u0131\u011f\u0131n ser\u00fcvenlerde<br \/>tedirgin g\u00f6vdelere yerle\u015fen<br \/>bukalemundan kalan nem<br \/>korktum ve ka\u00e7t\u0131m alabildi\u011fine<br \/>kara saplanm\u0131\u015f trenlerin yolcusu olmaktan;<br \/>uzak durdum<br \/>pi\u015fmanl\u0131\u011f\u0131n kovan\u0131ndaki i\u00e7e d\u00f6n\u00fck kur\u015funlardan<br \/>mezatlarda da\u011f\u0131tt\u0131m neyim var neyim yoksa<br \/>unutu\u015fla \u00f6rt\u00fcld\u00fc<br \/>belle\u011fimin eteklerinde s\u00f6nen yanarda\u011f<br \/>her seferinde erteliyordum b\u00fcy\u00fck vazge\u00e7i\u015fi bilet de\u011fi\u015ftirmekle<br \/>oysa hi\u00e7bir yolculuk ta\u015f\u0131m\u0131yordu beni hi\u00e7 bir yere<br \/>ba\u015fka yolcular de\u011fildi bekletilen,yolcular ba\u015fkala\u015f\u0131yordu<br \/>saplanm\u0131\u015f trenlerse ayn\u0131 t\u00fcnellerde<br \/>ilk kar\u0131 bekliyordu. <\/p>\n<p>Murathan MUNGAN<\/p>\n","protected":false},"excerpt":{"rendered":"<p>ayn\u0131 t\u00fcnellerden \u00e7\u0131karken yitirdi\u011fimiz d\u00fc\u015flerbirlikte kama\u015fan g\u00f6vdelerimizkaranl\u0131ktan \u0131\u015f\u0131\u011fa \u00fcrperen tenba\u015fka yolcular\u0131n\u0131 bekliyor \u015fimdikara saplanm\u0131\u015f trenayr\u0131nt\u0131lar\u0131n ba\u011f\u0131\u015flamad\u0131\u011f\u0131 nabz\u0131m\u0131n vuru\u015flar\u0131bir ba\u015fkas\u0131 olarak ya\u015fad\u0131\u011f\u0131n ser\u00fcvenlerdetedirgin g\u00f6vdelere yerle\u015fenbukalemundan kalan nemkorktum ve ka\u00e7t\u0131m alabildi\u011finekara saplanm\u0131\u015f trenlerin yolcusu olmaktan;uzak durdumpi\u015fmanl\u0131\u011f\u0131n kovan\u0131ndaki i\u00e7e d\u00f6n\u00fck kur\u015funlardanmezatlarda da\u011f\u0131tt\u0131m neyim var neyim yoksaunutu\u015fla \u00f6rt\u00fcld\u00fcbelle\u011fimin eteklerinde s\u00f6nen yanarda\u011fher seferinde erteliyordum b\u00fcy\u00fck vazge\u00e7i\u015fi bilet de\u011fi\u015ftirmekleoysa hi\u00e7bir yolculuk [&hellip;]<\/p>\n","protected":false},"author":1,"featured_media":0,"comment_status":"open","ping_status":"open","sticky":false,"template":"","format":"standard","meta":{"footnotes":""},"categories":[154],"tags":[],"class_list":{"0":"post-4937","1":"post","2":"type-post","3":"status-publish","4":"format-standard","6":"category-murathan-mungan"},"yoast_head":"<!-- This site is optimized with the Yoast SEO Premium plugin v24.9 (Yoast SEO v24.9) - https:\/\/yoast.com\/wordpress\/plugins\/seo\/ -->\n<title>KARA SAPLANMI\u015e TREN - narteks.net<\/title>\n<meta name=\"robots\" content=\"index, follow, max-snippet:-1, max-image-preview:large, max-video-preview:-1\" \/>\n<link rel=\"canonical\" href=\"https:\/\/narteks.net\/index.php\/2011\/02\/04\/kara-saplanmis-tren\/\" \/>\n<meta property=\"og:locale\" content=\"tr_TR\" \/>\n<meta property=\"og:type\" content=\"article\" \/>\n<meta property=\"og:title\" content=\"KARA SAPLANMI\u015e TREN\" \/>\n<meta property=\"og:description\" content=\"ayn\u0131 t\u00fcnellerden \u00e7\u0131karken yitirdi\u011fimiz d\u00fc\u015flerbirlikte kama\u015fan g\u00f6vdelerimizkaranl\u0131ktan \u0131\u015f\u0131\u011fa \u00fcrperen tenba\u015fka yolcular\u0131n\u0131 bekliyor \u015fimdikara saplanm\u0131\u015f trenayr\u0131nt\u0131lar\u0131n ba\u011f\u0131\u015flamad\u0131\u011f\u0131 nabz\u0131m\u0131n vuru\u015flar\u0131bir ba\u015fkas\u0131 olarak ya\u015fad\u0131\u011f\u0131n ser\u00fcvenlerdetedirgin g\u00f6vdelere yerle\u015fenbukalemundan kalan nemkorktum ve ka\u00e7t\u0131m alabildi\u011finekara saplanm\u0131\u015f trenlerin yolcusu olmaktan;uzak durdumpi\u015fmanl\u0131\u011f\u0131n kovan\u0131ndaki i\u00e7e d\u00f6n\u00fck kur\u015funlardanmezatlarda da\u011f\u0131tt\u0131m neyim var neyim yoksaunutu\u015fla \u00f6rt\u00fcld\u00fcbelle\u011fimin eteklerinde s\u00f6nen yanarda\u011fher seferinde erteliyordum b\u00fcy\u00fck vazge\u00e7i\u015fi bilet de\u011fi\u015ftirmekleoysa hi\u00e7bir yolculuk [&hellip;]\" \/>\n<meta property=\"og:url\" content=\"https:\/\/narteks.net\/index.php\/2011\/02\/04\/kara-saplanmis-tren\/\" \/>\n<meta property=\"og:site_name\" content=\"narteks.net\" \/>\n<meta property=\"article:published_time\" content=\"2011-02-04T15:48:59+00:00\" \/>\n<meta property=\"og:image\" content=\"https:\/\/narteks.net\/wp-content\/uploads\/narteks.png\" \/>\n\t<meta property=\"og:image:width\" content=\"300\" \/>\n\t<meta property=\"og:image:height\" content=\"90\" \/>\n\t<meta property=\"og:image:type\" content=\"image\/png\" \/>\n<meta name=\"author\" content=\"Tar\u0131k\" \/>\n<meta name=\"twitter:card\" content=\"summary_large_image\" \/>\n<meta name=\"twitter:creator\" content=\"@narteks\" \/>\n<meta name=\"twitter:site\" content=\"@narteks\" \/>\n<meta name=\"twitter:label1\" content=\"Yazan:\" \/>\n\t<meta name=\"twitter:data1\" content=\"Tar\u0131k\" \/>\n\t<meta name=\"twitter:label2\" content=\"Tahmini okuma s\u00fcresi\" \/>\n\t<meta name=\"twitter:data2\" content=\"1 dakika\" \/>\n<script type=\"application\/ld+json\" class=\"yoast-schema-graph\">{\"@context\":\"https:\/\/schema.org\",\"@graph\":[{\"@type\":\"Article\",\"@id\":\"https:\/\/narteks.net\/index.php\/2011\/02\/04\/kara-saplanmis-tren\/#article\",\"isPartOf\":{\"@id\":\"https:\/\/narteks.net\/index.php\/2011\/02\/04\/kara-saplanmis-tren\/\"},\"author\":{\"name\":\"Tar\u0131k\",\"@id\":\"https:\/\/narteks.net\/#\/schema\/person\/61f37d9834294b72d31d274e7ed79bca\"},\"headline\":\"KARA SAPLANMI\u015e TREN\",\"datePublished\":\"2011-02-04T15:48:59+00:00\",\"mainEntityOfPage\":{\"@id\":\"https:\/\/narteks.net\/index.php\/2011\/02\/04\/kara-saplanmis-tren\/\"},\"wordCount\":130,\"commentCount\":0,\"publisher\":{\"@id\":\"https:\/\/narteks.net\/#organization\"},\"articleSection\":[\"Murathan MUNGAN\"],\"inLanguage\":\"tr\",\"potentialAction\":[{\"@type\":\"CommentAction\",\"name\":\"Comment\",\"target\":[\"https:\/\/narteks.net\/index.php\/2011\/02\/04\/kara-saplanmis-tren\/#respond\"]}]},{\"@type\":\"WebPage\",\"@id\":\"https:\/\/narteks.net\/index.php\/2011\/02\/04\/kara-saplanmis-tren\/\",\"url\":\"https:\/\/narteks.net\/index.php\/2011\/02\/04\/kara-saplanmis-tren\/\",\"name\":\"KARA SAPLANMI\u015e TREN - narteks.net\",\"isPartOf\":{\"@id\":\"https:\/\/narteks.net\/#website\"},\"datePublished\":\"2011-02-04T15:48:59+00:00\",\"breadcrumb\":{\"@id\":\"https:\/\/narteks.net\/index.php\/2011\/02\/04\/kara-saplanmis-tren\/#breadcrumb\"},\"inLanguage\":\"tr\",\"potentialAction\":[{\"@type\":\"ReadAction\",\"target\":[\"https:\/\/narteks.net\/index.php\/2011\/02\/04\/kara-saplanmis-tren\/\"]}]},{\"@type\":\"BreadcrumbList\",\"@id\":\"https:\/\/narteks.net\/index.php\/2011\/02\/04\/kara-saplanmis-tren\/#breadcrumb\",\"itemListElement\":[{\"@type\":\"ListItem\",\"position\":1,\"name\":\"Anasayfa\",\"item\":\"https:\/\/narteks.net\/\"},{\"@type\":\"ListItem\",\"position\":2,\"name\":\"KARA SAPLANMI\u015e TREN\"}]},{\"@type\":\"WebSite\",\"@id\":\"https:\/\/narteks.net\/#website\",\"url\":\"https:\/\/narteks.net\/\",\"name\":\"narteks.net\",\"description\":\"K\u00fclt\u00fcr Sanat Edebiyat Felsefe\",\"publisher\":{\"@id\":\"https:\/\/narteks.net\/#organization\"},\"alternateName\":\"K\u00fclt\u00fcr Sanat Edebiyat Felsefe\",\"potentialAction\":[{\"@type\":\"SearchAction\",\"target\":{\"@type\":\"EntryPoint\",\"urlTemplate\":\"https:\/\/narteks.net\/?s={search_term_string}\"},\"query-input\":{\"@type\":\"PropertyValueSpecification\",\"valueRequired\":true,\"valueName\":\"search_term_string\"}}],\"inLanguage\":\"tr\"},{\"@type\":\"Organization\",\"@id\":\"https:\/\/narteks.net\/#organization\",\"name\":\"narteks.net\",\"url\":\"https:\/\/narteks.net\/\",\"logo\":{\"@type\":\"ImageObject\",\"inLanguage\":\"tr\",\"@id\":\"https:\/\/narteks.net\/#\/schema\/logo\/image\/\",\"url\":\"https:\/\/narteks.net\/wp-content\/uploads\/narteks.png\",\"contentUrl\":\"https:\/\/narteks.net\/wp-content\/uploads\/narteks.png\",\"width\":300,\"height\":90,\"caption\":\"narteks.net\"},\"image\":{\"@id\":\"https:\/\/narteks.net\/#\/schema\/logo\/image\/\"},\"sameAs\":[\"https:\/\/x.com\/narteks\",\"https:\/\/instagram.com\/narteksnet\"]},{\"@type\":\"Person\",\"@id\":\"https:\/\/narteks.net\/#\/schema\/person\/61f37d9834294b72d31d274e7ed79bca\",\"name\":\"Tar\u0131k\",\"image\":{\"@type\":\"ImageObject\",\"inLanguage\":\"tr\",\"@id\":\"https:\/\/narteks.net\/#\/schema\/person\/image\/\",\"url\":\"https:\/\/secure.gravatar.com\/avatar\/50865afb55632c4ae467e0af0930f6510aa2297d8014be502a55b14f3b7550cf?s=96&d=mm&r=g\",\"contentUrl\":\"https:\/\/secure.gravatar.com\/avatar\/50865afb55632c4ae467e0af0930f6510aa2297d8014be502a55b14f3b7550cf?s=96&d=mm&r=g\",\"caption\":\"Tar\u0131k\"},\"sameAs\":[\"http:\/\/narteks.net\"],\"url\":\"https:\/\/narteks.net\/index.php\/author\/narbak\/\"}]}<\/script>\n<!-- \/ Yoast SEO Premium plugin. -->","yoast_head_json":{"title":"KARA SAPLANMI\u015e TREN - narteks.net","robots":{"index":"index","follow":"follow","max-snippet":"max-snippet:-1","max-image-preview":"max-image-preview:large","max-video-preview":"max-video-preview:-1"},"canonical":"https:\/\/narteks.net\/index.php\/2011\/02\/04\/kara-saplanmis-tren\/","og_locale":"tr_TR","og_type":"article","og_title":"KARA SAPLANMI\u015e TREN","og_description":"ayn\u0131 t\u00fcnellerden \u00e7\u0131karken yitirdi\u011fimiz d\u00fc\u015flerbirlikte kama\u015fan g\u00f6vdelerimizkaranl\u0131ktan \u0131\u015f\u0131\u011fa \u00fcrperen tenba\u015fka yolcular\u0131n\u0131 bekliyor \u015fimdikara saplanm\u0131\u015f trenayr\u0131nt\u0131lar\u0131n ba\u011f\u0131\u015flamad\u0131\u011f\u0131 nabz\u0131m\u0131n vuru\u015flar\u0131bir ba\u015fkas\u0131 olarak ya\u015fad\u0131\u011f\u0131n ser\u00fcvenlerdetedirgin g\u00f6vdelere yerle\u015fenbukalemundan kalan nemkorktum ve ka\u00e7t\u0131m alabildi\u011finekara saplanm\u0131\u015f trenlerin yolcusu olmaktan;uzak durdumpi\u015fmanl\u0131\u011f\u0131n kovan\u0131ndaki i\u00e7e d\u00f6n\u00fck kur\u015funlardanmezatlarda da\u011f\u0131tt\u0131m neyim var neyim yoksaunutu\u015fla \u00f6rt\u00fcld\u00fcbelle\u011fimin eteklerinde s\u00f6nen yanarda\u011fher seferinde erteliyordum b\u00fcy\u00fck vazge\u00e7i\u015fi bilet de\u011fi\u015ftirmekleoysa hi\u00e7bir yolculuk [&hellip;]","og_url":"https:\/\/narteks.net\/index.php\/2011\/02\/04\/kara-saplanmis-tren\/","og_site_name":"narteks.net","article_published_time":"2011-02-04T15:48:59+00:00","og_image":[{"width":300,"height":90,"url":"https:\/\/narteks.net\/wp-content\/uploads\/narteks.png","type":"image\/png"}],"author":"Tar\u0131k","twitter_card":"summary_large_image","twitter_creator":"@narteks","twitter_site":"@narteks","twitter_misc":{"Yazan:":"Tar\u0131k","Tahmini okuma s\u00fcresi":"1 dakika"},"schema":{"@context":"https:\/\/schema.org","@graph":[{"@type":"Article","@id":"https:\/\/narteks.net\/index.php\/2011\/02\/04\/kara-saplanmis-tren\/#article","isPartOf":{"@id":"https:\/\/narteks.net\/index.php\/2011\/02\/04\/kara-saplanmis-tren\/"},"author":{"name":"Tar\u0131k","@id":"https:\/\/narteks.net\/#\/schema\/person\/61f37d9834294b72d31d274e7ed79bca"},"headline":"KARA SAPLANMI\u015e TREN","datePublished":"2011-02-04T15:48:59+00:00","mainEntityOfPage":{"@id":"https:\/\/narteks.net\/index.php\/2011\/02\/04\/kara-saplanmis-tren\/"},"wordCount":130,"commentCount":0,"publisher":{"@id":"https:\/\/narteks.net\/#organization"},"articleSection":["Murathan MUNGAN"],"inLanguage":"tr","potentialAction":[{"@type":"CommentAction","name":"Comment","target":["https:\/\/narteks.net\/index.php\/2011\/02\/04\/kara-saplanmis-tren\/#respond"]}]},{"@type":"WebPage","@id":"https:\/\/narteks.net\/index.php\/2011\/02\/04\/kara-saplanmis-tren\/","url":"https:\/\/narteks.net\/index.php\/2011\/02\/04\/kara-saplanmis-tren\/","name":"KARA SAPLANMI\u015e TREN - narteks.net","isPartOf":{"@id":"https:\/\/narteks.net\/#website"},"datePublished":"2011-02-04T15:48:59+00:00","breadcrumb":{"@id":"https:\/\/narteks.net\/index.php\/2011\/02\/04\/kara-saplanmis-tren\/#breadcrumb"},"inLanguage":"tr","potentialAction":[{"@type":"ReadAction","target":["https:\/\/narteks.net\/index.php\/2011\/02\/04\/kara-saplanmis-tren\/"]}]},{"@type":"BreadcrumbList","@id":"https:\/\/narteks.net\/index.php\/2011\/02\/04\/kara-saplanmis-tren\/#breadcrumb","itemListElement":[{"@type":"ListItem","position":1,"name":"Anasayfa","item":"https:\/\/narteks.net\/"},{"@type":"ListItem","position":2,"name":"KARA SAPLANMI\u015e TREN"}]},{"@type":"WebSite","@id":"https:\/\/narteks.net\/#website","url":"https:\/\/narteks.net\/","name":"narteks.net","description":"K\u00fclt\u00fcr Sanat Edebiyat Felsefe","publisher":{"@id":"https:\/\/narteks.net\/#organization"},"alternateName":"K\u00fclt\u00fcr Sanat Edebiyat Felsefe","potentialAction":[{"@type":"SearchAction","target":{"@type":"EntryPoint","urlTemplate":"https:\/\/narteks.net\/?s={search_term_string}"},"query-input":{"@type":"PropertyValueSpecification","valueRequired":true,"valueName":"search_term_string"}}],"inLanguage":"tr"},{"@type":"Organization","@id":"https:\/\/narteks.net\/#organization","name":"narteks.net","url":"https:\/\/narteks.net\/","logo":{"@type":"ImageObject","inLanguage":"tr","@id":"https:\/\/narteks.net\/#\/schema\/logo\/image\/","url":"https:\/\/narteks.net\/wp-content\/uploads\/narteks.png","contentUrl":"https:\/\/narteks.net\/wp-content\/uploads\/narteks.png","width":300,"height":90,"caption":"narteks.net"},"image":{"@id":"https:\/\/narteks.net\/#\/schema\/logo\/image\/"},"sameAs":["https:\/\/x.com\/narteks","https:\/\/instagram.com\/narteksnet"]},{"@type":"Person","@id":"https:\/\/narteks.net\/#\/schema\/person\/61f37d9834294b72d31d274e7ed79bca","name":"Tar\u0131k","image":{"@type":"ImageObject","inLanguage":"tr","@id":"https:\/\/narteks.net\/#\/schema\/person\/image\/","url":"https:\/\/secure.gravatar.com\/avatar\/50865afb55632c4ae467e0af0930f6510aa2297d8014be502a55b14f3b7550cf?s=96&d=mm&r=g","contentUrl":"https:\/\/secure.gravatar.com\/avatar\/50865afb55632c4ae467e0af0930f6510aa2297d8014be502a55b14f3b7550cf?s=96&d=mm&r=g","caption":"Tar\u0131k"},"sameAs":["http:\/\/narteks.net"],"url":"https:\/\/narteks.net\/index.php\/author\/narbak\/"}]}},"_links":{"self":[{"href":"https:\/\/narteks.net\/index.php\/wp-json\/wp\/v2\/posts\/4937","targetHints":{"allow":["GET"]}}],"collection":[{"href":"https:\/\/narteks.net\/index.php\/wp-json\/wp\/v2\/posts"}],"about":[{"href":"https:\/\/narteks.net\/index.php\/wp-json\/wp\/v2\/types\/post"}],"author":[{"embeddable":true,"href":"https:\/\/narteks.net\/index.php\/wp-json\/wp\/v2\/users\/1"}],"replies":[{"embeddable":true,"href":"https:\/\/narteks.net\/index.php\/wp-json\/wp\/v2\/comments?post=4937"}],"version-history":[{"count":0,"href":"https:\/\/narteks.net\/index.php\/wp-json\/wp\/v2\/posts\/4937\/revisions"}],"wp:attachment":[{"href":"https:\/\/narteks.net\/index.php\/wp-json\/wp\/v2\/media?parent=4937"}],"wp:term":[{"taxonomy":"category","embeddable":true,"href":"https:\/\/narteks.net\/index.php\/wp-json\/wp\/v2\/categories?post=4937"},{"taxonomy":"post_tag","embeddable":true,"href":"https:\/\/narteks.net\/index.php\/wp-json\/wp\/v2\/tags?post=4937"}],"curies":[{"name":"wp","href":"https:\/\/api.w.org\/{rel}","templated":true}]}}