{"id":495,"date":"2009-04-12T13:00:44","date_gmt":"2009-04-12T10:00:44","guid":{"rendered":"http:\/\/localhost\/wordpress\/2009\/04\/12\/caricin-de-gecen-kis\/"},"modified":"2009-04-12T13:00:44","modified_gmt":"2009-04-12T10:00:44","slug":"caricin-de-gecen-kis","status":"publish","type":"post","link":"https:\/\/narteks.net\/index.php\/2009\/04\/12\/caricin-de-gecen-kis\/","title":{"rendered":"CARICIN DE GE\u00c7EN KI\u015e"},"content":{"rendered":"<p>\u00a0<\/p>\n<p>Ak\u015famlar\u0131 g\u00f6l eflatun bir keder <br \/> Sazl\u0131klarda p\u0131r\u0131l p\u0131r\u0131l <br \/> Buz tutmu\u015f batakl\u0131k ku\u015flar\u0131 <br \/> A\u011fa\u00e7lardan <br \/> \u00c7\u00fcr\u00fck sar\u0131 ve k\u0131z\u0131l <br \/> Son yapraklar d\u00f6k\u00fcl\u00fcyor <br \/> R\u00fczgarl\u0131 sonbahardan <br \/> Nas\u0131lsa kurtulmu\u015flar\u0131 <br \/> G\u00fcm\u00fc\u015f karanl\u0131\u011f\u0131nda anla\u015f\u0131lmaz sesler <br \/> Havada mutsuz bir bulut <br \/> Umutsuz ve karars\u0131z s\u00fcz\u00fcl\u00fcyor <br \/> Neredeyse ak\u015fam y\u0131ld\u0131z\u0131 <br \/> Yorgun k\u0131rm\u0131z\u0131 <br \/> Neredeyse ay <br \/> Neredeyse ay <br \/> (Her\u015fey ni\u00e7in bu kadar eski <br \/> Ni\u00e7in bu kadar uzak) <br \/> Caricin&#8217;de ge\u00e7en k\u0131\u015f <br \/> Tepeden t\u0131rna\u011fa katran ve su buhar\u0131 <br \/> Volga&#8217;n\u0131n uykusuna bir r\u00fcya gibi sarkm\u0131\u015f <br \/> Ate\u015ften \u00f6r\u00fcmcek nehir vapurlar\u0131 <br \/> Neredeyse ak\u015fam y\u0131ld\u0131z\u0131 <br \/> Yorgun k\u0131rm\u0131z\u0131 <br \/> Neredeyse ay <br \/> Neredeyse ay <br \/> Caricin&#8217;de ge\u00e7en k\u0131\u015f <br \/> Dalg\u0131n bir sar\u0131\u015f\u0131n <br \/> Karanl\u0131k bir miralay <br \/> Birisi nijniy novgorod&#8217;dan hen\u00fcz gelmi\u015f belki <br \/> Belki kazan&#8217;a \u00f6b\u00fcr\u00fc yola \u00e7\u0131kacak  <br \/> (Her\u015fey ni\u00e7in bu kadar eski <br \/> Ni\u00e7in bu kadar uzak) <br \/> Caricin&#8217;de ge\u00e7en k\u0131\u015f <br \/> Seyrek sakallar\u0131nda y\u0131ld\u0131zlar <br \/> \u0130skelede namaza durmu\u015f <br \/> \u0130htiyar bir tatar <br \/> Alt\u0131nda sokak lambas\u0131n\u0131n <br \/> Dalg\u0131n bir sar\u0131\u015f\u0131n <br \/> Karanl\u0131k bir miralay <br \/> Kad\u0131n\u0131n astragan mantosu s\u0131rt\u0131nda <br \/> Uzun ve beyaz ellerini \u00e7aresiz kavu\u015fturmu\u015f <br \/> K\u0131sa kirpiklerinde incecik buz tozu <br \/> Adam buz mavisi pelerin astragan kalpak <br \/> \u0130\u00e7inde bir atmaca ayr\u0131l\u0131k korkusu <br \/> Y\u00fcre\u011fini par\u00e7alar <br \/> (Her\u015fey ni\u00e7in bu kadar eski <br \/> Ni\u00e7in bu kadar uzak) <br \/> Caricin&#8217;de ge\u00e7en k\u0131\u015f <br \/> Neredeyse ak\u015fam y\u0131ld\u0131z\u0131 <br \/> Yorgun k\u0131rm\u0131z\u0131 <br \/> Neredeyse ay <br \/> Neredeyse ay <br \/> Kararm\u0131\u015f bir can gibi \u00e7\u0131nl\u0131yor <br \/> Donmu\u015f g\u00f6l\u00fcn \u00fcst\u00fcnde ak\u015fam ayaz\u0131 <br \/> Kararm\u0131\u015f ve kocaman <br \/> Konakta zaman zaman <br \/> Koridorda \u00fcrkek ayak sesleri <br \/> Kap\u0131n\u0131n ard\u0131nda f\u0131s\u0131lt\u0131lar <br \/> Onun i\u00e7in herkes kayg\u0131lan\u0131yor <br \/> Bug\u00fcn de ge\u00e7ti svetlana radiceva <br \/> Ard\u0131nda nemli bir is kokusu <br \/> Giderilmez pi\u015fmanl\u0131klar <br \/> Eflatun bir keder <br \/> B\u0131rakarak<\/p>\n<p>Attila \u0130LHAN<\/p>\n","protected":false},"excerpt":{"rendered":"<p>\u00a0 Ak\u015famlar\u0131 g\u00f6l eflatun bir keder Sazl\u0131klarda p\u0131r\u0131l p\u0131r\u0131l Buz tutmu\u015f batakl\u0131k ku\u015flar\u0131 A\u011fa\u00e7lardan \u00c7\u00fcr\u00fck sar\u0131 ve k\u0131z\u0131l Son yapraklar d\u00f6k\u00fcl\u00fcyor R\u00fczgarl\u0131 sonbahardan Nas\u0131lsa kurtulmu\u015flar\u0131 G\u00fcm\u00fc\u015f karanl\u0131\u011f\u0131nda anla\u015f\u0131lmaz sesler Havada mutsuz bir bulut Umutsuz ve karars\u0131z s\u00fcz\u00fcl\u00fcyor Neredeyse ak\u015fam y\u0131ld\u0131z\u0131 Yorgun k\u0131rm\u0131z\u0131 Neredeyse ay Neredeyse ay (Her\u015fey ni\u00e7in bu kadar eski Ni\u00e7in bu kadar uzak) [&hellip;]<\/p>\n","protected":false},"author":1,"featured_media":0,"comment_status":"open","ping_status":"open","sticky":false,"template":"","format":"standard","meta":{"footnotes":""},"categories":[11],"tags":[],"class_list":{"0":"post-495","1":"post","2":"type-post","3":"status-publish","4":"format-standard","6":"category-attila-ilhan"},"yoast_head":"<!-- This site is optimized with the Yoast SEO Premium plugin v24.9 (Yoast SEO v24.9) - https:\/\/yoast.com\/wordpress\/plugins\/seo\/ -->\n<title>CARICIN DE GE\u00c7EN KI\u015e - narteks.net<\/title>\n<meta name=\"robots\" content=\"index, follow, max-snippet:-1, max-image-preview:large, max-video-preview:-1\" \/>\n<link rel=\"canonical\" href=\"https:\/\/narteks.net\/index.php\/2009\/04\/12\/caricin-de-gecen-kis\/\" \/>\n<meta property=\"og:locale\" content=\"tr_TR\" \/>\n<meta property=\"og:type\" content=\"article\" \/>\n<meta property=\"og:title\" content=\"CARICIN DE GE\u00c7EN KI\u015e\" \/>\n<meta property=\"og:description\" content=\"\u00a0 Ak\u015famlar\u0131 g\u00f6l eflatun bir keder Sazl\u0131klarda p\u0131r\u0131l p\u0131r\u0131l Buz tutmu\u015f batakl\u0131k ku\u015flar\u0131 A\u011fa\u00e7lardan \u00c7\u00fcr\u00fck sar\u0131 ve k\u0131z\u0131l Son yapraklar d\u00f6k\u00fcl\u00fcyor R\u00fczgarl\u0131 sonbahardan Nas\u0131lsa kurtulmu\u015flar\u0131 G\u00fcm\u00fc\u015f karanl\u0131\u011f\u0131nda anla\u015f\u0131lmaz sesler Havada mutsuz bir bulut Umutsuz ve karars\u0131z s\u00fcz\u00fcl\u00fcyor Neredeyse ak\u015fam y\u0131ld\u0131z\u0131 Yorgun k\u0131rm\u0131z\u0131 Neredeyse ay Neredeyse ay (Her\u015fey ni\u00e7in bu kadar eski Ni\u00e7in bu kadar uzak) [&hellip;]\" \/>\n<meta property=\"og:url\" content=\"https:\/\/narteks.net\/index.php\/2009\/04\/12\/caricin-de-gecen-kis\/\" \/>\n<meta property=\"og:site_name\" content=\"narteks.net\" \/>\n<meta property=\"article:published_time\" content=\"2009-04-12T10:00:44+00:00\" \/>\n<meta property=\"og:image\" content=\"https:\/\/narteks.net\/wp-content\/uploads\/narteks.png\" \/>\n\t<meta property=\"og:image:width\" content=\"300\" \/>\n\t<meta property=\"og:image:height\" content=\"90\" \/>\n\t<meta property=\"og:image:type\" content=\"image\/png\" \/>\n<meta name=\"author\" content=\"Tar\u0131k\" \/>\n<meta name=\"twitter:card\" content=\"summary_large_image\" \/>\n<meta name=\"twitter:creator\" content=\"@narteks\" \/>\n<meta name=\"twitter:site\" content=\"@narteks\" \/>\n<meta name=\"twitter:label1\" content=\"Yazan:\" \/>\n\t<meta name=\"twitter:data1\" content=\"Tar\u0131k\" \/>\n\t<meta name=\"twitter:label2\" content=\"Tahmini okuma s\u00fcresi\" \/>\n\t<meta name=\"twitter:data2\" content=\"2 dakika\" \/>\n<script type=\"application\/ld+json\" class=\"yoast-schema-graph\">{\"@context\":\"https:\/\/schema.org\",\"@graph\":[{\"@type\":\"Article\",\"@id\":\"https:\/\/narteks.net\/index.php\/2009\/04\/12\/caricin-de-gecen-kis\/#article\",\"isPartOf\":{\"@id\":\"https:\/\/narteks.net\/index.php\/2009\/04\/12\/caricin-de-gecen-kis\/\"},\"author\":{\"name\":\"Tar\u0131k\",\"@id\":\"https:\/\/narteks.net\/#\/schema\/person\/61f37d9834294b72d31d274e7ed79bca\"},\"headline\":\"CARICIN DE GE\u00c7EN KI\u015e\",\"datePublished\":\"2009-04-12T10:00:44+00:00\",\"mainEntityOfPage\":{\"@id\":\"https:\/\/narteks.net\/index.php\/2009\/04\/12\/caricin-de-gecen-kis\/\"},\"wordCount\":337,\"commentCount\":0,\"publisher\":{\"@id\":\"https:\/\/narteks.net\/#organization\"},\"articleSection\":[\"Attila ILHAN\"],\"inLanguage\":\"tr\",\"potentialAction\":[{\"@type\":\"CommentAction\",\"name\":\"Comment\",\"target\":[\"https:\/\/narteks.net\/index.php\/2009\/04\/12\/caricin-de-gecen-kis\/#respond\"]}]},{\"@type\":\"WebPage\",\"@id\":\"https:\/\/narteks.net\/index.php\/2009\/04\/12\/caricin-de-gecen-kis\/\",\"url\":\"https:\/\/narteks.net\/index.php\/2009\/04\/12\/caricin-de-gecen-kis\/\",\"name\":\"CARICIN DE GE\u00c7EN KI\u015e - narteks.net\",\"isPartOf\":{\"@id\":\"https:\/\/narteks.net\/#website\"},\"datePublished\":\"2009-04-12T10:00:44+00:00\",\"breadcrumb\":{\"@id\":\"https:\/\/narteks.net\/index.php\/2009\/04\/12\/caricin-de-gecen-kis\/#breadcrumb\"},\"inLanguage\":\"tr\",\"potentialAction\":[{\"@type\":\"ReadAction\",\"target\":[\"https:\/\/narteks.net\/index.php\/2009\/04\/12\/caricin-de-gecen-kis\/\"]}]},{\"@type\":\"BreadcrumbList\",\"@id\":\"https:\/\/narteks.net\/index.php\/2009\/04\/12\/caricin-de-gecen-kis\/#breadcrumb\",\"itemListElement\":[{\"@type\":\"ListItem\",\"position\":1,\"name\":\"Anasayfa\",\"item\":\"https:\/\/narteks.net\/\"},{\"@type\":\"ListItem\",\"position\":2,\"name\":\"CARICIN DE GE\u00c7EN KI\u015e\"}]},{\"@type\":\"WebSite\",\"@id\":\"https:\/\/narteks.net\/#website\",\"url\":\"https:\/\/narteks.net\/\",\"name\":\"narteks.net\",\"description\":\"K\u00fclt\u00fcr Sanat Edebiyat Felsefe\",\"publisher\":{\"@id\":\"https:\/\/narteks.net\/#organization\"},\"alternateName\":\"K\u00fclt\u00fcr Sanat Edebiyat Felsefe\",\"potentialAction\":[{\"@type\":\"SearchAction\",\"target\":{\"@type\":\"EntryPoint\",\"urlTemplate\":\"https:\/\/narteks.net\/?s={search_term_string}\"},\"query-input\":{\"@type\":\"PropertyValueSpecification\",\"valueRequired\":true,\"valueName\":\"search_term_string\"}}],\"inLanguage\":\"tr\"},{\"@type\":\"Organization\",\"@id\":\"https:\/\/narteks.net\/#organization\",\"name\":\"narteks.net\",\"url\":\"https:\/\/narteks.net\/\",\"logo\":{\"@type\":\"ImageObject\",\"inLanguage\":\"tr\",\"@id\":\"https:\/\/narteks.net\/#\/schema\/logo\/image\/\",\"url\":\"https:\/\/narteks.net\/wp-content\/uploads\/narteks.png\",\"contentUrl\":\"https:\/\/narteks.net\/wp-content\/uploads\/narteks.png\",\"width\":300,\"height\":90,\"caption\":\"narteks.net\"},\"image\":{\"@id\":\"https:\/\/narteks.net\/#\/schema\/logo\/image\/\"},\"sameAs\":[\"https:\/\/x.com\/narteks\",\"https:\/\/instagram.com\/narteksnet\"]},{\"@type\":\"Person\",\"@id\":\"https:\/\/narteks.net\/#\/schema\/person\/61f37d9834294b72d31d274e7ed79bca\",\"name\":\"Tar\u0131k\",\"image\":{\"@type\":\"ImageObject\",\"inLanguage\":\"tr\",\"@id\":\"https:\/\/narteks.net\/#\/schema\/person\/image\/\",\"url\":\"https:\/\/secure.gravatar.com\/avatar\/50865afb55632c4ae467e0af0930f6510aa2297d8014be502a55b14f3b7550cf?s=96&d=mm&r=g\",\"contentUrl\":\"https:\/\/secure.gravatar.com\/avatar\/50865afb55632c4ae467e0af0930f6510aa2297d8014be502a55b14f3b7550cf?s=96&d=mm&r=g\",\"caption\":\"Tar\u0131k\"},\"sameAs\":[\"http:\/\/narteks.net\"],\"url\":\"https:\/\/narteks.net\/index.php\/author\/narbak\/\"}]}<\/script>\n<!-- \/ Yoast SEO Premium plugin. -->","yoast_head_json":{"title":"CARICIN DE GE\u00c7EN KI\u015e - narteks.net","robots":{"index":"index","follow":"follow","max-snippet":"max-snippet:-1","max-image-preview":"max-image-preview:large","max-video-preview":"max-video-preview:-1"},"canonical":"https:\/\/narteks.net\/index.php\/2009\/04\/12\/caricin-de-gecen-kis\/","og_locale":"tr_TR","og_type":"article","og_title":"CARICIN DE GE\u00c7EN KI\u015e","og_description":"\u00a0 Ak\u015famlar\u0131 g\u00f6l eflatun bir keder Sazl\u0131klarda p\u0131r\u0131l p\u0131r\u0131l Buz tutmu\u015f batakl\u0131k ku\u015flar\u0131 A\u011fa\u00e7lardan \u00c7\u00fcr\u00fck sar\u0131 ve k\u0131z\u0131l Son yapraklar d\u00f6k\u00fcl\u00fcyor R\u00fczgarl\u0131 sonbahardan Nas\u0131lsa kurtulmu\u015flar\u0131 G\u00fcm\u00fc\u015f karanl\u0131\u011f\u0131nda anla\u015f\u0131lmaz sesler Havada mutsuz bir bulut Umutsuz ve karars\u0131z s\u00fcz\u00fcl\u00fcyor Neredeyse ak\u015fam y\u0131ld\u0131z\u0131 Yorgun k\u0131rm\u0131z\u0131 Neredeyse ay Neredeyse ay (Her\u015fey ni\u00e7in bu kadar eski Ni\u00e7in bu kadar uzak) [&hellip;]","og_url":"https:\/\/narteks.net\/index.php\/2009\/04\/12\/caricin-de-gecen-kis\/","og_site_name":"narteks.net","article_published_time":"2009-04-12T10:00:44+00:00","og_image":[{"width":300,"height":90,"url":"https:\/\/narteks.net\/wp-content\/uploads\/narteks.png","type":"image\/png"}],"author":"Tar\u0131k","twitter_card":"summary_large_image","twitter_creator":"@narteks","twitter_site":"@narteks","twitter_misc":{"Yazan:":"Tar\u0131k","Tahmini okuma s\u00fcresi":"2 dakika"},"schema":{"@context":"https:\/\/schema.org","@graph":[{"@type":"Article","@id":"https:\/\/narteks.net\/index.php\/2009\/04\/12\/caricin-de-gecen-kis\/#article","isPartOf":{"@id":"https:\/\/narteks.net\/index.php\/2009\/04\/12\/caricin-de-gecen-kis\/"},"author":{"name":"Tar\u0131k","@id":"https:\/\/narteks.net\/#\/schema\/person\/61f37d9834294b72d31d274e7ed79bca"},"headline":"CARICIN DE GE\u00c7EN KI\u015e","datePublished":"2009-04-12T10:00:44+00:00","mainEntityOfPage":{"@id":"https:\/\/narteks.net\/index.php\/2009\/04\/12\/caricin-de-gecen-kis\/"},"wordCount":337,"commentCount":0,"publisher":{"@id":"https:\/\/narteks.net\/#organization"},"articleSection":["Attila ILHAN"],"inLanguage":"tr","potentialAction":[{"@type":"CommentAction","name":"Comment","target":["https:\/\/narteks.net\/index.php\/2009\/04\/12\/caricin-de-gecen-kis\/#respond"]}]},{"@type":"WebPage","@id":"https:\/\/narteks.net\/index.php\/2009\/04\/12\/caricin-de-gecen-kis\/","url":"https:\/\/narteks.net\/index.php\/2009\/04\/12\/caricin-de-gecen-kis\/","name":"CARICIN DE GE\u00c7EN KI\u015e - narteks.net","isPartOf":{"@id":"https:\/\/narteks.net\/#website"},"datePublished":"2009-04-12T10:00:44+00:00","breadcrumb":{"@id":"https:\/\/narteks.net\/index.php\/2009\/04\/12\/caricin-de-gecen-kis\/#breadcrumb"},"inLanguage":"tr","potentialAction":[{"@type":"ReadAction","target":["https:\/\/narteks.net\/index.php\/2009\/04\/12\/caricin-de-gecen-kis\/"]}]},{"@type":"BreadcrumbList","@id":"https:\/\/narteks.net\/index.php\/2009\/04\/12\/caricin-de-gecen-kis\/#breadcrumb","itemListElement":[{"@type":"ListItem","position":1,"name":"Anasayfa","item":"https:\/\/narteks.net\/"},{"@type":"ListItem","position":2,"name":"CARICIN DE GE\u00c7EN KI\u015e"}]},{"@type":"WebSite","@id":"https:\/\/narteks.net\/#website","url":"https:\/\/narteks.net\/","name":"narteks.net","description":"K\u00fclt\u00fcr Sanat Edebiyat Felsefe","publisher":{"@id":"https:\/\/narteks.net\/#organization"},"alternateName":"K\u00fclt\u00fcr Sanat Edebiyat Felsefe","potentialAction":[{"@type":"SearchAction","target":{"@type":"EntryPoint","urlTemplate":"https:\/\/narteks.net\/?s={search_term_string}"},"query-input":{"@type":"PropertyValueSpecification","valueRequired":true,"valueName":"search_term_string"}}],"inLanguage":"tr"},{"@type":"Organization","@id":"https:\/\/narteks.net\/#organization","name":"narteks.net","url":"https:\/\/narteks.net\/","logo":{"@type":"ImageObject","inLanguage":"tr","@id":"https:\/\/narteks.net\/#\/schema\/logo\/image\/","url":"https:\/\/narteks.net\/wp-content\/uploads\/narteks.png","contentUrl":"https:\/\/narteks.net\/wp-content\/uploads\/narteks.png","width":300,"height":90,"caption":"narteks.net"},"image":{"@id":"https:\/\/narteks.net\/#\/schema\/logo\/image\/"},"sameAs":["https:\/\/x.com\/narteks","https:\/\/instagram.com\/narteksnet"]},{"@type":"Person","@id":"https:\/\/narteks.net\/#\/schema\/person\/61f37d9834294b72d31d274e7ed79bca","name":"Tar\u0131k","image":{"@type":"ImageObject","inLanguage":"tr","@id":"https:\/\/narteks.net\/#\/schema\/person\/image\/","url":"https:\/\/secure.gravatar.com\/avatar\/50865afb55632c4ae467e0af0930f6510aa2297d8014be502a55b14f3b7550cf?s=96&d=mm&r=g","contentUrl":"https:\/\/secure.gravatar.com\/avatar\/50865afb55632c4ae467e0af0930f6510aa2297d8014be502a55b14f3b7550cf?s=96&d=mm&r=g","caption":"Tar\u0131k"},"sameAs":["http:\/\/narteks.net"],"url":"https:\/\/narteks.net\/index.php\/author\/narbak\/"}]}},"_links":{"self":[{"href":"https:\/\/narteks.net\/index.php\/wp-json\/wp\/v2\/posts\/495","targetHints":{"allow":["GET"]}}],"collection":[{"href":"https:\/\/narteks.net\/index.php\/wp-json\/wp\/v2\/posts"}],"about":[{"href":"https:\/\/narteks.net\/index.php\/wp-json\/wp\/v2\/types\/post"}],"author":[{"embeddable":true,"href":"https:\/\/narteks.net\/index.php\/wp-json\/wp\/v2\/users\/1"}],"replies":[{"embeddable":true,"href":"https:\/\/narteks.net\/index.php\/wp-json\/wp\/v2\/comments?post=495"}],"version-history":[{"count":0,"href":"https:\/\/narteks.net\/index.php\/wp-json\/wp\/v2\/posts\/495\/revisions"}],"wp:attachment":[{"href":"https:\/\/narteks.net\/index.php\/wp-json\/wp\/v2\/media?parent=495"}],"wp:term":[{"taxonomy":"category","embeddable":true,"href":"https:\/\/narteks.net\/index.php\/wp-json\/wp\/v2\/categories?post=495"},{"taxonomy":"post_tag","embeddable":true,"href":"https:\/\/narteks.net\/index.php\/wp-json\/wp\/v2\/tags?post=495"}],"curies":[{"name":"wp","href":"https:\/\/api.w.org\/{rel}","templated":true}]}}