{"id":4951,"date":"2011-02-04T19:02:14","date_gmt":"2011-02-04T16:02:14","guid":{"rendered":"http:\/\/localhost\/wordpress\/2011\/02\/04\/kuzeydeki-pencere\/"},"modified":"2011-02-04T19:02:14","modified_gmt":"2011-02-04T16:02:14","slug":"kuzeydeki-pencere","status":"publish","type":"post","link":"https:\/\/narteks.net\/index.php\/2011\/02\/04\/kuzeydeki-pencere\/","title":{"rendered":"KUZEYDEK\u0130 PENCERE"},"content":{"rendered":"<p>koklad\u0131\u011f\u0131n g\u00fcl\u00fcn kokusu kalm\u0131\u015f sende<br \/>bakt\u0131\u011f\u0131n denizin tuzu<br \/>ge\u00e7ti\u011fin iklimlerin masal\u0131 sinmi\u015f \u00fcst\u00fcne<br \/>kuzeydeki pencere a\u00e7\u0131k<br \/>g\u00f6\u00e7ebe bin bir gece<\/p>\n<p>s\u00f6zc\u00fckler s\u00f6k\u00fclm\u00fc\u015f bir an\u0131y\u0131<br \/>ne kadar tamamlayabilirse<br \/>bir and\u0131r eski defterlerin<br \/>g\u00fcne\u015finden vurur y\u00fcz\u00fcne<br \/>yazsam olmaz dersin<br \/>kimi zaman s\u0131rf bunun i\u00e7in<br \/>yazmaya de\u011ferse de<br \/>kuzeydeki pencereyi a\u00e7arken<br \/>yere d\u00fc\u015fen defterden g\u00f6r\u00fcn\u00fcr:<br \/>eksik kule, y\u0131rt\u0131k nehir<br \/>s\u0131ms\u0131k\u0131 kapatm\u0131\u015f olsak da<br \/>bizi \u00fcrperten an\u0131lar\u0131 hayat\u0131m\u0131z\u0131n<br \/>eski defter ya da kuzeydeki pencere\u00a0 <\/p>\n<p>Murathan MUNGAN<\/p>\n","protected":false},"excerpt":{"rendered":"<p>koklad\u0131\u011f\u0131n g\u00fcl\u00fcn kokusu kalm\u0131\u015f sendebakt\u0131\u011f\u0131n denizin tuzuge\u00e7ti\u011fin iklimlerin masal\u0131 sinmi\u015f \u00fcst\u00fcnekuzeydeki pencere a\u00e7\u0131kg\u00f6\u00e7ebe bin bir gece s\u00f6zc\u00fckler s\u00f6k\u00fclm\u00fc\u015f bir an\u0131y\u0131ne kadar tamamlayabilirsebir and\u0131r eski defterlering\u00fcne\u015finden vurur y\u00fcz\u00fcneyazsam olmaz dersinkimi zaman s\u0131rf bunun i\u00e7inyazmaya de\u011ferse dekuzeydeki pencereyi a\u00e7arkenyere d\u00fc\u015fen defterden g\u00f6r\u00fcn\u00fcr:eksik kule, y\u0131rt\u0131k nehirs\u0131ms\u0131k\u0131 kapatm\u0131\u015f olsak dabizi \u00fcrperten an\u0131lar\u0131 hayat\u0131m\u0131z\u0131neski defter ya da kuzeydeki pencere\u00a0 Murathan [&hellip;]<\/p>\n","protected":false},"author":1,"featured_media":0,"comment_status":"open","ping_status":"open","sticky":false,"template":"","format":"standard","meta":{"footnotes":""},"categories":[154],"tags":[],"class_list":{"0":"post-4951","1":"post","2":"type-post","3":"status-publish","4":"format-standard","6":"category-murathan-mungan"},"yoast_head":"<!-- This site is optimized with the Yoast SEO Premium plugin v24.9 (Yoast SEO v24.9) - https:\/\/yoast.com\/wordpress\/plugins\/seo\/ -->\n<title>KUZEYDEK\u0130 PENCERE - narteks.net<\/title>\n<meta name=\"robots\" content=\"index, follow, max-snippet:-1, max-image-preview:large, max-video-preview:-1\" \/>\n<link rel=\"canonical\" href=\"https:\/\/narteks.net\/index.php\/2011\/02\/04\/kuzeydeki-pencere\/\" \/>\n<meta property=\"og:locale\" content=\"tr_TR\" \/>\n<meta property=\"og:type\" content=\"article\" \/>\n<meta property=\"og:title\" content=\"KUZEYDEK\u0130 PENCERE\" \/>\n<meta property=\"og:description\" content=\"koklad\u0131\u011f\u0131n g\u00fcl\u00fcn kokusu kalm\u0131\u015f sendebakt\u0131\u011f\u0131n denizin tuzuge\u00e7ti\u011fin iklimlerin masal\u0131 sinmi\u015f \u00fcst\u00fcnekuzeydeki pencere a\u00e7\u0131kg\u00f6\u00e7ebe bin bir gece s\u00f6zc\u00fckler s\u00f6k\u00fclm\u00fc\u015f bir an\u0131y\u0131ne kadar tamamlayabilirsebir and\u0131r eski defterlering\u00fcne\u015finden vurur y\u00fcz\u00fcneyazsam olmaz dersinkimi zaman s\u0131rf bunun i\u00e7inyazmaya de\u011ferse dekuzeydeki pencereyi a\u00e7arkenyere d\u00fc\u015fen defterden g\u00f6r\u00fcn\u00fcr:eksik kule, y\u0131rt\u0131k nehirs\u0131ms\u0131k\u0131 kapatm\u0131\u015f olsak dabizi \u00fcrperten an\u0131lar\u0131 hayat\u0131m\u0131z\u0131neski defter ya da kuzeydeki pencere\u00a0 Murathan [&hellip;]\" \/>\n<meta property=\"og:url\" content=\"https:\/\/narteks.net\/index.php\/2011\/02\/04\/kuzeydeki-pencere\/\" \/>\n<meta property=\"og:site_name\" content=\"narteks.net\" \/>\n<meta property=\"article:published_time\" content=\"2011-02-04T16:02:14+00:00\" \/>\n<meta property=\"og:image\" content=\"https:\/\/narteks.net\/wp-content\/uploads\/narteks.png\" \/>\n\t<meta property=\"og:image:width\" content=\"300\" \/>\n\t<meta property=\"og:image:height\" content=\"90\" \/>\n\t<meta property=\"og:image:type\" content=\"image\/png\" \/>\n<meta name=\"author\" content=\"Tar\u0131k\" \/>\n<meta name=\"twitter:card\" content=\"summary_large_image\" \/>\n<meta name=\"twitter:creator\" content=\"@narteks\" \/>\n<meta name=\"twitter:site\" content=\"@narteks\" \/>\n<meta name=\"twitter:label1\" content=\"Yazan:\" \/>\n\t<meta name=\"twitter:data1\" content=\"Tar\u0131k\" \/>\n<script type=\"application\/ld+json\" class=\"yoast-schema-graph\">{\"@context\":\"https:\/\/schema.org\",\"@graph\":[{\"@type\":\"Article\",\"@id\":\"https:\/\/narteks.net\/index.php\/2011\/02\/04\/kuzeydeki-pencere\/#article\",\"isPartOf\":{\"@id\":\"https:\/\/narteks.net\/index.php\/2011\/02\/04\/kuzeydeki-pencere\/\"},\"author\":{\"name\":\"Tar\u0131k\",\"@id\":\"https:\/\/narteks.net\/#\/schema\/person\/61f37d9834294b72d31d274e7ed79bca\"},\"headline\":\"KUZEYDEK\u0130 PENCERE\",\"datePublished\":\"2011-02-04T16:02:14+00:00\",\"mainEntityOfPage\":{\"@id\":\"https:\/\/narteks.net\/index.php\/2011\/02\/04\/kuzeydeki-pencere\/\"},\"wordCount\":95,\"commentCount\":0,\"publisher\":{\"@id\":\"https:\/\/narteks.net\/#organization\"},\"articleSection\":[\"Murathan MUNGAN\"],\"inLanguage\":\"tr\",\"potentialAction\":[{\"@type\":\"CommentAction\",\"name\":\"Comment\",\"target\":[\"https:\/\/narteks.net\/index.php\/2011\/02\/04\/kuzeydeki-pencere\/#respond\"]}]},{\"@type\":\"WebPage\",\"@id\":\"https:\/\/narteks.net\/index.php\/2011\/02\/04\/kuzeydeki-pencere\/\",\"url\":\"https:\/\/narteks.net\/index.php\/2011\/02\/04\/kuzeydeki-pencere\/\",\"name\":\"KUZEYDEK\u0130 PENCERE - narteks.net\",\"isPartOf\":{\"@id\":\"https:\/\/narteks.net\/#website\"},\"datePublished\":\"2011-02-04T16:02:14+00:00\",\"breadcrumb\":{\"@id\":\"https:\/\/narteks.net\/index.php\/2011\/02\/04\/kuzeydeki-pencere\/#breadcrumb\"},\"inLanguage\":\"tr\",\"potentialAction\":[{\"@type\":\"ReadAction\",\"target\":[\"https:\/\/narteks.net\/index.php\/2011\/02\/04\/kuzeydeki-pencere\/\"]}]},{\"@type\":\"BreadcrumbList\",\"@id\":\"https:\/\/narteks.net\/index.php\/2011\/02\/04\/kuzeydeki-pencere\/#breadcrumb\",\"itemListElement\":[{\"@type\":\"ListItem\",\"position\":1,\"name\":\"Anasayfa\",\"item\":\"https:\/\/narteks.net\/\"},{\"@type\":\"ListItem\",\"position\":2,\"name\":\"KUZEYDEK\u0130 PENCERE\"}]},{\"@type\":\"WebSite\",\"@id\":\"https:\/\/narteks.net\/#website\",\"url\":\"https:\/\/narteks.net\/\",\"name\":\"narteks.net\",\"description\":\"K\u00fclt\u00fcr Sanat Edebiyat Felsefe\",\"publisher\":{\"@id\":\"https:\/\/narteks.net\/#organization\"},\"alternateName\":\"K\u00fclt\u00fcr Sanat Edebiyat Felsefe\",\"potentialAction\":[{\"@type\":\"SearchAction\",\"target\":{\"@type\":\"EntryPoint\",\"urlTemplate\":\"https:\/\/narteks.net\/?s={search_term_string}\"},\"query-input\":{\"@type\":\"PropertyValueSpecification\",\"valueRequired\":true,\"valueName\":\"search_term_string\"}}],\"inLanguage\":\"tr\"},{\"@type\":\"Organization\",\"@id\":\"https:\/\/narteks.net\/#organization\",\"name\":\"narteks.net\",\"url\":\"https:\/\/narteks.net\/\",\"logo\":{\"@type\":\"ImageObject\",\"inLanguage\":\"tr\",\"@id\":\"https:\/\/narteks.net\/#\/schema\/logo\/image\/\",\"url\":\"https:\/\/narteks.net\/wp-content\/uploads\/narteks.png\",\"contentUrl\":\"https:\/\/narteks.net\/wp-content\/uploads\/narteks.png\",\"width\":300,\"height\":90,\"caption\":\"narteks.net\"},\"image\":{\"@id\":\"https:\/\/narteks.net\/#\/schema\/logo\/image\/\"},\"sameAs\":[\"https:\/\/x.com\/narteks\",\"https:\/\/instagram.com\/narteksnet\"]},{\"@type\":\"Person\",\"@id\":\"https:\/\/narteks.net\/#\/schema\/person\/61f37d9834294b72d31d274e7ed79bca\",\"name\":\"Tar\u0131k\",\"image\":{\"@type\":\"ImageObject\",\"inLanguage\":\"tr\",\"@id\":\"https:\/\/narteks.net\/#\/schema\/person\/image\/\",\"url\":\"https:\/\/secure.gravatar.com\/avatar\/50865afb55632c4ae467e0af0930f6510aa2297d8014be502a55b14f3b7550cf?s=96&d=mm&r=g\",\"contentUrl\":\"https:\/\/secure.gravatar.com\/avatar\/50865afb55632c4ae467e0af0930f6510aa2297d8014be502a55b14f3b7550cf?s=96&d=mm&r=g\",\"caption\":\"Tar\u0131k\"},\"sameAs\":[\"http:\/\/narteks.net\"],\"url\":\"https:\/\/narteks.net\/index.php\/author\/narbak\/\"}]}<\/script>\n<!-- \/ Yoast SEO Premium plugin. -->","yoast_head_json":{"title":"KUZEYDEK\u0130 PENCERE - narteks.net","robots":{"index":"index","follow":"follow","max-snippet":"max-snippet:-1","max-image-preview":"max-image-preview:large","max-video-preview":"max-video-preview:-1"},"canonical":"https:\/\/narteks.net\/index.php\/2011\/02\/04\/kuzeydeki-pencere\/","og_locale":"tr_TR","og_type":"article","og_title":"KUZEYDEK\u0130 PENCERE","og_description":"koklad\u0131\u011f\u0131n g\u00fcl\u00fcn kokusu kalm\u0131\u015f sendebakt\u0131\u011f\u0131n denizin tuzuge\u00e7ti\u011fin iklimlerin masal\u0131 sinmi\u015f \u00fcst\u00fcnekuzeydeki pencere a\u00e7\u0131kg\u00f6\u00e7ebe bin bir gece s\u00f6zc\u00fckler s\u00f6k\u00fclm\u00fc\u015f bir an\u0131y\u0131ne kadar tamamlayabilirsebir and\u0131r eski defterlering\u00fcne\u015finden vurur y\u00fcz\u00fcneyazsam olmaz dersinkimi zaman s\u0131rf bunun i\u00e7inyazmaya de\u011ferse dekuzeydeki pencereyi a\u00e7arkenyere d\u00fc\u015fen defterden g\u00f6r\u00fcn\u00fcr:eksik kule, y\u0131rt\u0131k nehirs\u0131ms\u0131k\u0131 kapatm\u0131\u015f olsak dabizi \u00fcrperten an\u0131lar\u0131 hayat\u0131m\u0131z\u0131neski defter ya da kuzeydeki pencere\u00a0 Murathan [&hellip;]","og_url":"https:\/\/narteks.net\/index.php\/2011\/02\/04\/kuzeydeki-pencere\/","og_site_name":"narteks.net","article_published_time":"2011-02-04T16:02:14+00:00","og_image":[{"width":300,"height":90,"url":"https:\/\/narteks.net\/wp-content\/uploads\/narteks.png","type":"image\/png"}],"author":"Tar\u0131k","twitter_card":"summary_large_image","twitter_creator":"@narteks","twitter_site":"@narteks","twitter_misc":{"Yazan:":"Tar\u0131k"},"schema":{"@context":"https:\/\/schema.org","@graph":[{"@type":"Article","@id":"https:\/\/narteks.net\/index.php\/2011\/02\/04\/kuzeydeki-pencere\/#article","isPartOf":{"@id":"https:\/\/narteks.net\/index.php\/2011\/02\/04\/kuzeydeki-pencere\/"},"author":{"name":"Tar\u0131k","@id":"https:\/\/narteks.net\/#\/schema\/person\/61f37d9834294b72d31d274e7ed79bca"},"headline":"KUZEYDEK\u0130 PENCERE","datePublished":"2011-02-04T16:02:14+00:00","mainEntityOfPage":{"@id":"https:\/\/narteks.net\/index.php\/2011\/02\/04\/kuzeydeki-pencere\/"},"wordCount":95,"commentCount":0,"publisher":{"@id":"https:\/\/narteks.net\/#organization"},"articleSection":["Murathan MUNGAN"],"inLanguage":"tr","potentialAction":[{"@type":"CommentAction","name":"Comment","target":["https:\/\/narteks.net\/index.php\/2011\/02\/04\/kuzeydeki-pencere\/#respond"]}]},{"@type":"WebPage","@id":"https:\/\/narteks.net\/index.php\/2011\/02\/04\/kuzeydeki-pencere\/","url":"https:\/\/narteks.net\/index.php\/2011\/02\/04\/kuzeydeki-pencere\/","name":"KUZEYDEK\u0130 PENCERE - narteks.net","isPartOf":{"@id":"https:\/\/narteks.net\/#website"},"datePublished":"2011-02-04T16:02:14+00:00","breadcrumb":{"@id":"https:\/\/narteks.net\/index.php\/2011\/02\/04\/kuzeydeki-pencere\/#breadcrumb"},"inLanguage":"tr","potentialAction":[{"@type":"ReadAction","target":["https:\/\/narteks.net\/index.php\/2011\/02\/04\/kuzeydeki-pencere\/"]}]},{"@type":"BreadcrumbList","@id":"https:\/\/narteks.net\/index.php\/2011\/02\/04\/kuzeydeki-pencere\/#breadcrumb","itemListElement":[{"@type":"ListItem","position":1,"name":"Anasayfa","item":"https:\/\/narteks.net\/"},{"@type":"ListItem","position":2,"name":"KUZEYDEK\u0130 PENCERE"}]},{"@type":"WebSite","@id":"https:\/\/narteks.net\/#website","url":"https:\/\/narteks.net\/","name":"narteks.net","description":"K\u00fclt\u00fcr Sanat Edebiyat Felsefe","publisher":{"@id":"https:\/\/narteks.net\/#organization"},"alternateName":"K\u00fclt\u00fcr Sanat Edebiyat Felsefe","potentialAction":[{"@type":"SearchAction","target":{"@type":"EntryPoint","urlTemplate":"https:\/\/narteks.net\/?s={search_term_string}"},"query-input":{"@type":"PropertyValueSpecification","valueRequired":true,"valueName":"search_term_string"}}],"inLanguage":"tr"},{"@type":"Organization","@id":"https:\/\/narteks.net\/#organization","name":"narteks.net","url":"https:\/\/narteks.net\/","logo":{"@type":"ImageObject","inLanguage":"tr","@id":"https:\/\/narteks.net\/#\/schema\/logo\/image\/","url":"https:\/\/narteks.net\/wp-content\/uploads\/narteks.png","contentUrl":"https:\/\/narteks.net\/wp-content\/uploads\/narteks.png","width":300,"height":90,"caption":"narteks.net"},"image":{"@id":"https:\/\/narteks.net\/#\/schema\/logo\/image\/"},"sameAs":["https:\/\/x.com\/narteks","https:\/\/instagram.com\/narteksnet"]},{"@type":"Person","@id":"https:\/\/narteks.net\/#\/schema\/person\/61f37d9834294b72d31d274e7ed79bca","name":"Tar\u0131k","image":{"@type":"ImageObject","inLanguage":"tr","@id":"https:\/\/narteks.net\/#\/schema\/person\/image\/","url":"https:\/\/secure.gravatar.com\/avatar\/50865afb55632c4ae467e0af0930f6510aa2297d8014be502a55b14f3b7550cf?s=96&d=mm&r=g","contentUrl":"https:\/\/secure.gravatar.com\/avatar\/50865afb55632c4ae467e0af0930f6510aa2297d8014be502a55b14f3b7550cf?s=96&d=mm&r=g","caption":"Tar\u0131k"},"sameAs":["http:\/\/narteks.net"],"url":"https:\/\/narteks.net\/index.php\/author\/narbak\/"}]}},"_links":{"self":[{"href":"https:\/\/narteks.net\/index.php\/wp-json\/wp\/v2\/posts\/4951","targetHints":{"allow":["GET"]}}],"collection":[{"href":"https:\/\/narteks.net\/index.php\/wp-json\/wp\/v2\/posts"}],"about":[{"href":"https:\/\/narteks.net\/index.php\/wp-json\/wp\/v2\/types\/post"}],"author":[{"embeddable":true,"href":"https:\/\/narteks.net\/index.php\/wp-json\/wp\/v2\/users\/1"}],"replies":[{"embeddable":true,"href":"https:\/\/narteks.net\/index.php\/wp-json\/wp\/v2\/comments?post=4951"}],"version-history":[{"count":0,"href":"https:\/\/narteks.net\/index.php\/wp-json\/wp\/v2\/posts\/4951\/revisions"}],"wp:attachment":[{"href":"https:\/\/narteks.net\/index.php\/wp-json\/wp\/v2\/media?parent=4951"}],"wp:term":[{"taxonomy":"category","embeddable":true,"href":"https:\/\/narteks.net\/index.php\/wp-json\/wp\/v2\/categories?post=4951"},{"taxonomy":"post_tag","embeddable":true,"href":"https:\/\/narteks.net\/index.php\/wp-json\/wp\/v2\/tags?post=4951"}],"curies":[{"name":"wp","href":"https:\/\/api.w.org\/{rel}","templated":true}]}}