{"id":4958,"date":"2011-02-04T19:07:12","date_gmt":"2011-02-04T16:07:12","guid":{"rendered":"http:\/\/localhost\/wordpress\/2011\/02\/04\/mirildandiklarim\/"},"modified":"2011-02-04T19:07:12","modified_gmt":"2011-02-04T16:07:12","slug":"mirildandiklarim","status":"publish","type":"post","link":"https:\/\/narteks.net\/index.php\/2011\/02\/04\/mirildandiklarim\/","title":{"rendered":"MIRILDANDIKLARIM"},"content":{"rendered":"<p>K\u0131rd\u0131n m\u0131 incittin mi birilerini<br \/>Kimleri kazand\u0131m, yitirdiklerim kimler.<br \/>Kendimi yeniledim mi yazd\u0131klar\u0131mda?<br \/>Yeniden d\u00fc\u015f\u00fcnmeliyim<br \/>Dostluklar\u0131m\u0131, ili\u015fkilerimi<br \/>G\u00f6zlerim \u00e7ocukluk foto\u011fraflar\u0131nda m\u0131 kald\u0131<br \/>Yitirdim mi yoksa masumiyetimi?<br \/>Bor\u00e7lar\u0131m\u0131 \u00f6dedim mi?<br \/>Do\u011fru se\u00e7tim mi sorular\u0131n fiillerini?<br \/>T\u0131rnaklar\u0131m kesilmi\u015f, di\u015flerim f\u0131r\u00e7alanm\u0131\u015f, sa\u00e7lar\u0131m taranm\u0131\u015f,<br \/>giysilerim \u00fct\u00fcl\u00fc, odam d\u00fczenli mi?<br \/>Geri verdim mi ald\u0131klar\u0131m\u0131:<br \/>A\u015fklar\u0131, dostluklar\u0131, sevgileri, g\u00fcvenleri, ba\u011flar\u0131,<br \/>Kitaplara, sayfalara, sat\u0131rlara borcumu \u00f6dedim mi?<br \/>Yoklad\u0131m m\u0131 duygular\u0131m\u0131<br \/>Hala sevebiliyor muyum insanlar\u0131?<br \/>Ovmal\u0131 g\u00fcm\u00fc\u015fleri, bak\u0131rlar\u0131m\u0131; cila ge\u00e7meli ah\u015faplar\u0131ma<br \/>ovmal\u0131 umutlar\u0131<br \/>Sakl\u0131 tutmal\u0131 gelecek inanc\u0131n\u0131, yar\u0131nlar\u0131 eksik etmemeli a\u011fz\u0131m\u0131zdan<br \/>Ey uzak akrabalar\u0131m, \u00fcvey a\u015fklar\u0131m<br \/>Mevsim sonu dostlar\u0131m, i\u015fporta mal\u0131 ayr\u0131l\u0131klar<br \/>Arkada\u015f \u00f6l\u00fcmleri, dost han\u00e7erleri, talan etti\u011fimiz zulalar<br \/>Gece telefonlar\u0131, \u0131ss\u0131z konu\u015fmalar<br \/>Ma\u011frur incelikler, vurgun yemi\u015f ili\u015fkiler<br \/>U\u00e7urum duygusuyla ya\u015fad\u0131\u011f\u0131m\u0131z hayat ey<br \/>O kadar \u00e7ok anlatt\u0131m ki<br \/>Kendime kald\u0131m anlatmaktan&#8230;<br \/>Bunald\u0131m kendisiyle bo\u011fu\u015fmas\u0131n\u0131<br \/>Ba\u015fkalar\u0131nda \u00e7\u00f6zmeye \u00e7al\u0131\u015fan insanlardan<br \/>Usand\u0131m s\u00f6zc\u00fck oynamalar\u0131ndan, t\u0131ls\u0131ml\u0131 s\u0131fatlardan,<br \/>Ofset duyarl\u0131l\u0131klardan<br \/>Ka\u00e7 zamand\u0131r duru, yal\u0131n, \u00e7al\u0131\u015fkan, iyi insanlar \u00f6zl\u00fcyorum<br \/>&#8216;i\u00e7tenli\u011fin&#8217; yada &#8216;d\u00fcnya g\u00f6r\u00fc\u015f\u00fcn\u00fcn&#8217; kirletmedi\u011fi<br \/>Kendime bir yeni y\u0131l kart\u0131 yazarak bunlar\u0131 diliyorum<br \/>Aran\u0131p duruyorum adresini yitirdi\u011fim insanlar\u0131<br \/>vitrin camlar\u0131na yans\u0131yan y\u00fczlerde<br \/>Bilmiyorum kalm\u0131\u015f m\u0131d\u0131r adresini y\u00fczlerinde ta\u015f\u0131yan insanlar<br \/>Hala bir umut var m\u0131d\u0131r<br \/>\u00c7ikmaz bir soka\u011fa benzeyen bu avare avunmas\u0131 vitrinlerde<br \/>Ne \u00e7\u0131kmaz sokaktay\u0131m nede mutsuz<br \/>Sadece r\u00fczgarlardan daha g\u00fc\u00e7l\u00fc olmak istiyorum o kadar<br \/>A\u00e7\u0131k denizlerde nice yolculuklara yelken a\u00e7arken<br \/>K\u0131\u015f g\u00fcne\u015finin mutlu ettigi bir kedi gibi mutlu, emin, tasas\u0131z<br \/>Sere serpe ve keyifli olmak tek iste\u011fim ve dile\u011fim<br \/>senin ve benim , yani bizim i\u00e7in&#8230; <\/p>\n<p>Murathan MUNGAN<\/p>\n","protected":false},"excerpt":{"rendered":"<p>K\u0131rd\u0131n m\u0131 incittin mi birileriniKimleri kazand\u0131m, yitirdiklerim kimler.Kendimi yeniledim mi yazd\u0131klar\u0131mda?Yeniden d\u00fc\u015f\u00fcnmeliyimDostluklar\u0131m\u0131, ili\u015fkilerimiG\u00f6zlerim \u00e7ocukluk foto\u011fraflar\u0131nda m\u0131 kald\u0131Yitirdim mi yoksa masumiyetimi?Bor\u00e7lar\u0131m\u0131 \u00f6dedim mi?Do\u011fru se\u00e7tim mi sorular\u0131n fiillerini?T\u0131rnaklar\u0131m kesilmi\u015f, di\u015flerim f\u0131r\u00e7alanm\u0131\u015f, sa\u00e7lar\u0131m taranm\u0131\u015f,giysilerim \u00fct\u00fcl\u00fc, odam d\u00fczenli mi?Geri verdim mi ald\u0131klar\u0131m\u0131:A\u015fklar\u0131, dostluklar\u0131, sevgileri, g\u00fcvenleri, ba\u011flar\u0131,Kitaplara, sayfalara, sat\u0131rlara borcumu \u00f6dedim mi?Yoklad\u0131m m\u0131 duygular\u0131m\u0131Hala sevebiliyor muyum insanlar\u0131?Ovmal\u0131 g\u00fcm\u00fc\u015fleri, bak\u0131rlar\u0131m\u0131; cila [&hellip;]<\/p>\n","protected":false},"author":1,"featured_media":0,"comment_status":"open","ping_status":"open","sticky":false,"template":"","format":"standard","meta":{"footnotes":""},"categories":[154],"tags":[],"class_list":{"0":"post-4958","1":"post","2":"type-post","3":"status-publish","4":"format-standard","6":"category-murathan-mungan"},"yoast_head":"<!-- This site is optimized with the Yoast SEO Premium plugin v24.9 (Yoast SEO v24.9) - https:\/\/yoast.com\/wordpress\/plugins\/seo\/ -->\n<title>MIRILDANDIKLARIM - narteks.net<\/title>\n<meta name=\"robots\" content=\"index, follow, max-snippet:-1, max-image-preview:large, max-video-preview:-1\" \/>\n<link rel=\"canonical\" href=\"https:\/\/narteks.net\/index.php\/2011\/02\/04\/mirildandiklarim\/\" \/>\n<meta property=\"og:locale\" content=\"tr_TR\" \/>\n<meta property=\"og:type\" content=\"article\" \/>\n<meta property=\"og:title\" content=\"MIRILDANDIKLARIM\" \/>\n<meta property=\"og:description\" content=\"K\u0131rd\u0131n m\u0131 incittin mi birileriniKimleri kazand\u0131m, yitirdiklerim kimler.Kendimi yeniledim mi yazd\u0131klar\u0131mda?Yeniden d\u00fc\u015f\u00fcnmeliyimDostluklar\u0131m\u0131, ili\u015fkilerimiG\u00f6zlerim \u00e7ocukluk foto\u011fraflar\u0131nda m\u0131 kald\u0131Yitirdim mi yoksa masumiyetimi?Bor\u00e7lar\u0131m\u0131 \u00f6dedim mi?Do\u011fru se\u00e7tim mi sorular\u0131n fiillerini?T\u0131rnaklar\u0131m kesilmi\u015f, di\u015flerim f\u0131r\u00e7alanm\u0131\u015f, sa\u00e7lar\u0131m taranm\u0131\u015f,giysilerim \u00fct\u00fcl\u00fc, odam d\u00fczenli mi?Geri verdim mi ald\u0131klar\u0131m\u0131:A\u015fklar\u0131, dostluklar\u0131, sevgileri, g\u00fcvenleri, ba\u011flar\u0131,Kitaplara, sayfalara, sat\u0131rlara borcumu \u00f6dedim mi?Yoklad\u0131m m\u0131 duygular\u0131m\u0131Hala sevebiliyor muyum insanlar\u0131?Ovmal\u0131 g\u00fcm\u00fc\u015fleri, bak\u0131rlar\u0131m\u0131; cila [&hellip;]\" \/>\n<meta property=\"og:url\" content=\"https:\/\/narteks.net\/index.php\/2011\/02\/04\/mirildandiklarim\/\" \/>\n<meta property=\"og:site_name\" content=\"narteks.net\" \/>\n<meta property=\"article:published_time\" content=\"2011-02-04T16:07:12+00:00\" \/>\n<meta property=\"og:image\" content=\"https:\/\/narteks.net\/wp-content\/uploads\/narteks.png\" \/>\n\t<meta property=\"og:image:width\" content=\"300\" \/>\n\t<meta property=\"og:image:height\" content=\"90\" \/>\n\t<meta property=\"og:image:type\" content=\"image\/png\" \/>\n<meta name=\"author\" content=\"Tar\u0131k\" \/>\n<meta name=\"twitter:card\" content=\"summary_large_image\" \/>\n<meta name=\"twitter:creator\" content=\"@narteks\" \/>\n<meta name=\"twitter:site\" content=\"@narteks\" \/>\n<meta name=\"twitter:label1\" content=\"Yazan:\" \/>\n\t<meta name=\"twitter:data1\" content=\"Tar\u0131k\" \/>\n\t<meta name=\"twitter:label2\" content=\"Tahmini okuma s\u00fcresi\" \/>\n\t<meta name=\"twitter:data2\" content=\"2 dakika\" \/>\n<script type=\"application\/ld+json\" class=\"yoast-schema-graph\">{\"@context\":\"https:\/\/schema.org\",\"@graph\":[{\"@type\":\"Article\",\"@id\":\"https:\/\/narteks.net\/index.php\/2011\/02\/04\/mirildandiklarim\/#article\",\"isPartOf\":{\"@id\":\"https:\/\/narteks.net\/index.php\/2011\/02\/04\/mirildandiklarim\/\"},\"author\":{\"name\":\"Tar\u0131k\",\"@id\":\"https:\/\/narteks.net\/#\/schema\/person\/61f37d9834294b72d31d274e7ed79bca\"},\"headline\":\"MIRILDANDIKLARIM\",\"datePublished\":\"2011-02-04T16:07:12+00:00\",\"mainEntityOfPage\":{\"@id\":\"https:\/\/narteks.net\/index.php\/2011\/02\/04\/mirildandiklarim\/\"},\"wordCount\":325,\"commentCount\":0,\"publisher\":{\"@id\":\"https:\/\/narteks.net\/#organization\"},\"articleSection\":[\"Murathan MUNGAN\"],\"inLanguage\":\"tr\",\"potentialAction\":[{\"@type\":\"CommentAction\",\"name\":\"Comment\",\"target\":[\"https:\/\/narteks.net\/index.php\/2011\/02\/04\/mirildandiklarim\/#respond\"]}]},{\"@type\":\"WebPage\",\"@id\":\"https:\/\/narteks.net\/index.php\/2011\/02\/04\/mirildandiklarim\/\",\"url\":\"https:\/\/narteks.net\/index.php\/2011\/02\/04\/mirildandiklarim\/\",\"name\":\"MIRILDANDIKLARIM - narteks.net\",\"isPartOf\":{\"@id\":\"https:\/\/narteks.net\/#website\"},\"datePublished\":\"2011-02-04T16:07:12+00:00\",\"breadcrumb\":{\"@id\":\"https:\/\/narteks.net\/index.php\/2011\/02\/04\/mirildandiklarim\/#breadcrumb\"},\"inLanguage\":\"tr\",\"potentialAction\":[{\"@type\":\"ReadAction\",\"target\":[\"https:\/\/narteks.net\/index.php\/2011\/02\/04\/mirildandiklarim\/\"]}]},{\"@type\":\"BreadcrumbList\",\"@id\":\"https:\/\/narteks.net\/index.php\/2011\/02\/04\/mirildandiklarim\/#breadcrumb\",\"itemListElement\":[{\"@type\":\"ListItem\",\"position\":1,\"name\":\"Anasayfa\",\"item\":\"https:\/\/narteks.net\/\"},{\"@type\":\"ListItem\",\"position\":2,\"name\":\"MIRILDANDIKLARIM\"}]},{\"@type\":\"WebSite\",\"@id\":\"https:\/\/narteks.net\/#website\",\"url\":\"https:\/\/narteks.net\/\",\"name\":\"narteks.net\",\"description\":\"K\u00fclt\u00fcr Sanat Edebiyat Felsefe\",\"publisher\":{\"@id\":\"https:\/\/narteks.net\/#organization\"},\"alternateName\":\"K\u00fclt\u00fcr Sanat Edebiyat Felsefe\",\"potentialAction\":[{\"@type\":\"SearchAction\",\"target\":{\"@type\":\"EntryPoint\",\"urlTemplate\":\"https:\/\/narteks.net\/?s={search_term_string}\"},\"query-input\":{\"@type\":\"PropertyValueSpecification\",\"valueRequired\":true,\"valueName\":\"search_term_string\"}}],\"inLanguage\":\"tr\"},{\"@type\":\"Organization\",\"@id\":\"https:\/\/narteks.net\/#organization\",\"name\":\"narteks.net\",\"url\":\"https:\/\/narteks.net\/\",\"logo\":{\"@type\":\"ImageObject\",\"inLanguage\":\"tr\",\"@id\":\"https:\/\/narteks.net\/#\/schema\/logo\/image\/\",\"url\":\"https:\/\/narteks.net\/wp-content\/uploads\/narteks.png\",\"contentUrl\":\"https:\/\/narteks.net\/wp-content\/uploads\/narteks.png\",\"width\":300,\"height\":90,\"caption\":\"narteks.net\"},\"image\":{\"@id\":\"https:\/\/narteks.net\/#\/schema\/logo\/image\/\"},\"sameAs\":[\"https:\/\/x.com\/narteks\",\"https:\/\/instagram.com\/narteksnet\"]},{\"@type\":\"Person\",\"@id\":\"https:\/\/narteks.net\/#\/schema\/person\/61f37d9834294b72d31d274e7ed79bca\",\"name\":\"Tar\u0131k\",\"image\":{\"@type\":\"ImageObject\",\"inLanguage\":\"tr\",\"@id\":\"https:\/\/narteks.net\/#\/schema\/person\/image\/\",\"url\":\"https:\/\/secure.gravatar.com\/avatar\/50865afb55632c4ae467e0af0930f6510aa2297d8014be502a55b14f3b7550cf?s=96&d=mm&r=g\",\"contentUrl\":\"https:\/\/secure.gravatar.com\/avatar\/50865afb55632c4ae467e0af0930f6510aa2297d8014be502a55b14f3b7550cf?s=96&d=mm&r=g\",\"caption\":\"Tar\u0131k\"},\"sameAs\":[\"http:\/\/narteks.net\"],\"url\":\"https:\/\/narteks.net\/index.php\/author\/narbak\/\"}]}<\/script>\n<!-- \/ Yoast SEO Premium plugin. -->","yoast_head_json":{"title":"MIRILDANDIKLARIM - narteks.net","robots":{"index":"index","follow":"follow","max-snippet":"max-snippet:-1","max-image-preview":"max-image-preview:large","max-video-preview":"max-video-preview:-1"},"canonical":"https:\/\/narteks.net\/index.php\/2011\/02\/04\/mirildandiklarim\/","og_locale":"tr_TR","og_type":"article","og_title":"MIRILDANDIKLARIM","og_description":"K\u0131rd\u0131n m\u0131 incittin mi birileriniKimleri kazand\u0131m, yitirdiklerim kimler.Kendimi yeniledim mi yazd\u0131klar\u0131mda?Yeniden d\u00fc\u015f\u00fcnmeliyimDostluklar\u0131m\u0131, ili\u015fkilerimiG\u00f6zlerim \u00e7ocukluk foto\u011fraflar\u0131nda m\u0131 kald\u0131Yitirdim mi yoksa masumiyetimi?Bor\u00e7lar\u0131m\u0131 \u00f6dedim mi?Do\u011fru se\u00e7tim mi sorular\u0131n fiillerini?T\u0131rnaklar\u0131m kesilmi\u015f, di\u015flerim f\u0131r\u00e7alanm\u0131\u015f, sa\u00e7lar\u0131m taranm\u0131\u015f,giysilerim \u00fct\u00fcl\u00fc, odam d\u00fczenli mi?Geri verdim mi ald\u0131klar\u0131m\u0131:A\u015fklar\u0131, dostluklar\u0131, sevgileri, g\u00fcvenleri, ba\u011flar\u0131,Kitaplara, sayfalara, sat\u0131rlara borcumu \u00f6dedim mi?Yoklad\u0131m m\u0131 duygular\u0131m\u0131Hala sevebiliyor muyum insanlar\u0131?Ovmal\u0131 g\u00fcm\u00fc\u015fleri, bak\u0131rlar\u0131m\u0131; cila [&hellip;]","og_url":"https:\/\/narteks.net\/index.php\/2011\/02\/04\/mirildandiklarim\/","og_site_name":"narteks.net","article_published_time":"2011-02-04T16:07:12+00:00","og_image":[{"width":300,"height":90,"url":"https:\/\/narteks.net\/wp-content\/uploads\/narteks.png","type":"image\/png"}],"author":"Tar\u0131k","twitter_card":"summary_large_image","twitter_creator":"@narteks","twitter_site":"@narteks","twitter_misc":{"Yazan:":"Tar\u0131k","Tahmini okuma s\u00fcresi":"2 dakika"},"schema":{"@context":"https:\/\/schema.org","@graph":[{"@type":"Article","@id":"https:\/\/narteks.net\/index.php\/2011\/02\/04\/mirildandiklarim\/#article","isPartOf":{"@id":"https:\/\/narteks.net\/index.php\/2011\/02\/04\/mirildandiklarim\/"},"author":{"name":"Tar\u0131k","@id":"https:\/\/narteks.net\/#\/schema\/person\/61f37d9834294b72d31d274e7ed79bca"},"headline":"MIRILDANDIKLARIM","datePublished":"2011-02-04T16:07:12+00:00","mainEntityOfPage":{"@id":"https:\/\/narteks.net\/index.php\/2011\/02\/04\/mirildandiklarim\/"},"wordCount":325,"commentCount":0,"publisher":{"@id":"https:\/\/narteks.net\/#organization"},"articleSection":["Murathan MUNGAN"],"inLanguage":"tr","potentialAction":[{"@type":"CommentAction","name":"Comment","target":["https:\/\/narteks.net\/index.php\/2011\/02\/04\/mirildandiklarim\/#respond"]}]},{"@type":"WebPage","@id":"https:\/\/narteks.net\/index.php\/2011\/02\/04\/mirildandiklarim\/","url":"https:\/\/narteks.net\/index.php\/2011\/02\/04\/mirildandiklarim\/","name":"MIRILDANDIKLARIM - narteks.net","isPartOf":{"@id":"https:\/\/narteks.net\/#website"},"datePublished":"2011-02-04T16:07:12+00:00","breadcrumb":{"@id":"https:\/\/narteks.net\/index.php\/2011\/02\/04\/mirildandiklarim\/#breadcrumb"},"inLanguage":"tr","potentialAction":[{"@type":"ReadAction","target":["https:\/\/narteks.net\/index.php\/2011\/02\/04\/mirildandiklarim\/"]}]},{"@type":"BreadcrumbList","@id":"https:\/\/narteks.net\/index.php\/2011\/02\/04\/mirildandiklarim\/#breadcrumb","itemListElement":[{"@type":"ListItem","position":1,"name":"Anasayfa","item":"https:\/\/narteks.net\/"},{"@type":"ListItem","position":2,"name":"MIRILDANDIKLARIM"}]},{"@type":"WebSite","@id":"https:\/\/narteks.net\/#website","url":"https:\/\/narteks.net\/","name":"narteks.net","description":"K\u00fclt\u00fcr Sanat Edebiyat Felsefe","publisher":{"@id":"https:\/\/narteks.net\/#organization"},"alternateName":"K\u00fclt\u00fcr Sanat Edebiyat Felsefe","potentialAction":[{"@type":"SearchAction","target":{"@type":"EntryPoint","urlTemplate":"https:\/\/narteks.net\/?s={search_term_string}"},"query-input":{"@type":"PropertyValueSpecification","valueRequired":true,"valueName":"search_term_string"}}],"inLanguage":"tr"},{"@type":"Organization","@id":"https:\/\/narteks.net\/#organization","name":"narteks.net","url":"https:\/\/narteks.net\/","logo":{"@type":"ImageObject","inLanguage":"tr","@id":"https:\/\/narteks.net\/#\/schema\/logo\/image\/","url":"https:\/\/narteks.net\/wp-content\/uploads\/narteks.png","contentUrl":"https:\/\/narteks.net\/wp-content\/uploads\/narteks.png","width":300,"height":90,"caption":"narteks.net"},"image":{"@id":"https:\/\/narteks.net\/#\/schema\/logo\/image\/"},"sameAs":["https:\/\/x.com\/narteks","https:\/\/instagram.com\/narteksnet"]},{"@type":"Person","@id":"https:\/\/narteks.net\/#\/schema\/person\/61f37d9834294b72d31d274e7ed79bca","name":"Tar\u0131k","image":{"@type":"ImageObject","inLanguage":"tr","@id":"https:\/\/narteks.net\/#\/schema\/person\/image\/","url":"https:\/\/secure.gravatar.com\/avatar\/50865afb55632c4ae467e0af0930f6510aa2297d8014be502a55b14f3b7550cf?s=96&d=mm&r=g","contentUrl":"https:\/\/secure.gravatar.com\/avatar\/50865afb55632c4ae467e0af0930f6510aa2297d8014be502a55b14f3b7550cf?s=96&d=mm&r=g","caption":"Tar\u0131k"},"sameAs":["http:\/\/narteks.net"],"url":"https:\/\/narteks.net\/index.php\/author\/narbak\/"}]}},"_links":{"self":[{"href":"https:\/\/narteks.net\/index.php\/wp-json\/wp\/v2\/posts\/4958","targetHints":{"allow":["GET"]}}],"collection":[{"href":"https:\/\/narteks.net\/index.php\/wp-json\/wp\/v2\/posts"}],"about":[{"href":"https:\/\/narteks.net\/index.php\/wp-json\/wp\/v2\/types\/post"}],"author":[{"embeddable":true,"href":"https:\/\/narteks.net\/index.php\/wp-json\/wp\/v2\/users\/1"}],"replies":[{"embeddable":true,"href":"https:\/\/narteks.net\/index.php\/wp-json\/wp\/v2\/comments?post=4958"}],"version-history":[{"count":0,"href":"https:\/\/narteks.net\/index.php\/wp-json\/wp\/v2\/posts\/4958\/revisions"}],"wp:attachment":[{"href":"https:\/\/narteks.net\/index.php\/wp-json\/wp\/v2\/media?parent=4958"}],"wp:term":[{"taxonomy":"category","embeddable":true,"href":"https:\/\/narteks.net\/index.php\/wp-json\/wp\/v2\/categories?post=4958"},{"taxonomy":"post_tag","embeddable":true,"href":"https:\/\/narteks.net\/index.php\/wp-json\/wp\/v2\/tags?post=4958"}],"curies":[{"name":"wp","href":"https:\/\/api.w.org\/{rel}","templated":true}]}}