{"id":496,"date":"2009-04-12T13:01:35","date_gmt":"2009-04-12T10:01:35","guid":{"rendered":"http:\/\/localhost\/wordpress\/2009\/04\/12\/cebber-oglu-mehemmed\/"},"modified":"2009-04-12T13:01:35","modified_gmt":"2009-04-12T10:01:35","slug":"cebber-oglu-mehemmed","status":"publish","type":"post","link":"https:\/\/narteks.net\/index.php\/2009\/04\/12\/cebber-oglu-mehemmed\/","title":{"rendered":"CEBBER O\u011eLU MEHEMMED"},"content":{"rendered":"<p>\u00a0<\/p>\n<p>kaman civar\u0131na bahar gelince y\u0131k\u0131l\u0131r ovadan apdal \u00e7ad\u0131rlar\u0131 <br \/> y\u00fccesinde pare pare duman tutmu\u015f <br \/> d\u00fcd\u00fclda\u011f&#8217;\u0131n yaylas\u0131nda mekan kurulur <br \/> ho\u015f gelmi\u015fsin evvel bahar <br \/> nisan ay\u0131 i\u00e7inde donan\u0131r da\u011flar <br \/> donan\u0131r ye\u015filinden al\u0131ndan <br \/> istasyon deresi kabarm\u0131\u015ft\u0131r <br \/> hac\u0131da\u011f&#8217;\u0131n selinden <br \/> da\u011flar s\u0131ra s\u0131rad\u0131r eylim eylim <br \/> da\u011flar uzan\u0131r bir u\u00e7tan bir uca <br \/> da\u011flar birbirinden y\u00fcce <br \/> yama\u00e7lar\u0131nda kire\u00e7 yak\u0131l\u0131r <br \/> bir \u00f6m\u00fcr boyunca kahr\u0131 \u00e7ekilir <br \/> kimse anlamam\u0131\u015f s\u0131rr\u0131n\u0131 hikmetini <br \/> bu bereket nereden gelir <br \/> ba\u015f\u0131n\u0131zdan duman eksilmesin gavurda\u011flar\u0131 <br \/> siz hikayet eylediniz bana <br \/> bah\u00e7e kazas\u0131n\u0131n kaman k\u00f6y\u00fcnden <br \/> cebbar o\u011flu mehemmed&#8217;in hikayesini <\/p>\n<p> y\u0131llar\u0131n y\u00fccesinden \u015f\u00f6yle bir seyran edelim <br \/> bir avu\u00e7 topra\u011f\u0131ma \u00e7\u00f6reklenmek i\u00e7in <br \/> y\u00fcr\u00fcm\u00fc\u015f selams\u0131z sabahs\u0131z <br \/> destursuz girmi\u015f memleketime <br \/> yedi \u00e7e\u015fit frenk askeri <br \/> u\u011fursuz bir hava \u00e7\u00f6km\u00fc\u015f <br \/> \u00fcst\u00fcne memleketimin <br \/> u\u011fursuz ve karanl\u0131k <br \/> \u00e7ocuklar g\u00fclmemi\u015f art\u0131k <br \/> sessiz sessiz a\u011flam\u0131\u015f analar <br \/> oduna giderken vurulmu\u015f <br \/> ve yahut harman yerinde <br \/> avu\u00e7lar\u0131 bu\u011fday kokan delikanl\u0131lar <\/p>\n<p> ve nice gavurda\u011f\u0131 k\u0131zlar\u0131n\u0131n <br \/> birer birer \u0131rz\u0131na ge\u00e7ilmi\u015f <br \/> yalvarm\u0131\u015f ihtiyarlar allah&#8217;a <br \/> &#8211; rivayet \u015f\u00f6yledir kim &#8211; <br \/> dumanl\u0131 bir g\u00fcz ak\u015fam\u0131 <br \/> \u015fu mor da\u011flar efendim <br \/> destur demi\u015f de y\u00fcr\u00fcm\u00fc\u015f <br \/> silkinip kalkm\u0131\u015f aya\u011fa <\/p>\n<p> gel haberi \u00f6teden verelim <br \/> \u00e7\u0131km\u0131\u015f da\u011flara kendili\u011finden <br \/> cebbar o\u011flu mehemmed <br \/> frans\u0131z&#8217;a silah \u00e7ekmi\u015f <br \/> h\u00fcr ya\u015famak u\u011fruna <br \/> \u0131rz u\u011fruna namus u\u011fruna <br \/> ana i\u00e7in baba ve karde\u015f i\u00e7in <\/p>\n<p> \u015fu m\u00fcbarek topraklar <br \/> \u015fu m\u00fcbarek vatan i\u00e7in <br \/> derken efendim <br \/> bir g\u00fcn kaman&#8217;dan \u00f6te <br \/> u\u011frun u\u011frun haber ula\u015fm\u0131\u015f <br \/> urfa&#8217;n\u0131n antep&#8217;in k\u00f6ylerine <br \/> g\u00f6z\u00fc kanl\u0131 mara\u015f beylerine <\/p>\n<p> cebbar o\u011flu mehemmed <br \/> burcu burcu \u00e7am kokan bir yaz ak\u015fam\u0131 <br \/> omuz vermi\u015f bir a\u011fa\u00e7 g\u00f6lgesine <br \/> usul usul t\u00fcrk\u00fc s\u00f6yl\u00fcyor <br \/> &#8211; hasret ku\u015fun kanad\u0131nda <br \/> deli ku\u015flar u\u00e7un gayr\u0131 <br \/> yaz\u0131m\u0131z b\u00f6yle yaz\u0131lm\u0131\u015f <br \/> bu diyardan g\u00f6\u00e7\u00fcn gayr\u0131 &#8211; <br \/> kirveleri durdu ve s\u00fcleyman <br \/> on sekiz ad\u0131m gerisinde <br \/> \u015fahin gibi t\u00fcnemi\u015fler kayalar\u0131n \u00fcst\u00fcne <br \/> avu\u00e7lar\u0131 s\u0131cak bak\u0131\u015flar\u0131 ok gibi <br \/> deliyor her dokundu\u011fu yeri <br \/> biri do\u011fuya bak\u0131yor di\u011feri bat\u0131ya <\/p>\n<p> iptida durdu g\u00f6r\u00fcyor geleni <br \/> yel midir toz mudur anlam\u0131yor <br \/> lakin b\u0131y\u0131klar\u0131 terlemeden <br \/> \u00e7eteci olan garip \u00f6kke\u015f <br \/> \u00e7ok ge\u00e7meden getiriyor haberi <br \/> tabur tabur \u00fcst\u00fcm\u00fcze var\u0131yor <br \/> d\u00fc\u015fman yola \u00e7\u0131kt\u0131 savranl\u0131&#8217;dan <\/p>\n<p> hemen mevzie sokuldu mehemmed <br \/> yan\u0131ba\u015f\u0131nda durdu ve gerisinde s\u00fcleyman <br \/> \u00e7eteler yer tutup pusu kurdular <br \/> kanl\u0131 ge\u00e7it boyuna <br \/> d\u00fc\u015fman yana\u015f\u0131rken kaman k\u00f6y\u00fcne <br \/> bekletmeden yayl\u0131m ate\u015fi a\u00e7\u0131ld\u0131 <br \/> mermi kur\u015fun ya\u011fmur gibi sa\u00e7\u0131ld\u0131 <br \/> ilk seferinde on be\u015f ki\u015fi vurdular <br \/> ve bir hayli d\u00fc\u015fman k\u0131rd\u0131lar <br \/> yama\u00e7larda koptu k\u0131z\u0131lca k\u0131yamet <br \/> cesaretlerine s\u00f6z yoktu ama <br \/> neyleyip nitsinler d\u00fc\u015fman daha \u00e7oktu <br \/> d\u00fc\u015ft\u00fc birer birer b\u00fct\u00fcn yi\u011fitler <br \/> g\u00fcr\u00fclt\u00fcler bo\u011fazda sustu nihayet <\/p>\n<p> demek diz \u00fcst\u00fc d\u00fc\u015fm\u00fc\u015f mehemmed <br \/> kirvesi durdu&#8217;nun yan\u0131ba\u015f\u0131na <br \/> kanlar akar yaras\u0131ndan <br \/> al al olmu\u015f \u00e7evresinden <\/p>\n<p> k\u00f6p\u00fck k\u00f6p\u00fck g\u00f6zlerini doldurur <br \/> bir ba\u015f\u0131na mehemmed yedi d\u00fc\u015fman \u00f6ld\u00fcr\u00fcr <br \/> mavzerinin namlusu hala s\u0131cak <br \/> tutulmaz <br \/> \u00f6l\u00fcm\u00fcn derdi b\u00fcy\u00fck yi\u011fenim <br \/> \u00e7are bulunmaz <\/p>\n<p> ayn\u0131 ak\u015fam do\u011furmu\u015f kar\u0131s\u0131 d\u00f6ne <br \/> mavi g\u00f6zl\u00fc bir \u00e7ocuk sar\u0131\u015f\u0131n <br \/> bir avu\u00e7 toprak sarm\u0131\u015flar alt\u0131na <br \/> ve kemal koymu\u015flar ad\u0131n\u0131<\/p>\n<p>Attila \u0130LHAN<\/p>\n","protected":false},"excerpt":{"rendered":"<p>\u00a0 kaman civar\u0131na bahar gelince y\u0131k\u0131l\u0131r ovadan apdal \u00e7ad\u0131rlar\u0131 y\u00fccesinde pare pare duman tutmu\u015f d\u00fcd\u00fclda\u011f&#8217;\u0131n yaylas\u0131nda mekan kurulur ho\u015f gelmi\u015fsin evvel bahar nisan ay\u0131 i\u00e7inde donan\u0131r da\u011flar donan\u0131r ye\u015filinden al\u0131ndan istasyon deresi kabarm\u0131\u015ft\u0131r hac\u0131da\u011f&#8217;\u0131n selinden da\u011flar s\u0131ra s\u0131rad\u0131r eylim eylim da\u011flar uzan\u0131r bir u\u00e7tan bir uca da\u011flar birbirinden y\u00fcce yama\u00e7lar\u0131nda kire\u00e7 yak\u0131l\u0131r bir \u00f6m\u00fcr boyunca [&hellip;]<\/p>\n","protected":false},"author":1,"featured_media":0,"comment_status":"open","ping_status":"open","sticky":false,"template":"","format":"standard","meta":{"footnotes":""},"categories":[11],"tags":[],"class_list":{"0":"post-496","1":"post","2":"type-post","3":"status-publish","4":"format-standard","6":"category-attila-ilhan"},"yoast_head":"<!-- This site is optimized with the Yoast SEO Premium plugin v24.9 (Yoast SEO v24.9) - https:\/\/yoast.com\/wordpress\/plugins\/seo\/ -->\n<title>CEBBER O\u011eLU MEHEMMED - narteks.net<\/title>\n<meta name=\"robots\" content=\"index, follow, max-snippet:-1, max-image-preview:large, max-video-preview:-1\" \/>\n<link rel=\"canonical\" href=\"https:\/\/narteks.net\/index.php\/2009\/04\/12\/cebber-oglu-mehemmed\/\" \/>\n<meta property=\"og:locale\" content=\"tr_TR\" \/>\n<meta property=\"og:type\" content=\"article\" \/>\n<meta property=\"og:title\" content=\"CEBBER O\u011eLU MEHEMMED\" \/>\n<meta property=\"og:description\" content=\"\u00a0 kaman civar\u0131na bahar gelince y\u0131k\u0131l\u0131r ovadan apdal \u00e7ad\u0131rlar\u0131 y\u00fccesinde pare pare duman tutmu\u015f d\u00fcd\u00fclda\u011f&#8217;\u0131n yaylas\u0131nda mekan kurulur ho\u015f gelmi\u015fsin evvel bahar nisan ay\u0131 i\u00e7inde donan\u0131r da\u011flar donan\u0131r ye\u015filinden al\u0131ndan istasyon deresi kabarm\u0131\u015ft\u0131r hac\u0131da\u011f&#8217;\u0131n selinden da\u011flar s\u0131ra s\u0131rad\u0131r eylim eylim da\u011flar uzan\u0131r bir u\u00e7tan bir uca da\u011flar birbirinden y\u00fcce yama\u00e7lar\u0131nda kire\u00e7 yak\u0131l\u0131r bir \u00f6m\u00fcr boyunca [&hellip;]\" \/>\n<meta property=\"og:url\" content=\"https:\/\/narteks.net\/index.php\/2009\/04\/12\/cebber-oglu-mehemmed\/\" \/>\n<meta property=\"og:site_name\" content=\"narteks.net\" \/>\n<meta property=\"article:published_time\" content=\"2009-04-12T10:01:35+00:00\" \/>\n<meta property=\"og:image\" content=\"https:\/\/narteks.net\/wp-content\/uploads\/narteks.png\" \/>\n\t<meta property=\"og:image:width\" content=\"300\" \/>\n\t<meta property=\"og:image:height\" content=\"90\" \/>\n\t<meta property=\"og:image:type\" content=\"image\/png\" \/>\n<meta name=\"author\" content=\"Tar\u0131k\" \/>\n<meta name=\"twitter:card\" content=\"summary_large_image\" \/>\n<meta name=\"twitter:creator\" content=\"@narteks\" \/>\n<meta name=\"twitter:site\" content=\"@narteks\" \/>\n<meta name=\"twitter:label1\" content=\"Yazan:\" \/>\n\t<meta name=\"twitter:data1\" content=\"Tar\u0131k\" \/>\n\t<meta name=\"twitter:label2\" content=\"Tahmini okuma s\u00fcresi\" \/>\n\t<meta name=\"twitter:data2\" content=\"3 dakika\" \/>\n<script type=\"application\/ld+json\" class=\"yoast-schema-graph\">{\"@context\":\"https:\/\/schema.org\",\"@graph\":[{\"@type\":\"Article\",\"@id\":\"https:\/\/narteks.net\/index.php\/2009\/04\/12\/cebber-oglu-mehemmed\/#article\",\"isPartOf\":{\"@id\":\"https:\/\/narteks.net\/index.php\/2009\/04\/12\/cebber-oglu-mehemmed\/\"},\"author\":{\"name\":\"Tar\u0131k\",\"@id\":\"https:\/\/narteks.net\/#\/schema\/person\/61f37d9834294b72d31d274e7ed79bca\"},\"headline\":\"CEBBER O\u011eLU MEHEMMED\",\"datePublished\":\"2009-04-12T10:01:35+00:00\",\"mainEntityOfPage\":{\"@id\":\"https:\/\/narteks.net\/index.php\/2009\/04\/12\/cebber-oglu-mehemmed\/\"},\"wordCount\":625,\"commentCount\":0,\"publisher\":{\"@id\":\"https:\/\/narteks.net\/#organization\"},\"articleSection\":[\"Attila ILHAN\"],\"inLanguage\":\"tr\",\"potentialAction\":[{\"@type\":\"CommentAction\",\"name\":\"Comment\",\"target\":[\"https:\/\/narteks.net\/index.php\/2009\/04\/12\/cebber-oglu-mehemmed\/#respond\"]}]},{\"@type\":\"WebPage\",\"@id\":\"https:\/\/narteks.net\/index.php\/2009\/04\/12\/cebber-oglu-mehemmed\/\",\"url\":\"https:\/\/narteks.net\/index.php\/2009\/04\/12\/cebber-oglu-mehemmed\/\",\"name\":\"CEBBER O\u011eLU MEHEMMED - narteks.net\",\"isPartOf\":{\"@id\":\"https:\/\/narteks.net\/#website\"},\"datePublished\":\"2009-04-12T10:01:35+00:00\",\"breadcrumb\":{\"@id\":\"https:\/\/narteks.net\/index.php\/2009\/04\/12\/cebber-oglu-mehemmed\/#breadcrumb\"},\"inLanguage\":\"tr\",\"potentialAction\":[{\"@type\":\"ReadAction\",\"target\":[\"https:\/\/narteks.net\/index.php\/2009\/04\/12\/cebber-oglu-mehemmed\/\"]}]},{\"@type\":\"BreadcrumbList\",\"@id\":\"https:\/\/narteks.net\/index.php\/2009\/04\/12\/cebber-oglu-mehemmed\/#breadcrumb\",\"itemListElement\":[{\"@type\":\"ListItem\",\"position\":1,\"name\":\"Anasayfa\",\"item\":\"https:\/\/narteks.net\/\"},{\"@type\":\"ListItem\",\"position\":2,\"name\":\"CEBBER O\u011eLU MEHEMMED\"}]},{\"@type\":\"WebSite\",\"@id\":\"https:\/\/narteks.net\/#website\",\"url\":\"https:\/\/narteks.net\/\",\"name\":\"narteks.net\",\"description\":\"K\u00fclt\u00fcr Sanat Edebiyat Felsefe\",\"publisher\":{\"@id\":\"https:\/\/narteks.net\/#organization\"},\"alternateName\":\"K\u00fclt\u00fcr Sanat Edebiyat Felsefe\",\"potentialAction\":[{\"@type\":\"SearchAction\",\"target\":{\"@type\":\"EntryPoint\",\"urlTemplate\":\"https:\/\/narteks.net\/?s={search_term_string}\"},\"query-input\":{\"@type\":\"PropertyValueSpecification\",\"valueRequired\":true,\"valueName\":\"search_term_string\"}}],\"inLanguage\":\"tr\"},{\"@type\":\"Organization\",\"@id\":\"https:\/\/narteks.net\/#organization\",\"name\":\"narteks.net\",\"url\":\"https:\/\/narteks.net\/\",\"logo\":{\"@type\":\"ImageObject\",\"inLanguage\":\"tr\",\"@id\":\"https:\/\/narteks.net\/#\/schema\/logo\/image\/\",\"url\":\"https:\/\/narteks.net\/wp-content\/uploads\/narteks.png\",\"contentUrl\":\"https:\/\/narteks.net\/wp-content\/uploads\/narteks.png\",\"width\":300,\"height\":90,\"caption\":\"narteks.net\"},\"image\":{\"@id\":\"https:\/\/narteks.net\/#\/schema\/logo\/image\/\"},\"sameAs\":[\"https:\/\/x.com\/narteks\",\"https:\/\/instagram.com\/narteksnet\"]},{\"@type\":\"Person\",\"@id\":\"https:\/\/narteks.net\/#\/schema\/person\/61f37d9834294b72d31d274e7ed79bca\",\"name\":\"Tar\u0131k\",\"image\":{\"@type\":\"ImageObject\",\"inLanguage\":\"tr\",\"@id\":\"https:\/\/narteks.net\/#\/schema\/person\/image\/\",\"url\":\"https:\/\/secure.gravatar.com\/avatar\/50865afb55632c4ae467e0af0930f6510aa2297d8014be502a55b14f3b7550cf?s=96&d=mm&r=g\",\"contentUrl\":\"https:\/\/secure.gravatar.com\/avatar\/50865afb55632c4ae467e0af0930f6510aa2297d8014be502a55b14f3b7550cf?s=96&d=mm&r=g\",\"caption\":\"Tar\u0131k\"},\"sameAs\":[\"http:\/\/narteks.net\"],\"url\":\"https:\/\/narteks.net\/index.php\/author\/narbak\/\"}]}<\/script>\n<!-- \/ Yoast SEO Premium plugin. -->","yoast_head_json":{"title":"CEBBER O\u011eLU MEHEMMED - narteks.net","robots":{"index":"index","follow":"follow","max-snippet":"max-snippet:-1","max-image-preview":"max-image-preview:large","max-video-preview":"max-video-preview:-1"},"canonical":"https:\/\/narteks.net\/index.php\/2009\/04\/12\/cebber-oglu-mehemmed\/","og_locale":"tr_TR","og_type":"article","og_title":"CEBBER O\u011eLU MEHEMMED","og_description":"\u00a0 kaman civar\u0131na bahar gelince y\u0131k\u0131l\u0131r ovadan apdal \u00e7ad\u0131rlar\u0131 y\u00fccesinde pare pare duman tutmu\u015f d\u00fcd\u00fclda\u011f&#8217;\u0131n yaylas\u0131nda mekan kurulur ho\u015f gelmi\u015fsin evvel bahar nisan ay\u0131 i\u00e7inde donan\u0131r da\u011flar donan\u0131r ye\u015filinden al\u0131ndan istasyon deresi kabarm\u0131\u015ft\u0131r hac\u0131da\u011f&#8217;\u0131n selinden da\u011flar s\u0131ra s\u0131rad\u0131r eylim eylim da\u011flar uzan\u0131r bir u\u00e7tan bir uca da\u011flar birbirinden y\u00fcce yama\u00e7lar\u0131nda kire\u00e7 yak\u0131l\u0131r bir \u00f6m\u00fcr boyunca [&hellip;]","og_url":"https:\/\/narteks.net\/index.php\/2009\/04\/12\/cebber-oglu-mehemmed\/","og_site_name":"narteks.net","article_published_time":"2009-04-12T10:01:35+00:00","og_image":[{"width":300,"height":90,"url":"https:\/\/narteks.net\/wp-content\/uploads\/narteks.png","type":"image\/png"}],"author":"Tar\u0131k","twitter_card":"summary_large_image","twitter_creator":"@narteks","twitter_site":"@narteks","twitter_misc":{"Yazan:":"Tar\u0131k","Tahmini okuma s\u00fcresi":"3 dakika"},"schema":{"@context":"https:\/\/schema.org","@graph":[{"@type":"Article","@id":"https:\/\/narteks.net\/index.php\/2009\/04\/12\/cebber-oglu-mehemmed\/#article","isPartOf":{"@id":"https:\/\/narteks.net\/index.php\/2009\/04\/12\/cebber-oglu-mehemmed\/"},"author":{"name":"Tar\u0131k","@id":"https:\/\/narteks.net\/#\/schema\/person\/61f37d9834294b72d31d274e7ed79bca"},"headline":"CEBBER O\u011eLU MEHEMMED","datePublished":"2009-04-12T10:01:35+00:00","mainEntityOfPage":{"@id":"https:\/\/narteks.net\/index.php\/2009\/04\/12\/cebber-oglu-mehemmed\/"},"wordCount":625,"commentCount":0,"publisher":{"@id":"https:\/\/narteks.net\/#organization"},"articleSection":["Attila ILHAN"],"inLanguage":"tr","potentialAction":[{"@type":"CommentAction","name":"Comment","target":["https:\/\/narteks.net\/index.php\/2009\/04\/12\/cebber-oglu-mehemmed\/#respond"]}]},{"@type":"WebPage","@id":"https:\/\/narteks.net\/index.php\/2009\/04\/12\/cebber-oglu-mehemmed\/","url":"https:\/\/narteks.net\/index.php\/2009\/04\/12\/cebber-oglu-mehemmed\/","name":"CEBBER O\u011eLU MEHEMMED - narteks.net","isPartOf":{"@id":"https:\/\/narteks.net\/#website"},"datePublished":"2009-04-12T10:01:35+00:00","breadcrumb":{"@id":"https:\/\/narteks.net\/index.php\/2009\/04\/12\/cebber-oglu-mehemmed\/#breadcrumb"},"inLanguage":"tr","potentialAction":[{"@type":"ReadAction","target":["https:\/\/narteks.net\/index.php\/2009\/04\/12\/cebber-oglu-mehemmed\/"]}]},{"@type":"BreadcrumbList","@id":"https:\/\/narteks.net\/index.php\/2009\/04\/12\/cebber-oglu-mehemmed\/#breadcrumb","itemListElement":[{"@type":"ListItem","position":1,"name":"Anasayfa","item":"https:\/\/narteks.net\/"},{"@type":"ListItem","position":2,"name":"CEBBER O\u011eLU MEHEMMED"}]},{"@type":"WebSite","@id":"https:\/\/narteks.net\/#website","url":"https:\/\/narteks.net\/","name":"narteks.net","description":"K\u00fclt\u00fcr Sanat Edebiyat Felsefe","publisher":{"@id":"https:\/\/narteks.net\/#organization"},"alternateName":"K\u00fclt\u00fcr Sanat Edebiyat Felsefe","potentialAction":[{"@type":"SearchAction","target":{"@type":"EntryPoint","urlTemplate":"https:\/\/narteks.net\/?s={search_term_string}"},"query-input":{"@type":"PropertyValueSpecification","valueRequired":true,"valueName":"search_term_string"}}],"inLanguage":"tr"},{"@type":"Organization","@id":"https:\/\/narteks.net\/#organization","name":"narteks.net","url":"https:\/\/narteks.net\/","logo":{"@type":"ImageObject","inLanguage":"tr","@id":"https:\/\/narteks.net\/#\/schema\/logo\/image\/","url":"https:\/\/narteks.net\/wp-content\/uploads\/narteks.png","contentUrl":"https:\/\/narteks.net\/wp-content\/uploads\/narteks.png","width":300,"height":90,"caption":"narteks.net"},"image":{"@id":"https:\/\/narteks.net\/#\/schema\/logo\/image\/"},"sameAs":["https:\/\/x.com\/narteks","https:\/\/instagram.com\/narteksnet"]},{"@type":"Person","@id":"https:\/\/narteks.net\/#\/schema\/person\/61f37d9834294b72d31d274e7ed79bca","name":"Tar\u0131k","image":{"@type":"ImageObject","inLanguage":"tr","@id":"https:\/\/narteks.net\/#\/schema\/person\/image\/","url":"https:\/\/secure.gravatar.com\/avatar\/50865afb55632c4ae467e0af0930f6510aa2297d8014be502a55b14f3b7550cf?s=96&d=mm&r=g","contentUrl":"https:\/\/secure.gravatar.com\/avatar\/50865afb55632c4ae467e0af0930f6510aa2297d8014be502a55b14f3b7550cf?s=96&d=mm&r=g","caption":"Tar\u0131k"},"sameAs":["http:\/\/narteks.net"],"url":"https:\/\/narteks.net\/index.php\/author\/narbak\/"}]}},"_links":{"self":[{"href":"https:\/\/narteks.net\/index.php\/wp-json\/wp\/v2\/posts\/496","targetHints":{"allow":["GET"]}}],"collection":[{"href":"https:\/\/narteks.net\/index.php\/wp-json\/wp\/v2\/posts"}],"about":[{"href":"https:\/\/narteks.net\/index.php\/wp-json\/wp\/v2\/types\/post"}],"author":[{"embeddable":true,"href":"https:\/\/narteks.net\/index.php\/wp-json\/wp\/v2\/users\/1"}],"replies":[{"embeddable":true,"href":"https:\/\/narteks.net\/index.php\/wp-json\/wp\/v2\/comments?post=496"}],"version-history":[{"count":0,"href":"https:\/\/narteks.net\/index.php\/wp-json\/wp\/v2\/posts\/496\/revisions"}],"wp:attachment":[{"href":"https:\/\/narteks.net\/index.php\/wp-json\/wp\/v2\/media?parent=496"}],"wp:term":[{"taxonomy":"category","embeddable":true,"href":"https:\/\/narteks.net\/index.php\/wp-json\/wp\/v2\/categories?post=496"},{"taxonomy":"post_tag","embeddable":true,"href":"https:\/\/narteks.net\/index.php\/wp-json\/wp\/v2\/tags?post=496"}],"curies":[{"name":"wp","href":"https:\/\/api.w.org\/{rel}","templated":true}]}}