{"id":4962,"date":"2011-02-04T19:10:19","date_gmt":"2011-02-04T16:10:19","guid":{"rendered":"http:\/\/localhost\/wordpress\/2011\/02\/04\/omayra\/"},"modified":"2011-02-04T19:10:19","modified_gmt":"2011-02-04T16:10:19","slug":"omayra","status":"publish","type":"post","link":"https:\/\/narteks.net\/index.php\/2011\/02\/04\/omayra\/","title":{"rendered":"OMAYRA"},"content":{"rendered":"<p>Cevab\u0131 \u00f6m\u00fcr s\u00fcren bir soru b\u0131rakt\u0131m sana<br \/>Mendili kan kokan sevgili arkada\u015f\u0131m<br \/>Usta bak\u0131\u015flar\u0131n ke\u015ffetti\u011fi rahatl\u0131kla arkama yasland\u0131m<br \/>elimde \u015fah mat y\u00fcz\u00fc\u011f\u00fcmde tek ta\u015f siyan\u00fcr<br \/>ad\u0131nla bulanan bir a\u015fk\u0131n, bir maceran\u0131n<br \/>maceras\u0131nda<br \/>yolun sonunu s\u00f6yl\u00fcyordu<br \/>g\u00fcnahkar iki melek olan sa\u011fd\u0131\u00e7lar\u0131m<\/p>\n<p>al birka\u00e7 bulutlu s\u00f6zc\u00fck<br \/>atlas\u0131n\u0131 s\u0131rt\u0131nda ta\u015f\u0131yan \u00e7al\u0131nm\u0131\u015f bir zaman<br \/>mekik, taflan, kar kesad\u0131 bir iklim<br \/>a\u015fk m\u0131, macera m\u0131 dersin bu uzun seferberlik<br \/>bu ili\u015fkinin topo\u011frafyas\u0131n\u0131<br \/>mezhepler tarihinden bulup \u00e7\u0131kard\u0131m<br \/>adanan boynunda o g\u00fcm\u00fc\u015f zincir<br \/>bilmiyorsun armas\u0131 sallan\u0131yor ucunda<br \/>i\u015fte yazg\u0131n\u0131n kara z\u0131rhl\u0131s\u0131!<br \/>Kork! kutsal kitaplardaki kadar kork!<br \/>\u00c7\u00fcnk\u00fc hi\u00e7tir b\u00fct\u00fcn duygular<br \/>Korkunun verimi yan\u0131nda<\/p>\n<p>Benim ruhum nehirler kadar derin!<br \/>K\u0131z\u0131l k\u0131sraklar gibi \u00fcst\u00fcmden ge\u00e7eceksin!<\/p>\n<p>ar\u0131 bir sessizlik duruyor<br \/>\u015fiddetimizin armalar\u0131 aras\u0131ndaki uzakl\u0131kta<br \/>g\u00f6vdenin demir \u00e7ekirde\u011fi<br \/>kalkan teninin alt\u0131nda<br \/>sana okunaks\u0131z bana saydam giz<br \/>i\u00e7indeki u\u011fultunun izini s\u00fcr\u00fcyorum<br \/>bir a\u00e7\u0131kl\u0131\u011fa ta\u015f\u0131yorum ele vermez yerlerini<br \/>harabeler diriliyor<br \/>heykeller tamamlan\u0131yor<br \/>kendi kehanetinden b\u00fcy\u00fclenmi\u015f g\u00f6zlerimin \u00f6n\u00fcnde<br \/>ba\u015fka \u00e7a\u011flara gidip geliyoruz<br \/>a\u015fk tanr\u0131s\u0131 i\u00e7in<br \/>sevi\u015fti\u011fimiz ve uyudu\u011fumuz sahillerde<br \/>a\u015fk\u0131n kaplan ve y\u0131lan d\u00fc\u011f\u00fcm\u00fcyle<\/p>\n<p>\u00f6p\u00fcyorum seni boynundaki yaradan<br \/>iniyorum kayna\u011f\u0131na<br \/>ayd\u0131nlanmam\u0131\u015f yanlar\u0131n \u0131\u015f\u0131\u011fa \u00e7\u0131k\u0131yor<br \/>dokunu\u015flar\u0131m\u0131n par\u0131lt\u0131s\u0131nda<br \/>d\u00fc\u011f\u00fcml\u00fc mendilin, g\u00fcm\u00fc\u015f zincirin<br \/>s\u0131ms\u0131k\u0131 m\u00fch\u00fcrlendi\u011fin b\u00fct\u00fcn kilitler<br \/>\u00e7\u00f6z\u00fcl\u00fcyor avu\u00e7lar\u0131mda<\/p>\n<p>t\u0131ls\u0131m tamamlan\u0131yor<br \/>orta\u00e7a\u011f kentlerinden ge\u00e7iyoruz d\u00f6n\u00fc\u015fte<br \/>indi\u011fim kaynaklar\u0131n mezhep de\u011fi\u015ftiriyor<br \/>zaman\u0131n ve uzam\u0131n kilitlendi\u011fi kara kutuda benim kelimelerim<br \/>t\u0131ls\u0131m tamamlan\u0131yor<br \/>dudaklar\u0131mdan s\u0131zan erkek s\u00fct\u00fcn\u00fcn kara b\u00fcy\u00fcs\u00fcyle<br \/>sevgilim, oluyorsun<br \/>uyuyor ve y\u0131kan\u0131yoruz ay \u0131\u015f\u0131\u011f\u0131nda<br \/>bak\u0131yorum g\u00fcne\u015f iniyor y\u00fcz\u00fcn\u00fcn alacakaranl\u0131\u011f\u0131na<\/p>\n<p>Ad\u0131n yoktu tan\u0131\u015ft\u0131\u011f\u0131m\u0131zda<br \/>eksi\u011fini de duymad\u0131k<br \/>bazen bir r\u00fczgar\u0131, bazen birka\u00e7 zeytini<br \/>ad\u0131n\u0131n yerine kulland\u0131k<\/p>\n<p>Ad\u0131n yoktu tan\u0131\u015ft\u0131\u011f\u0131m\u0131zda<br \/>sonra da olmad\u0131<br \/>\u00e7\u00fcnk\u00fc ba\u015fka biri oldun zamanla<\/p>\n<p>\u015eimdi ad\u0131n var<br \/>\u015eimdi ruhumun sislere sar\u0131l\u0131 derinlikleri<br \/>y\u00fckseliyor ve tehdit ediyor<br \/>k\u0131st\u0131r\u0131lm\u0131\u015f varl\u0131\u011f\u0131m\u0131n b\u00fct\u00fcn cephelerini<br \/>y\u00fcz\u00fcm\u00fcn pususunda geziyor<br \/>sularda bilenmi\u015f b\u0131\u00e7aklar<br \/>uyand\u0131r\u0131lm\u0131\u015f ac\u0131lar\u0131m, bulanm\u0131\u015f sarn\u0131c\u0131m<br \/>etimle ruhum aras\u0131nda \u00e7eli\u015fen ilke<br \/>geri d\u00f6nd\u00fc bana<br \/>kendi ellerimle kurdu\u011fum kara b\u00fcy\u00fcden<br \/>i\u00e7imdeki tarih bitti<br \/>siliyorum bir a\u015fk\u0131 var eden her ayr\u0131nt\u0131daki parmak izlerini<br \/>ve \u015fimdi ad\u0131n var<br \/>ve \u015fimdi<br \/>ikimizin vaktinde<br \/>intikam saati geldi<\/p>\n<p>Omayra, bu ad\u0131 verdim sana<br \/>ve mevsimleri b\u00fct\u00fcn anlamlar\u0131yla<br \/>iki \u00e7ak\u0131l\u0131na bir deniz vereyim<br \/>hayallerine mavi bu\u011fday<br \/>dokuz ya\u015fam\u0131n olsun tek tek \u00f6ld\u00fcreyim<br \/>esmer ve \u00e7\u0131r\u0131l\u00e7\u0131plak bir gecede<br \/>b\u00fct\u00fcn d\u00fc\u015fmanlar\u0131n gelecek<br \/>koynumdaki cenazene<\/p>\n<p>seni saran efsane \u00e7\u00fcr\u00fcy\u00fcp topra\u011fa kar\u0131\u015f\u0131rken<br \/>kuca\u011f\u0131mda ba\u015f\u0131n<br \/>g\u00fcm\u00fc\u015f bir tarakla tarayaca\u011f\u0131m sa\u00e7lar\u0131n\u0131<br \/>kendi enkaz\u0131m\u0131n \u00fcst\u00fcnde<br \/>kurtlar, \u00e7akallar gibi uluyarak a\u011flayaca\u011f\u0131m ac\u0131dan<br \/>\u00f6ld\u00fcrerek ya\u015fataca\u011f\u0131m seni kendimde<\/p>\n<p>Oca\u011f\u0131n par\u0131lt\u0131s\u0131yla ayd\u0131nlanan y\u00fcz\u00fcn<br \/>g\u00fcc\u00fcnden habersiz sakin g\u00fcl\u00fc\u015f\u00fcn<br \/>kam\u00e7\u0131l\u0131yor i\u00e7imdeki b\u00fct\u00fcn k\u00f6leleri<br \/>ben ki hileli bir oyun,<br \/>birka\u00e7 k\u0131r\u0131k zar<br \/>ve kara muskal\u0131 t\u0131ls\u0131mlarla<br \/>alm\u0131\u015fken seni kaderinden, k\u0131yas\u0131ya ba\u011flam\u0131\u015fken kendime<br \/>as\u0131l sen tutsak etmi\u015fsin beni<br \/>d\u00fcnyaya kapal\u0131 kap\u0131lar\u0131n ard\u0131ndaki<br \/>i\u00e7i bo\u015f sessizli\u011fine<\/p>\n<p>s\u0131\u011fl\u0131\u011f\u0131n, sevgisizli\u011fin<br \/>o sonsuz kendili\u011findenli\u011fin<br \/>d\u00fcnyan\u0131n sana de\u011fmeyen yerleri<br \/>nas\u0131l da \u00e7ekici yap\u0131yor seni<br \/>o kadar ba\u011fland\u0131m ki<br \/>tutkusuz bedenine<br \/>ya \u00f6ld\u00fcrece\u011fim seni<br \/>ya tun\u00e7 \u00e7a\u011f\u0131ndan heykeller indirece\u011fim d\u00f6k\u00fcm\u00fcne<\/p>\n<p>Say\u0131klayan bir a\u011fa\u00e7 gibiyim Omayra<br \/>u\u011fultusu geliyor ta derinden<br \/>g\u00f6vdemin ge\u00e7ti\u011fi masallar\u0131n<br \/>i\u00e7imdeki deprem ayakta tutuyor beni<br \/>geri d\u00f6n\u00fcp vuruyor \u00e7al\u0131nm\u0131\u015f zaman<br \/>bak sana korkakl\u0131\u011f\u0131m\u0131 veriyorum<br \/>var olman\u0131n b\u00fct\u00fcn varo\u015flar\u0131ndan<br \/>ben yenildim, i\u015fte silahlar\u0131m<br \/>t\u0131ls\u0131m tamamland\u0131<br \/>sonuna geldim \u00e7izgilerini sildi\u011fim<br \/>bir b\u00fcy\u00fck haritan\u0131n<br \/>A\u015fk\u0131m \u00f6l\u00fcm\u00fcn s\u0131n\u0131r\u0131nda Omayra<br \/>oldu\u011fun yerde kal k\u0131m\u0131ldama! <\/p>\n<p>Murathan MUNGAN<\/p>\n","protected":false},"excerpt":{"rendered":"<p>Cevab\u0131 \u00f6m\u00fcr s\u00fcren bir soru b\u0131rakt\u0131m sanaMendili kan kokan sevgili arkada\u015f\u0131mUsta bak\u0131\u015flar\u0131n ke\u015ffetti\u011fi rahatl\u0131kla arkama yasland\u0131melimde \u015fah mat y\u00fcz\u00fc\u011f\u00fcmde tek ta\u015f siyan\u00fcrad\u0131nla bulanan bir a\u015fk\u0131n, bir maceran\u0131nmaceras\u0131ndayolun sonunu s\u00f6yl\u00fcyordug\u00fcnahkar iki melek olan sa\u011fd\u0131\u00e7lar\u0131m al birka\u00e7 bulutlu s\u00f6zc\u00fckatlas\u0131n\u0131 s\u0131rt\u0131nda ta\u015f\u0131yan \u00e7al\u0131nm\u0131\u015f bir zamanmekik, taflan, kar kesad\u0131 bir iklima\u015fk m\u0131, macera m\u0131 dersin bu uzun seferberlikbu ili\u015fkinin [&hellip;]<\/p>\n","protected":false},"author":1,"featured_media":0,"comment_status":"open","ping_status":"open","sticky":false,"template":"","format":"standard","meta":{"footnotes":""},"categories":[154],"tags":[],"class_list":{"0":"post-4962","1":"post","2":"type-post","3":"status-publish","4":"format-standard","6":"category-murathan-mungan"},"yoast_head":"<!-- This site is optimized with the Yoast SEO Premium plugin v24.9 (Yoast SEO v24.9) - https:\/\/yoast.com\/wordpress\/plugins\/seo\/ -->\n<title>OMAYRA - narteks.net<\/title>\n<meta name=\"robots\" content=\"index, follow, max-snippet:-1, max-image-preview:large, max-video-preview:-1\" \/>\n<link rel=\"canonical\" href=\"https:\/\/narteks.net\/index.php\/2011\/02\/04\/omayra\/\" \/>\n<meta property=\"og:locale\" content=\"tr_TR\" \/>\n<meta property=\"og:type\" content=\"article\" \/>\n<meta property=\"og:title\" content=\"OMAYRA\" \/>\n<meta property=\"og:description\" content=\"Cevab\u0131 \u00f6m\u00fcr s\u00fcren bir soru b\u0131rakt\u0131m sanaMendili kan kokan sevgili arkada\u015f\u0131mUsta bak\u0131\u015flar\u0131n ke\u015ffetti\u011fi rahatl\u0131kla arkama yasland\u0131melimde \u015fah mat y\u00fcz\u00fc\u011f\u00fcmde tek ta\u015f siyan\u00fcrad\u0131nla bulanan bir a\u015fk\u0131n, bir maceran\u0131nmaceras\u0131ndayolun sonunu s\u00f6yl\u00fcyordug\u00fcnahkar iki melek olan sa\u011fd\u0131\u00e7lar\u0131m al birka\u00e7 bulutlu s\u00f6zc\u00fckatlas\u0131n\u0131 s\u0131rt\u0131nda ta\u015f\u0131yan \u00e7al\u0131nm\u0131\u015f bir zamanmekik, taflan, kar kesad\u0131 bir iklima\u015fk m\u0131, macera m\u0131 dersin bu uzun seferberlikbu ili\u015fkinin [&hellip;]\" \/>\n<meta property=\"og:url\" content=\"https:\/\/narteks.net\/index.php\/2011\/02\/04\/omayra\/\" \/>\n<meta property=\"og:site_name\" content=\"narteks.net\" \/>\n<meta property=\"article:published_time\" content=\"2011-02-04T16:10:19+00:00\" \/>\n<meta property=\"og:image\" content=\"https:\/\/narteks.net\/wp-content\/uploads\/narteks.png\" \/>\n\t<meta property=\"og:image:width\" content=\"300\" \/>\n\t<meta property=\"og:image:height\" content=\"90\" \/>\n\t<meta property=\"og:image:type\" content=\"image\/png\" \/>\n<meta name=\"author\" content=\"Tar\u0131k\" \/>\n<meta name=\"twitter:card\" content=\"summary_large_image\" \/>\n<meta name=\"twitter:creator\" content=\"@narteks\" \/>\n<meta name=\"twitter:site\" content=\"@narteks\" \/>\n<meta name=\"twitter:label1\" content=\"Yazan:\" \/>\n\t<meta name=\"twitter:data1\" content=\"Tar\u0131k\" \/>\n\t<meta name=\"twitter:label2\" content=\"Tahmini okuma s\u00fcresi\" \/>\n\t<meta name=\"twitter:data2\" content=\"3 dakika\" \/>\n<script type=\"application\/ld+json\" class=\"yoast-schema-graph\">{\"@context\":\"https:\/\/schema.org\",\"@graph\":[{\"@type\":\"Article\",\"@id\":\"https:\/\/narteks.net\/index.php\/2011\/02\/04\/omayra\/#article\",\"isPartOf\":{\"@id\":\"https:\/\/narteks.net\/index.php\/2011\/02\/04\/omayra\/\"},\"author\":{\"name\":\"Tar\u0131k\",\"@id\":\"https:\/\/narteks.net\/#\/schema\/person\/61f37d9834294b72d31d274e7ed79bca\"},\"headline\":\"OMAYRA\",\"datePublished\":\"2011-02-04T16:10:19+00:00\",\"mainEntityOfPage\":{\"@id\":\"https:\/\/narteks.net\/index.php\/2011\/02\/04\/omayra\/\"},\"wordCount\":707,\"commentCount\":0,\"publisher\":{\"@id\":\"https:\/\/narteks.net\/#organization\"},\"articleSection\":[\"Murathan MUNGAN\"],\"inLanguage\":\"tr\",\"potentialAction\":[{\"@type\":\"CommentAction\",\"name\":\"Comment\",\"target\":[\"https:\/\/narteks.net\/index.php\/2011\/02\/04\/omayra\/#respond\"]}]},{\"@type\":\"WebPage\",\"@id\":\"https:\/\/narteks.net\/index.php\/2011\/02\/04\/omayra\/\",\"url\":\"https:\/\/narteks.net\/index.php\/2011\/02\/04\/omayra\/\",\"name\":\"OMAYRA - narteks.net\",\"isPartOf\":{\"@id\":\"https:\/\/narteks.net\/#website\"},\"datePublished\":\"2011-02-04T16:10:19+00:00\",\"breadcrumb\":{\"@id\":\"https:\/\/narteks.net\/index.php\/2011\/02\/04\/omayra\/#breadcrumb\"},\"inLanguage\":\"tr\",\"potentialAction\":[{\"@type\":\"ReadAction\",\"target\":[\"https:\/\/narteks.net\/index.php\/2011\/02\/04\/omayra\/\"]}]},{\"@type\":\"BreadcrumbList\",\"@id\":\"https:\/\/narteks.net\/index.php\/2011\/02\/04\/omayra\/#breadcrumb\",\"itemListElement\":[{\"@type\":\"ListItem\",\"position\":1,\"name\":\"Anasayfa\",\"item\":\"https:\/\/narteks.net\/\"},{\"@type\":\"ListItem\",\"position\":2,\"name\":\"OMAYRA\"}]},{\"@type\":\"WebSite\",\"@id\":\"https:\/\/narteks.net\/#website\",\"url\":\"https:\/\/narteks.net\/\",\"name\":\"narteks.net\",\"description\":\"K\u00fclt\u00fcr Sanat Edebiyat Felsefe\",\"publisher\":{\"@id\":\"https:\/\/narteks.net\/#organization\"},\"alternateName\":\"K\u00fclt\u00fcr Sanat Edebiyat Felsefe\",\"potentialAction\":[{\"@type\":\"SearchAction\",\"target\":{\"@type\":\"EntryPoint\",\"urlTemplate\":\"https:\/\/narteks.net\/?s={search_term_string}\"},\"query-input\":{\"@type\":\"PropertyValueSpecification\",\"valueRequired\":true,\"valueName\":\"search_term_string\"}}],\"inLanguage\":\"tr\"},{\"@type\":\"Organization\",\"@id\":\"https:\/\/narteks.net\/#organization\",\"name\":\"narteks.net\",\"url\":\"https:\/\/narteks.net\/\",\"logo\":{\"@type\":\"ImageObject\",\"inLanguage\":\"tr\",\"@id\":\"https:\/\/narteks.net\/#\/schema\/logo\/image\/\",\"url\":\"https:\/\/narteks.net\/wp-content\/uploads\/narteks.png\",\"contentUrl\":\"https:\/\/narteks.net\/wp-content\/uploads\/narteks.png\",\"width\":300,\"height\":90,\"caption\":\"narteks.net\"},\"image\":{\"@id\":\"https:\/\/narteks.net\/#\/schema\/logo\/image\/\"},\"sameAs\":[\"https:\/\/x.com\/narteks\",\"https:\/\/instagram.com\/narteksnet\"]},{\"@type\":\"Person\",\"@id\":\"https:\/\/narteks.net\/#\/schema\/person\/61f37d9834294b72d31d274e7ed79bca\",\"name\":\"Tar\u0131k\",\"image\":{\"@type\":\"ImageObject\",\"inLanguage\":\"tr\",\"@id\":\"https:\/\/narteks.net\/#\/schema\/person\/image\/\",\"url\":\"https:\/\/secure.gravatar.com\/avatar\/50865afb55632c4ae467e0af0930f6510aa2297d8014be502a55b14f3b7550cf?s=96&d=mm&r=g\",\"contentUrl\":\"https:\/\/secure.gravatar.com\/avatar\/50865afb55632c4ae467e0af0930f6510aa2297d8014be502a55b14f3b7550cf?s=96&d=mm&r=g\",\"caption\":\"Tar\u0131k\"},\"sameAs\":[\"http:\/\/narteks.net\"],\"url\":\"https:\/\/narteks.net\/index.php\/author\/narbak\/\"}]}<\/script>\n<!-- \/ Yoast SEO Premium plugin. -->","yoast_head_json":{"title":"OMAYRA - narteks.net","robots":{"index":"index","follow":"follow","max-snippet":"max-snippet:-1","max-image-preview":"max-image-preview:large","max-video-preview":"max-video-preview:-1"},"canonical":"https:\/\/narteks.net\/index.php\/2011\/02\/04\/omayra\/","og_locale":"tr_TR","og_type":"article","og_title":"OMAYRA","og_description":"Cevab\u0131 \u00f6m\u00fcr s\u00fcren bir soru b\u0131rakt\u0131m sanaMendili kan kokan sevgili arkada\u015f\u0131mUsta bak\u0131\u015flar\u0131n ke\u015ffetti\u011fi rahatl\u0131kla arkama yasland\u0131melimde \u015fah mat y\u00fcz\u00fc\u011f\u00fcmde tek ta\u015f siyan\u00fcrad\u0131nla bulanan bir a\u015fk\u0131n, bir maceran\u0131nmaceras\u0131ndayolun sonunu s\u00f6yl\u00fcyordug\u00fcnahkar iki melek olan sa\u011fd\u0131\u00e7lar\u0131m al birka\u00e7 bulutlu s\u00f6zc\u00fckatlas\u0131n\u0131 s\u0131rt\u0131nda ta\u015f\u0131yan \u00e7al\u0131nm\u0131\u015f bir zamanmekik, taflan, kar kesad\u0131 bir iklima\u015fk m\u0131, macera m\u0131 dersin bu uzun seferberlikbu ili\u015fkinin [&hellip;]","og_url":"https:\/\/narteks.net\/index.php\/2011\/02\/04\/omayra\/","og_site_name":"narteks.net","article_published_time":"2011-02-04T16:10:19+00:00","og_image":[{"width":300,"height":90,"url":"https:\/\/narteks.net\/wp-content\/uploads\/narteks.png","type":"image\/png"}],"author":"Tar\u0131k","twitter_card":"summary_large_image","twitter_creator":"@narteks","twitter_site":"@narteks","twitter_misc":{"Yazan:":"Tar\u0131k","Tahmini okuma s\u00fcresi":"3 dakika"},"schema":{"@context":"https:\/\/schema.org","@graph":[{"@type":"Article","@id":"https:\/\/narteks.net\/index.php\/2011\/02\/04\/omayra\/#article","isPartOf":{"@id":"https:\/\/narteks.net\/index.php\/2011\/02\/04\/omayra\/"},"author":{"name":"Tar\u0131k","@id":"https:\/\/narteks.net\/#\/schema\/person\/61f37d9834294b72d31d274e7ed79bca"},"headline":"OMAYRA","datePublished":"2011-02-04T16:10:19+00:00","mainEntityOfPage":{"@id":"https:\/\/narteks.net\/index.php\/2011\/02\/04\/omayra\/"},"wordCount":707,"commentCount":0,"publisher":{"@id":"https:\/\/narteks.net\/#organization"},"articleSection":["Murathan MUNGAN"],"inLanguage":"tr","potentialAction":[{"@type":"CommentAction","name":"Comment","target":["https:\/\/narteks.net\/index.php\/2011\/02\/04\/omayra\/#respond"]}]},{"@type":"WebPage","@id":"https:\/\/narteks.net\/index.php\/2011\/02\/04\/omayra\/","url":"https:\/\/narteks.net\/index.php\/2011\/02\/04\/omayra\/","name":"OMAYRA - narteks.net","isPartOf":{"@id":"https:\/\/narteks.net\/#website"},"datePublished":"2011-02-04T16:10:19+00:00","breadcrumb":{"@id":"https:\/\/narteks.net\/index.php\/2011\/02\/04\/omayra\/#breadcrumb"},"inLanguage":"tr","potentialAction":[{"@type":"ReadAction","target":["https:\/\/narteks.net\/index.php\/2011\/02\/04\/omayra\/"]}]},{"@type":"BreadcrumbList","@id":"https:\/\/narteks.net\/index.php\/2011\/02\/04\/omayra\/#breadcrumb","itemListElement":[{"@type":"ListItem","position":1,"name":"Anasayfa","item":"https:\/\/narteks.net\/"},{"@type":"ListItem","position":2,"name":"OMAYRA"}]},{"@type":"WebSite","@id":"https:\/\/narteks.net\/#website","url":"https:\/\/narteks.net\/","name":"narteks.net","description":"K\u00fclt\u00fcr Sanat Edebiyat Felsefe","publisher":{"@id":"https:\/\/narteks.net\/#organization"},"alternateName":"K\u00fclt\u00fcr Sanat Edebiyat Felsefe","potentialAction":[{"@type":"SearchAction","target":{"@type":"EntryPoint","urlTemplate":"https:\/\/narteks.net\/?s={search_term_string}"},"query-input":{"@type":"PropertyValueSpecification","valueRequired":true,"valueName":"search_term_string"}}],"inLanguage":"tr"},{"@type":"Organization","@id":"https:\/\/narteks.net\/#organization","name":"narteks.net","url":"https:\/\/narteks.net\/","logo":{"@type":"ImageObject","inLanguage":"tr","@id":"https:\/\/narteks.net\/#\/schema\/logo\/image\/","url":"https:\/\/narteks.net\/wp-content\/uploads\/narteks.png","contentUrl":"https:\/\/narteks.net\/wp-content\/uploads\/narteks.png","width":300,"height":90,"caption":"narteks.net"},"image":{"@id":"https:\/\/narteks.net\/#\/schema\/logo\/image\/"},"sameAs":["https:\/\/x.com\/narteks","https:\/\/instagram.com\/narteksnet"]},{"@type":"Person","@id":"https:\/\/narteks.net\/#\/schema\/person\/61f37d9834294b72d31d274e7ed79bca","name":"Tar\u0131k","image":{"@type":"ImageObject","inLanguage":"tr","@id":"https:\/\/narteks.net\/#\/schema\/person\/image\/","url":"https:\/\/secure.gravatar.com\/avatar\/50865afb55632c4ae467e0af0930f6510aa2297d8014be502a55b14f3b7550cf?s=96&d=mm&r=g","contentUrl":"https:\/\/secure.gravatar.com\/avatar\/50865afb55632c4ae467e0af0930f6510aa2297d8014be502a55b14f3b7550cf?s=96&d=mm&r=g","caption":"Tar\u0131k"},"sameAs":["http:\/\/narteks.net"],"url":"https:\/\/narteks.net\/index.php\/author\/narbak\/"}]}},"_links":{"self":[{"href":"https:\/\/narteks.net\/index.php\/wp-json\/wp\/v2\/posts\/4962","targetHints":{"allow":["GET"]}}],"collection":[{"href":"https:\/\/narteks.net\/index.php\/wp-json\/wp\/v2\/posts"}],"about":[{"href":"https:\/\/narteks.net\/index.php\/wp-json\/wp\/v2\/types\/post"}],"author":[{"embeddable":true,"href":"https:\/\/narteks.net\/index.php\/wp-json\/wp\/v2\/users\/1"}],"replies":[{"embeddable":true,"href":"https:\/\/narteks.net\/index.php\/wp-json\/wp\/v2\/comments?post=4962"}],"version-history":[{"count":0,"href":"https:\/\/narteks.net\/index.php\/wp-json\/wp\/v2\/posts\/4962\/revisions"}],"wp:attachment":[{"href":"https:\/\/narteks.net\/index.php\/wp-json\/wp\/v2\/media?parent=4962"}],"wp:term":[{"taxonomy":"category","embeddable":true,"href":"https:\/\/narteks.net\/index.php\/wp-json\/wp\/v2\/categories?post=4962"},{"taxonomy":"post_tag","embeddable":true,"href":"https:\/\/narteks.net\/index.php\/wp-json\/wp\/v2\/tags?post=4962"}],"curies":[{"name":"wp","href":"https:\/\/api.w.org\/{rel}","templated":true}]}}