{"id":4965,"date":"2011-02-04T19:14:26","date_gmt":"2011-02-04T16:14:26","guid":{"rendered":"http:\/\/localhost\/wordpress\/2011\/02\/04\/otuz-yas\/"},"modified":"2011-02-04T19:14:26","modified_gmt":"2011-02-04T16:14:26","slug":"otuz-yas","status":"publish","type":"post","link":"https:\/\/narteks.net\/index.php\/2011\/02\/04\/otuz-yas\/","title":{"rendered":"OTUZ YA\u015e"},"content":{"rendered":"<p>daha vakit var diye<br \/>yazmad\u0131\u011f\u0131m\u0131z<br \/>\u015fiirlerdi<br \/>kald\u0131lar<br \/>y\u00fcz\u00fcm\u00fczden gelip ge\u00e7ti<br \/>ilk gen\u00e7li\u011fin fener alaylar\u0131<br \/>yeniyetme arkada\u015f \u00e7etesi da\u011f\u0131ld\u0131 art\u0131k<br \/>b\u00fcy\u00fcmenin konaklama yerlerinde<br \/>nice ihanete u\u011frad\u0131k<br \/>ayr\u0131ld\u0131 yollar<br \/>\u00f6mr\u00fcm\u00fcz\u00fc koydu\u011fumuz \u015feylerdi ki<br \/>d\u00f6rt y\u00f6ne da\u011f\u0131ld\u0131lar<\/p>\n<p>daha vakit var diye<br \/>d\u00f6n\u00fcp de bir g\u00fcn<br \/>kald\u0131\u011f\u0131m\u0131z yerden,hepsini birden<br \/>ya\u015far\u0131z sand\u0131k<br \/>oysa emanetmi\u015f bizim sand\u0131klar\u0131m\u0131z<br \/>i\u00e7lerinde kilitli kalm\u0131\u015f onca \u015feyle<br \/>g\u00fcn\u00fc geldi<br \/>ald\u0131lar<\/p>\n<p>nas\u0131l kullan\u0131laca\u011f\u0131 bilinmeyen anlard\u0131<br \/>sonuna dek ya\u015famaktan korkup da ka\u00e7t\u0131\u011f\u0131m\u0131z<br \/>yerini ve anlam\u0131n\u0131 bulmay\u0131 beklerken<br \/>\u00e7\u00fcr\u00fcd\u00fc gitti i\u00e7imizde<br \/>sakl\u0131 duygular\u0131m\u0131z<br \/>\u015fimdi yabanc\u0131 bak\u0131\u015flara bir \u015fey s\u00f6ylemeyen<br \/>karalama defterleri,bulan\u0131k an\u0131lar<br \/>r\u00fczgara,ate\u015fe,suya yaz\u0131lm\u0131\u015f<br \/>gen\u00e7li\u011fin solgun g\u00fcncesi<br \/>biz ne zaman b\u00fcy\u00fcd\u00fck<br \/>onlar ne zaman yetim kald\u0131lar<br \/>tutulan g\u00fcne\u015flerin alt\u0131nda<br \/>yollar ge\u00e7ildi<br \/>d\u00f6n\u00fc\u015f yok art\u0131k o duyarl\u0131\u011fa<br \/>ya\u015farken ve yazarken<br \/>yar\u0131m kalm\u0131\u015f \u015fiirler<br \/>yar\u0131m kald\u0131lar <\/p>\n<p>Murathan MUNGAN<\/p>\n","protected":false},"excerpt":{"rendered":"<p>daha vakit var diyeyazmad\u0131\u011f\u0131m\u0131z\u015fiirlerdikald\u0131lary\u00fcz\u00fcm\u00fczden gelip ge\u00e7tiilk gen\u00e7li\u011fin fener alaylar\u0131yeniyetme arkada\u015f \u00e7etesi da\u011f\u0131ld\u0131 art\u0131kb\u00fcy\u00fcmenin konaklama yerlerindenice ihanete u\u011frad\u0131kayr\u0131ld\u0131 yollar\u00f6mr\u00fcm\u00fcz\u00fc koydu\u011fumuz \u015feylerdi kid\u00f6rt y\u00f6ne da\u011f\u0131ld\u0131lar daha vakit var diyed\u00f6n\u00fcp de bir g\u00fcnkald\u0131\u011f\u0131m\u0131z yerden,hepsini birdenya\u015far\u0131z sand\u0131koysa emanetmi\u015f bizim sand\u0131klar\u0131m\u0131zi\u00e7lerinde kilitli kalm\u0131\u015f onca \u015feyleg\u00fcn\u00fc geldiald\u0131lar nas\u0131l kullan\u0131laca\u011f\u0131 bilinmeyen anlard\u0131sonuna dek ya\u015famaktan korkup da ka\u00e7t\u0131\u011f\u0131m\u0131zyerini ve anlam\u0131n\u0131 bulmay\u0131 beklerken\u00e7\u00fcr\u00fcd\u00fc gitti [&hellip;]<\/p>\n","protected":false},"author":1,"featured_media":0,"comment_status":"open","ping_status":"open","sticky":false,"template":"","format":"standard","meta":{"footnotes":""},"categories":[154],"tags":[],"class_list":{"0":"post-4965","1":"post","2":"type-post","3":"status-publish","4":"format-standard","6":"category-murathan-mungan"},"yoast_head":"<!-- This site is optimized with the Yoast SEO Premium plugin v24.9 (Yoast SEO v24.9) - https:\/\/yoast.com\/wordpress\/plugins\/seo\/ -->\n<title>OTUZ YA\u015e - narteks.net<\/title>\n<meta name=\"robots\" content=\"index, follow, max-snippet:-1, max-image-preview:large, max-video-preview:-1\" \/>\n<link rel=\"canonical\" href=\"https:\/\/narteks.net\/index.php\/2011\/02\/04\/otuz-yas\/\" \/>\n<meta property=\"og:locale\" content=\"tr_TR\" \/>\n<meta property=\"og:type\" content=\"article\" \/>\n<meta property=\"og:title\" content=\"OTUZ YA\u015e\" \/>\n<meta property=\"og:description\" content=\"daha vakit var diyeyazmad\u0131\u011f\u0131m\u0131z\u015fiirlerdikald\u0131lary\u00fcz\u00fcm\u00fczden gelip ge\u00e7tiilk gen\u00e7li\u011fin fener alaylar\u0131yeniyetme arkada\u015f \u00e7etesi da\u011f\u0131ld\u0131 art\u0131kb\u00fcy\u00fcmenin konaklama yerlerindenice ihanete u\u011frad\u0131kayr\u0131ld\u0131 yollar\u00f6mr\u00fcm\u00fcz\u00fc koydu\u011fumuz \u015feylerdi kid\u00f6rt y\u00f6ne da\u011f\u0131ld\u0131lar daha vakit var diyed\u00f6n\u00fcp de bir g\u00fcnkald\u0131\u011f\u0131m\u0131z yerden,hepsini birdenya\u015far\u0131z sand\u0131koysa emanetmi\u015f bizim sand\u0131klar\u0131m\u0131zi\u00e7lerinde kilitli kalm\u0131\u015f onca \u015feyleg\u00fcn\u00fc geldiald\u0131lar nas\u0131l kullan\u0131laca\u011f\u0131 bilinmeyen anlard\u0131sonuna dek ya\u015famaktan korkup da ka\u00e7t\u0131\u011f\u0131m\u0131zyerini ve anlam\u0131n\u0131 bulmay\u0131 beklerken\u00e7\u00fcr\u00fcd\u00fc gitti [&hellip;]\" \/>\n<meta property=\"og:url\" content=\"https:\/\/narteks.net\/index.php\/2011\/02\/04\/otuz-yas\/\" \/>\n<meta property=\"og:site_name\" content=\"narteks.net\" \/>\n<meta property=\"article:published_time\" content=\"2011-02-04T16:14:26+00:00\" \/>\n<meta property=\"og:image\" content=\"https:\/\/narteks.net\/wp-content\/uploads\/narteks.png\" \/>\n\t<meta property=\"og:image:width\" content=\"300\" \/>\n\t<meta property=\"og:image:height\" content=\"90\" \/>\n\t<meta property=\"og:image:type\" content=\"image\/png\" \/>\n<meta name=\"author\" content=\"Tar\u0131k\" \/>\n<meta name=\"twitter:card\" content=\"summary_large_image\" \/>\n<meta name=\"twitter:creator\" content=\"@narteks\" \/>\n<meta name=\"twitter:site\" content=\"@narteks\" \/>\n<meta name=\"twitter:label1\" content=\"Yazan:\" \/>\n\t<meta name=\"twitter:data1\" content=\"Tar\u0131k\" \/>\n\t<meta name=\"twitter:label2\" content=\"Tahmini okuma s\u00fcresi\" \/>\n\t<meta name=\"twitter:data2\" content=\"1 dakika\" \/>\n<script type=\"application\/ld+json\" class=\"yoast-schema-graph\">{\"@context\":\"https:\/\/schema.org\",\"@graph\":[{\"@type\":\"Article\",\"@id\":\"https:\/\/narteks.net\/index.php\/2011\/02\/04\/otuz-yas\/#article\",\"isPartOf\":{\"@id\":\"https:\/\/narteks.net\/index.php\/2011\/02\/04\/otuz-yas\/\"},\"author\":{\"name\":\"Tar\u0131k\",\"@id\":\"https:\/\/narteks.net\/#\/schema\/person\/61f37d9834294b72d31d274e7ed79bca\"},\"headline\":\"OTUZ YA\u015e\",\"datePublished\":\"2011-02-04T16:14:26+00:00\",\"mainEntityOfPage\":{\"@id\":\"https:\/\/narteks.net\/index.php\/2011\/02\/04\/otuz-yas\/\"},\"wordCount\":174,\"commentCount\":0,\"publisher\":{\"@id\":\"https:\/\/narteks.net\/#organization\"},\"articleSection\":[\"Murathan MUNGAN\"],\"inLanguage\":\"tr\",\"potentialAction\":[{\"@type\":\"CommentAction\",\"name\":\"Comment\",\"target\":[\"https:\/\/narteks.net\/index.php\/2011\/02\/04\/otuz-yas\/#respond\"]}]},{\"@type\":\"WebPage\",\"@id\":\"https:\/\/narteks.net\/index.php\/2011\/02\/04\/otuz-yas\/\",\"url\":\"https:\/\/narteks.net\/index.php\/2011\/02\/04\/otuz-yas\/\",\"name\":\"OTUZ YA\u015e - narteks.net\",\"isPartOf\":{\"@id\":\"https:\/\/narteks.net\/#website\"},\"datePublished\":\"2011-02-04T16:14:26+00:00\",\"breadcrumb\":{\"@id\":\"https:\/\/narteks.net\/index.php\/2011\/02\/04\/otuz-yas\/#breadcrumb\"},\"inLanguage\":\"tr\",\"potentialAction\":[{\"@type\":\"ReadAction\",\"target\":[\"https:\/\/narteks.net\/index.php\/2011\/02\/04\/otuz-yas\/\"]}]},{\"@type\":\"BreadcrumbList\",\"@id\":\"https:\/\/narteks.net\/index.php\/2011\/02\/04\/otuz-yas\/#breadcrumb\",\"itemListElement\":[{\"@type\":\"ListItem\",\"position\":1,\"name\":\"Anasayfa\",\"item\":\"https:\/\/narteks.net\/\"},{\"@type\":\"ListItem\",\"position\":2,\"name\":\"OTUZ YA\u015e\"}]},{\"@type\":\"WebSite\",\"@id\":\"https:\/\/narteks.net\/#website\",\"url\":\"https:\/\/narteks.net\/\",\"name\":\"narteks.net\",\"description\":\"K\u00fclt\u00fcr Sanat Edebiyat Felsefe\",\"publisher\":{\"@id\":\"https:\/\/narteks.net\/#organization\"},\"alternateName\":\"K\u00fclt\u00fcr Sanat Edebiyat Felsefe\",\"potentialAction\":[{\"@type\":\"SearchAction\",\"target\":{\"@type\":\"EntryPoint\",\"urlTemplate\":\"https:\/\/narteks.net\/?s={search_term_string}\"},\"query-input\":{\"@type\":\"PropertyValueSpecification\",\"valueRequired\":true,\"valueName\":\"search_term_string\"}}],\"inLanguage\":\"tr\"},{\"@type\":\"Organization\",\"@id\":\"https:\/\/narteks.net\/#organization\",\"name\":\"narteks.net\",\"url\":\"https:\/\/narteks.net\/\",\"logo\":{\"@type\":\"ImageObject\",\"inLanguage\":\"tr\",\"@id\":\"https:\/\/narteks.net\/#\/schema\/logo\/image\/\",\"url\":\"https:\/\/narteks.net\/wp-content\/uploads\/narteks.png\",\"contentUrl\":\"https:\/\/narteks.net\/wp-content\/uploads\/narteks.png\",\"width\":300,\"height\":90,\"caption\":\"narteks.net\"},\"image\":{\"@id\":\"https:\/\/narteks.net\/#\/schema\/logo\/image\/\"},\"sameAs\":[\"https:\/\/x.com\/narteks\",\"https:\/\/instagram.com\/narteksnet\"]},{\"@type\":\"Person\",\"@id\":\"https:\/\/narteks.net\/#\/schema\/person\/61f37d9834294b72d31d274e7ed79bca\",\"name\":\"Tar\u0131k\",\"image\":{\"@type\":\"ImageObject\",\"inLanguage\":\"tr\",\"@id\":\"https:\/\/narteks.net\/#\/schema\/person\/image\/\",\"url\":\"https:\/\/secure.gravatar.com\/avatar\/50865afb55632c4ae467e0af0930f6510aa2297d8014be502a55b14f3b7550cf?s=96&d=mm&r=g\",\"contentUrl\":\"https:\/\/secure.gravatar.com\/avatar\/50865afb55632c4ae467e0af0930f6510aa2297d8014be502a55b14f3b7550cf?s=96&d=mm&r=g\",\"caption\":\"Tar\u0131k\"},\"sameAs\":[\"http:\/\/narteks.net\"],\"url\":\"https:\/\/narteks.net\/index.php\/author\/narbak\/\"}]}<\/script>\n<!-- \/ Yoast SEO Premium plugin. -->","yoast_head_json":{"title":"OTUZ YA\u015e - narteks.net","robots":{"index":"index","follow":"follow","max-snippet":"max-snippet:-1","max-image-preview":"max-image-preview:large","max-video-preview":"max-video-preview:-1"},"canonical":"https:\/\/narteks.net\/index.php\/2011\/02\/04\/otuz-yas\/","og_locale":"tr_TR","og_type":"article","og_title":"OTUZ YA\u015e","og_description":"daha vakit var diyeyazmad\u0131\u011f\u0131m\u0131z\u015fiirlerdikald\u0131lary\u00fcz\u00fcm\u00fczden gelip ge\u00e7tiilk gen\u00e7li\u011fin fener alaylar\u0131yeniyetme arkada\u015f \u00e7etesi da\u011f\u0131ld\u0131 art\u0131kb\u00fcy\u00fcmenin konaklama yerlerindenice ihanete u\u011frad\u0131kayr\u0131ld\u0131 yollar\u00f6mr\u00fcm\u00fcz\u00fc koydu\u011fumuz \u015feylerdi kid\u00f6rt y\u00f6ne da\u011f\u0131ld\u0131lar daha vakit var diyed\u00f6n\u00fcp de bir g\u00fcnkald\u0131\u011f\u0131m\u0131z yerden,hepsini birdenya\u015far\u0131z sand\u0131koysa emanetmi\u015f bizim sand\u0131klar\u0131m\u0131zi\u00e7lerinde kilitli kalm\u0131\u015f onca \u015feyleg\u00fcn\u00fc geldiald\u0131lar nas\u0131l kullan\u0131laca\u011f\u0131 bilinmeyen anlard\u0131sonuna dek ya\u015famaktan korkup da ka\u00e7t\u0131\u011f\u0131m\u0131zyerini ve anlam\u0131n\u0131 bulmay\u0131 beklerken\u00e7\u00fcr\u00fcd\u00fc gitti [&hellip;]","og_url":"https:\/\/narteks.net\/index.php\/2011\/02\/04\/otuz-yas\/","og_site_name":"narteks.net","article_published_time":"2011-02-04T16:14:26+00:00","og_image":[{"width":300,"height":90,"url":"https:\/\/narteks.net\/wp-content\/uploads\/narteks.png","type":"image\/png"}],"author":"Tar\u0131k","twitter_card":"summary_large_image","twitter_creator":"@narteks","twitter_site":"@narteks","twitter_misc":{"Yazan:":"Tar\u0131k","Tahmini okuma s\u00fcresi":"1 dakika"},"schema":{"@context":"https:\/\/schema.org","@graph":[{"@type":"Article","@id":"https:\/\/narteks.net\/index.php\/2011\/02\/04\/otuz-yas\/#article","isPartOf":{"@id":"https:\/\/narteks.net\/index.php\/2011\/02\/04\/otuz-yas\/"},"author":{"name":"Tar\u0131k","@id":"https:\/\/narteks.net\/#\/schema\/person\/61f37d9834294b72d31d274e7ed79bca"},"headline":"OTUZ YA\u015e","datePublished":"2011-02-04T16:14:26+00:00","mainEntityOfPage":{"@id":"https:\/\/narteks.net\/index.php\/2011\/02\/04\/otuz-yas\/"},"wordCount":174,"commentCount":0,"publisher":{"@id":"https:\/\/narteks.net\/#organization"},"articleSection":["Murathan MUNGAN"],"inLanguage":"tr","potentialAction":[{"@type":"CommentAction","name":"Comment","target":["https:\/\/narteks.net\/index.php\/2011\/02\/04\/otuz-yas\/#respond"]}]},{"@type":"WebPage","@id":"https:\/\/narteks.net\/index.php\/2011\/02\/04\/otuz-yas\/","url":"https:\/\/narteks.net\/index.php\/2011\/02\/04\/otuz-yas\/","name":"OTUZ YA\u015e - narteks.net","isPartOf":{"@id":"https:\/\/narteks.net\/#website"},"datePublished":"2011-02-04T16:14:26+00:00","breadcrumb":{"@id":"https:\/\/narteks.net\/index.php\/2011\/02\/04\/otuz-yas\/#breadcrumb"},"inLanguage":"tr","potentialAction":[{"@type":"ReadAction","target":["https:\/\/narteks.net\/index.php\/2011\/02\/04\/otuz-yas\/"]}]},{"@type":"BreadcrumbList","@id":"https:\/\/narteks.net\/index.php\/2011\/02\/04\/otuz-yas\/#breadcrumb","itemListElement":[{"@type":"ListItem","position":1,"name":"Anasayfa","item":"https:\/\/narteks.net\/"},{"@type":"ListItem","position":2,"name":"OTUZ YA\u015e"}]},{"@type":"WebSite","@id":"https:\/\/narteks.net\/#website","url":"https:\/\/narteks.net\/","name":"narteks.net","description":"K\u00fclt\u00fcr Sanat Edebiyat Felsefe","publisher":{"@id":"https:\/\/narteks.net\/#organization"},"alternateName":"K\u00fclt\u00fcr Sanat Edebiyat Felsefe","potentialAction":[{"@type":"SearchAction","target":{"@type":"EntryPoint","urlTemplate":"https:\/\/narteks.net\/?s={search_term_string}"},"query-input":{"@type":"PropertyValueSpecification","valueRequired":true,"valueName":"search_term_string"}}],"inLanguage":"tr"},{"@type":"Organization","@id":"https:\/\/narteks.net\/#organization","name":"narteks.net","url":"https:\/\/narteks.net\/","logo":{"@type":"ImageObject","inLanguage":"tr","@id":"https:\/\/narteks.net\/#\/schema\/logo\/image\/","url":"https:\/\/narteks.net\/wp-content\/uploads\/narteks.png","contentUrl":"https:\/\/narteks.net\/wp-content\/uploads\/narteks.png","width":300,"height":90,"caption":"narteks.net"},"image":{"@id":"https:\/\/narteks.net\/#\/schema\/logo\/image\/"},"sameAs":["https:\/\/x.com\/narteks","https:\/\/instagram.com\/narteksnet"]},{"@type":"Person","@id":"https:\/\/narteks.net\/#\/schema\/person\/61f37d9834294b72d31d274e7ed79bca","name":"Tar\u0131k","image":{"@type":"ImageObject","inLanguage":"tr","@id":"https:\/\/narteks.net\/#\/schema\/person\/image\/","url":"https:\/\/secure.gravatar.com\/avatar\/50865afb55632c4ae467e0af0930f6510aa2297d8014be502a55b14f3b7550cf?s=96&d=mm&r=g","contentUrl":"https:\/\/secure.gravatar.com\/avatar\/50865afb55632c4ae467e0af0930f6510aa2297d8014be502a55b14f3b7550cf?s=96&d=mm&r=g","caption":"Tar\u0131k"},"sameAs":["http:\/\/narteks.net"],"url":"https:\/\/narteks.net\/index.php\/author\/narbak\/"}]}},"_links":{"self":[{"href":"https:\/\/narteks.net\/index.php\/wp-json\/wp\/v2\/posts\/4965","targetHints":{"allow":["GET"]}}],"collection":[{"href":"https:\/\/narteks.net\/index.php\/wp-json\/wp\/v2\/posts"}],"about":[{"href":"https:\/\/narteks.net\/index.php\/wp-json\/wp\/v2\/types\/post"}],"author":[{"embeddable":true,"href":"https:\/\/narteks.net\/index.php\/wp-json\/wp\/v2\/users\/1"}],"replies":[{"embeddable":true,"href":"https:\/\/narteks.net\/index.php\/wp-json\/wp\/v2\/comments?post=4965"}],"version-history":[{"count":0,"href":"https:\/\/narteks.net\/index.php\/wp-json\/wp\/v2\/posts\/4965\/revisions"}],"wp:attachment":[{"href":"https:\/\/narteks.net\/index.php\/wp-json\/wp\/v2\/media?parent=4965"}],"wp:term":[{"taxonomy":"category","embeddable":true,"href":"https:\/\/narteks.net\/index.php\/wp-json\/wp\/v2\/categories?post=4965"},{"taxonomy":"post_tag","embeddable":true,"href":"https:\/\/narteks.net\/index.php\/wp-json\/wp\/v2\/tags?post=4965"}],"curies":[{"name":"wp","href":"https:\/\/api.w.org\/{rel}","templated":true}]}}