{"id":4981,"date":"2011-02-05T17:59:35","date_gmt":"2011-02-05T14:59:35","guid":{"rendered":"http:\/\/localhost\/wordpress\/2011\/02\/05\/sakli-bicak\/"},"modified":"2011-02-05T17:59:35","modified_gmt":"2011-02-05T14:59:35","slug":"sakli-bicak","status":"publish","type":"post","link":"https:\/\/narteks.net\/index.php\/2011\/02\/05\/sakli-bicak\/","title":{"rendered":"SAKLI BI\u00c7AK"},"content":{"rendered":"<p>sol el sakl\u0131 b\u0131\u00e7ak<br \/>kanad\u0131m gittim kendimden<br \/>kendimi bir ba\u015fkas\u0131n\u0131n \u00f6l\u00fcs\u00fc sanarak<\/p>\n<p>b\u00fct\u00fcn kar\u015f\u0131l\u0131klar\u0131 birden \u00e7al\u0131\u015fan simgeler gibi<br \/>ayn\u0131 g\u00fcne d\u00fc\u015fmez kaybettiklerimizin mevsimi<br \/>baz\u0131 a\u015fklar yaln\u0131zca ayr\u0131l\u0131klar\u0131 i\u00e7in bile de\u011fer<br \/>ya\u015flan\u0131nca hat\u0131rlamak<br \/>ya\u015flan\u0131nca hat\u0131rlamak<br \/>biledik\u00e7e biliyorsun<br \/>bir zamanlar sol elde tuttu\u011fun b\u0131\u00e7a\u011f\u0131n<br \/>ertelenmi\u015f hayaleti<br \/>kapanmam\u0131\u015f g\u00f6\u011fs\u00fcnde<br \/>y\u0131llar sonra yeniden kanayacak<\/p>\n<p>bunun i\u00e7in a\u015fk<br \/>bunun i\u00e7in \u015fiir tutan sol elim<br \/>ayr\u0131l\u0131rken i\u00e7imi kaz\u0131d\u0131\u011f\u0131m sakl\u0131 b\u0131\u00e7ak<\/p>\n<p>eyl\u00fcl bitiyor sevgilim<br \/>uzun eyl\u00fcl\u00fc \u00f6mr\u00fcm\u00fcz\u00fcn<br \/>bir kitap gibi bitiyor<br \/>seni kan\u0131yor sol elim<br \/>seni \u015fimdi<br \/>ba\u015fkalar\u0131n\u0131n g\u00f6zlerine emanet ediyorum <\/p>\n<p>Murathan MUNGAN<\/p>\n","protected":false},"excerpt":{"rendered":"<p>sol el sakl\u0131 b\u0131\u00e7akkanad\u0131m gittim kendimdenkendimi bir ba\u015fkas\u0131n\u0131n \u00f6l\u00fcs\u00fc sanarak b\u00fct\u00fcn kar\u015f\u0131l\u0131klar\u0131 birden \u00e7al\u0131\u015fan simgeler gibiayn\u0131 g\u00fcne d\u00fc\u015fmez kaybettiklerimizin mevsimibaz\u0131 a\u015fklar yaln\u0131zca ayr\u0131l\u0131klar\u0131 i\u00e7in bile de\u011ferya\u015flan\u0131nca hat\u0131rlamakya\u015flan\u0131nca hat\u0131rlamakbiledik\u00e7e biliyorsunbir zamanlar sol elde tuttu\u011fun b\u0131\u00e7a\u011f\u0131nertelenmi\u015f hayaletikapanmam\u0131\u015f g\u00f6\u011fs\u00fcndey\u0131llar sonra yeniden kanayacak bunun i\u00e7in a\u015fkbunun i\u00e7in \u015fiir tutan sol elimayr\u0131l\u0131rken i\u00e7imi kaz\u0131d\u0131\u011f\u0131m sakl\u0131 b\u0131\u00e7ak eyl\u00fcl bitiyor sevgilimuzun eyl\u00fcl\u00fc [&hellip;]<\/p>\n","protected":false},"author":1,"featured_media":0,"comment_status":"open","ping_status":"open","sticky":false,"template":"","format":"standard","meta":{"footnotes":""},"categories":[154],"tags":[],"class_list":{"0":"post-4981","1":"post","2":"type-post","3":"status-publish","4":"format-standard","6":"category-murathan-mungan"},"yoast_head":"<!-- This site is optimized with the Yoast SEO Premium plugin v24.9 (Yoast SEO v24.9) - https:\/\/yoast.com\/wordpress\/plugins\/seo\/ -->\n<title>SAKLI BI\u00c7AK - narteks.net<\/title>\n<meta name=\"robots\" content=\"index, follow, max-snippet:-1, max-image-preview:large, max-video-preview:-1\" \/>\n<link rel=\"canonical\" href=\"https:\/\/narteks.net\/index.php\/2011\/02\/05\/sakli-bicak\/\" \/>\n<meta property=\"og:locale\" content=\"tr_TR\" \/>\n<meta property=\"og:type\" content=\"article\" \/>\n<meta property=\"og:title\" content=\"SAKLI BI\u00c7AK\" \/>\n<meta property=\"og:description\" content=\"sol el sakl\u0131 b\u0131\u00e7akkanad\u0131m gittim kendimdenkendimi bir ba\u015fkas\u0131n\u0131n \u00f6l\u00fcs\u00fc sanarak b\u00fct\u00fcn kar\u015f\u0131l\u0131klar\u0131 birden \u00e7al\u0131\u015fan simgeler gibiayn\u0131 g\u00fcne d\u00fc\u015fmez kaybettiklerimizin mevsimibaz\u0131 a\u015fklar yaln\u0131zca ayr\u0131l\u0131klar\u0131 i\u00e7in bile de\u011ferya\u015flan\u0131nca hat\u0131rlamakya\u015flan\u0131nca hat\u0131rlamakbiledik\u00e7e biliyorsunbir zamanlar sol elde tuttu\u011fun b\u0131\u00e7a\u011f\u0131nertelenmi\u015f hayaletikapanmam\u0131\u015f g\u00f6\u011fs\u00fcndey\u0131llar sonra yeniden kanayacak bunun i\u00e7in a\u015fkbunun i\u00e7in \u015fiir tutan sol elimayr\u0131l\u0131rken i\u00e7imi kaz\u0131d\u0131\u011f\u0131m sakl\u0131 b\u0131\u00e7ak eyl\u00fcl bitiyor sevgilimuzun eyl\u00fcl\u00fc [&hellip;]\" \/>\n<meta property=\"og:url\" content=\"https:\/\/narteks.net\/index.php\/2011\/02\/05\/sakli-bicak\/\" \/>\n<meta property=\"og:site_name\" content=\"narteks.net\" \/>\n<meta property=\"article:published_time\" content=\"2011-02-05T14:59:35+00:00\" \/>\n<meta property=\"og:image\" content=\"https:\/\/narteks.net\/wp-content\/uploads\/narteks.png\" \/>\n\t<meta property=\"og:image:width\" content=\"300\" \/>\n\t<meta property=\"og:image:height\" content=\"90\" \/>\n\t<meta property=\"og:image:type\" content=\"image\/png\" \/>\n<meta name=\"author\" content=\"Tar\u0131k\" \/>\n<meta name=\"twitter:card\" content=\"summary_large_image\" \/>\n<meta name=\"twitter:creator\" content=\"@narteks\" \/>\n<meta name=\"twitter:site\" content=\"@narteks\" \/>\n<meta name=\"twitter:label1\" content=\"Yazan:\" \/>\n\t<meta name=\"twitter:data1\" content=\"Tar\u0131k\" \/>\n\t<meta name=\"twitter:label2\" content=\"Tahmini okuma s\u00fcresi\" \/>\n\t<meta name=\"twitter:data2\" content=\"1 dakika\" \/>\n<script type=\"application\/ld+json\" class=\"yoast-schema-graph\">{\"@context\":\"https:\/\/schema.org\",\"@graph\":[{\"@type\":\"Article\",\"@id\":\"https:\/\/narteks.net\/index.php\/2011\/02\/05\/sakli-bicak\/#article\",\"isPartOf\":{\"@id\":\"https:\/\/narteks.net\/index.php\/2011\/02\/05\/sakli-bicak\/\"},\"author\":{\"name\":\"Tar\u0131k\",\"@id\":\"https:\/\/narteks.net\/#\/schema\/person\/61f37d9834294b72d31d274e7ed79bca\"},\"headline\":\"SAKLI BI\u00c7AK\",\"datePublished\":\"2011-02-05T14:59:35+00:00\",\"mainEntityOfPage\":{\"@id\":\"https:\/\/narteks.net\/index.php\/2011\/02\/05\/sakli-bicak\/\"},\"wordCount\":122,\"commentCount\":0,\"publisher\":{\"@id\":\"https:\/\/narteks.net\/#organization\"},\"articleSection\":[\"Murathan MUNGAN\"],\"inLanguage\":\"tr\",\"potentialAction\":[{\"@type\":\"CommentAction\",\"name\":\"Comment\",\"target\":[\"https:\/\/narteks.net\/index.php\/2011\/02\/05\/sakli-bicak\/#respond\"]}]},{\"@type\":\"WebPage\",\"@id\":\"https:\/\/narteks.net\/index.php\/2011\/02\/05\/sakli-bicak\/\",\"url\":\"https:\/\/narteks.net\/index.php\/2011\/02\/05\/sakli-bicak\/\",\"name\":\"SAKLI BI\u00c7AK - narteks.net\",\"isPartOf\":{\"@id\":\"https:\/\/narteks.net\/#website\"},\"datePublished\":\"2011-02-05T14:59:35+00:00\",\"breadcrumb\":{\"@id\":\"https:\/\/narteks.net\/index.php\/2011\/02\/05\/sakli-bicak\/#breadcrumb\"},\"inLanguage\":\"tr\",\"potentialAction\":[{\"@type\":\"ReadAction\",\"target\":[\"https:\/\/narteks.net\/index.php\/2011\/02\/05\/sakli-bicak\/\"]}]},{\"@type\":\"BreadcrumbList\",\"@id\":\"https:\/\/narteks.net\/index.php\/2011\/02\/05\/sakli-bicak\/#breadcrumb\",\"itemListElement\":[{\"@type\":\"ListItem\",\"position\":1,\"name\":\"Anasayfa\",\"item\":\"https:\/\/narteks.net\/\"},{\"@type\":\"ListItem\",\"position\":2,\"name\":\"SAKLI BI\u00c7AK\"}]},{\"@type\":\"WebSite\",\"@id\":\"https:\/\/narteks.net\/#website\",\"url\":\"https:\/\/narteks.net\/\",\"name\":\"narteks.net\",\"description\":\"K\u00fclt\u00fcr Sanat Edebiyat Felsefe\",\"publisher\":{\"@id\":\"https:\/\/narteks.net\/#organization\"},\"alternateName\":\"K\u00fclt\u00fcr Sanat Edebiyat Felsefe\",\"potentialAction\":[{\"@type\":\"SearchAction\",\"target\":{\"@type\":\"EntryPoint\",\"urlTemplate\":\"https:\/\/narteks.net\/?s={search_term_string}\"},\"query-input\":{\"@type\":\"PropertyValueSpecification\",\"valueRequired\":true,\"valueName\":\"search_term_string\"}}],\"inLanguage\":\"tr\"},{\"@type\":\"Organization\",\"@id\":\"https:\/\/narteks.net\/#organization\",\"name\":\"narteks.net\",\"url\":\"https:\/\/narteks.net\/\",\"logo\":{\"@type\":\"ImageObject\",\"inLanguage\":\"tr\",\"@id\":\"https:\/\/narteks.net\/#\/schema\/logo\/image\/\",\"url\":\"https:\/\/narteks.net\/wp-content\/uploads\/narteks.png\",\"contentUrl\":\"https:\/\/narteks.net\/wp-content\/uploads\/narteks.png\",\"width\":300,\"height\":90,\"caption\":\"narteks.net\"},\"image\":{\"@id\":\"https:\/\/narteks.net\/#\/schema\/logo\/image\/\"},\"sameAs\":[\"https:\/\/x.com\/narteks\",\"https:\/\/instagram.com\/narteksnet\"]},{\"@type\":\"Person\",\"@id\":\"https:\/\/narteks.net\/#\/schema\/person\/61f37d9834294b72d31d274e7ed79bca\",\"name\":\"Tar\u0131k\",\"image\":{\"@type\":\"ImageObject\",\"inLanguage\":\"tr\",\"@id\":\"https:\/\/narteks.net\/#\/schema\/person\/image\/\",\"url\":\"https:\/\/secure.gravatar.com\/avatar\/50865afb55632c4ae467e0af0930f6510aa2297d8014be502a55b14f3b7550cf?s=96&d=mm&r=g\",\"contentUrl\":\"https:\/\/secure.gravatar.com\/avatar\/50865afb55632c4ae467e0af0930f6510aa2297d8014be502a55b14f3b7550cf?s=96&d=mm&r=g\",\"caption\":\"Tar\u0131k\"},\"sameAs\":[\"http:\/\/narteks.net\"],\"url\":\"https:\/\/narteks.net\/index.php\/author\/narbak\/\"}]}<\/script>\n<!-- \/ Yoast SEO Premium plugin. -->","yoast_head_json":{"title":"SAKLI BI\u00c7AK - narteks.net","robots":{"index":"index","follow":"follow","max-snippet":"max-snippet:-1","max-image-preview":"max-image-preview:large","max-video-preview":"max-video-preview:-1"},"canonical":"https:\/\/narteks.net\/index.php\/2011\/02\/05\/sakli-bicak\/","og_locale":"tr_TR","og_type":"article","og_title":"SAKLI BI\u00c7AK","og_description":"sol el sakl\u0131 b\u0131\u00e7akkanad\u0131m gittim kendimdenkendimi bir ba\u015fkas\u0131n\u0131n \u00f6l\u00fcs\u00fc sanarak b\u00fct\u00fcn kar\u015f\u0131l\u0131klar\u0131 birden \u00e7al\u0131\u015fan simgeler gibiayn\u0131 g\u00fcne d\u00fc\u015fmez kaybettiklerimizin mevsimibaz\u0131 a\u015fklar yaln\u0131zca ayr\u0131l\u0131klar\u0131 i\u00e7in bile de\u011ferya\u015flan\u0131nca hat\u0131rlamakya\u015flan\u0131nca hat\u0131rlamakbiledik\u00e7e biliyorsunbir zamanlar sol elde tuttu\u011fun b\u0131\u00e7a\u011f\u0131nertelenmi\u015f hayaletikapanmam\u0131\u015f g\u00f6\u011fs\u00fcndey\u0131llar sonra yeniden kanayacak bunun i\u00e7in a\u015fkbunun i\u00e7in \u015fiir tutan sol elimayr\u0131l\u0131rken i\u00e7imi kaz\u0131d\u0131\u011f\u0131m sakl\u0131 b\u0131\u00e7ak eyl\u00fcl bitiyor sevgilimuzun eyl\u00fcl\u00fc [&hellip;]","og_url":"https:\/\/narteks.net\/index.php\/2011\/02\/05\/sakli-bicak\/","og_site_name":"narteks.net","article_published_time":"2011-02-05T14:59:35+00:00","og_image":[{"width":300,"height":90,"url":"https:\/\/narteks.net\/wp-content\/uploads\/narteks.png","type":"image\/png"}],"author":"Tar\u0131k","twitter_card":"summary_large_image","twitter_creator":"@narteks","twitter_site":"@narteks","twitter_misc":{"Yazan:":"Tar\u0131k","Tahmini okuma s\u00fcresi":"1 dakika"},"schema":{"@context":"https:\/\/schema.org","@graph":[{"@type":"Article","@id":"https:\/\/narteks.net\/index.php\/2011\/02\/05\/sakli-bicak\/#article","isPartOf":{"@id":"https:\/\/narteks.net\/index.php\/2011\/02\/05\/sakli-bicak\/"},"author":{"name":"Tar\u0131k","@id":"https:\/\/narteks.net\/#\/schema\/person\/61f37d9834294b72d31d274e7ed79bca"},"headline":"SAKLI BI\u00c7AK","datePublished":"2011-02-05T14:59:35+00:00","mainEntityOfPage":{"@id":"https:\/\/narteks.net\/index.php\/2011\/02\/05\/sakli-bicak\/"},"wordCount":122,"commentCount":0,"publisher":{"@id":"https:\/\/narteks.net\/#organization"},"articleSection":["Murathan MUNGAN"],"inLanguage":"tr","potentialAction":[{"@type":"CommentAction","name":"Comment","target":["https:\/\/narteks.net\/index.php\/2011\/02\/05\/sakli-bicak\/#respond"]}]},{"@type":"WebPage","@id":"https:\/\/narteks.net\/index.php\/2011\/02\/05\/sakli-bicak\/","url":"https:\/\/narteks.net\/index.php\/2011\/02\/05\/sakli-bicak\/","name":"SAKLI BI\u00c7AK - narteks.net","isPartOf":{"@id":"https:\/\/narteks.net\/#website"},"datePublished":"2011-02-05T14:59:35+00:00","breadcrumb":{"@id":"https:\/\/narteks.net\/index.php\/2011\/02\/05\/sakli-bicak\/#breadcrumb"},"inLanguage":"tr","potentialAction":[{"@type":"ReadAction","target":["https:\/\/narteks.net\/index.php\/2011\/02\/05\/sakli-bicak\/"]}]},{"@type":"BreadcrumbList","@id":"https:\/\/narteks.net\/index.php\/2011\/02\/05\/sakli-bicak\/#breadcrumb","itemListElement":[{"@type":"ListItem","position":1,"name":"Anasayfa","item":"https:\/\/narteks.net\/"},{"@type":"ListItem","position":2,"name":"SAKLI BI\u00c7AK"}]},{"@type":"WebSite","@id":"https:\/\/narteks.net\/#website","url":"https:\/\/narteks.net\/","name":"narteks.net","description":"K\u00fclt\u00fcr Sanat Edebiyat Felsefe","publisher":{"@id":"https:\/\/narteks.net\/#organization"},"alternateName":"K\u00fclt\u00fcr Sanat Edebiyat Felsefe","potentialAction":[{"@type":"SearchAction","target":{"@type":"EntryPoint","urlTemplate":"https:\/\/narteks.net\/?s={search_term_string}"},"query-input":{"@type":"PropertyValueSpecification","valueRequired":true,"valueName":"search_term_string"}}],"inLanguage":"tr"},{"@type":"Organization","@id":"https:\/\/narteks.net\/#organization","name":"narteks.net","url":"https:\/\/narteks.net\/","logo":{"@type":"ImageObject","inLanguage":"tr","@id":"https:\/\/narteks.net\/#\/schema\/logo\/image\/","url":"https:\/\/narteks.net\/wp-content\/uploads\/narteks.png","contentUrl":"https:\/\/narteks.net\/wp-content\/uploads\/narteks.png","width":300,"height":90,"caption":"narteks.net"},"image":{"@id":"https:\/\/narteks.net\/#\/schema\/logo\/image\/"},"sameAs":["https:\/\/x.com\/narteks","https:\/\/instagram.com\/narteksnet"]},{"@type":"Person","@id":"https:\/\/narteks.net\/#\/schema\/person\/61f37d9834294b72d31d274e7ed79bca","name":"Tar\u0131k","image":{"@type":"ImageObject","inLanguage":"tr","@id":"https:\/\/narteks.net\/#\/schema\/person\/image\/","url":"https:\/\/secure.gravatar.com\/avatar\/50865afb55632c4ae467e0af0930f6510aa2297d8014be502a55b14f3b7550cf?s=96&d=mm&r=g","contentUrl":"https:\/\/secure.gravatar.com\/avatar\/50865afb55632c4ae467e0af0930f6510aa2297d8014be502a55b14f3b7550cf?s=96&d=mm&r=g","caption":"Tar\u0131k"},"sameAs":["http:\/\/narteks.net"],"url":"https:\/\/narteks.net\/index.php\/author\/narbak\/"}]}},"_links":{"self":[{"href":"https:\/\/narteks.net\/index.php\/wp-json\/wp\/v2\/posts\/4981","targetHints":{"allow":["GET"]}}],"collection":[{"href":"https:\/\/narteks.net\/index.php\/wp-json\/wp\/v2\/posts"}],"about":[{"href":"https:\/\/narteks.net\/index.php\/wp-json\/wp\/v2\/types\/post"}],"author":[{"embeddable":true,"href":"https:\/\/narteks.net\/index.php\/wp-json\/wp\/v2\/users\/1"}],"replies":[{"embeddable":true,"href":"https:\/\/narteks.net\/index.php\/wp-json\/wp\/v2\/comments?post=4981"}],"version-history":[{"count":0,"href":"https:\/\/narteks.net\/index.php\/wp-json\/wp\/v2\/posts\/4981\/revisions"}],"wp:attachment":[{"href":"https:\/\/narteks.net\/index.php\/wp-json\/wp\/v2\/media?parent=4981"}],"wp:term":[{"taxonomy":"category","embeddable":true,"href":"https:\/\/narteks.net\/index.php\/wp-json\/wp\/v2\/categories?post=4981"},{"taxonomy":"post_tag","embeddable":true,"href":"https:\/\/narteks.net\/index.php\/wp-json\/wp\/v2\/tags?post=4981"}],"curies":[{"name":"wp","href":"https:\/\/api.w.org\/{rel}","templated":true}]}}