{"id":4987,"date":"2011-02-05T18:06:44","date_gmt":"2011-02-05T15:06:44","guid":{"rendered":"http:\/\/localhost\/wordpress\/2011\/02\/05\/sevgilim\/"},"modified":"2011-02-05T18:06:44","modified_gmt":"2011-02-05T15:06:44","slug":"sevgilim","status":"publish","type":"post","link":"https:\/\/narteks.net\/index.php\/2011\/02\/05\/sevgilim\/","title":{"rendered":"SEVG\u0130L\u0130M"},"content":{"rendered":"<p>Sevgilim,<br \/>yetimim benim,<\/p>\n<p>aylar nas\u0131l ge\u00e7iyor zaman hi\u00e7 ge\u00e7mezken<\/p>\n<p>kap\u0131lar kapal\u0131, d\u00fcnya buzlu cam<br \/>uyu\u015fmu\u015f g\u00f6zlerimin \u00f6n\u00fcnde<br \/>hayat ak\u0131p gidiyor hi\u00e7 k\u0131m\u0131ldamadan<\/p>\n<p>ikimizin yerine dinliyorum<br \/>sevdi\u011fin \u015fark\u0131lar\u0131<br \/>siyah ti\u015f\u00f6rt\u00fcn\u00fc giyiyorum yatarken<br \/>g\u00f6mleklerini, kazaklar\u0131n\u0131, kokunu<br \/>senin r\u00fcyalar\u0131n\u0131 g\u00f6r\u00fcyorum \u00f6l\u00fcr gibi uyurken<br \/>g\u00fcn boyu elimde kahve fincan\u0131<\/p>\n<p>kap\u0131y\u0131 a\u00e7m\u0131yorum<br \/>telefonlara \u00e7\u0131km\u0131yorum<br \/>ba\u015f\u0131n\u0131 bekliyorum gelece\u011fi olmayan hat\u0131ralar\u0131n<\/p>\n<p>Sevgilim,<br \/>yetimim benim,<br \/>nas\u0131l da kay\u0131ts\u0131z g\u00fcl\u00fcyorsun hayata<br \/>\u00f6ld\u00fc\u011f\u00fcnden haberi yok foto\u011fraflar\u0131n\u0131n <\/p>\n<p>Murathan MUNGAN<\/p>\n","protected":false},"excerpt":{"rendered":"<p>Sevgilim,yetimim benim, aylar nas\u0131l ge\u00e7iyor zaman hi\u00e7 ge\u00e7mezken kap\u0131lar kapal\u0131, d\u00fcnya buzlu camuyu\u015fmu\u015f g\u00f6zlerimin \u00f6n\u00fcndehayat ak\u0131p gidiyor hi\u00e7 k\u0131m\u0131ldamadan ikimizin yerine dinliyorumsevdi\u011fin \u015fark\u0131lar\u0131siyah ti\u015f\u00f6rt\u00fcn\u00fc giyiyorum yatarkeng\u00f6mleklerini, kazaklar\u0131n\u0131, kokunusenin r\u00fcyalar\u0131n\u0131 g\u00f6r\u00fcyorum \u00f6l\u00fcr gibi uyurkeng\u00fcn boyu elimde kahve fincan\u0131 kap\u0131y\u0131 a\u00e7m\u0131yorumtelefonlara \u00e7\u0131km\u0131yorumba\u015f\u0131n\u0131 bekliyorum gelece\u011fi olmayan hat\u0131ralar\u0131n Sevgilim,yetimim benim,nas\u0131l da kay\u0131ts\u0131z g\u00fcl\u00fcyorsun hayata\u00f6ld\u00fc\u011f\u00fcnden haberi yok foto\u011fraflar\u0131n\u0131n Murathan MUNGAN<\/p>\n","protected":false},"author":1,"featured_media":0,"comment_status":"open","ping_status":"open","sticky":false,"template":"","format":"standard","meta":{"footnotes":""},"categories":[154],"tags":[],"class_list":{"0":"post-4987","1":"post","2":"type-post","3":"status-publish","4":"format-standard","6":"category-murathan-mungan"},"yoast_head":"<!-- This site is optimized with the Yoast SEO Premium plugin v24.9 (Yoast SEO v24.9) - https:\/\/yoast.com\/wordpress\/plugins\/seo\/ -->\n<title>SEVG\u0130L\u0130M - narteks.net<\/title>\n<meta name=\"robots\" content=\"index, follow, max-snippet:-1, max-image-preview:large, max-video-preview:-1\" \/>\n<link rel=\"canonical\" href=\"https:\/\/narteks.net\/index.php\/2011\/02\/05\/sevgilim\/\" \/>\n<meta property=\"og:locale\" content=\"tr_TR\" \/>\n<meta property=\"og:type\" content=\"article\" \/>\n<meta property=\"og:title\" content=\"SEVG\u0130L\u0130M\" \/>\n<meta property=\"og:description\" content=\"Sevgilim,yetimim benim, aylar nas\u0131l ge\u00e7iyor zaman hi\u00e7 ge\u00e7mezken kap\u0131lar kapal\u0131, d\u00fcnya buzlu camuyu\u015fmu\u015f g\u00f6zlerimin \u00f6n\u00fcndehayat ak\u0131p gidiyor hi\u00e7 k\u0131m\u0131ldamadan ikimizin yerine dinliyorumsevdi\u011fin \u015fark\u0131lar\u0131siyah ti\u015f\u00f6rt\u00fcn\u00fc giyiyorum yatarkeng\u00f6mleklerini, kazaklar\u0131n\u0131, kokunusenin r\u00fcyalar\u0131n\u0131 g\u00f6r\u00fcyorum \u00f6l\u00fcr gibi uyurkeng\u00fcn boyu elimde kahve fincan\u0131 kap\u0131y\u0131 a\u00e7m\u0131yorumtelefonlara \u00e7\u0131km\u0131yorumba\u015f\u0131n\u0131 bekliyorum gelece\u011fi olmayan hat\u0131ralar\u0131n Sevgilim,yetimim benim,nas\u0131l da kay\u0131ts\u0131z g\u00fcl\u00fcyorsun hayata\u00f6ld\u00fc\u011f\u00fcnden haberi yok foto\u011fraflar\u0131n\u0131n Murathan MUNGAN\" \/>\n<meta property=\"og:url\" content=\"https:\/\/narteks.net\/index.php\/2011\/02\/05\/sevgilim\/\" \/>\n<meta property=\"og:site_name\" content=\"narteks.net\" \/>\n<meta property=\"article:published_time\" content=\"2011-02-05T15:06:44+00:00\" \/>\n<meta property=\"og:image\" content=\"https:\/\/narteks.net\/wp-content\/uploads\/narteks.png\" \/>\n\t<meta property=\"og:image:width\" content=\"300\" \/>\n\t<meta property=\"og:image:height\" content=\"90\" \/>\n\t<meta property=\"og:image:type\" content=\"image\/png\" \/>\n<meta name=\"author\" content=\"Tar\u0131k\" \/>\n<meta name=\"twitter:card\" content=\"summary_large_image\" \/>\n<meta name=\"twitter:creator\" content=\"@narteks\" \/>\n<meta name=\"twitter:site\" content=\"@narteks\" \/>\n<meta name=\"twitter:label1\" content=\"Yazan:\" \/>\n\t<meta name=\"twitter:data1\" content=\"Tar\u0131k\" \/>\n<script type=\"application\/ld+json\" class=\"yoast-schema-graph\">{\"@context\":\"https:\/\/schema.org\",\"@graph\":[{\"@type\":\"Article\",\"@id\":\"https:\/\/narteks.net\/index.php\/2011\/02\/05\/sevgilim\/#article\",\"isPartOf\":{\"@id\":\"https:\/\/narteks.net\/index.php\/2011\/02\/05\/sevgilim\/\"},\"author\":{\"name\":\"Tar\u0131k\",\"@id\":\"https:\/\/narteks.net\/#\/schema\/person\/61f37d9834294b72d31d274e7ed79bca\"},\"headline\":\"SEVG\u0130L\u0130M\",\"datePublished\":\"2011-02-05T15:06:44+00:00\",\"mainEntityOfPage\":{\"@id\":\"https:\/\/narteks.net\/index.php\/2011\/02\/05\/sevgilim\/\"},\"wordCount\":103,\"commentCount\":0,\"publisher\":{\"@id\":\"https:\/\/narteks.net\/#organization\"},\"articleSection\":[\"Murathan MUNGAN\"],\"inLanguage\":\"tr\",\"potentialAction\":[{\"@type\":\"CommentAction\",\"name\":\"Comment\",\"target\":[\"https:\/\/narteks.net\/index.php\/2011\/02\/05\/sevgilim\/#respond\"]}]},{\"@type\":\"WebPage\",\"@id\":\"https:\/\/narteks.net\/index.php\/2011\/02\/05\/sevgilim\/\",\"url\":\"https:\/\/narteks.net\/index.php\/2011\/02\/05\/sevgilim\/\",\"name\":\"SEVG\u0130L\u0130M - narteks.net\",\"isPartOf\":{\"@id\":\"https:\/\/narteks.net\/#website\"},\"datePublished\":\"2011-02-05T15:06:44+00:00\",\"breadcrumb\":{\"@id\":\"https:\/\/narteks.net\/index.php\/2011\/02\/05\/sevgilim\/#breadcrumb\"},\"inLanguage\":\"tr\",\"potentialAction\":[{\"@type\":\"ReadAction\",\"target\":[\"https:\/\/narteks.net\/index.php\/2011\/02\/05\/sevgilim\/\"]}]},{\"@type\":\"BreadcrumbList\",\"@id\":\"https:\/\/narteks.net\/index.php\/2011\/02\/05\/sevgilim\/#breadcrumb\",\"itemListElement\":[{\"@type\":\"ListItem\",\"position\":1,\"name\":\"Anasayfa\",\"item\":\"https:\/\/narteks.net\/\"},{\"@type\":\"ListItem\",\"position\":2,\"name\":\"SEVG\u0130L\u0130M\"}]},{\"@type\":\"WebSite\",\"@id\":\"https:\/\/narteks.net\/#website\",\"url\":\"https:\/\/narteks.net\/\",\"name\":\"narteks.net\",\"description\":\"K\u00fclt\u00fcr Sanat Edebiyat Felsefe\",\"publisher\":{\"@id\":\"https:\/\/narteks.net\/#organization\"},\"alternateName\":\"K\u00fclt\u00fcr Sanat Edebiyat Felsefe\",\"potentialAction\":[{\"@type\":\"SearchAction\",\"target\":{\"@type\":\"EntryPoint\",\"urlTemplate\":\"https:\/\/narteks.net\/?s={search_term_string}\"},\"query-input\":{\"@type\":\"PropertyValueSpecification\",\"valueRequired\":true,\"valueName\":\"search_term_string\"}}],\"inLanguage\":\"tr\"},{\"@type\":\"Organization\",\"@id\":\"https:\/\/narteks.net\/#organization\",\"name\":\"narteks.net\",\"url\":\"https:\/\/narteks.net\/\",\"logo\":{\"@type\":\"ImageObject\",\"inLanguage\":\"tr\",\"@id\":\"https:\/\/narteks.net\/#\/schema\/logo\/image\/\",\"url\":\"https:\/\/narteks.net\/wp-content\/uploads\/narteks.png\",\"contentUrl\":\"https:\/\/narteks.net\/wp-content\/uploads\/narteks.png\",\"width\":300,\"height\":90,\"caption\":\"narteks.net\"},\"image\":{\"@id\":\"https:\/\/narteks.net\/#\/schema\/logo\/image\/\"},\"sameAs\":[\"https:\/\/x.com\/narteks\",\"https:\/\/instagram.com\/narteksnet\"]},{\"@type\":\"Person\",\"@id\":\"https:\/\/narteks.net\/#\/schema\/person\/61f37d9834294b72d31d274e7ed79bca\",\"name\":\"Tar\u0131k\",\"image\":{\"@type\":\"ImageObject\",\"inLanguage\":\"tr\",\"@id\":\"https:\/\/narteks.net\/#\/schema\/person\/image\/\",\"url\":\"https:\/\/secure.gravatar.com\/avatar\/50865afb55632c4ae467e0af0930f6510aa2297d8014be502a55b14f3b7550cf?s=96&d=mm&r=g\",\"contentUrl\":\"https:\/\/secure.gravatar.com\/avatar\/50865afb55632c4ae467e0af0930f6510aa2297d8014be502a55b14f3b7550cf?s=96&d=mm&r=g\",\"caption\":\"Tar\u0131k\"},\"sameAs\":[\"http:\/\/narteks.net\"],\"url\":\"https:\/\/narteks.net\/index.php\/author\/narbak\/\"}]}<\/script>\n<!-- \/ Yoast SEO Premium plugin. -->","yoast_head_json":{"title":"SEVG\u0130L\u0130M - narteks.net","robots":{"index":"index","follow":"follow","max-snippet":"max-snippet:-1","max-image-preview":"max-image-preview:large","max-video-preview":"max-video-preview:-1"},"canonical":"https:\/\/narteks.net\/index.php\/2011\/02\/05\/sevgilim\/","og_locale":"tr_TR","og_type":"article","og_title":"SEVG\u0130L\u0130M","og_description":"Sevgilim,yetimim benim, aylar nas\u0131l ge\u00e7iyor zaman hi\u00e7 ge\u00e7mezken kap\u0131lar kapal\u0131, d\u00fcnya buzlu camuyu\u015fmu\u015f g\u00f6zlerimin \u00f6n\u00fcndehayat ak\u0131p gidiyor hi\u00e7 k\u0131m\u0131ldamadan ikimizin yerine dinliyorumsevdi\u011fin \u015fark\u0131lar\u0131siyah ti\u015f\u00f6rt\u00fcn\u00fc giyiyorum yatarkeng\u00f6mleklerini, kazaklar\u0131n\u0131, kokunusenin r\u00fcyalar\u0131n\u0131 g\u00f6r\u00fcyorum \u00f6l\u00fcr gibi uyurkeng\u00fcn boyu elimde kahve fincan\u0131 kap\u0131y\u0131 a\u00e7m\u0131yorumtelefonlara \u00e7\u0131km\u0131yorumba\u015f\u0131n\u0131 bekliyorum gelece\u011fi olmayan hat\u0131ralar\u0131n Sevgilim,yetimim benim,nas\u0131l da kay\u0131ts\u0131z g\u00fcl\u00fcyorsun hayata\u00f6ld\u00fc\u011f\u00fcnden haberi yok foto\u011fraflar\u0131n\u0131n Murathan MUNGAN","og_url":"https:\/\/narteks.net\/index.php\/2011\/02\/05\/sevgilim\/","og_site_name":"narteks.net","article_published_time":"2011-02-05T15:06:44+00:00","og_image":[{"width":300,"height":90,"url":"https:\/\/narteks.net\/wp-content\/uploads\/narteks.png","type":"image\/png"}],"author":"Tar\u0131k","twitter_card":"summary_large_image","twitter_creator":"@narteks","twitter_site":"@narteks","twitter_misc":{"Yazan:":"Tar\u0131k"},"schema":{"@context":"https:\/\/schema.org","@graph":[{"@type":"Article","@id":"https:\/\/narteks.net\/index.php\/2011\/02\/05\/sevgilim\/#article","isPartOf":{"@id":"https:\/\/narteks.net\/index.php\/2011\/02\/05\/sevgilim\/"},"author":{"name":"Tar\u0131k","@id":"https:\/\/narteks.net\/#\/schema\/person\/61f37d9834294b72d31d274e7ed79bca"},"headline":"SEVG\u0130L\u0130M","datePublished":"2011-02-05T15:06:44+00:00","mainEntityOfPage":{"@id":"https:\/\/narteks.net\/index.php\/2011\/02\/05\/sevgilim\/"},"wordCount":103,"commentCount":0,"publisher":{"@id":"https:\/\/narteks.net\/#organization"},"articleSection":["Murathan MUNGAN"],"inLanguage":"tr","potentialAction":[{"@type":"CommentAction","name":"Comment","target":["https:\/\/narteks.net\/index.php\/2011\/02\/05\/sevgilim\/#respond"]}]},{"@type":"WebPage","@id":"https:\/\/narteks.net\/index.php\/2011\/02\/05\/sevgilim\/","url":"https:\/\/narteks.net\/index.php\/2011\/02\/05\/sevgilim\/","name":"SEVG\u0130L\u0130M - narteks.net","isPartOf":{"@id":"https:\/\/narteks.net\/#website"},"datePublished":"2011-02-05T15:06:44+00:00","breadcrumb":{"@id":"https:\/\/narteks.net\/index.php\/2011\/02\/05\/sevgilim\/#breadcrumb"},"inLanguage":"tr","potentialAction":[{"@type":"ReadAction","target":["https:\/\/narteks.net\/index.php\/2011\/02\/05\/sevgilim\/"]}]},{"@type":"BreadcrumbList","@id":"https:\/\/narteks.net\/index.php\/2011\/02\/05\/sevgilim\/#breadcrumb","itemListElement":[{"@type":"ListItem","position":1,"name":"Anasayfa","item":"https:\/\/narteks.net\/"},{"@type":"ListItem","position":2,"name":"SEVG\u0130L\u0130M"}]},{"@type":"WebSite","@id":"https:\/\/narteks.net\/#website","url":"https:\/\/narteks.net\/","name":"narteks.net","description":"K\u00fclt\u00fcr Sanat Edebiyat Felsefe","publisher":{"@id":"https:\/\/narteks.net\/#organization"},"alternateName":"K\u00fclt\u00fcr Sanat Edebiyat Felsefe","potentialAction":[{"@type":"SearchAction","target":{"@type":"EntryPoint","urlTemplate":"https:\/\/narteks.net\/?s={search_term_string}"},"query-input":{"@type":"PropertyValueSpecification","valueRequired":true,"valueName":"search_term_string"}}],"inLanguage":"tr"},{"@type":"Organization","@id":"https:\/\/narteks.net\/#organization","name":"narteks.net","url":"https:\/\/narteks.net\/","logo":{"@type":"ImageObject","inLanguage":"tr","@id":"https:\/\/narteks.net\/#\/schema\/logo\/image\/","url":"https:\/\/narteks.net\/wp-content\/uploads\/narteks.png","contentUrl":"https:\/\/narteks.net\/wp-content\/uploads\/narteks.png","width":300,"height":90,"caption":"narteks.net"},"image":{"@id":"https:\/\/narteks.net\/#\/schema\/logo\/image\/"},"sameAs":["https:\/\/x.com\/narteks","https:\/\/instagram.com\/narteksnet"]},{"@type":"Person","@id":"https:\/\/narteks.net\/#\/schema\/person\/61f37d9834294b72d31d274e7ed79bca","name":"Tar\u0131k","image":{"@type":"ImageObject","inLanguage":"tr","@id":"https:\/\/narteks.net\/#\/schema\/person\/image\/","url":"https:\/\/secure.gravatar.com\/avatar\/50865afb55632c4ae467e0af0930f6510aa2297d8014be502a55b14f3b7550cf?s=96&d=mm&r=g","contentUrl":"https:\/\/secure.gravatar.com\/avatar\/50865afb55632c4ae467e0af0930f6510aa2297d8014be502a55b14f3b7550cf?s=96&d=mm&r=g","caption":"Tar\u0131k"},"sameAs":["http:\/\/narteks.net"],"url":"https:\/\/narteks.net\/index.php\/author\/narbak\/"}]}},"_links":{"self":[{"href":"https:\/\/narteks.net\/index.php\/wp-json\/wp\/v2\/posts\/4987","targetHints":{"allow":["GET"]}}],"collection":[{"href":"https:\/\/narteks.net\/index.php\/wp-json\/wp\/v2\/posts"}],"about":[{"href":"https:\/\/narteks.net\/index.php\/wp-json\/wp\/v2\/types\/post"}],"author":[{"embeddable":true,"href":"https:\/\/narteks.net\/index.php\/wp-json\/wp\/v2\/users\/1"}],"replies":[{"embeddable":true,"href":"https:\/\/narteks.net\/index.php\/wp-json\/wp\/v2\/comments?post=4987"}],"version-history":[{"count":0,"href":"https:\/\/narteks.net\/index.php\/wp-json\/wp\/v2\/posts\/4987\/revisions"}],"wp:attachment":[{"href":"https:\/\/narteks.net\/index.php\/wp-json\/wp\/v2\/media?parent=4987"}],"wp:term":[{"taxonomy":"category","embeddable":true,"href":"https:\/\/narteks.net\/index.php\/wp-json\/wp\/v2\/categories?post=4987"},{"taxonomy":"post_tag","embeddable":true,"href":"https:\/\/narteks.net\/index.php\/wp-json\/wp\/v2\/tags?post=4987"}],"curies":[{"name":"wp","href":"https:\/\/api.w.org\/{rel}","templated":true}]}}