{"id":4989,"date":"2011-02-05T18:08:27","date_gmt":"2011-02-05T15:08:27","guid":{"rendered":"http:\/\/localhost\/wordpress\/2011\/02\/05\/siyah-ferman\/"},"modified":"2011-02-05T18:08:27","modified_gmt":"2011-02-05T15:08:27","slug":"siyah-ferman","status":"publish","type":"post","link":"https:\/\/narteks.net\/index.php\/2011\/02\/05\/siyah-ferman\/","title":{"rendered":"S\u0130YAH FERMAN"},"content":{"rendered":"<p>ferman siyah\u0131 ya da siyah kan<br \/>nereden okudu\u011funa ba\u011fl\u0131<br \/>a\u015fk k\u00f6r\u00fc g\u00f6zlerin<br \/>kendini inand\u0131rd\u0131\u011f\u0131 fal\u0131<\/p>\n<p>bir hikayeyi sonuna kadar ya\u015famak u\u011fruna<br \/>daha ba\u015flang\u0131\u00e7ta g\u00f6z yumulan<br \/>birka\u00e7 karanl\u0131k i\u015faret<br \/>akt\u0131k\u00e7a<br \/>siyaha boyar b\u00fct\u00fcn ferman<\/p>\n<p>ferman\u0131n okunmaz siyah olan\u0131<br \/>denir<\/p>\n<p>g\u00f6rmezden gelinen karanl\u0131\u011f\u0131n kan\u0131d\u0131r oysa<br \/>ilerledik\u00e7e<br \/>ferman\u0131 siyah yapan<br \/>okunmaz yaz\u0131 de\u011fil<br \/>bu kaderin daha ba\u015f\u0131ndan okunabilirli\u011fidir<\/p>\n<p>en k\u0131sa fermand\u0131r siyah olan<br \/>a\u015fk ile \u00f6l\u00fcm aras\u0131nda<br \/>en k\u0131sa yolu se\u00e7mi\u015ftir<br \/>\u00f6l\u00fcme gitmek i\u00e7in a\u015fk<br \/>her ne kadar sonlarda okunsa da<br \/>fermanlar\u0131n ilkidir <\/p>\n<p>Murathan MUNGAN<\/p>\n","protected":false},"excerpt":{"rendered":"<p>ferman siyah\u0131 ya da siyah kannereden okudu\u011funa ba\u011fl\u0131a\u015fk k\u00f6r\u00fc g\u00f6zlerinkendini inand\u0131rd\u0131\u011f\u0131 fal\u0131 bir hikayeyi sonuna kadar ya\u015famak u\u011frunadaha ba\u015flang\u0131\u00e7ta g\u00f6z yumulanbirka\u00e7 karanl\u0131k i\u015faretakt\u0131k\u00e7asiyaha boyar b\u00fct\u00fcn ferman ferman\u0131n okunmaz siyah olan\u0131denir g\u00f6rmezden gelinen karanl\u0131\u011f\u0131n kan\u0131d\u0131r oysailerledik\u00e7eferman\u0131 siyah yapanokunmaz yaz\u0131 de\u011filbu kaderin daha ba\u015f\u0131ndan okunabilirli\u011fidir en k\u0131sa fermand\u0131r siyah olana\u015fk ile \u00f6l\u00fcm aras\u0131ndaen k\u0131sa yolu se\u00e7mi\u015ftir\u00f6l\u00fcme gitmek [&hellip;]<\/p>\n","protected":false},"author":1,"featured_media":0,"comment_status":"open","ping_status":"open","sticky":false,"template":"","format":"standard","meta":{"footnotes":""},"categories":[154],"tags":[],"class_list":{"0":"post-4989","1":"post","2":"type-post","3":"status-publish","4":"format-standard","6":"category-murathan-mungan"},"yoast_head":"<!-- This site is optimized with the Yoast SEO Premium plugin v24.9 (Yoast SEO v24.9) - https:\/\/yoast.com\/wordpress\/plugins\/seo\/ -->\n<title>S\u0130YAH FERMAN - narteks.net<\/title>\n<meta name=\"robots\" content=\"index, follow, max-snippet:-1, max-image-preview:large, max-video-preview:-1\" \/>\n<link rel=\"canonical\" href=\"https:\/\/narteks.net\/index.php\/2011\/02\/05\/siyah-ferman\/\" \/>\n<meta property=\"og:locale\" content=\"tr_TR\" \/>\n<meta property=\"og:type\" content=\"article\" \/>\n<meta property=\"og:title\" content=\"S\u0130YAH FERMAN\" \/>\n<meta property=\"og:description\" content=\"ferman siyah\u0131 ya da siyah kannereden okudu\u011funa ba\u011fl\u0131a\u015fk k\u00f6r\u00fc g\u00f6zlerinkendini inand\u0131rd\u0131\u011f\u0131 fal\u0131 bir hikayeyi sonuna kadar ya\u015famak u\u011frunadaha ba\u015flang\u0131\u00e7ta g\u00f6z yumulanbirka\u00e7 karanl\u0131k i\u015faretakt\u0131k\u00e7asiyaha boyar b\u00fct\u00fcn ferman ferman\u0131n okunmaz siyah olan\u0131denir g\u00f6rmezden gelinen karanl\u0131\u011f\u0131n kan\u0131d\u0131r oysailerledik\u00e7eferman\u0131 siyah yapanokunmaz yaz\u0131 de\u011filbu kaderin daha ba\u015f\u0131ndan okunabilirli\u011fidir en k\u0131sa fermand\u0131r siyah olana\u015fk ile \u00f6l\u00fcm aras\u0131ndaen k\u0131sa yolu se\u00e7mi\u015ftir\u00f6l\u00fcme gitmek [&hellip;]\" \/>\n<meta property=\"og:url\" content=\"https:\/\/narteks.net\/index.php\/2011\/02\/05\/siyah-ferman\/\" \/>\n<meta property=\"og:site_name\" content=\"narteks.net\" \/>\n<meta property=\"article:published_time\" content=\"2011-02-05T15:08:27+00:00\" \/>\n<meta property=\"og:image\" content=\"https:\/\/narteks.net\/wp-content\/uploads\/narteks.png\" \/>\n\t<meta property=\"og:image:width\" content=\"300\" \/>\n\t<meta property=\"og:image:height\" content=\"90\" \/>\n\t<meta property=\"og:image:type\" content=\"image\/png\" \/>\n<meta name=\"author\" content=\"Tar\u0131k\" \/>\n<meta name=\"twitter:card\" content=\"summary_large_image\" \/>\n<meta name=\"twitter:creator\" content=\"@narteks\" \/>\n<meta name=\"twitter:site\" content=\"@narteks\" \/>\n<meta name=\"twitter:label1\" content=\"Yazan:\" \/>\n\t<meta name=\"twitter:data1\" content=\"Tar\u0131k\" \/>\n\t<meta name=\"twitter:label2\" content=\"Tahmini okuma s\u00fcresi\" \/>\n\t<meta name=\"twitter:data2\" content=\"1 dakika\" \/>\n<script type=\"application\/ld+json\" class=\"yoast-schema-graph\">{\"@context\":\"https:\/\/schema.org\",\"@graph\":[{\"@type\":\"Article\",\"@id\":\"https:\/\/narteks.net\/index.php\/2011\/02\/05\/siyah-ferman\/#article\",\"isPartOf\":{\"@id\":\"https:\/\/narteks.net\/index.php\/2011\/02\/05\/siyah-ferman\/\"},\"author\":{\"name\":\"Tar\u0131k\",\"@id\":\"https:\/\/narteks.net\/#\/schema\/person\/61f37d9834294b72d31d274e7ed79bca\"},\"headline\":\"S\u0130YAH FERMAN\",\"datePublished\":\"2011-02-05T15:08:27+00:00\",\"mainEntityOfPage\":{\"@id\":\"https:\/\/narteks.net\/index.php\/2011\/02\/05\/siyah-ferman\/\"},\"wordCount\":109,\"commentCount\":0,\"publisher\":{\"@id\":\"https:\/\/narteks.net\/#organization\"},\"articleSection\":[\"Murathan MUNGAN\"],\"inLanguage\":\"tr\",\"potentialAction\":[{\"@type\":\"CommentAction\",\"name\":\"Comment\",\"target\":[\"https:\/\/narteks.net\/index.php\/2011\/02\/05\/siyah-ferman\/#respond\"]}]},{\"@type\":\"WebPage\",\"@id\":\"https:\/\/narteks.net\/index.php\/2011\/02\/05\/siyah-ferman\/\",\"url\":\"https:\/\/narteks.net\/index.php\/2011\/02\/05\/siyah-ferman\/\",\"name\":\"S\u0130YAH FERMAN - narteks.net\",\"isPartOf\":{\"@id\":\"https:\/\/narteks.net\/#website\"},\"datePublished\":\"2011-02-05T15:08:27+00:00\",\"breadcrumb\":{\"@id\":\"https:\/\/narteks.net\/index.php\/2011\/02\/05\/siyah-ferman\/#breadcrumb\"},\"inLanguage\":\"tr\",\"potentialAction\":[{\"@type\":\"ReadAction\",\"target\":[\"https:\/\/narteks.net\/index.php\/2011\/02\/05\/siyah-ferman\/\"]}]},{\"@type\":\"BreadcrumbList\",\"@id\":\"https:\/\/narteks.net\/index.php\/2011\/02\/05\/siyah-ferman\/#breadcrumb\",\"itemListElement\":[{\"@type\":\"ListItem\",\"position\":1,\"name\":\"Anasayfa\",\"item\":\"https:\/\/narteks.net\/\"},{\"@type\":\"ListItem\",\"position\":2,\"name\":\"S\u0130YAH FERMAN\"}]},{\"@type\":\"WebSite\",\"@id\":\"https:\/\/narteks.net\/#website\",\"url\":\"https:\/\/narteks.net\/\",\"name\":\"narteks.net\",\"description\":\"K\u00fclt\u00fcr Sanat Edebiyat Felsefe\",\"publisher\":{\"@id\":\"https:\/\/narteks.net\/#organization\"},\"alternateName\":\"K\u00fclt\u00fcr Sanat Edebiyat Felsefe\",\"potentialAction\":[{\"@type\":\"SearchAction\",\"target\":{\"@type\":\"EntryPoint\",\"urlTemplate\":\"https:\/\/narteks.net\/?s={search_term_string}\"},\"query-input\":{\"@type\":\"PropertyValueSpecification\",\"valueRequired\":true,\"valueName\":\"search_term_string\"}}],\"inLanguage\":\"tr\"},{\"@type\":\"Organization\",\"@id\":\"https:\/\/narteks.net\/#organization\",\"name\":\"narteks.net\",\"url\":\"https:\/\/narteks.net\/\",\"logo\":{\"@type\":\"ImageObject\",\"inLanguage\":\"tr\",\"@id\":\"https:\/\/narteks.net\/#\/schema\/logo\/image\/\",\"url\":\"https:\/\/narteks.net\/wp-content\/uploads\/narteks.png\",\"contentUrl\":\"https:\/\/narteks.net\/wp-content\/uploads\/narteks.png\",\"width\":300,\"height\":90,\"caption\":\"narteks.net\"},\"image\":{\"@id\":\"https:\/\/narteks.net\/#\/schema\/logo\/image\/\"},\"sameAs\":[\"https:\/\/x.com\/narteks\",\"https:\/\/instagram.com\/narteksnet\"]},{\"@type\":\"Person\",\"@id\":\"https:\/\/narteks.net\/#\/schema\/person\/61f37d9834294b72d31d274e7ed79bca\",\"name\":\"Tar\u0131k\",\"image\":{\"@type\":\"ImageObject\",\"inLanguage\":\"tr\",\"@id\":\"https:\/\/narteks.net\/#\/schema\/person\/image\/\",\"url\":\"https:\/\/secure.gravatar.com\/avatar\/50865afb55632c4ae467e0af0930f6510aa2297d8014be502a55b14f3b7550cf?s=96&d=mm&r=g\",\"contentUrl\":\"https:\/\/secure.gravatar.com\/avatar\/50865afb55632c4ae467e0af0930f6510aa2297d8014be502a55b14f3b7550cf?s=96&d=mm&r=g\",\"caption\":\"Tar\u0131k\"},\"sameAs\":[\"http:\/\/narteks.net\"],\"url\":\"https:\/\/narteks.net\/index.php\/author\/narbak\/\"}]}<\/script>\n<!-- \/ Yoast SEO Premium plugin. -->","yoast_head_json":{"title":"S\u0130YAH FERMAN - narteks.net","robots":{"index":"index","follow":"follow","max-snippet":"max-snippet:-1","max-image-preview":"max-image-preview:large","max-video-preview":"max-video-preview:-1"},"canonical":"https:\/\/narteks.net\/index.php\/2011\/02\/05\/siyah-ferman\/","og_locale":"tr_TR","og_type":"article","og_title":"S\u0130YAH FERMAN","og_description":"ferman siyah\u0131 ya da siyah kannereden okudu\u011funa ba\u011fl\u0131a\u015fk k\u00f6r\u00fc g\u00f6zlerinkendini inand\u0131rd\u0131\u011f\u0131 fal\u0131 bir hikayeyi sonuna kadar ya\u015famak u\u011frunadaha ba\u015flang\u0131\u00e7ta g\u00f6z yumulanbirka\u00e7 karanl\u0131k i\u015faretakt\u0131k\u00e7asiyaha boyar b\u00fct\u00fcn ferman ferman\u0131n okunmaz siyah olan\u0131denir g\u00f6rmezden gelinen karanl\u0131\u011f\u0131n kan\u0131d\u0131r oysailerledik\u00e7eferman\u0131 siyah yapanokunmaz yaz\u0131 de\u011filbu kaderin daha ba\u015f\u0131ndan okunabilirli\u011fidir en k\u0131sa fermand\u0131r siyah olana\u015fk ile \u00f6l\u00fcm aras\u0131ndaen k\u0131sa yolu se\u00e7mi\u015ftir\u00f6l\u00fcme gitmek [&hellip;]","og_url":"https:\/\/narteks.net\/index.php\/2011\/02\/05\/siyah-ferman\/","og_site_name":"narteks.net","article_published_time":"2011-02-05T15:08:27+00:00","og_image":[{"width":300,"height":90,"url":"https:\/\/narteks.net\/wp-content\/uploads\/narteks.png","type":"image\/png"}],"author":"Tar\u0131k","twitter_card":"summary_large_image","twitter_creator":"@narteks","twitter_site":"@narteks","twitter_misc":{"Yazan:":"Tar\u0131k","Tahmini okuma s\u00fcresi":"1 dakika"},"schema":{"@context":"https:\/\/schema.org","@graph":[{"@type":"Article","@id":"https:\/\/narteks.net\/index.php\/2011\/02\/05\/siyah-ferman\/#article","isPartOf":{"@id":"https:\/\/narteks.net\/index.php\/2011\/02\/05\/siyah-ferman\/"},"author":{"name":"Tar\u0131k","@id":"https:\/\/narteks.net\/#\/schema\/person\/61f37d9834294b72d31d274e7ed79bca"},"headline":"S\u0130YAH FERMAN","datePublished":"2011-02-05T15:08:27+00:00","mainEntityOfPage":{"@id":"https:\/\/narteks.net\/index.php\/2011\/02\/05\/siyah-ferman\/"},"wordCount":109,"commentCount":0,"publisher":{"@id":"https:\/\/narteks.net\/#organization"},"articleSection":["Murathan MUNGAN"],"inLanguage":"tr","potentialAction":[{"@type":"CommentAction","name":"Comment","target":["https:\/\/narteks.net\/index.php\/2011\/02\/05\/siyah-ferman\/#respond"]}]},{"@type":"WebPage","@id":"https:\/\/narteks.net\/index.php\/2011\/02\/05\/siyah-ferman\/","url":"https:\/\/narteks.net\/index.php\/2011\/02\/05\/siyah-ferman\/","name":"S\u0130YAH FERMAN - narteks.net","isPartOf":{"@id":"https:\/\/narteks.net\/#website"},"datePublished":"2011-02-05T15:08:27+00:00","breadcrumb":{"@id":"https:\/\/narteks.net\/index.php\/2011\/02\/05\/siyah-ferman\/#breadcrumb"},"inLanguage":"tr","potentialAction":[{"@type":"ReadAction","target":["https:\/\/narteks.net\/index.php\/2011\/02\/05\/siyah-ferman\/"]}]},{"@type":"BreadcrumbList","@id":"https:\/\/narteks.net\/index.php\/2011\/02\/05\/siyah-ferman\/#breadcrumb","itemListElement":[{"@type":"ListItem","position":1,"name":"Anasayfa","item":"https:\/\/narteks.net\/"},{"@type":"ListItem","position":2,"name":"S\u0130YAH FERMAN"}]},{"@type":"WebSite","@id":"https:\/\/narteks.net\/#website","url":"https:\/\/narteks.net\/","name":"narteks.net","description":"K\u00fclt\u00fcr Sanat Edebiyat Felsefe","publisher":{"@id":"https:\/\/narteks.net\/#organization"},"alternateName":"K\u00fclt\u00fcr Sanat Edebiyat Felsefe","potentialAction":[{"@type":"SearchAction","target":{"@type":"EntryPoint","urlTemplate":"https:\/\/narteks.net\/?s={search_term_string}"},"query-input":{"@type":"PropertyValueSpecification","valueRequired":true,"valueName":"search_term_string"}}],"inLanguage":"tr"},{"@type":"Organization","@id":"https:\/\/narteks.net\/#organization","name":"narteks.net","url":"https:\/\/narteks.net\/","logo":{"@type":"ImageObject","inLanguage":"tr","@id":"https:\/\/narteks.net\/#\/schema\/logo\/image\/","url":"https:\/\/narteks.net\/wp-content\/uploads\/narteks.png","contentUrl":"https:\/\/narteks.net\/wp-content\/uploads\/narteks.png","width":300,"height":90,"caption":"narteks.net"},"image":{"@id":"https:\/\/narteks.net\/#\/schema\/logo\/image\/"},"sameAs":["https:\/\/x.com\/narteks","https:\/\/instagram.com\/narteksnet"]},{"@type":"Person","@id":"https:\/\/narteks.net\/#\/schema\/person\/61f37d9834294b72d31d274e7ed79bca","name":"Tar\u0131k","image":{"@type":"ImageObject","inLanguage":"tr","@id":"https:\/\/narteks.net\/#\/schema\/person\/image\/","url":"https:\/\/secure.gravatar.com\/avatar\/50865afb55632c4ae467e0af0930f6510aa2297d8014be502a55b14f3b7550cf?s=96&d=mm&r=g","contentUrl":"https:\/\/secure.gravatar.com\/avatar\/50865afb55632c4ae467e0af0930f6510aa2297d8014be502a55b14f3b7550cf?s=96&d=mm&r=g","caption":"Tar\u0131k"},"sameAs":["http:\/\/narteks.net"],"url":"https:\/\/narteks.net\/index.php\/author\/narbak\/"}]}},"_links":{"self":[{"href":"https:\/\/narteks.net\/index.php\/wp-json\/wp\/v2\/posts\/4989","targetHints":{"allow":["GET"]}}],"collection":[{"href":"https:\/\/narteks.net\/index.php\/wp-json\/wp\/v2\/posts"}],"about":[{"href":"https:\/\/narteks.net\/index.php\/wp-json\/wp\/v2\/types\/post"}],"author":[{"embeddable":true,"href":"https:\/\/narteks.net\/index.php\/wp-json\/wp\/v2\/users\/1"}],"replies":[{"embeddable":true,"href":"https:\/\/narteks.net\/index.php\/wp-json\/wp\/v2\/comments?post=4989"}],"version-history":[{"count":0,"href":"https:\/\/narteks.net\/index.php\/wp-json\/wp\/v2\/posts\/4989\/revisions"}],"wp:attachment":[{"href":"https:\/\/narteks.net\/index.php\/wp-json\/wp\/v2\/media?parent=4989"}],"wp:term":[{"taxonomy":"category","embeddable":true,"href":"https:\/\/narteks.net\/index.php\/wp-json\/wp\/v2\/categories?post=4989"},{"taxonomy":"post_tag","embeddable":true,"href":"https:\/\/narteks.net\/index.php\/wp-json\/wp\/v2\/tags?post=4989"}],"curies":[{"name":"wp","href":"https:\/\/api.w.org\/{rel}","templated":true}]}}