{"id":499,"date":"2009-04-12T13:03:50","date_gmt":"2009-04-12T10:03:50","guid":{"rendered":"http:\/\/localhost\/wordpress\/2009\/04\/12\/claude-diye-bir-ulke\/"},"modified":"2009-04-12T13:03:50","modified_gmt":"2009-04-12T10:03:50","slug":"claude-diye-bir-ulke","status":"publish","type":"post","link":"https:\/\/narteks.net\/index.php\/2009\/04\/12\/claude-diye-bir-ulke\/","title":{"rendered":"CLAUDE D\u0130YE B\u0130R \u00dcLKE"},"content":{"rendered":"<p>\u00a0<\/p>\n<p>claude diye bir \u00fclke siyah palmiyelerin <br \/> de\u011fi\u015ferek her gece gen\u00e7 k\u0131zlar\u0131n \u00f6pt\u00fc\u011f\u00fc <br \/> yanl\u0131\u015f erkekler gibi \u00e7izdi\u011fi raphael&#8217;in <br \/> \u015f\u00fcpheli dudaklar\u0131 ayva t\u00fcy\u00fc <\/p>\n<p> cladue diye bir \u00fclke ku\u015flar\u0131n \u00fcrk\u00fctt\u00fc\u011f\u00fc <br \/> t\u00fcyl\u00fc sevi\u015fmesi ya\u011fmurlu geyiklerin <br \/> k\u0131r\u0131k masallar\u0131n\u0131n uzaktan g\u00f6r\u00fcnd\u00fc\u011f\u00fc <br \/> lesbos adas\u0131ndaki bitmemi\u015f \u015fiirlerin <\/p>\n<p> cladue diye bir \u00fclke mermer prensesin <br \/> a\u011fz\u0131yla emdi\u011fi y\u0131lanlar\u0131n s\u00fct\u00fcn\u00fc <br \/> o kadar korktu\u011fu ibran\u00ee peygamberin <br \/> ay do\u011funca ya\u015fayan ay bat\u0131nca \u00f6l\u00fc <\/p>\n<p> radyoaktif etkilerle sa\u00e7lar\u0131n birden <br \/> balmumu bir heykel ba\u015f\u0131nda uzamas\u0131 <br \/> r\u00f6ntgen yans\u0131malar\u0131 seramik g\u00f6zlerinden <br \/> ellerinin inatla g\u00f6\u011fs\u00fcn\u00fc aramas\u0131 <br \/> bo\u015flukta kat\u0131la\u015fan bir kad\u0131n kahkahas\u0131 <br \/> akvaryum ye\u015fili flamand resimlerinden <br \/> ka\u015flar\u0131n\u0131n aynalarda incecik al\u0131nmas\u0131 <br \/> her \u015fim\u015fek \u00e7ak\u0131\u015fta kendili\u011finden <br \/> seb\u00e2 melikesinin odal\u0131k hareminden <br \/> kudusl\u00fc bir k\u0131z\u0131n \u00e2zeri a\u011flamas\u0131 <br \/> servir\u00fb sultan&#8217;\u0131n yahudi di\u015flerinden <br \/> \u00e7\u0131plak ten ayd\u0131nl\u0131\u011f\u0131na i\u015fleyen s\u0131z\u0131 <\/p>\n<p> claude diye bir \u00fclke neuilly&#8217;de damgalanm\u0131\u015f <br \/> frans\u0131z pullar\u0131n\u0131n paris laciverdine <br \/> kendinden ba\u015flayarak herkeste yan\u0131lm\u0131\u015f <br \/> r\u00fcyalar i\u015fleyince eksik erkekli\u011fine <\/p>\n<p> claude diye bir \u00fclke hi\u00e7 kimse u\u011framam\u0131\u015f <br \/> okyanus diplerinden yo\u011fun sessizli\u011fine <br \/> d\u00fcnya haritas\u0131ndan oyulup \u00e7\u0131kar\u0131lm\u0131\u015f <br \/> uluyan bir k\u00f6pek b\u0131rak\u0131lm\u0131\u015f yerine<\/p>\n<p>Attila \u0130LHAN<\/p>\n","protected":false},"excerpt":{"rendered":"<p>\u00a0 claude diye bir \u00fclke siyah palmiyelerin de\u011fi\u015ferek her gece gen\u00e7 k\u0131zlar\u0131n \u00f6pt\u00fc\u011f\u00fc yanl\u0131\u015f erkekler gibi \u00e7izdi\u011fi raphael&#8217;in \u015f\u00fcpheli dudaklar\u0131 ayva t\u00fcy\u00fc cladue diye bir \u00fclke ku\u015flar\u0131n \u00fcrk\u00fctt\u00fc\u011f\u00fc t\u00fcyl\u00fc sevi\u015fmesi ya\u011fmurlu geyiklerin k\u0131r\u0131k masallar\u0131n\u0131n uzaktan g\u00f6r\u00fcnd\u00fc\u011f\u00fc lesbos adas\u0131ndaki bitmemi\u015f \u015fiirlerin cladue diye bir \u00fclke mermer prensesin a\u011fz\u0131yla emdi\u011fi y\u0131lanlar\u0131n s\u00fct\u00fcn\u00fc o kadar korktu\u011fu ibran\u00ee peygamberin [&hellip;]<\/p>\n","protected":false},"author":1,"featured_media":0,"comment_status":"open","ping_status":"open","sticky":false,"template":"","format":"standard","meta":{"footnotes":""},"categories":[11],"tags":[],"class_list":{"0":"post-499","1":"post","2":"type-post","3":"status-publish","4":"format-standard","6":"category-attila-ilhan"},"yoast_head":"<!-- This site is optimized with the Yoast SEO Premium plugin v24.9 (Yoast SEO v24.9) - https:\/\/yoast.com\/wordpress\/plugins\/seo\/ -->\n<title>CLAUDE D\u0130YE B\u0130R \u00dcLKE - narteks.net<\/title>\n<meta name=\"robots\" content=\"index, follow, max-snippet:-1, max-image-preview:large, max-video-preview:-1\" \/>\n<link rel=\"canonical\" href=\"https:\/\/narteks.net\/index.php\/2009\/04\/12\/claude-diye-bir-ulke\/\" \/>\n<meta property=\"og:locale\" content=\"tr_TR\" \/>\n<meta property=\"og:type\" content=\"article\" \/>\n<meta property=\"og:title\" content=\"CLAUDE D\u0130YE B\u0130R \u00dcLKE\" \/>\n<meta property=\"og:description\" content=\"\u00a0 claude diye bir \u00fclke siyah palmiyelerin de\u011fi\u015ferek her gece gen\u00e7 k\u0131zlar\u0131n \u00f6pt\u00fc\u011f\u00fc yanl\u0131\u015f erkekler gibi \u00e7izdi\u011fi raphael&#8217;in \u015f\u00fcpheli dudaklar\u0131 ayva t\u00fcy\u00fc cladue diye bir \u00fclke ku\u015flar\u0131n \u00fcrk\u00fctt\u00fc\u011f\u00fc t\u00fcyl\u00fc sevi\u015fmesi ya\u011fmurlu geyiklerin k\u0131r\u0131k masallar\u0131n\u0131n uzaktan g\u00f6r\u00fcnd\u00fc\u011f\u00fc lesbos adas\u0131ndaki bitmemi\u015f \u015fiirlerin cladue diye bir \u00fclke mermer prensesin a\u011fz\u0131yla emdi\u011fi y\u0131lanlar\u0131n s\u00fct\u00fcn\u00fc o kadar korktu\u011fu ibran\u00ee peygamberin [&hellip;]\" \/>\n<meta property=\"og:url\" content=\"https:\/\/narteks.net\/index.php\/2009\/04\/12\/claude-diye-bir-ulke\/\" \/>\n<meta property=\"og:site_name\" content=\"narteks.net\" \/>\n<meta property=\"article:published_time\" content=\"2009-04-12T10:03:50+00:00\" \/>\n<meta property=\"og:image\" content=\"https:\/\/narteks.net\/wp-content\/uploads\/narteks.png\" \/>\n\t<meta property=\"og:image:width\" content=\"300\" \/>\n\t<meta property=\"og:image:height\" content=\"90\" \/>\n\t<meta property=\"og:image:type\" content=\"image\/png\" \/>\n<meta name=\"author\" content=\"Tar\u0131k\" \/>\n<meta name=\"twitter:card\" content=\"summary_large_image\" \/>\n<meta name=\"twitter:creator\" content=\"@narteks\" \/>\n<meta name=\"twitter:site\" content=\"@narteks\" \/>\n<meta name=\"twitter:label1\" content=\"Yazan:\" \/>\n\t<meta name=\"twitter:data1\" content=\"Tar\u0131k\" \/>\n\t<meta name=\"twitter:label2\" content=\"Tahmini okuma s\u00fcresi\" \/>\n\t<meta name=\"twitter:data2\" content=\"1 dakika\" \/>\n<script type=\"application\/ld+json\" class=\"yoast-schema-graph\">{\"@context\":\"https:\/\/schema.org\",\"@graph\":[{\"@type\":\"Article\",\"@id\":\"https:\/\/narteks.net\/index.php\/2009\/04\/12\/claude-diye-bir-ulke\/#article\",\"isPartOf\":{\"@id\":\"https:\/\/narteks.net\/index.php\/2009\/04\/12\/claude-diye-bir-ulke\/\"},\"author\":{\"name\":\"Tar\u0131k\",\"@id\":\"https:\/\/narteks.net\/#\/schema\/person\/61f37d9834294b72d31d274e7ed79bca\"},\"headline\":\"CLAUDE D\u0130YE B\u0130R \u00dcLKE\",\"datePublished\":\"2009-04-12T10:03:50+00:00\",\"mainEntityOfPage\":{\"@id\":\"https:\/\/narteks.net\/index.php\/2009\/04\/12\/claude-diye-bir-ulke\/\"},\"wordCount\":235,\"commentCount\":0,\"publisher\":{\"@id\":\"https:\/\/narteks.net\/#organization\"},\"articleSection\":[\"Attila ILHAN\"],\"inLanguage\":\"tr\",\"potentialAction\":[{\"@type\":\"CommentAction\",\"name\":\"Comment\",\"target\":[\"https:\/\/narteks.net\/index.php\/2009\/04\/12\/claude-diye-bir-ulke\/#respond\"]}]},{\"@type\":\"WebPage\",\"@id\":\"https:\/\/narteks.net\/index.php\/2009\/04\/12\/claude-diye-bir-ulke\/\",\"url\":\"https:\/\/narteks.net\/index.php\/2009\/04\/12\/claude-diye-bir-ulke\/\",\"name\":\"CLAUDE D\u0130YE B\u0130R \u00dcLKE - narteks.net\",\"isPartOf\":{\"@id\":\"https:\/\/narteks.net\/#website\"},\"datePublished\":\"2009-04-12T10:03:50+00:00\",\"breadcrumb\":{\"@id\":\"https:\/\/narteks.net\/index.php\/2009\/04\/12\/claude-diye-bir-ulke\/#breadcrumb\"},\"inLanguage\":\"tr\",\"potentialAction\":[{\"@type\":\"ReadAction\",\"target\":[\"https:\/\/narteks.net\/index.php\/2009\/04\/12\/claude-diye-bir-ulke\/\"]}]},{\"@type\":\"BreadcrumbList\",\"@id\":\"https:\/\/narteks.net\/index.php\/2009\/04\/12\/claude-diye-bir-ulke\/#breadcrumb\",\"itemListElement\":[{\"@type\":\"ListItem\",\"position\":1,\"name\":\"Anasayfa\",\"item\":\"https:\/\/narteks.net\/\"},{\"@type\":\"ListItem\",\"position\":2,\"name\":\"CLAUDE D\u0130YE B\u0130R \u00dcLKE\"}]},{\"@type\":\"WebSite\",\"@id\":\"https:\/\/narteks.net\/#website\",\"url\":\"https:\/\/narteks.net\/\",\"name\":\"narteks.net\",\"description\":\"K\u00fclt\u00fcr Sanat Edebiyat Felsefe\",\"publisher\":{\"@id\":\"https:\/\/narteks.net\/#organization\"},\"alternateName\":\"K\u00fclt\u00fcr Sanat Edebiyat Felsefe\",\"potentialAction\":[{\"@type\":\"SearchAction\",\"target\":{\"@type\":\"EntryPoint\",\"urlTemplate\":\"https:\/\/narteks.net\/?s={search_term_string}\"},\"query-input\":{\"@type\":\"PropertyValueSpecification\",\"valueRequired\":true,\"valueName\":\"search_term_string\"}}],\"inLanguage\":\"tr\"},{\"@type\":\"Organization\",\"@id\":\"https:\/\/narteks.net\/#organization\",\"name\":\"narteks.net\",\"url\":\"https:\/\/narteks.net\/\",\"logo\":{\"@type\":\"ImageObject\",\"inLanguage\":\"tr\",\"@id\":\"https:\/\/narteks.net\/#\/schema\/logo\/image\/\",\"url\":\"https:\/\/narteks.net\/wp-content\/uploads\/narteks.png\",\"contentUrl\":\"https:\/\/narteks.net\/wp-content\/uploads\/narteks.png\",\"width\":300,\"height\":90,\"caption\":\"narteks.net\"},\"image\":{\"@id\":\"https:\/\/narteks.net\/#\/schema\/logo\/image\/\"},\"sameAs\":[\"https:\/\/x.com\/narteks\",\"https:\/\/instagram.com\/narteksnet\"]},{\"@type\":\"Person\",\"@id\":\"https:\/\/narteks.net\/#\/schema\/person\/61f37d9834294b72d31d274e7ed79bca\",\"name\":\"Tar\u0131k\",\"image\":{\"@type\":\"ImageObject\",\"inLanguage\":\"tr\",\"@id\":\"https:\/\/narteks.net\/#\/schema\/person\/image\/\",\"url\":\"https:\/\/secure.gravatar.com\/avatar\/50865afb55632c4ae467e0af0930f6510aa2297d8014be502a55b14f3b7550cf?s=96&d=mm&r=g\",\"contentUrl\":\"https:\/\/secure.gravatar.com\/avatar\/50865afb55632c4ae467e0af0930f6510aa2297d8014be502a55b14f3b7550cf?s=96&d=mm&r=g\",\"caption\":\"Tar\u0131k\"},\"sameAs\":[\"http:\/\/narteks.net\"],\"url\":\"https:\/\/narteks.net\/index.php\/author\/narbak\/\"}]}<\/script>\n<!-- \/ Yoast SEO Premium plugin. -->","yoast_head_json":{"title":"CLAUDE D\u0130YE B\u0130R \u00dcLKE - narteks.net","robots":{"index":"index","follow":"follow","max-snippet":"max-snippet:-1","max-image-preview":"max-image-preview:large","max-video-preview":"max-video-preview:-1"},"canonical":"https:\/\/narteks.net\/index.php\/2009\/04\/12\/claude-diye-bir-ulke\/","og_locale":"tr_TR","og_type":"article","og_title":"CLAUDE D\u0130YE B\u0130R \u00dcLKE","og_description":"\u00a0 claude diye bir \u00fclke siyah palmiyelerin de\u011fi\u015ferek her gece gen\u00e7 k\u0131zlar\u0131n \u00f6pt\u00fc\u011f\u00fc yanl\u0131\u015f erkekler gibi \u00e7izdi\u011fi raphael&#8217;in \u015f\u00fcpheli dudaklar\u0131 ayva t\u00fcy\u00fc cladue diye bir \u00fclke ku\u015flar\u0131n \u00fcrk\u00fctt\u00fc\u011f\u00fc t\u00fcyl\u00fc sevi\u015fmesi ya\u011fmurlu geyiklerin k\u0131r\u0131k masallar\u0131n\u0131n uzaktan g\u00f6r\u00fcnd\u00fc\u011f\u00fc lesbos adas\u0131ndaki bitmemi\u015f \u015fiirlerin cladue diye bir \u00fclke mermer prensesin a\u011fz\u0131yla emdi\u011fi y\u0131lanlar\u0131n s\u00fct\u00fcn\u00fc o kadar korktu\u011fu ibran\u00ee peygamberin [&hellip;]","og_url":"https:\/\/narteks.net\/index.php\/2009\/04\/12\/claude-diye-bir-ulke\/","og_site_name":"narteks.net","article_published_time":"2009-04-12T10:03:50+00:00","og_image":[{"width":300,"height":90,"url":"https:\/\/narteks.net\/wp-content\/uploads\/narteks.png","type":"image\/png"}],"author":"Tar\u0131k","twitter_card":"summary_large_image","twitter_creator":"@narteks","twitter_site":"@narteks","twitter_misc":{"Yazan:":"Tar\u0131k","Tahmini okuma s\u00fcresi":"1 dakika"},"schema":{"@context":"https:\/\/schema.org","@graph":[{"@type":"Article","@id":"https:\/\/narteks.net\/index.php\/2009\/04\/12\/claude-diye-bir-ulke\/#article","isPartOf":{"@id":"https:\/\/narteks.net\/index.php\/2009\/04\/12\/claude-diye-bir-ulke\/"},"author":{"name":"Tar\u0131k","@id":"https:\/\/narteks.net\/#\/schema\/person\/61f37d9834294b72d31d274e7ed79bca"},"headline":"CLAUDE D\u0130YE B\u0130R \u00dcLKE","datePublished":"2009-04-12T10:03:50+00:00","mainEntityOfPage":{"@id":"https:\/\/narteks.net\/index.php\/2009\/04\/12\/claude-diye-bir-ulke\/"},"wordCount":235,"commentCount":0,"publisher":{"@id":"https:\/\/narteks.net\/#organization"},"articleSection":["Attila ILHAN"],"inLanguage":"tr","potentialAction":[{"@type":"CommentAction","name":"Comment","target":["https:\/\/narteks.net\/index.php\/2009\/04\/12\/claude-diye-bir-ulke\/#respond"]}]},{"@type":"WebPage","@id":"https:\/\/narteks.net\/index.php\/2009\/04\/12\/claude-diye-bir-ulke\/","url":"https:\/\/narteks.net\/index.php\/2009\/04\/12\/claude-diye-bir-ulke\/","name":"CLAUDE D\u0130YE B\u0130R \u00dcLKE - narteks.net","isPartOf":{"@id":"https:\/\/narteks.net\/#website"},"datePublished":"2009-04-12T10:03:50+00:00","breadcrumb":{"@id":"https:\/\/narteks.net\/index.php\/2009\/04\/12\/claude-diye-bir-ulke\/#breadcrumb"},"inLanguage":"tr","potentialAction":[{"@type":"ReadAction","target":["https:\/\/narteks.net\/index.php\/2009\/04\/12\/claude-diye-bir-ulke\/"]}]},{"@type":"BreadcrumbList","@id":"https:\/\/narteks.net\/index.php\/2009\/04\/12\/claude-diye-bir-ulke\/#breadcrumb","itemListElement":[{"@type":"ListItem","position":1,"name":"Anasayfa","item":"https:\/\/narteks.net\/"},{"@type":"ListItem","position":2,"name":"CLAUDE D\u0130YE B\u0130R \u00dcLKE"}]},{"@type":"WebSite","@id":"https:\/\/narteks.net\/#website","url":"https:\/\/narteks.net\/","name":"narteks.net","description":"K\u00fclt\u00fcr Sanat Edebiyat Felsefe","publisher":{"@id":"https:\/\/narteks.net\/#organization"},"alternateName":"K\u00fclt\u00fcr Sanat Edebiyat Felsefe","potentialAction":[{"@type":"SearchAction","target":{"@type":"EntryPoint","urlTemplate":"https:\/\/narteks.net\/?s={search_term_string}"},"query-input":{"@type":"PropertyValueSpecification","valueRequired":true,"valueName":"search_term_string"}}],"inLanguage":"tr"},{"@type":"Organization","@id":"https:\/\/narteks.net\/#organization","name":"narteks.net","url":"https:\/\/narteks.net\/","logo":{"@type":"ImageObject","inLanguage":"tr","@id":"https:\/\/narteks.net\/#\/schema\/logo\/image\/","url":"https:\/\/narteks.net\/wp-content\/uploads\/narteks.png","contentUrl":"https:\/\/narteks.net\/wp-content\/uploads\/narteks.png","width":300,"height":90,"caption":"narteks.net"},"image":{"@id":"https:\/\/narteks.net\/#\/schema\/logo\/image\/"},"sameAs":["https:\/\/x.com\/narteks","https:\/\/instagram.com\/narteksnet"]},{"@type":"Person","@id":"https:\/\/narteks.net\/#\/schema\/person\/61f37d9834294b72d31d274e7ed79bca","name":"Tar\u0131k","image":{"@type":"ImageObject","inLanguage":"tr","@id":"https:\/\/narteks.net\/#\/schema\/person\/image\/","url":"https:\/\/secure.gravatar.com\/avatar\/50865afb55632c4ae467e0af0930f6510aa2297d8014be502a55b14f3b7550cf?s=96&d=mm&r=g","contentUrl":"https:\/\/secure.gravatar.com\/avatar\/50865afb55632c4ae467e0af0930f6510aa2297d8014be502a55b14f3b7550cf?s=96&d=mm&r=g","caption":"Tar\u0131k"},"sameAs":["http:\/\/narteks.net"],"url":"https:\/\/narteks.net\/index.php\/author\/narbak\/"}]}},"_links":{"self":[{"href":"https:\/\/narteks.net\/index.php\/wp-json\/wp\/v2\/posts\/499","targetHints":{"allow":["GET"]}}],"collection":[{"href":"https:\/\/narteks.net\/index.php\/wp-json\/wp\/v2\/posts"}],"about":[{"href":"https:\/\/narteks.net\/index.php\/wp-json\/wp\/v2\/types\/post"}],"author":[{"embeddable":true,"href":"https:\/\/narteks.net\/index.php\/wp-json\/wp\/v2\/users\/1"}],"replies":[{"embeddable":true,"href":"https:\/\/narteks.net\/index.php\/wp-json\/wp\/v2\/comments?post=499"}],"version-history":[{"count":0,"href":"https:\/\/narteks.net\/index.php\/wp-json\/wp\/v2\/posts\/499\/revisions"}],"wp:attachment":[{"href":"https:\/\/narteks.net\/index.php\/wp-json\/wp\/v2\/media?parent=499"}],"wp:term":[{"taxonomy":"category","embeddable":true,"href":"https:\/\/narteks.net\/index.php\/wp-json\/wp\/v2\/categories?post=499"},{"taxonomy":"post_tag","embeddable":true,"href":"https:\/\/narteks.net\/index.php\/wp-json\/wp\/v2\/tags?post=499"}],"curies":[{"name":"wp","href":"https:\/\/api.w.org\/{rel}","templated":true}]}}