{"id":4999,"date":"2011-02-05T18:16:32","date_gmt":"2011-02-05T15:16:32","guid":{"rendered":"http:\/\/localhost\/wordpress\/2011\/02\/05\/terastaki-havlu\/"},"modified":"2011-02-05T18:16:32","modified_gmt":"2011-02-05T15:16:32","slug":"terastaki-havlu","status":"publish","type":"post","link":"https:\/\/narteks.net\/index.php\/2011\/02\/05\/terastaki-havlu\/","title":{"rendered":"TERASTAK\u0130 HAVLU"},"content":{"rendered":"<p style=\"text-align: justify;\">Ayn\u0131 terasa a\u00e7\u0131l\u0131yordu yan yanayd\u0131 kap\u0131lar\u0131m\u0131z kald\u0131\u011f\u0131m\u0131z pansiyonda.Ak\u015fam \u00fczerleri ka\u015f\u0131la\u015f\u0131yorduk, ortak du\u015f, ortak mutfak, \u00e7ekingen bir selamla\u015fma.Ayn\u0131 terasta yan yana kuruyordu \u00e7ama\u015f\u0131rlar\u0131m\u0131z, bu \u00fcrpertiyordu beni; acemi, tutuk bir ka\u00e7 s\u00f6zl\u00fck e\u015fli\u011finde beyaz \u015farap i\u00e7erek ayn\u0131 terasta seyrediyorduk g\u00fcnbat\u0131m\u0131n\u0131, bu da \u00fcrpertiyordu beni.I\u015f\u0131\u011f\u0131n azalan \u015fiddetinde yan yanayd\u0131 terasa vuran g\u00f6lgelerimiz ve kar\u0131\u015f\u0131yordu birbirine.<br \/>Elimizde olmadan g\u00fcl\u00fcmsemi\u015ftik bak\u0131\u015flar\u0131m\u0131z \u00e7arp\u0131\u015ft\u0131\u011f\u0131nda, sahildeydik ve ayn\u0131 kitab\u0131 okuyorduk ilk kar\u015f\u0131la\u015fmam\u0131zda.<br \/>Sezon a\u00e7\u0131lmam\u0131\u015ft\u0131, seyrekti sahiller, daha erken yaz g\u00fcl\u00fcms\u00fcyordu.<br \/>Pansiyon \u00f6n\u00fcndeki sandallar\u0131n k\u0131p\u0131rt\u0131s\u0131, \u00e7i\u00e7eklerin \u00e7ekingen dirimi, g\u00fcnbat\u0131m\u0131yla g\u00f6lgelenmi\u015f alanlar\u0131n rengi kalm\u0131\u015f akl\u0131mda.\u0130kimizde yaln\u0131zd\u0131k ve birbirimize ili\u015fmemeye \u00e7al\u0131\u015f\u0131yorduk ad\u0131n\u0131 kimselerin bilmedi\u011fi o uzak sahil kasabas\u0131nda.<br \/>Oysa g\u00fcne\u015fin bat\u0131\u015f\u0131n\u0131 izlemek gibi kendili\u011finden bir birlikteli\u011fe d\u00f6n\u00fc\u015ft\u00fc payla\u015ft\u0131\u011f\u0131m\u0131z \u015feyler.<br \/>Birbirinden kama\u015fmaya ba\u015flam\u0131\u015ft\u0131 tenlerimiz dokunmasan da yan\u0131ndaki g\u00f6vdeyi duyman\u0131n \u015fiddetine d\u00f6n\u00fc\u015fm\u00fc\u015ft\u00fc aram\u0131zdaki \u00e7ekim.<br \/>Tenin \u00e7a\u011fr\u0131s\u0131 haz\u0131rd\u0131 kendine kurulan b\u00fct\u00fcn tuzaklara.<br \/>O ak\u015fam terastayd\u0131k gene.G\u00fcn \u00e7oktan batm\u0131\u015ft\u0131. \u00c7ama\u015f\u0131rlar as\u0131l\u0131yd\u0131 uzaktan \u015fark\u0131lar geliyordu ve kekik kokular\u0131.Nedense her zamankinden ba\u015fka bak\u0131yordun bana.<br \/>Sonra uzulca dedin ki:<br \/>&#8216;\u0130lk kez bir erke\u011fin tenine dokunma iste\u011fi duyuyorum i\u00e7imde.&#8217;<br \/>Benim i\u00e7in yaz ba\u015flam\u0131\u015ft\u0131.<br \/>&#8216;Dokun \u00f6yleyse,&#8217; dedim.<br \/>Sustun.Uzun uzun bakt\u0131k birbirimize.Kendine nas\u0131l kar\u015f\u0131 koydu\u011fun okunuyordu y\u00fcz\u00fcn\u00fcn derinliklerinde.Sonra hi\u00e7bir\u015fey s\u00f6ylemeden usulca kalkt\u0131n, odana gittin, yava\u015f\u00e7a \u00f6rtt\u00fcn kap\u0131n\u0131.Saatlerce orada, gecede ve o terasta kald\u0131m.<br \/>Sabah uyand\u0131\u011f\u0131mda odan\u0131n kap\u0131s\u0131 a\u00e7\u0131kt\u0131, e\u015fyalar\u0131n\u0131 toplay\u0131p gitmi\u015ftin bakt\u0131m.Yaln\u0131zca terasta unuttu\u011fun havlu \u00e7\u0131rp\u0131n\u0131yordu r\u00fczg\u00e2rda.<br \/>Bir daha hi\u00e7 rastlamad\u0131m sana, hirbir yerde hi\u00e7bir yazda.D\u00fc\u015f\u00fcn\u00fcyorum aradan tam on \u00fc\u00e7 y\u0131l ge\u00e7mi\u015f.On \u00fc\u00e7 y\u0131l \u00f6nce i\u00e7inde uyanan iste\u011fin an\u0131s\u0131 sakl\u0131 duruyor mu sende?<br \/>Birden ad\u0131n\u0131 hat\u0131rlamad\u0131\u011f\u0131m\u0131 farkettim bu \u015fiiri yazarken, ama terasta \u00e7\u0131rp\u0131nan havlunun rengi h\u00e2l\u00e2 g\u00f6zlerimin<br \/>\u00f6n\u00fcnde.<br \/>On \u00fc\u00e7 y\u0131l sonra \u015fimdi sevgilimden ayr\u0131ld\u0131\u011f\u0131m bu derin, bu kavurucu g\u00fcnlerde neden ans\u0131z\u0131n akl\u0131ma d\u00fc\u015ft\u00fc\u011f\u00fcn\u00fc sordum kendi kendime.Sonra anlad\u0131m:<br \/>Bir a\u015fk bir\u00e7ok a\u015fktan yap\u0131l\u0131yor ve ayr\u0131l\u0131nm\u0131yor hi\u00e7bir seferinde. <\/p>\n<p>Murathan MUNGAN<\/p>\n","protected":false},"excerpt":{"rendered":"<p>Ayn\u0131 terasa a\u00e7\u0131l\u0131yordu yan yanayd\u0131 kap\u0131lar\u0131m\u0131z kald\u0131\u011f\u0131m\u0131z pansiyonda.Ak\u015fam \u00fczerleri ka\u015f\u0131la\u015f\u0131yorduk, ortak du\u015f, ortak mutfak, \u00e7ekingen bir selamla\u015fma.Ayn\u0131 terasta yan yana kuruyordu \u00e7ama\u015f\u0131rlar\u0131m\u0131z, bu \u00fcrpertiyordu beni; acemi, tutuk bir ka\u00e7 s\u00f6zl\u00fck e\u015fli\u011finde beyaz \u015farap i\u00e7erek ayn\u0131 terasta seyrediyorduk g\u00fcnbat\u0131m\u0131n\u0131, bu da \u00fcrpertiyordu beni.I\u015f\u0131\u011f\u0131n azalan \u015fiddetinde yan yanayd\u0131 terasa vuran g\u00f6lgelerimiz ve kar\u0131\u015f\u0131yordu birbirine.Elimizde olmadan g\u00fcl\u00fcmsemi\u015ftik bak\u0131\u015flar\u0131m\u0131z [&hellip;]<\/p>\n","protected":false},"author":1,"featured_media":0,"comment_status":"open","ping_status":"open","sticky":false,"template":"","format":"standard","meta":{"footnotes":""},"categories":[154],"tags":[],"class_list":{"0":"post-4999","1":"post","2":"type-post","3":"status-publish","4":"format-standard","6":"category-murathan-mungan"},"yoast_head":"<!-- This site is optimized with the Yoast SEO Premium plugin v24.9 (Yoast SEO v24.9) - https:\/\/yoast.com\/wordpress\/plugins\/seo\/ -->\n<title>TERASTAK\u0130 HAVLU - narteks.net<\/title>\n<meta name=\"robots\" content=\"index, follow, max-snippet:-1, max-image-preview:large, max-video-preview:-1\" \/>\n<link rel=\"canonical\" href=\"https:\/\/narteks.net\/index.php\/2011\/02\/05\/terastaki-havlu\/\" \/>\n<meta property=\"og:locale\" content=\"tr_TR\" \/>\n<meta property=\"og:type\" content=\"article\" \/>\n<meta property=\"og:title\" content=\"TERASTAK\u0130 HAVLU\" \/>\n<meta property=\"og:description\" content=\"Ayn\u0131 terasa a\u00e7\u0131l\u0131yordu yan yanayd\u0131 kap\u0131lar\u0131m\u0131z kald\u0131\u011f\u0131m\u0131z pansiyonda.Ak\u015fam \u00fczerleri ka\u015f\u0131la\u015f\u0131yorduk, ortak du\u015f, ortak mutfak, \u00e7ekingen bir selamla\u015fma.Ayn\u0131 terasta yan yana kuruyordu \u00e7ama\u015f\u0131rlar\u0131m\u0131z, bu \u00fcrpertiyordu beni; acemi, tutuk bir ka\u00e7 s\u00f6zl\u00fck e\u015fli\u011finde beyaz \u015farap i\u00e7erek ayn\u0131 terasta seyrediyorduk g\u00fcnbat\u0131m\u0131n\u0131, bu da \u00fcrpertiyordu beni.I\u015f\u0131\u011f\u0131n azalan \u015fiddetinde yan yanayd\u0131 terasa vuran g\u00f6lgelerimiz ve kar\u0131\u015f\u0131yordu birbirine.Elimizde olmadan g\u00fcl\u00fcmsemi\u015ftik bak\u0131\u015flar\u0131m\u0131z [&hellip;]\" \/>\n<meta property=\"og:url\" content=\"https:\/\/narteks.net\/index.php\/2011\/02\/05\/terastaki-havlu\/\" \/>\n<meta property=\"og:site_name\" content=\"narteks.net\" \/>\n<meta property=\"article:published_time\" content=\"2011-02-05T15:16:32+00:00\" \/>\n<meta property=\"og:image\" content=\"https:\/\/narteks.net\/wp-content\/uploads\/narteks.png\" \/>\n\t<meta property=\"og:image:width\" content=\"300\" \/>\n\t<meta property=\"og:image:height\" content=\"90\" \/>\n\t<meta property=\"og:image:type\" content=\"image\/png\" \/>\n<meta name=\"author\" content=\"Tar\u0131k\" \/>\n<meta name=\"twitter:card\" content=\"summary_large_image\" \/>\n<meta name=\"twitter:creator\" content=\"@narteks\" \/>\n<meta name=\"twitter:site\" content=\"@narteks\" \/>\n<meta name=\"twitter:label1\" content=\"Yazan:\" \/>\n\t<meta name=\"twitter:data1\" content=\"Tar\u0131k\" \/>\n\t<meta name=\"twitter:label2\" content=\"Tahmini okuma s\u00fcresi\" \/>\n\t<meta name=\"twitter:data2\" content=\"2 dakika\" \/>\n<script type=\"application\/ld+json\" class=\"yoast-schema-graph\">{\"@context\":\"https:\/\/schema.org\",\"@graph\":[{\"@type\":\"Article\",\"@id\":\"https:\/\/narteks.net\/index.php\/2011\/02\/05\/terastaki-havlu\/#article\",\"isPartOf\":{\"@id\":\"https:\/\/narteks.net\/index.php\/2011\/02\/05\/terastaki-havlu\/\"},\"author\":{\"name\":\"Tar\u0131k\",\"@id\":\"https:\/\/narteks.net\/#\/schema\/person\/61f37d9834294b72d31d274e7ed79bca\"},\"headline\":\"TERASTAK\u0130 HAVLU\",\"datePublished\":\"2011-02-05T15:16:32+00:00\",\"mainEntityOfPage\":{\"@id\":\"https:\/\/narteks.net\/index.php\/2011\/02\/05\/terastaki-havlu\/\"},\"wordCount\":459,\"commentCount\":0,\"publisher\":{\"@id\":\"https:\/\/narteks.net\/#organization\"},\"articleSection\":[\"Murathan MUNGAN\"],\"inLanguage\":\"tr\",\"potentialAction\":[{\"@type\":\"CommentAction\",\"name\":\"Comment\",\"target\":[\"https:\/\/narteks.net\/index.php\/2011\/02\/05\/terastaki-havlu\/#respond\"]}]},{\"@type\":\"WebPage\",\"@id\":\"https:\/\/narteks.net\/index.php\/2011\/02\/05\/terastaki-havlu\/\",\"url\":\"https:\/\/narteks.net\/index.php\/2011\/02\/05\/terastaki-havlu\/\",\"name\":\"TERASTAK\u0130 HAVLU - narteks.net\",\"isPartOf\":{\"@id\":\"https:\/\/narteks.net\/#website\"},\"datePublished\":\"2011-02-05T15:16:32+00:00\",\"breadcrumb\":{\"@id\":\"https:\/\/narteks.net\/index.php\/2011\/02\/05\/terastaki-havlu\/#breadcrumb\"},\"inLanguage\":\"tr\",\"potentialAction\":[{\"@type\":\"ReadAction\",\"target\":[\"https:\/\/narteks.net\/index.php\/2011\/02\/05\/terastaki-havlu\/\"]}]},{\"@type\":\"BreadcrumbList\",\"@id\":\"https:\/\/narteks.net\/index.php\/2011\/02\/05\/terastaki-havlu\/#breadcrumb\",\"itemListElement\":[{\"@type\":\"ListItem\",\"position\":1,\"name\":\"Anasayfa\",\"item\":\"https:\/\/narteks.net\/\"},{\"@type\":\"ListItem\",\"position\":2,\"name\":\"TERASTAK\u0130 HAVLU\"}]},{\"@type\":\"WebSite\",\"@id\":\"https:\/\/narteks.net\/#website\",\"url\":\"https:\/\/narteks.net\/\",\"name\":\"narteks.net\",\"description\":\"K\u00fclt\u00fcr Sanat Edebiyat Felsefe\",\"publisher\":{\"@id\":\"https:\/\/narteks.net\/#organization\"},\"alternateName\":\"K\u00fclt\u00fcr Sanat Edebiyat Felsefe\",\"potentialAction\":[{\"@type\":\"SearchAction\",\"target\":{\"@type\":\"EntryPoint\",\"urlTemplate\":\"https:\/\/narteks.net\/?s={search_term_string}\"},\"query-input\":{\"@type\":\"PropertyValueSpecification\",\"valueRequired\":true,\"valueName\":\"search_term_string\"}}],\"inLanguage\":\"tr\"},{\"@type\":\"Organization\",\"@id\":\"https:\/\/narteks.net\/#organization\",\"name\":\"narteks.net\",\"url\":\"https:\/\/narteks.net\/\",\"logo\":{\"@type\":\"ImageObject\",\"inLanguage\":\"tr\",\"@id\":\"https:\/\/narteks.net\/#\/schema\/logo\/image\/\",\"url\":\"https:\/\/narteks.net\/wp-content\/uploads\/narteks.png\",\"contentUrl\":\"https:\/\/narteks.net\/wp-content\/uploads\/narteks.png\",\"width\":300,\"height\":90,\"caption\":\"narteks.net\"},\"image\":{\"@id\":\"https:\/\/narteks.net\/#\/schema\/logo\/image\/\"},\"sameAs\":[\"https:\/\/x.com\/narteks\",\"https:\/\/instagram.com\/narteksnet\"]},{\"@type\":\"Person\",\"@id\":\"https:\/\/narteks.net\/#\/schema\/person\/61f37d9834294b72d31d274e7ed79bca\",\"name\":\"Tar\u0131k\",\"image\":{\"@type\":\"ImageObject\",\"inLanguage\":\"tr\",\"@id\":\"https:\/\/narteks.net\/#\/schema\/person\/image\/\",\"url\":\"https:\/\/secure.gravatar.com\/avatar\/50865afb55632c4ae467e0af0930f6510aa2297d8014be502a55b14f3b7550cf?s=96&d=mm&r=g\",\"contentUrl\":\"https:\/\/secure.gravatar.com\/avatar\/50865afb55632c4ae467e0af0930f6510aa2297d8014be502a55b14f3b7550cf?s=96&d=mm&r=g\",\"caption\":\"Tar\u0131k\"},\"sameAs\":[\"http:\/\/narteks.net\"],\"url\":\"https:\/\/narteks.net\/index.php\/author\/narbak\/\"}]}<\/script>\n<!-- \/ Yoast SEO Premium plugin. -->","yoast_head_json":{"title":"TERASTAK\u0130 HAVLU - narteks.net","robots":{"index":"index","follow":"follow","max-snippet":"max-snippet:-1","max-image-preview":"max-image-preview:large","max-video-preview":"max-video-preview:-1"},"canonical":"https:\/\/narteks.net\/index.php\/2011\/02\/05\/terastaki-havlu\/","og_locale":"tr_TR","og_type":"article","og_title":"TERASTAK\u0130 HAVLU","og_description":"Ayn\u0131 terasa a\u00e7\u0131l\u0131yordu yan yanayd\u0131 kap\u0131lar\u0131m\u0131z kald\u0131\u011f\u0131m\u0131z pansiyonda.Ak\u015fam \u00fczerleri ka\u015f\u0131la\u015f\u0131yorduk, ortak du\u015f, ortak mutfak, \u00e7ekingen bir selamla\u015fma.Ayn\u0131 terasta yan yana kuruyordu \u00e7ama\u015f\u0131rlar\u0131m\u0131z, bu \u00fcrpertiyordu beni; acemi, tutuk bir ka\u00e7 s\u00f6zl\u00fck e\u015fli\u011finde beyaz \u015farap i\u00e7erek ayn\u0131 terasta seyrediyorduk g\u00fcnbat\u0131m\u0131n\u0131, bu da \u00fcrpertiyordu beni.I\u015f\u0131\u011f\u0131n azalan \u015fiddetinde yan yanayd\u0131 terasa vuran g\u00f6lgelerimiz ve kar\u0131\u015f\u0131yordu birbirine.Elimizde olmadan g\u00fcl\u00fcmsemi\u015ftik bak\u0131\u015flar\u0131m\u0131z [&hellip;]","og_url":"https:\/\/narteks.net\/index.php\/2011\/02\/05\/terastaki-havlu\/","og_site_name":"narteks.net","article_published_time":"2011-02-05T15:16:32+00:00","og_image":[{"width":300,"height":90,"url":"https:\/\/narteks.net\/wp-content\/uploads\/narteks.png","type":"image\/png"}],"author":"Tar\u0131k","twitter_card":"summary_large_image","twitter_creator":"@narteks","twitter_site":"@narteks","twitter_misc":{"Yazan:":"Tar\u0131k","Tahmini okuma s\u00fcresi":"2 dakika"},"schema":{"@context":"https:\/\/schema.org","@graph":[{"@type":"Article","@id":"https:\/\/narteks.net\/index.php\/2011\/02\/05\/terastaki-havlu\/#article","isPartOf":{"@id":"https:\/\/narteks.net\/index.php\/2011\/02\/05\/terastaki-havlu\/"},"author":{"name":"Tar\u0131k","@id":"https:\/\/narteks.net\/#\/schema\/person\/61f37d9834294b72d31d274e7ed79bca"},"headline":"TERASTAK\u0130 HAVLU","datePublished":"2011-02-05T15:16:32+00:00","mainEntityOfPage":{"@id":"https:\/\/narteks.net\/index.php\/2011\/02\/05\/terastaki-havlu\/"},"wordCount":459,"commentCount":0,"publisher":{"@id":"https:\/\/narteks.net\/#organization"},"articleSection":["Murathan MUNGAN"],"inLanguage":"tr","potentialAction":[{"@type":"CommentAction","name":"Comment","target":["https:\/\/narteks.net\/index.php\/2011\/02\/05\/terastaki-havlu\/#respond"]}]},{"@type":"WebPage","@id":"https:\/\/narteks.net\/index.php\/2011\/02\/05\/terastaki-havlu\/","url":"https:\/\/narteks.net\/index.php\/2011\/02\/05\/terastaki-havlu\/","name":"TERASTAK\u0130 HAVLU - narteks.net","isPartOf":{"@id":"https:\/\/narteks.net\/#website"},"datePublished":"2011-02-05T15:16:32+00:00","breadcrumb":{"@id":"https:\/\/narteks.net\/index.php\/2011\/02\/05\/terastaki-havlu\/#breadcrumb"},"inLanguage":"tr","potentialAction":[{"@type":"ReadAction","target":["https:\/\/narteks.net\/index.php\/2011\/02\/05\/terastaki-havlu\/"]}]},{"@type":"BreadcrumbList","@id":"https:\/\/narteks.net\/index.php\/2011\/02\/05\/terastaki-havlu\/#breadcrumb","itemListElement":[{"@type":"ListItem","position":1,"name":"Anasayfa","item":"https:\/\/narteks.net\/"},{"@type":"ListItem","position":2,"name":"TERASTAK\u0130 HAVLU"}]},{"@type":"WebSite","@id":"https:\/\/narteks.net\/#website","url":"https:\/\/narteks.net\/","name":"narteks.net","description":"K\u00fclt\u00fcr Sanat Edebiyat Felsefe","publisher":{"@id":"https:\/\/narteks.net\/#organization"},"alternateName":"K\u00fclt\u00fcr Sanat Edebiyat Felsefe","potentialAction":[{"@type":"SearchAction","target":{"@type":"EntryPoint","urlTemplate":"https:\/\/narteks.net\/?s={search_term_string}"},"query-input":{"@type":"PropertyValueSpecification","valueRequired":true,"valueName":"search_term_string"}}],"inLanguage":"tr"},{"@type":"Organization","@id":"https:\/\/narteks.net\/#organization","name":"narteks.net","url":"https:\/\/narteks.net\/","logo":{"@type":"ImageObject","inLanguage":"tr","@id":"https:\/\/narteks.net\/#\/schema\/logo\/image\/","url":"https:\/\/narteks.net\/wp-content\/uploads\/narteks.png","contentUrl":"https:\/\/narteks.net\/wp-content\/uploads\/narteks.png","width":300,"height":90,"caption":"narteks.net"},"image":{"@id":"https:\/\/narteks.net\/#\/schema\/logo\/image\/"},"sameAs":["https:\/\/x.com\/narteks","https:\/\/instagram.com\/narteksnet"]},{"@type":"Person","@id":"https:\/\/narteks.net\/#\/schema\/person\/61f37d9834294b72d31d274e7ed79bca","name":"Tar\u0131k","image":{"@type":"ImageObject","inLanguage":"tr","@id":"https:\/\/narteks.net\/#\/schema\/person\/image\/","url":"https:\/\/secure.gravatar.com\/avatar\/50865afb55632c4ae467e0af0930f6510aa2297d8014be502a55b14f3b7550cf?s=96&d=mm&r=g","contentUrl":"https:\/\/secure.gravatar.com\/avatar\/50865afb55632c4ae467e0af0930f6510aa2297d8014be502a55b14f3b7550cf?s=96&d=mm&r=g","caption":"Tar\u0131k"},"sameAs":["http:\/\/narteks.net"],"url":"https:\/\/narteks.net\/index.php\/author\/narbak\/"}]}},"_links":{"self":[{"href":"https:\/\/narteks.net\/index.php\/wp-json\/wp\/v2\/posts\/4999","targetHints":{"allow":["GET"]}}],"collection":[{"href":"https:\/\/narteks.net\/index.php\/wp-json\/wp\/v2\/posts"}],"about":[{"href":"https:\/\/narteks.net\/index.php\/wp-json\/wp\/v2\/types\/post"}],"author":[{"embeddable":true,"href":"https:\/\/narteks.net\/index.php\/wp-json\/wp\/v2\/users\/1"}],"replies":[{"embeddable":true,"href":"https:\/\/narteks.net\/index.php\/wp-json\/wp\/v2\/comments?post=4999"}],"version-history":[{"count":0,"href":"https:\/\/narteks.net\/index.php\/wp-json\/wp\/v2\/posts\/4999\/revisions"}],"wp:attachment":[{"href":"https:\/\/narteks.net\/index.php\/wp-json\/wp\/v2\/media?parent=4999"}],"wp:term":[{"taxonomy":"category","embeddable":true,"href":"https:\/\/narteks.net\/index.php\/wp-json\/wp\/v2\/categories?post=4999"},{"taxonomy":"post_tag","embeddable":true,"href":"https:\/\/narteks.net\/index.php\/wp-json\/wp\/v2\/tags?post=4999"}],"curies":[{"name":"wp","href":"https:\/\/api.w.org\/{rel}","templated":true}]}}