{"id":50,"date":"2009-02-27T14:24:32","date_gmt":"2009-02-27T11:24:32","guid":{"rendered":"http:\/\/localhost\/wordpress\/2009\/02\/27\/hani-kursun-siksan-gecmez-geceden\/"},"modified":"2009-02-27T14:24:32","modified_gmt":"2009-02-27T11:24:32","slug":"hani-kursun-siksan-gecmez-geceden","status":"publish","type":"post","link":"https:\/\/narteks.net\/index.php\/2009\/02\/27\/hani-kursun-siksan-gecmez-geceden\/","title":{"rendered":"HANI KUR\u015eUN SIKSAN GE\u00c7MEZ GECEDEN"},"content":{"rendered":"<p>\u00a0<\/p>\n<p><span>Yi\u011fit harmanlar\u0131, y\u0131\u011f\u0131naklar,<br \/> Kurulmu\u015f \u00e7etin da\u011flar\u0131nda vatanlar\u0131n.<br \/> Dize getirilmi\u015f haydutlar,<br \/> Hay\u0131nlar, amana gelmi\u015f,<br \/> Yetim hakk\u0131 sorulmu\u015f,<br \/> Hesap g\u00f6r\u00fclm\u00fc\u015f.<br \/> Demdir bu&#8230;<\/p>\n<p> Demdir,<br \/> Derya dibinde yang\u0131nlar,<br \/> Kan kesmi\u015f ovalar \u00fcst\u00fcnde May\u0131s&#8230;<br \/> U\u00e7mu\u015f, bir ku\u015ft\u00fcy\u00fc hafifli\u011finde,<br \/> \u00c7elik kadavras\u0131 korugan&#8217;lar\u0131n.<br \/> \u00d6l\u00fcnm\u00fc\u015f, can\u0131m,\u00f6l\u00fcnm\u00fc\u015f<br \/> Murad al\u0131nm\u0131\u015f&#8230;<\/p>\n<p> Gelgelelim,<br \/> Beter, bize k\u0131smetmi\u015f.<br \/> \u00d6l\u00fcm, b\u00f6yle alt\u0131 okka koymaz adama,<br \/> Susmak ve beklemek, m\u00fcthi\u015f<br \/> Genciz, namlu gibi,<br \/> Ve \u00e7atal y\u00fcrek,<br \/> Bar\u0131\u015fa, bayrama hasret<br \/> Uykulara, derin, kayg\u0131s\u0131z, rahat,<br \/> Otuziki di\u015fimizle g\u00fclme\u011fe,<br \/> Doyas\u0131ya sevi\u015fme\u011fe,yeme\u011fe&#8230;<br \/> Ka\u00e7 yol, a\u011flamakl\u0131 olmu\u015fum geceleri,<br \/> As\u0131l, bizim aram\u0131zda g\u00fczeldir hasret<br \/> Ve as\u0131l biz biliriz kederi.<\/p>\n<p> \u0130\u00e7im, bir suskunsa tekin mi ola?<br \/> O Malta b\u0131\u00e7a\u011f\u0131,k\u0131ns\u0131z,uyan\u0131k,<br \/> Ve gen\u00e7 bir m\u0131srad\u0131r<br \/> Filinta endam&#8230;<br \/> Neden, neden aln\u0131ndaki y\u0131kk\u0131nl\u0131k,<br \/> Bak\u0131\u015flar\u0131ndaki \u00f6ld\u00fcren bu\u011fu?<br \/> Ka\u00e7 yol a\u011flamakl\u0131 oluyorum geceleri&#8230;<br \/> Nas\u0131l da alm\u0131\u015f akl\u0131m\u0131,<br \/> S\u00fcrm\u00fc\u015f, filiz vermi\u015f i\u00e7imde sevdan,<br \/> Dost, d\u00fc\u015fman s\u00f6z eder kendi kavlince,<br \/> K\u0131nanmak, yi\u011fit ba\u015f\u0131na.<br \/> Bu, ne ay\u0131p, ne de yasak,<br \/> \u00d6ylece bir ger\u00e7ek, kendi halinde,<br \/> Belki, ya\u015famama sebep&#8230;<\/p>\n<p> Evet, a\u011flamakl\u0131 oluyorum, demdir bu.<br \/> Hani, kur\u015fun s\u0131ksan ge\u00e7mez geceden,<br \/> Anlatamam, nas\u0131l \u0131ss\u0131z, nas\u0131l karanl\u0131k&#8230;       <br \/> Ve zehir &#8211; z\u0131kk\u0131m c\u0131garam.<br \/> Gene bir cehennem var yast\u0131\u011f\u0131mda,<br \/> Gel art\u0131k&#8230; <\/span><\/p>\n<p>Ahmed AR\u0130F<\/p>\n","protected":false},"excerpt":{"rendered":"<p>\u00a0 Yi\u011fit harmanlar\u0131, y\u0131\u011f\u0131naklar, Kurulmu\u015f \u00e7etin da\u011flar\u0131nda vatanlar\u0131n. Dize getirilmi\u015f haydutlar, Hay\u0131nlar, amana gelmi\u015f, Yetim hakk\u0131 sorulmu\u015f, Hesap g\u00f6r\u00fclm\u00fc\u015f. Demdir bu&#8230; Demdir, Derya dibinde yang\u0131nlar, Kan kesmi\u015f ovalar \u00fcst\u00fcnde May\u0131s&#8230; U\u00e7mu\u015f, bir ku\u015ft\u00fcy\u00fc hafifli\u011finde, \u00c7elik kadavras\u0131 korugan&#8217;lar\u0131n. \u00d6l\u00fcnm\u00fc\u015f, can\u0131m,\u00f6l\u00fcnm\u00fc\u015f Murad al\u0131nm\u0131\u015f&#8230; Gelgelelim, Beter, bize k\u0131smetmi\u015f. \u00d6l\u00fcm, b\u00f6yle alt\u0131 okka koymaz adama, Susmak ve beklemek, m\u00fcthi\u015f [&hellip;]<\/p>\n","protected":false},"author":1,"featured_media":0,"comment_status":"open","ping_status":"open","sticky":false,"template":"","format":"standard","meta":{"footnotes":""},"categories":[179],"tags":[],"class_list":{"0":"post-50","1":"post","2":"type-post","3":"status-publish","4":"format-standard","6":"category-ahmed-arif"},"yoast_head":"<!-- This site is optimized with the Yoast SEO Premium plugin v24.9 (Yoast SEO v24.9) - https:\/\/yoast.com\/wordpress\/plugins\/seo\/ -->\n<title>HANI KUR\u015eUN SIKSAN GE\u00c7MEZ GECEDEN - narteks.net<\/title>\n<meta name=\"robots\" content=\"index, follow, max-snippet:-1, max-image-preview:large, max-video-preview:-1\" \/>\n<link rel=\"canonical\" href=\"https:\/\/narteks.net\/index.php\/2009\/02\/27\/hani-kursun-siksan-gecmez-geceden\/\" \/>\n<meta property=\"og:locale\" content=\"tr_TR\" \/>\n<meta property=\"og:type\" content=\"article\" \/>\n<meta property=\"og:title\" content=\"HANI KUR\u015eUN SIKSAN GE\u00c7MEZ GECEDEN\" \/>\n<meta property=\"og:description\" content=\"\u00a0 Yi\u011fit harmanlar\u0131, y\u0131\u011f\u0131naklar, Kurulmu\u015f \u00e7etin da\u011flar\u0131nda vatanlar\u0131n. Dize getirilmi\u015f haydutlar, Hay\u0131nlar, amana gelmi\u015f, Yetim hakk\u0131 sorulmu\u015f, Hesap g\u00f6r\u00fclm\u00fc\u015f. Demdir bu&#8230; Demdir, Derya dibinde yang\u0131nlar, Kan kesmi\u015f ovalar \u00fcst\u00fcnde May\u0131s&#8230; U\u00e7mu\u015f, bir ku\u015ft\u00fcy\u00fc hafifli\u011finde, \u00c7elik kadavras\u0131 korugan&#8217;lar\u0131n. \u00d6l\u00fcnm\u00fc\u015f, can\u0131m,\u00f6l\u00fcnm\u00fc\u015f Murad al\u0131nm\u0131\u015f&#8230; Gelgelelim, Beter, bize k\u0131smetmi\u015f. \u00d6l\u00fcm, b\u00f6yle alt\u0131 okka koymaz adama, Susmak ve beklemek, m\u00fcthi\u015f [&hellip;]\" \/>\n<meta property=\"og:url\" content=\"https:\/\/narteks.net\/index.php\/2009\/02\/27\/hani-kursun-siksan-gecmez-geceden\/\" \/>\n<meta property=\"og:site_name\" content=\"narteks.net\" \/>\n<meta property=\"article:published_time\" content=\"2009-02-27T11:24:32+00:00\" \/>\n<meta property=\"og:image\" content=\"https:\/\/narteks.net\/wp-content\/uploads\/narteks.png\" \/>\n\t<meta property=\"og:image:width\" content=\"300\" \/>\n\t<meta property=\"og:image:height\" content=\"90\" \/>\n\t<meta property=\"og:image:type\" content=\"image\/png\" \/>\n<meta name=\"author\" content=\"Tar\u0131k\" \/>\n<meta name=\"twitter:card\" content=\"summary_large_image\" \/>\n<meta name=\"twitter:creator\" content=\"@narteks\" \/>\n<meta name=\"twitter:site\" content=\"@narteks\" \/>\n<meta name=\"twitter:label1\" content=\"Yazan:\" \/>\n\t<meta name=\"twitter:data1\" content=\"Tar\u0131k\" \/>\n\t<meta name=\"twitter:label2\" content=\"Tahmini okuma s\u00fcresi\" \/>\n\t<meta name=\"twitter:data2\" content=\"1 dakika\" \/>\n<script type=\"application\/ld+json\" class=\"yoast-schema-graph\">{\"@context\":\"https:\/\/schema.org\",\"@graph\":[{\"@type\":\"Article\",\"@id\":\"https:\/\/narteks.net\/index.php\/2009\/02\/27\/hani-kursun-siksan-gecmez-geceden\/#article\",\"isPartOf\":{\"@id\":\"https:\/\/narteks.net\/index.php\/2009\/02\/27\/hani-kursun-siksan-gecmez-geceden\/\"},\"author\":{\"name\":\"Tar\u0131k\",\"@id\":\"https:\/\/narteks.net\/#\/schema\/person\/61f37d9834294b72d31d274e7ed79bca\"},\"headline\":\"HANI KUR\u015eUN SIKSAN GE\u00c7MEZ GECEDEN\",\"datePublished\":\"2009-02-27T11:24:32+00:00\",\"mainEntityOfPage\":{\"@id\":\"https:\/\/narteks.net\/index.php\/2009\/02\/27\/hani-kursun-siksan-gecmez-geceden\/\"},\"wordCount\":268,\"commentCount\":0,\"publisher\":{\"@id\":\"https:\/\/narteks.net\/#organization\"},\"articleSection\":[\"Ahmed AR\u0130F\"],\"inLanguage\":\"tr\",\"potentialAction\":[{\"@type\":\"CommentAction\",\"name\":\"Comment\",\"target\":[\"https:\/\/narteks.net\/index.php\/2009\/02\/27\/hani-kursun-siksan-gecmez-geceden\/#respond\"]}]},{\"@type\":\"WebPage\",\"@id\":\"https:\/\/narteks.net\/index.php\/2009\/02\/27\/hani-kursun-siksan-gecmez-geceden\/\",\"url\":\"https:\/\/narteks.net\/index.php\/2009\/02\/27\/hani-kursun-siksan-gecmez-geceden\/\",\"name\":\"HANI KUR\u015eUN SIKSAN GE\u00c7MEZ GECEDEN - narteks.net\",\"isPartOf\":{\"@id\":\"https:\/\/narteks.net\/#website\"},\"datePublished\":\"2009-02-27T11:24:32+00:00\",\"breadcrumb\":{\"@id\":\"https:\/\/narteks.net\/index.php\/2009\/02\/27\/hani-kursun-siksan-gecmez-geceden\/#breadcrumb\"},\"inLanguage\":\"tr\",\"potentialAction\":[{\"@type\":\"ReadAction\",\"target\":[\"https:\/\/narteks.net\/index.php\/2009\/02\/27\/hani-kursun-siksan-gecmez-geceden\/\"]}]},{\"@type\":\"BreadcrumbList\",\"@id\":\"https:\/\/narteks.net\/index.php\/2009\/02\/27\/hani-kursun-siksan-gecmez-geceden\/#breadcrumb\",\"itemListElement\":[{\"@type\":\"ListItem\",\"position\":1,\"name\":\"Anasayfa\",\"item\":\"https:\/\/narteks.net\/\"},{\"@type\":\"ListItem\",\"position\":2,\"name\":\"HANI KUR\u015eUN SIKSAN GE\u00c7MEZ GECEDEN\"}]},{\"@type\":\"WebSite\",\"@id\":\"https:\/\/narteks.net\/#website\",\"url\":\"https:\/\/narteks.net\/\",\"name\":\"narteks.net\",\"description\":\"K\u00fclt\u00fcr Sanat Edebiyat Felsefe\",\"publisher\":{\"@id\":\"https:\/\/narteks.net\/#organization\"},\"alternateName\":\"K\u00fclt\u00fcr Sanat Edebiyat Felsefe\",\"potentialAction\":[{\"@type\":\"SearchAction\",\"target\":{\"@type\":\"EntryPoint\",\"urlTemplate\":\"https:\/\/narteks.net\/?s={search_term_string}\"},\"query-input\":{\"@type\":\"PropertyValueSpecification\",\"valueRequired\":true,\"valueName\":\"search_term_string\"}}],\"inLanguage\":\"tr\"},{\"@type\":\"Organization\",\"@id\":\"https:\/\/narteks.net\/#organization\",\"name\":\"narteks.net\",\"url\":\"https:\/\/narteks.net\/\",\"logo\":{\"@type\":\"ImageObject\",\"inLanguage\":\"tr\",\"@id\":\"https:\/\/narteks.net\/#\/schema\/logo\/image\/\",\"url\":\"https:\/\/narteks.net\/wp-content\/uploads\/narteks.png\",\"contentUrl\":\"https:\/\/narteks.net\/wp-content\/uploads\/narteks.png\",\"width\":300,\"height\":90,\"caption\":\"narteks.net\"},\"image\":{\"@id\":\"https:\/\/narteks.net\/#\/schema\/logo\/image\/\"},\"sameAs\":[\"https:\/\/x.com\/narteks\",\"https:\/\/instagram.com\/narteksnet\"]},{\"@type\":\"Person\",\"@id\":\"https:\/\/narteks.net\/#\/schema\/person\/61f37d9834294b72d31d274e7ed79bca\",\"name\":\"Tar\u0131k\",\"image\":{\"@type\":\"ImageObject\",\"inLanguage\":\"tr\",\"@id\":\"https:\/\/narteks.net\/#\/schema\/person\/image\/\",\"url\":\"https:\/\/secure.gravatar.com\/avatar\/50865afb55632c4ae467e0af0930f6510aa2297d8014be502a55b14f3b7550cf?s=96&d=mm&r=g\",\"contentUrl\":\"https:\/\/secure.gravatar.com\/avatar\/50865afb55632c4ae467e0af0930f6510aa2297d8014be502a55b14f3b7550cf?s=96&d=mm&r=g\",\"caption\":\"Tar\u0131k\"},\"sameAs\":[\"http:\/\/narteks.net\"],\"url\":\"https:\/\/narteks.net\/index.php\/author\/narbak\/\"}]}<\/script>\n<!-- \/ Yoast SEO Premium plugin. -->","yoast_head_json":{"title":"HANI KUR\u015eUN SIKSAN GE\u00c7MEZ GECEDEN - narteks.net","robots":{"index":"index","follow":"follow","max-snippet":"max-snippet:-1","max-image-preview":"max-image-preview:large","max-video-preview":"max-video-preview:-1"},"canonical":"https:\/\/narteks.net\/index.php\/2009\/02\/27\/hani-kursun-siksan-gecmez-geceden\/","og_locale":"tr_TR","og_type":"article","og_title":"HANI KUR\u015eUN SIKSAN GE\u00c7MEZ GECEDEN","og_description":"\u00a0 Yi\u011fit harmanlar\u0131, y\u0131\u011f\u0131naklar, Kurulmu\u015f \u00e7etin da\u011flar\u0131nda vatanlar\u0131n. Dize getirilmi\u015f haydutlar, Hay\u0131nlar, amana gelmi\u015f, Yetim hakk\u0131 sorulmu\u015f, Hesap g\u00f6r\u00fclm\u00fc\u015f. Demdir bu&#8230; Demdir, Derya dibinde yang\u0131nlar, Kan kesmi\u015f ovalar \u00fcst\u00fcnde May\u0131s&#8230; U\u00e7mu\u015f, bir ku\u015ft\u00fcy\u00fc hafifli\u011finde, \u00c7elik kadavras\u0131 korugan&#8217;lar\u0131n. \u00d6l\u00fcnm\u00fc\u015f, can\u0131m,\u00f6l\u00fcnm\u00fc\u015f Murad al\u0131nm\u0131\u015f&#8230; Gelgelelim, Beter, bize k\u0131smetmi\u015f. \u00d6l\u00fcm, b\u00f6yle alt\u0131 okka koymaz adama, Susmak ve beklemek, m\u00fcthi\u015f [&hellip;]","og_url":"https:\/\/narteks.net\/index.php\/2009\/02\/27\/hani-kursun-siksan-gecmez-geceden\/","og_site_name":"narteks.net","article_published_time":"2009-02-27T11:24:32+00:00","og_image":[{"width":300,"height":90,"url":"https:\/\/narteks.net\/wp-content\/uploads\/narteks.png","type":"image\/png"}],"author":"Tar\u0131k","twitter_card":"summary_large_image","twitter_creator":"@narteks","twitter_site":"@narteks","twitter_misc":{"Yazan:":"Tar\u0131k","Tahmini okuma s\u00fcresi":"1 dakika"},"schema":{"@context":"https:\/\/schema.org","@graph":[{"@type":"Article","@id":"https:\/\/narteks.net\/index.php\/2009\/02\/27\/hani-kursun-siksan-gecmez-geceden\/#article","isPartOf":{"@id":"https:\/\/narteks.net\/index.php\/2009\/02\/27\/hani-kursun-siksan-gecmez-geceden\/"},"author":{"name":"Tar\u0131k","@id":"https:\/\/narteks.net\/#\/schema\/person\/61f37d9834294b72d31d274e7ed79bca"},"headline":"HANI KUR\u015eUN SIKSAN GE\u00c7MEZ GECEDEN","datePublished":"2009-02-27T11:24:32+00:00","mainEntityOfPage":{"@id":"https:\/\/narteks.net\/index.php\/2009\/02\/27\/hani-kursun-siksan-gecmez-geceden\/"},"wordCount":268,"commentCount":0,"publisher":{"@id":"https:\/\/narteks.net\/#organization"},"articleSection":["Ahmed AR\u0130F"],"inLanguage":"tr","potentialAction":[{"@type":"CommentAction","name":"Comment","target":["https:\/\/narteks.net\/index.php\/2009\/02\/27\/hani-kursun-siksan-gecmez-geceden\/#respond"]}]},{"@type":"WebPage","@id":"https:\/\/narteks.net\/index.php\/2009\/02\/27\/hani-kursun-siksan-gecmez-geceden\/","url":"https:\/\/narteks.net\/index.php\/2009\/02\/27\/hani-kursun-siksan-gecmez-geceden\/","name":"HANI KUR\u015eUN SIKSAN GE\u00c7MEZ GECEDEN - narteks.net","isPartOf":{"@id":"https:\/\/narteks.net\/#website"},"datePublished":"2009-02-27T11:24:32+00:00","breadcrumb":{"@id":"https:\/\/narteks.net\/index.php\/2009\/02\/27\/hani-kursun-siksan-gecmez-geceden\/#breadcrumb"},"inLanguage":"tr","potentialAction":[{"@type":"ReadAction","target":["https:\/\/narteks.net\/index.php\/2009\/02\/27\/hani-kursun-siksan-gecmez-geceden\/"]}]},{"@type":"BreadcrumbList","@id":"https:\/\/narteks.net\/index.php\/2009\/02\/27\/hani-kursun-siksan-gecmez-geceden\/#breadcrumb","itemListElement":[{"@type":"ListItem","position":1,"name":"Anasayfa","item":"https:\/\/narteks.net\/"},{"@type":"ListItem","position":2,"name":"HANI KUR\u015eUN SIKSAN GE\u00c7MEZ GECEDEN"}]},{"@type":"WebSite","@id":"https:\/\/narteks.net\/#website","url":"https:\/\/narteks.net\/","name":"narteks.net","description":"K\u00fclt\u00fcr Sanat Edebiyat Felsefe","publisher":{"@id":"https:\/\/narteks.net\/#organization"},"alternateName":"K\u00fclt\u00fcr Sanat Edebiyat Felsefe","potentialAction":[{"@type":"SearchAction","target":{"@type":"EntryPoint","urlTemplate":"https:\/\/narteks.net\/?s={search_term_string}"},"query-input":{"@type":"PropertyValueSpecification","valueRequired":true,"valueName":"search_term_string"}}],"inLanguage":"tr"},{"@type":"Organization","@id":"https:\/\/narteks.net\/#organization","name":"narteks.net","url":"https:\/\/narteks.net\/","logo":{"@type":"ImageObject","inLanguage":"tr","@id":"https:\/\/narteks.net\/#\/schema\/logo\/image\/","url":"https:\/\/narteks.net\/wp-content\/uploads\/narteks.png","contentUrl":"https:\/\/narteks.net\/wp-content\/uploads\/narteks.png","width":300,"height":90,"caption":"narteks.net"},"image":{"@id":"https:\/\/narteks.net\/#\/schema\/logo\/image\/"},"sameAs":["https:\/\/x.com\/narteks","https:\/\/instagram.com\/narteksnet"]},{"@type":"Person","@id":"https:\/\/narteks.net\/#\/schema\/person\/61f37d9834294b72d31d274e7ed79bca","name":"Tar\u0131k","image":{"@type":"ImageObject","inLanguage":"tr","@id":"https:\/\/narteks.net\/#\/schema\/person\/image\/","url":"https:\/\/secure.gravatar.com\/avatar\/50865afb55632c4ae467e0af0930f6510aa2297d8014be502a55b14f3b7550cf?s=96&d=mm&r=g","contentUrl":"https:\/\/secure.gravatar.com\/avatar\/50865afb55632c4ae467e0af0930f6510aa2297d8014be502a55b14f3b7550cf?s=96&d=mm&r=g","caption":"Tar\u0131k"},"sameAs":["http:\/\/narteks.net"],"url":"https:\/\/narteks.net\/index.php\/author\/narbak\/"}]}},"_links":{"self":[{"href":"https:\/\/narteks.net\/index.php\/wp-json\/wp\/v2\/posts\/50","targetHints":{"allow":["GET"]}}],"collection":[{"href":"https:\/\/narteks.net\/index.php\/wp-json\/wp\/v2\/posts"}],"about":[{"href":"https:\/\/narteks.net\/index.php\/wp-json\/wp\/v2\/types\/post"}],"author":[{"embeddable":true,"href":"https:\/\/narteks.net\/index.php\/wp-json\/wp\/v2\/users\/1"}],"replies":[{"embeddable":true,"href":"https:\/\/narteks.net\/index.php\/wp-json\/wp\/v2\/comments?post=50"}],"version-history":[{"count":0,"href":"https:\/\/narteks.net\/index.php\/wp-json\/wp\/v2\/posts\/50\/revisions"}],"wp:attachment":[{"href":"https:\/\/narteks.net\/index.php\/wp-json\/wp\/v2\/media?parent=50"}],"wp:term":[{"taxonomy":"category","embeddable":true,"href":"https:\/\/narteks.net\/index.php\/wp-json\/wp\/v2\/categories?post=50"},{"taxonomy":"post_tag","embeddable":true,"href":"https:\/\/narteks.net\/index.php\/wp-json\/wp\/v2\/tags?post=50"}],"curies":[{"name":"wp","href":"https:\/\/api.w.org\/{rel}","templated":true}]}}