{"id":5002,"date":"2011-02-05T18:18:58","date_gmt":"2011-02-05T15:18:58","guid":{"rendered":"http:\/\/localhost\/wordpress\/2011\/02\/05\/unutmadik\/"},"modified":"2011-02-05T18:18:58","modified_gmt":"2011-02-05T15:18:58","slug":"unutmadik","status":"publish","type":"post","link":"https:\/\/narteks.net\/index.php\/2011\/02\/05\/unutmadik\/","title":{"rendered":"UNUTMADIK"},"content":{"rendered":"<p>Yaral\u0131 bayramlar ge\u00e7ti<br \/>Mevsimler, butun anlamlar\u0131yla<br \/>Y\u00fcre\u011fin koyu yerinde birikenler<br \/>Kendi takvimleriyle gelip ge\u00e7tiler<br \/>Gelip ge\u00e7ti \u015fehirler ve \u00f6l\u00fcler<br \/>Unutmad\u0131k<br \/>Topraktan \u00e7oban y\u0131ld\u0131z\u0131na de\u011fin<br \/>Her yer<br \/>Her \u015fey<br \/>M\u00fcmk\u00fcnd\u00fc<br \/>Naz\u0131m kadar co\u015fkulu<br \/>Argon kadar as\u0131k<br \/>Lorca kadar yaral\u0131yd\u0131k<br \/>Unutmad\u0131k<br \/>Orada bir co\u011frafya ya\u011fmalan\u0131yor<br \/>Orada gazetelerin ofset bask\u0131s\u0131<br \/>Orada yeniden yaz\u0131yorlar 835 satir<br \/>Ve umudunu kaybetmeyen \u015fehirler<br \/>G\u00f6ky\u00fcz\u00fcnun karanl\u0131k kefeniyle \u00f6rtt\u00fck<br \/>Y\u0131ld\u0131zlar\u0131n delik de\u015fik etti\u011fi \u00f6l\u00fcleriz<br \/>Ads\u0131z \u00f6l\u00fcleriz<br \/>Adlar\u0131 bir co\u011frafya ile yan yana yaz\u0131lan<br \/>G\u00f6vdelerinizi unutmad\u0131k, unutmad\u0131k hi\u00e7birinizi<br \/>Sava\u015flar ve pazarlar ca\u011f\u0131yd\u0131<br \/>Ayni silahlard\u0131 kulland\u0131\u011f\u0131m\u0131z<br \/>Ayni cars\u0131lar ayni kand\u0131<br \/>Sevgiye ve kursuna a\u00e7\u0131lmayan y\u00fcreklerden ge\u00e7tik<br \/>Pusu yataklar\u0131ndan, da\u011f\u0131lm\u0131\u015f bah\u00e7elerden<br \/>Viran tarihten<br \/>Uykular\u0131 \u00e7evik, namlular\u0131n\u0131 o\u011fullar\u0131 gibi seven<br \/>\u00c7ocuklar gibi kusup<br \/>K\u0131rda gelincikler gibi g\u00fcl\u00fcmseyen<br \/>M\u00fcsademe \u00e7ocuklar\u0131n\u0131 g\u00f6rd\u00fck<br \/>Ge\u00e7ip gidiyorlard\u0131<br \/>Tarihin en uzun gecesinden<br \/>Pazarlarda ayni kan<br \/>Ayni paran\u0131n de\u011fi\u015f tok\u00e7usunda<br \/>Karanl\u0131k cars\u0131lar<br \/>Ayni kanl\u0131 tarih her defas\u0131nda<br \/>Bir biz kald\u0131k bu kadar i\u00e7indeyken hayatin<br \/>\u00d6l\u00fcme yak\u0131n duran<br \/>Bir de on binlerin korosunda hayk\u0131ran<br \/>\u0130ntifada intifada<br \/>\u0130ki g\u00fczelli\u011fimiz vard\u0131 bizim<br \/>Ufkumuzdan inen<br \/>Ve bir daha geri d\u00f6nmeyen iki g\u00fczelli\u011fimiz<br \/>Birini kursunlar, \u00f6tekini ofset bask\u0131l\u0131 resimler ald\u0131<br \/>Otuz u\u00e7 kursun sikildi her birimize<br \/>Kutuplar kadar uzak, baba oca\u011f\u0131 kadar yak\u0131n<br \/>Do\u011funun g\u00fcnd\u00fcz ve gecelerinde<br \/>Otuz \u00fc\u00e7 y\u0131ld\u0131z<br \/>Hala \u0131\u015f\u0131\u011f\u0131n\u0131 g\u00f6nderiyor bize<br \/>Birka\u00e7 \u00e7akmakta\u015f\u0131 cebimde gezdirdi\u011fim<br \/>Birka\u00e7 karanfil<br \/>Yol i\u00e7in ipek, uyku i\u00e7in maya<br \/>Kalbiniz i\u00e7in<br \/>Kara bir yemin gibi \u00e7\u0131r\u0131l\u00e7\u0131plak<br \/>Kelimeler getirdim<br \/>Kaybolmu\u015f y\u00fczy\u0131llar\u0131n vatan\u0131nda<br \/>Olumun erken takibe ald\u0131\u011f\u0131 \u00e7ocuklar<br \/>Da\u011flarda de\u011filim sizinle birlik<br \/>Yaln\u0131zca mataran\u0131za su vermeye geldim<br \/>Naz\u0131m kadar co\u015fkulu<br \/>Argon kadar as\u0131k<br \/>Lorca kadar yaral\u0131<br \/>Serap ile hakikat aras\u0131<br \/>Ca\u011f\u0131n asamad\u0131\u011f\u0131 u\u00e7urumlarda<br \/>Gider gelirim gider gelirim<br \/>Efsanelerin \u00e7e\u015fitlendi\u011fi yol a\u011f\u0131zlar\u0131ndaki b\u00fcy\u00fck kama\u015fma<br \/>Anda gizlenen zaman<br \/>Ate\u015fin alesta dili<br \/>Bitkiler, otlar, k\u00f6kler<br \/>Da\u011flanm\u0131\u015f dil, narin rengi<br \/>On binlerin d\u00f6n\u00fc\u015ft\u00fc\u011f\u00fc u\u011fuldarken<br \/>Do\u011funun yeni defteri<br \/>Topraktan \u00e7oban y\u0131ld\u0131z\u0131na de\u011fin<br \/>Her yer her \u015fey karanl\u0131k bir pusuda<br \/>Yaz\u0131n\u0131n, tekerle\u011fin, tarihin<br \/>\u0130lk \u00e7ocuklar\u0131ndan<br \/>Ey b\u00fcy\u00fck Mezopotamya<br \/>\u0130ki bin y\u0131ll\u0131k gece<br \/>Don geri bak<br \/>Karde\u015flerim oluyor kalbimin do\u011fusunda <\/p>\n<p>Murathan MUNGAN<\/p>\n","protected":false},"excerpt":{"rendered":"<p>Yaral\u0131 bayramlar ge\u00e7tiMevsimler, butun anlamlar\u0131ylaY\u00fcre\u011fin koyu yerinde birikenlerKendi takvimleriyle gelip ge\u00e7tilerGelip ge\u00e7ti \u015fehirler ve \u00f6l\u00fclerUnutmad\u0131kTopraktan \u00e7oban y\u0131ld\u0131z\u0131na de\u011finHer yerHer \u015feyM\u00fcmk\u00fcnd\u00fcNaz\u0131m kadar co\u015fkuluArgon kadar as\u0131kLorca kadar yaral\u0131yd\u0131kUnutmad\u0131kOrada bir co\u011frafya ya\u011fmalan\u0131yorOrada gazetelerin ofset bask\u0131s\u0131Orada yeniden yaz\u0131yorlar 835 satirVe umudunu kaybetmeyen \u015fehirlerG\u00f6ky\u00fcz\u00fcnun karanl\u0131k kefeniyle \u00f6rtt\u00fckY\u0131ld\u0131zlar\u0131n delik de\u015fik etti\u011fi \u00f6l\u00fclerizAds\u0131z \u00f6l\u00fclerizAdlar\u0131 bir co\u011frafya ile yan yana yaz\u0131lanG\u00f6vdelerinizi unutmad\u0131k, unutmad\u0131k [&hellip;]<\/p>\n","protected":false},"author":1,"featured_media":0,"comment_status":"open","ping_status":"open","sticky":false,"template":"","format":"standard","meta":{"footnotes":""},"categories":[154],"tags":[],"class_list":{"0":"post-5002","1":"post","2":"type-post","3":"status-publish","4":"format-standard","6":"category-murathan-mungan"},"yoast_head":"<!-- This site is optimized with the Yoast SEO Premium plugin v24.9 (Yoast SEO v24.9) - https:\/\/yoast.com\/wordpress\/plugins\/seo\/ -->\n<title>UNUTMADIK - narteks.net<\/title>\n<meta name=\"robots\" content=\"index, follow, max-snippet:-1, max-image-preview:large, max-video-preview:-1\" \/>\n<link rel=\"canonical\" href=\"https:\/\/narteks.net\/index.php\/2011\/02\/05\/unutmadik\/\" \/>\n<meta property=\"og:locale\" content=\"tr_TR\" \/>\n<meta property=\"og:type\" content=\"article\" \/>\n<meta property=\"og:title\" content=\"UNUTMADIK\" \/>\n<meta property=\"og:description\" content=\"Yaral\u0131 bayramlar ge\u00e7tiMevsimler, butun anlamlar\u0131ylaY\u00fcre\u011fin koyu yerinde birikenlerKendi takvimleriyle gelip ge\u00e7tilerGelip ge\u00e7ti \u015fehirler ve \u00f6l\u00fclerUnutmad\u0131kTopraktan \u00e7oban y\u0131ld\u0131z\u0131na de\u011finHer yerHer \u015feyM\u00fcmk\u00fcnd\u00fcNaz\u0131m kadar co\u015fkuluArgon kadar as\u0131kLorca kadar yaral\u0131yd\u0131kUnutmad\u0131kOrada bir co\u011frafya ya\u011fmalan\u0131yorOrada gazetelerin ofset bask\u0131s\u0131Orada yeniden yaz\u0131yorlar 835 satirVe umudunu kaybetmeyen \u015fehirlerG\u00f6ky\u00fcz\u00fcnun karanl\u0131k kefeniyle \u00f6rtt\u00fckY\u0131ld\u0131zlar\u0131n delik de\u015fik etti\u011fi \u00f6l\u00fclerizAds\u0131z \u00f6l\u00fclerizAdlar\u0131 bir co\u011frafya ile yan yana yaz\u0131lanG\u00f6vdelerinizi unutmad\u0131k, unutmad\u0131k [&hellip;]\" \/>\n<meta property=\"og:url\" content=\"https:\/\/narteks.net\/index.php\/2011\/02\/05\/unutmadik\/\" \/>\n<meta property=\"og:site_name\" content=\"narteks.net\" \/>\n<meta property=\"article:published_time\" content=\"2011-02-05T15:18:58+00:00\" \/>\n<meta property=\"og:image\" content=\"https:\/\/narteks.net\/wp-content\/uploads\/narteks.png\" \/>\n\t<meta property=\"og:image:width\" content=\"300\" \/>\n\t<meta property=\"og:image:height\" content=\"90\" \/>\n\t<meta property=\"og:image:type\" content=\"image\/png\" \/>\n<meta name=\"author\" content=\"Tar\u0131k\" \/>\n<meta name=\"twitter:card\" content=\"summary_large_image\" \/>\n<meta name=\"twitter:creator\" content=\"@narteks\" \/>\n<meta name=\"twitter:site\" content=\"@narteks\" \/>\n<meta name=\"twitter:label1\" content=\"Yazan:\" \/>\n\t<meta name=\"twitter:data1\" content=\"Tar\u0131k\" \/>\n\t<meta name=\"twitter:label2\" content=\"Tahmini okuma s\u00fcresi\" \/>\n\t<meta name=\"twitter:data2\" content=\"2 dakika\" \/>\n<script type=\"application\/ld+json\" class=\"yoast-schema-graph\">{\"@context\":\"https:\/\/schema.org\",\"@graph\":[{\"@type\":\"Article\",\"@id\":\"https:\/\/narteks.net\/index.php\/2011\/02\/05\/unutmadik\/#article\",\"isPartOf\":{\"@id\":\"https:\/\/narteks.net\/index.php\/2011\/02\/05\/unutmadik\/\"},\"author\":{\"name\":\"Tar\u0131k\",\"@id\":\"https:\/\/narteks.net\/#\/schema\/person\/61f37d9834294b72d31d274e7ed79bca\"},\"headline\":\"UNUTMADIK\",\"datePublished\":\"2011-02-05T15:18:58+00:00\",\"mainEntityOfPage\":{\"@id\":\"https:\/\/narteks.net\/index.php\/2011\/02\/05\/unutmadik\/\"},\"wordCount\":383,\"commentCount\":0,\"publisher\":{\"@id\":\"https:\/\/narteks.net\/#organization\"},\"articleSection\":[\"Murathan MUNGAN\"],\"inLanguage\":\"tr\",\"potentialAction\":[{\"@type\":\"CommentAction\",\"name\":\"Comment\",\"target\":[\"https:\/\/narteks.net\/index.php\/2011\/02\/05\/unutmadik\/#respond\"]}]},{\"@type\":\"WebPage\",\"@id\":\"https:\/\/narteks.net\/index.php\/2011\/02\/05\/unutmadik\/\",\"url\":\"https:\/\/narteks.net\/index.php\/2011\/02\/05\/unutmadik\/\",\"name\":\"UNUTMADIK - narteks.net\",\"isPartOf\":{\"@id\":\"https:\/\/narteks.net\/#website\"},\"datePublished\":\"2011-02-05T15:18:58+00:00\",\"breadcrumb\":{\"@id\":\"https:\/\/narteks.net\/index.php\/2011\/02\/05\/unutmadik\/#breadcrumb\"},\"inLanguage\":\"tr\",\"potentialAction\":[{\"@type\":\"ReadAction\",\"target\":[\"https:\/\/narteks.net\/index.php\/2011\/02\/05\/unutmadik\/\"]}]},{\"@type\":\"BreadcrumbList\",\"@id\":\"https:\/\/narteks.net\/index.php\/2011\/02\/05\/unutmadik\/#breadcrumb\",\"itemListElement\":[{\"@type\":\"ListItem\",\"position\":1,\"name\":\"Anasayfa\",\"item\":\"https:\/\/narteks.net\/\"},{\"@type\":\"ListItem\",\"position\":2,\"name\":\"UNUTMADIK\"}]},{\"@type\":\"WebSite\",\"@id\":\"https:\/\/narteks.net\/#website\",\"url\":\"https:\/\/narteks.net\/\",\"name\":\"narteks.net\",\"description\":\"K\u00fclt\u00fcr Sanat Edebiyat Felsefe\",\"publisher\":{\"@id\":\"https:\/\/narteks.net\/#organization\"},\"alternateName\":\"K\u00fclt\u00fcr Sanat Edebiyat Felsefe\",\"potentialAction\":[{\"@type\":\"SearchAction\",\"target\":{\"@type\":\"EntryPoint\",\"urlTemplate\":\"https:\/\/narteks.net\/?s={search_term_string}\"},\"query-input\":{\"@type\":\"PropertyValueSpecification\",\"valueRequired\":true,\"valueName\":\"search_term_string\"}}],\"inLanguage\":\"tr\"},{\"@type\":\"Organization\",\"@id\":\"https:\/\/narteks.net\/#organization\",\"name\":\"narteks.net\",\"url\":\"https:\/\/narteks.net\/\",\"logo\":{\"@type\":\"ImageObject\",\"inLanguage\":\"tr\",\"@id\":\"https:\/\/narteks.net\/#\/schema\/logo\/image\/\",\"url\":\"https:\/\/narteks.net\/wp-content\/uploads\/narteks.png\",\"contentUrl\":\"https:\/\/narteks.net\/wp-content\/uploads\/narteks.png\",\"width\":300,\"height\":90,\"caption\":\"narteks.net\"},\"image\":{\"@id\":\"https:\/\/narteks.net\/#\/schema\/logo\/image\/\"},\"sameAs\":[\"https:\/\/x.com\/narteks\",\"https:\/\/instagram.com\/narteksnet\"]},{\"@type\":\"Person\",\"@id\":\"https:\/\/narteks.net\/#\/schema\/person\/61f37d9834294b72d31d274e7ed79bca\",\"name\":\"Tar\u0131k\",\"image\":{\"@type\":\"ImageObject\",\"inLanguage\":\"tr\",\"@id\":\"https:\/\/narteks.net\/#\/schema\/person\/image\/\",\"url\":\"https:\/\/secure.gravatar.com\/avatar\/50865afb55632c4ae467e0af0930f6510aa2297d8014be502a55b14f3b7550cf?s=96&d=mm&r=g\",\"contentUrl\":\"https:\/\/secure.gravatar.com\/avatar\/50865afb55632c4ae467e0af0930f6510aa2297d8014be502a55b14f3b7550cf?s=96&d=mm&r=g\",\"caption\":\"Tar\u0131k\"},\"sameAs\":[\"http:\/\/narteks.net\"],\"url\":\"https:\/\/narteks.net\/index.php\/author\/narbak\/\"}]}<\/script>\n<!-- \/ Yoast SEO Premium plugin. -->","yoast_head_json":{"title":"UNUTMADIK - narteks.net","robots":{"index":"index","follow":"follow","max-snippet":"max-snippet:-1","max-image-preview":"max-image-preview:large","max-video-preview":"max-video-preview:-1"},"canonical":"https:\/\/narteks.net\/index.php\/2011\/02\/05\/unutmadik\/","og_locale":"tr_TR","og_type":"article","og_title":"UNUTMADIK","og_description":"Yaral\u0131 bayramlar ge\u00e7tiMevsimler, butun anlamlar\u0131ylaY\u00fcre\u011fin koyu yerinde birikenlerKendi takvimleriyle gelip ge\u00e7tilerGelip ge\u00e7ti \u015fehirler ve \u00f6l\u00fclerUnutmad\u0131kTopraktan \u00e7oban y\u0131ld\u0131z\u0131na de\u011finHer yerHer \u015feyM\u00fcmk\u00fcnd\u00fcNaz\u0131m kadar co\u015fkuluArgon kadar as\u0131kLorca kadar yaral\u0131yd\u0131kUnutmad\u0131kOrada bir co\u011frafya ya\u011fmalan\u0131yorOrada gazetelerin ofset bask\u0131s\u0131Orada yeniden yaz\u0131yorlar 835 satirVe umudunu kaybetmeyen \u015fehirlerG\u00f6ky\u00fcz\u00fcnun karanl\u0131k kefeniyle \u00f6rtt\u00fckY\u0131ld\u0131zlar\u0131n delik de\u015fik etti\u011fi \u00f6l\u00fclerizAds\u0131z \u00f6l\u00fclerizAdlar\u0131 bir co\u011frafya ile yan yana yaz\u0131lanG\u00f6vdelerinizi unutmad\u0131k, unutmad\u0131k [&hellip;]","og_url":"https:\/\/narteks.net\/index.php\/2011\/02\/05\/unutmadik\/","og_site_name":"narteks.net","article_published_time":"2011-02-05T15:18:58+00:00","og_image":[{"width":300,"height":90,"url":"https:\/\/narteks.net\/wp-content\/uploads\/narteks.png","type":"image\/png"}],"author":"Tar\u0131k","twitter_card":"summary_large_image","twitter_creator":"@narteks","twitter_site":"@narteks","twitter_misc":{"Yazan:":"Tar\u0131k","Tahmini okuma s\u00fcresi":"2 dakika"},"schema":{"@context":"https:\/\/schema.org","@graph":[{"@type":"Article","@id":"https:\/\/narteks.net\/index.php\/2011\/02\/05\/unutmadik\/#article","isPartOf":{"@id":"https:\/\/narteks.net\/index.php\/2011\/02\/05\/unutmadik\/"},"author":{"name":"Tar\u0131k","@id":"https:\/\/narteks.net\/#\/schema\/person\/61f37d9834294b72d31d274e7ed79bca"},"headline":"UNUTMADIK","datePublished":"2011-02-05T15:18:58+00:00","mainEntityOfPage":{"@id":"https:\/\/narteks.net\/index.php\/2011\/02\/05\/unutmadik\/"},"wordCount":383,"commentCount":0,"publisher":{"@id":"https:\/\/narteks.net\/#organization"},"articleSection":["Murathan MUNGAN"],"inLanguage":"tr","potentialAction":[{"@type":"CommentAction","name":"Comment","target":["https:\/\/narteks.net\/index.php\/2011\/02\/05\/unutmadik\/#respond"]}]},{"@type":"WebPage","@id":"https:\/\/narteks.net\/index.php\/2011\/02\/05\/unutmadik\/","url":"https:\/\/narteks.net\/index.php\/2011\/02\/05\/unutmadik\/","name":"UNUTMADIK - narteks.net","isPartOf":{"@id":"https:\/\/narteks.net\/#website"},"datePublished":"2011-02-05T15:18:58+00:00","breadcrumb":{"@id":"https:\/\/narteks.net\/index.php\/2011\/02\/05\/unutmadik\/#breadcrumb"},"inLanguage":"tr","potentialAction":[{"@type":"ReadAction","target":["https:\/\/narteks.net\/index.php\/2011\/02\/05\/unutmadik\/"]}]},{"@type":"BreadcrumbList","@id":"https:\/\/narteks.net\/index.php\/2011\/02\/05\/unutmadik\/#breadcrumb","itemListElement":[{"@type":"ListItem","position":1,"name":"Anasayfa","item":"https:\/\/narteks.net\/"},{"@type":"ListItem","position":2,"name":"UNUTMADIK"}]},{"@type":"WebSite","@id":"https:\/\/narteks.net\/#website","url":"https:\/\/narteks.net\/","name":"narteks.net","description":"K\u00fclt\u00fcr Sanat Edebiyat Felsefe","publisher":{"@id":"https:\/\/narteks.net\/#organization"},"alternateName":"K\u00fclt\u00fcr Sanat Edebiyat Felsefe","potentialAction":[{"@type":"SearchAction","target":{"@type":"EntryPoint","urlTemplate":"https:\/\/narteks.net\/?s={search_term_string}"},"query-input":{"@type":"PropertyValueSpecification","valueRequired":true,"valueName":"search_term_string"}}],"inLanguage":"tr"},{"@type":"Organization","@id":"https:\/\/narteks.net\/#organization","name":"narteks.net","url":"https:\/\/narteks.net\/","logo":{"@type":"ImageObject","inLanguage":"tr","@id":"https:\/\/narteks.net\/#\/schema\/logo\/image\/","url":"https:\/\/narteks.net\/wp-content\/uploads\/narteks.png","contentUrl":"https:\/\/narteks.net\/wp-content\/uploads\/narteks.png","width":300,"height":90,"caption":"narteks.net"},"image":{"@id":"https:\/\/narteks.net\/#\/schema\/logo\/image\/"},"sameAs":["https:\/\/x.com\/narteks","https:\/\/instagram.com\/narteksnet"]},{"@type":"Person","@id":"https:\/\/narteks.net\/#\/schema\/person\/61f37d9834294b72d31d274e7ed79bca","name":"Tar\u0131k","image":{"@type":"ImageObject","inLanguage":"tr","@id":"https:\/\/narteks.net\/#\/schema\/person\/image\/","url":"https:\/\/secure.gravatar.com\/avatar\/50865afb55632c4ae467e0af0930f6510aa2297d8014be502a55b14f3b7550cf?s=96&d=mm&r=g","contentUrl":"https:\/\/secure.gravatar.com\/avatar\/50865afb55632c4ae467e0af0930f6510aa2297d8014be502a55b14f3b7550cf?s=96&d=mm&r=g","caption":"Tar\u0131k"},"sameAs":["http:\/\/narteks.net"],"url":"https:\/\/narteks.net\/index.php\/author\/narbak\/"}]}},"_links":{"self":[{"href":"https:\/\/narteks.net\/index.php\/wp-json\/wp\/v2\/posts\/5002","targetHints":{"allow":["GET"]}}],"collection":[{"href":"https:\/\/narteks.net\/index.php\/wp-json\/wp\/v2\/posts"}],"about":[{"href":"https:\/\/narteks.net\/index.php\/wp-json\/wp\/v2\/types\/post"}],"author":[{"embeddable":true,"href":"https:\/\/narteks.net\/index.php\/wp-json\/wp\/v2\/users\/1"}],"replies":[{"embeddable":true,"href":"https:\/\/narteks.net\/index.php\/wp-json\/wp\/v2\/comments?post=5002"}],"version-history":[{"count":0,"href":"https:\/\/narteks.net\/index.php\/wp-json\/wp\/v2\/posts\/5002\/revisions"}],"wp:attachment":[{"href":"https:\/\/narteks.net\/index.php\/wp-json\/wp\/v2\/media?parent=5002"}],"wp:term":[{"taxonomy":"category","embeddable":true,"href":"https:\/\/narteks.net\/index.php\/wp-json\/wp\/v2\/categories?post=5002"},{"taxonomy":"post_tag","embeddable":true,"href":"https:\/\/narteks.net\/index.php\/wp-json\/wp\/v2\/tags?post=5002"}],"curies":[{"name":"wp","href":"https:\/\/api.w.org\/{rel}","templated":true}]}}