{"id":5010,"date":"2011-02-05T18:26:07","date_gmt":"2011-02-05T15:26:07","guid":{"rendered":"http:\/\/localhost\/wordpress\/2011\/02\/05\/yas\/"},"modified":"2011-02-05T18:26:07","modified_gmt":"2011-02-05T15:26:07","slug":"yas","status":"publish","type":"post","link":"https:\/\/narteks.net\/index.php\/2011\/02\/05\/yas\/","title":{"rendered":"YA\u015e"},"content":{"rendered":"<p>Yazmam daha a\u015fk \u015fiiri,<br \/>Diyenlerin kervan\u0131nda k\u0131\u015flad\u0131m<br \/>\u00c7\u00f6le ya\u011faerken donmu\u015f levhalarda kar sureti<br \/>\u0130mkans\u0131z\u0131n bereketi<br \/>G\u00f6z\u00fcm\u00fc al\u0131rken her yan\u0131mda \u0131\u015f\u0131yan gen\u00e7li\u011fim<br \/>Kimin ya\u015f\u0131ndayd\u0131m bilmedim.<\/p>\n<p>Geceleri heceleyerek s\u00f6kt\u00fcm<br \/>Ald\u0131m yede\u011fimdeki kelimeleri<br \/>I\u015f\u0131\u011fa tuttum i\u00e7imi lo\u015f tutan nesneyi<br \/>Yunus un ya\u015f\u0131na geldi\u011fimde<br \/>D\u00fcnyay\u0131 a\u015fk, imkans\u0131z\u0131 erkek bildim.<\/p>\n<p>Kelimelerle dokundum d\u00fcnyan\u0131n hallerine<br \/>Dokunulmazl\u0131\u011f\u0131m kalkt\u0131<br \/>Kendi \u015fiirimde kendi Divan \u0131mdan<br \/>S\u00fcr\u00fcld\u00fcm<br \/>Git gide Fuzuli nin<br \/>Ya\u015f\u0131na geldi\u011fimde.<\/p>\n<p>Halk t\u00fcrk\u00fclerinin ser\u00e7eli kafiyeleri<br \/>Gibi u\u00e7u\u015fu kolay ve \u00e7abuk akla gelmez<br \/>Engelleri a\u015fk i\u00e7in yap\u0131lan b\u00fct\u00fcn benzetmelerin<br \/>S\u0131ras\u0131n\u0131 sektiren olaylar\u0131n gidi\u015fi<br \/>Y\u0131llar\u0131 saymadan Karacao\u011flan \u0131n, Baki nin ya\u015f\u0131na geldim.<\/p>\n<p>G\u00f6rmenin gev\u015feyen bilgisi<br \/>Ya\u015f ald\u0131k\u00e7a tutundu\u011fum diri \u015fa\u015fk\u0131nl\u0131k<br \/>Ba\u015fkas\u0131na do\u011fru \u00e7\u00f6z\u00fcl\u00fcyor tenimdeki kelep\u00e7e<br \/>Zaman benim i\u00e7inde ileri gittik\u00e7e<br \/>D\u00f6n\u00fcp bakmalar\u0131n tarihinden<br \/>Geri sayd\u0131m kendimi sana geldim<br \/>Onca a\u015fk i\u00e7inden ge\u00e7tim de<br \/>Kimsenin ya\u015f\u0131na de\u011fmedim.<\/p>\n<p>Kimsenin ya\u015f\u0131na de\u011fmeden<br \/>Daha an\u0131s\u0131 kurumayan<br \/>D\u00fcnlerim bitmedi\u011finde<br \/>Hayat\u0131n r\u00fcya dilini bile \u00f6\u011frenemeden<br \/>Hayatta kald\u0131m<br \/>Onca felaketten<br \/>\u015eimdi buraday\u0131m<br \/>Elver yan\u0131na geleyim bunca arad\u0131\u011f\u0131m,<br \/>Babam ol, o\u011flum ol,<br \/>Karde\u015fim, yolda\u015f\u0131m, arkada\u015f\u0131m ol,<br \/>Ben sevgilim gibi seveyim<br \/>Benim ya\u015f\u0131ma geldi\u011finde.<\/p>\n<p>Bildiklerim kadar unuttuklar\u0131mla da seni b\u00fcy\u00fcteyim.<\/p>\n<p>Biliyorum, yenilenenler ge\u00e7mi\u015fe kadar ka\u00e7ar birinde<br \/>Haritam\u0131 kaybettim ey Piri Reis!<br \/>\u00c7inisi soldu mavili\u011fimin<br \/>Nice Osmanl\u0131 \u015fiirnde<br \/>Odalardan odalara<br \/>Azala \u00e7o\u011fala<br \/>Ya\u015fad\u0131m da<br \/>Fatih in koklad\u0131\u011f\u0131 karanfili<br \/>Denize bakan bir \u015fiirde d\u00fc\u015f\u00fcrd\u00fcm.<\/p>\n<p>R\u00fcyas\u0131nda koklanm\u0131\u015f karanfilini Fatih in<br \/>Al\u0131nm\u0131\u015f \u0130stanbul da d\u00fc\u015f\u00fcrd\u00fcm<br \/>\u0130\u00e7im ba\u015fka yere s\u00fcr\u00fcld\u00fc<br \/>Tarih al\u0131nd\u0131 benden<br \/>G\u00fcn\u00fcm\u00fcn ac\u0131 \u0131\u015f\u0131\u011f\u0131na kald\u0131m yeniden<\/p>\n<p>Bir sikkenin ilk bas\u0131ld\u0131\u011f\u0131 g\u00fcn\u00fc hat\u0131rl\u0131yorum<br \/>Su\u00e7 \u0131\u015f\u0131mas\u0131nda ortak belle\u011fin alt\u0131n<br \/>Kayna\u011f\u0131na indi\u011fim suya d\u00fc\u015f\u00fcrd\u00fcm<br \/>Kendi ya\u015f\u0131ma geldi\u011fimde<\/p>\n<p>\u0130lk \u015fiirimi \u00fczerine kazd\u0131m ben<br \/>Ben kendimi ilk \u015fiirimde d\u00fc\u015f\u00fcrd\u00fcm<br \/>\u00c7ok al\u0131nd\u0131m kendimden.<\/p>\n<p>Murathan MUNGAN<\/p>\n","protected":false},"excerpt":{"rendered":"<p>Yazmam daha a\u015fk \u015fiiri,Diyenlerin kervan\u0131nda k\u0131\u015flad\u0131m\u00c7\u00f6le ya\u011faerken donmu\u015f levhalarda kar sureti\u0130mkans\u0131z\u0131n bereketiG\u00f6z\u00fcm\u00fc al\u0131rken her yan\u0131mda \u0131\u015f\u0131yan gen\u00e7li\u011fimKimin ya\u015f\u0131ndayd\u0131m bilmedim. Geceleri heceleyerek s\u00f6kt\u00fcmAld\u0131m yede\u011fimdeki kelimeleriI\u015f\u0131\u011fa tuttum i\u00e7imi lo\u015f tutan nesneyiYunus un ya\u015f\u0131na geldi\u011fimdeD\u00fcnyay\u0131 a\u015fk, imkans\u0131z\u0131 erkek bildim. Kelimelerle dokundum d\u00fcnyan\u0131n hallerineDokunulmazl\u0131\u011f\u0131m kalkt\u0131Kendi \u015fiirimde kendi Divan \u0131mdanS\u00fcr\u00fcld\u00fcmGit gide Fuzuli ninYa\u015f\u0131na geldi\u011fimde. Halk t\u00fcrk\u00fclerinin ser\u00e7eli kafiyeleriGibi u\u00e7u\u015fu kolay [&hellip;]<\/p>\n","protected":false},"author":1,"featured_media":0,"comment_status":"open","ping_status":"open","sticky":false,"template":"","format":"standard","meta":{"footnotes":""},"categories":[154],"tags":[],"class_list":{"0":"post-5010","1":"post","2":"type-post","3":"status-publish","4":"format-standard","6":"category-murathan-mungan"},"yoast_head":"<!-- This site is optimized with the Yoast SEO Premium plugin v24.9 (Yoast SEO v24.9) - https:\/\/yoast.com\/wordpress\/plugins\/seo\/ -->\n<title>YA\u015e - narteks.net<\/title>\n<meta name=\"robots\" content=\"index, follow, max-snippet:-1, max-image-preview:large, max-video-preview:-1\" \/>\n<link rel=\"canonical\" href=\"https:\/\/narteks.net\/index.php\/2011\/02\/05\/yas\/\" \/>\n<meta property=\"og:locale\" content=\"tr_TR\" \/>\n<meta property=\"og:type\" content=\"article\" \/>\n<meta property=\"og:title\" content=\"YA\u015e\" \/>\n<meta property=\"og:description\" content=\"Yazmam daha a\u015fk \u015fiiri,Diyenlerin kervan\u0131nda k\u0131\u015flad\u0131m\u00c7\u00f6le ya\u011faerken donmu\u015f levhalarda kar sureti\u0130mkans\u0131z\u0131n bereketiG\u00f6z\u00fcm\u00fc al\u0131rken her yan\u0131mda \u0131\u015f\u0131yan gen\u00e7li\u011fimKimin ya\u015f\u0131ndayd\u0131m bilmedim. Geceleri heceleyerek s\u00f6kt\u00fcmAld\u0131m yede\u011fimdeki kelimeleriI\u015f\u0131\u011fa tuttum i\u00e7imi lo\u015f tutan nesneyiYunus un ya\u015f\u0131na geldi\u011fimdeD\u00fcnyay\u0131 a\u015fk, imkans\u0131z\u0131 erkek bildim. Kelimelerle dokundum d\u00fcnyan\u0131n hallerineDokunulmazl\u0131\u011f\u0131m kalkt\u0131Kendi \u015fiirimde kendi Divan \u0131mdanS\u00fcr\u00fcld\u00fcmGit gide Fuzuli ninYa\u015f\u0131na geldi\u011fimde. Halk t\u00fcrk\u00fclerinin ser\u00e7eli kafiyeleriGibi u\u00e7u\u015fu kolay [&hellip;]\" \/>\n<meta property=\"og:url\" content=\"https:\/\/narteks.net\/index.php\/2011\/02\/05\/yas\/\" \/>\n<meta property=\"og:site_name\" content=\"narteks.net\" \/>\n<meta property=\"article:published_time\" content=\"2011-02-05T15:26:07+00:00\" \/>\n<meta property=\"og:image\" content=\"https:\/\/narteks.net\/wp-content\/uploads\/narteks.png\" \/>\n\t<meta property=\"og:image:width\" content=\"300\" \/>\n\t<meta property=\"og:image:height\" content=\"90\" \/>\n\t<meta property=\"og:image:type\" content=\"image\/png\" \/>\n<meta name=\"author\" content=\"Tar\u0131k\" \/>\n<meta name=\"twitter:card\" content=\"summary_large_image\" \/>\n<meta name=\"twitter:creator\" content=\"@narteks\" \/>\n<meta name=\"twitter:site\" content=\"@narteks\" \/>\n<meta name=\"twitter:label1\" content=\"Yazan:\" \/>\n\t<meta name=\"twitter:data1\" content=\"Tar\u0131k\" \/>\n\t<meta name=\"twitter:label2\" content=\"Tahmini okuma s\u00fcresi\" \/>\n\t<meta name=\"twitter:data2\" content=\"2 dakika\" \/>\n<script type=\"application\/ld+json\" class=\"yoast-schema-graph\">{\"@context\":\"https:\/\/schema.org\",\"@graph\":[{\"@type\":\"Article\",\"@id\":\"https:\/\/narteks.net\/index.php\/2011\/02\/05\/yas\/#article\",\"isPartOf\":{\"@id\":\"https:\/\/narteks.net\/index.php\/2011\/02\/05\/yas\/\"},\"author\":{\"name\":\"Tar\u0131k\",\"@id\":\"https:\/\/narteks.net\/#\/schema\/person\/61f37d9834294b72d31d274e7ed79bca\"},\"headline\":\"YA\u015e\",\"datePublished\":\"2011-02-05T15:26:07+00:00\",\"mainEntityOfPage\":{\"@id\":\"https:\/\/narteks.net\/index.php\/2011\/02\/05\/yas\/\"},\"wordCount\":353,\"commentCount\":0,\"publisher\":{\"@id\":\"https:\/\/narteks.net\/#organization\"},\"articleSection\":[\"Murathan MUNGAN\"],\"inLanguage\":\"tr\",\"potentialAction\":[{\"@type\":\"CommentAction\",\"name\":\"Comment\",\"target\":[\"https:\/\/narteks.net\/index.php\/2011\/02\/05\/yas\/#respond\"]}]},{\"@type\":\"WebPage\",\"@id\":\"https:\/\/narteks.net\/index.php\/2011\/02\/05\/yas\/\",\"url\":\"https:\/\/narteks.net\/index.php\/2011\/02\/05\/yas\/\",\"name\":\"YA\u015e - narteks.net\",\"isPartOf\":{\"@id\":\"https:\/\/narteks.net\/#website\"},\"datePublished\":\"2011-02-05T15:26:07+00:00\",\"breadcrumb\":{\"@id\":\"https:\/\/narteks.net\/index.php\/2011\/02\/05\/yas\/#breadcrumb\"},\"inLanguage\":\"tr\",\"potentialAction\":[{\"@type\":\"ReadAction\",\"target\":[\"https:\/\/narteks.net\/index.php\/2011\/02\/05\/yas\/\"]}]},{\"@type\":\"BreadcrumbList\",\"@id\":\"https:\/\/narteks.net\/index.php\/2011\/02\/05\/yas\/#breadcrumb\",\"itemListElement\":[{\"@type\":\"ListItem\",\"position\":1,\"name\":\"Anasayfa\",\"item\":\"https:\/\/narteks.net\/\"},{\"@type\":\"ListItem\",\"position\":2,\"name\":\"YA\u015e\"}]},{\"@type\":\"WebSite\",\"@id\":\"https:\/\/narteks.net\/#website\",\"url\":\"https:\/\/narteks.net\/\",\"name\":\"narteks.net\",\"description\":\"K\u00fclt\u00fcr Sanat Edebiyat Felsefe\",\"publisher\":{\"@id\":\"https:\/\/narteks.net\/#organization\"},\"alternateName\":\"K\u00fclt\u00fcr Sanat Edebiyat Felsefe\",\"potentialAction\":[{\"@type\":\"SearchAction\",\"target\":{\"@type\":\"EntryPoint\",\"urlTemplate\":\"https:\/\/narteks.net\/?s={search_term_string}\"},\"query-input\":{\"@type\":\"PropertyValueSpecification\",\"valueRequired\":true,\"valueName\":\"search_term_string\"}}],\"inLanguage\":\"tr\"},{\"@type\":\"Organization\",\"@id\":\"https:\/\/narteks.net\/#organization\",\"name\":\"narteks.net\",\"url\":\"https:\/\/narteks.net\/\",\"logo\":{\"@type\":\"ImageObject\",\"inLanguage\":\"tr\",\"@id\":\"https:\/\/narteks.net\/#\/schema\/logo\/image\/\",\"url\":\"https:\/\/narteks.net\/wp-content\/uploads\/narteks.png\",\"contentUrl\":\"https:\/\/narteks.net\/wp-content\/uploads\/narteks.png\",\"width\":300,\"height\":90,\"caption\":\"narteks.net\"},\"image\":{\"@id\":\"https:\/\/narteks.net\/#\/schema\/logo\/image\/\"},\"sameAs\":[\"https:\/\/x.com\/narteks\",\"https:\/\/instagram.com\/narteksnet\"]},{\"@type\":\"Person\",\"@id\":\"https:\/\/narteks.net\/#\/schema\/person\/61f37d9834294b72d31d274e7ed79bca\",\"name\":\"Tar\u0131k\",\"image\":{\"@type\":\"ImageObject\",\"inLanguage\":\"tr\",\"@id\":\"https:\/\/narteks.net\/#\/schema\/person\/image\/\",\"url\":\"https:\/\/secure.gravatar.com\/avatar\/50865afb55632c4ae467e0af0930f6510aa2297d8014be502a55b14f3b7550cf?s=96&d=mm&r=g\",\"contentUrl\":\"https:\/\/secure.gravatar.com\/avatar\/50865afb55632c4ae467e0af0930f6510aa2297d8014be502a55b14f3b7550cf?s=96&d=mm&r=g\",\"caption\":\"Tar\u0131k\"},\"sameAs\":[\"http:\/\/narteks.net\"],\"url\":\"https:\/\/narteks.net\/index.php\/author\/narbak\/\"}]}<\/script>\n<!-- \/ Yoast SEO Premium plugin. -->","yoast_head_json":{"title":"YA\u015e - narteks.net","robots":{"index":"index","follow":"follow","max-snippet":"max-snippet:-1","max-image-preview":"max-image-preview:large","max-video-preview":"max-video-preview:-1"},"canonical":"https:\/\/narteks.net\/index.php\/2011\/02\/05\/yas\/","og_locale":"tr_TR","og_type":"article","og_title":"YA\u015e","og_description":"Yazmam daha a\u015fk \u015fiiri,Diyenlerin kervan\u0131nda k\u0131\u015flad\u0131m\u00c7\u00f6le ya\u011faerken donmu\u015f levhalarda kar sureti\u0130mkans\u0131z\u0131n bereketiG\u00f6z\u00fcm\u00fc al\u0131rken her yan\u0131mda \u0131\u015f\u0131yan gen\u00e7li\u011fimKimin ya\u015f\u0131ndayd\u0131m bilmedim. Geceleri heceleyerek s\u00f6kt\u00fcmAld\u0131m yede\u011fimdeki kelimeleriI\u015f\u0131\u011fa tuttum i\u00e7imi lo\u015f tutan nesneyiYunus un ya\u015f\u0131na geldi\u011fimdeD\u00fcnyay\u0131 a\u015fk, imkans\u0131z\u0131 erkek bildim. Kelimelerle dokundum d\u00fcnyan\u0131n hallerineDokunulmazl\u0131\u011f\u0131m kalkt\u0131Kendi \u015fiirimde kendi Divan \u0131mdanS\u00fcr\u00fcld\u00fcmGit gide Fuzuli ninYa\u015f\u0131na geldi\u011fimde. Halk t\u00fcrk\u00fclerinin ser\u00e7eli kafiyeleriGibi u\u00e7u\u015fu kolay [&hellip;]","og_url":"https:\/\/narteks.net\/index.php\/2011\/02\/05\/yas\/","og_site_name":"narteks.net","article_published_time":"2011-02-05T15:26:07+00:00","og_image":[{"width":300,"height":90,"url":"https:\/\/narteks.net\/wp-content\/uploads\/narteks.png","type":"image\/png"}],"author":"Tar\u0131k","twitter_card":"summary_large_image","twitter_creator":"@narteks","twitter_site":"@narteks","twitter_misc":{"Yazan:":"Tar\u0131k","Tahmini okuma s\u00fcresi":"2 dakika"},"schema":{"@context":"https:\/\/schema.org","@graph":[{"@type":"Article","@id":"https:\/\/narteks.net\/index.php\/2011\/02\/05\/yas\/#article","isPartOf":{"@id":"https:\/\/narteks.net\/index.php\/2011\/02\/05\/yas\/"},"author":{"name":"Tar\u0131k","@id":"https:\/\/narteks.net\/#\/schema\/person\/61f37d9834294b72d31d274e7ed79bca"},"headline":"YA\u015e","datePublished":"2011-02-05T15:26:07+00:00","mainEntityOfPage":{"@id":"https:\/\/narteks.net\/index.php\/2011\/02\/05\/yas\/"},"wordCount":353,"commentCount":0,"publisher":{"@id":"https:\/\/narteks.net\/#organization"},"articleSection":["Murathan MUNGAN"],"inLanguage":"tr","potentialAction":[{"@type":"CommentAction","name":"Comment","target":["https:\/\/narteks.net\/index.php\/2011\/02\/05\/yas\/#respond"]}]},{"@type":"WebPage","@id":"https:\/\/narteks.net\/index.php\/2011\/02\/05\/yas\/","url":"https:\/\/narteks.net\/index.php\/2011\/02\/05\/yas\/","name":"YA\u015e - narteks.net","isPartOf":{"@id":"https:\/\/narteks.net\/#website"},"datePublished":"2011-02-05T15:26:07+00:00","breadcrumb":{"@id":"https:\/\/narteks.net\/index.php\/2011\/02\/05\/yas\/#breadcrumb"},"inLanguage":"tr","potentialAction":[{"@type":"ReadAction","target":["https:\/\/narteks.net\/index.php\/2011\/02\/05\/yas\/"]}]},{"@type":"BreadcrumbList","@id":"https:\/\/narteks.net\/index.php\/2011\/02\/05\/yas\/#breadcrumb","itemListElement":[{"@type":"ListItem","position":1,"name":"Anasayfa","item":"https:\/\/narteks.net\/"},{"@type":"ListItem","position":2,"name":"YA\u015e"}]},{"@type":"WebSite","@id":"https:\/\/narteks.net\/#website","url":"https:\/\/narteks.net\/","name":"narteks.net","description":"K\u00fclt\u00fcr Sanat Edebiyat Felsefe","publisher":{"@id":"https:\/\/narteks.net\/#organization"},"alternateName":"K\u00fclt\u00fcr Sanat Edebiyat Felsefe","potentialAction":[{"@type":"SearchAction","target":{"@type":"EntryPoint","urlTemplate":"https:\/\/narteks.net\/?s={search_term_string}"},"query-input":{"@type":"PropertyValueSpecification","valueRequired":true,"valueName":"search_term_string"}}],"inLanguage":"tr"},{"@type":"Organization","@id":"https:\/\/narteks.net\/#organization","name":"narteks.net","url":"https:\/\/narteks.net\/","logo":{"@type":"ImageObject","inLanguage":"tr","@id":"https:\/\/narteks.net\/#\/schema\/logo\/image\/","url":"https:\/\/narteks.net\/wp-content\/uploads\/narteks.png","contentUrl":"https:\/\/narteks.net\/wp-content\/uploads\/narteks.png","width":300,"height":90,"caption":"narteks.net"},"image":{"@id":"https:\/\/narteks.net\/#\/schema\/logo\/image\/"},"sameAs":["https:\/\/x.com\/narteks","https:\/\/instagram.com\/narteksnet"]},{"@type":"Person","@id":"https:\/\/narteks.net\/#\/schema\/person\/61f37d9834294b72d31d274e7ed79bca","name":"Tar\u0131k","image":{"@type":"ImageObject","inLanguage":"tr","@id":"https:\/\/narteks.net\/#\/schema\/person\/image\/","url":"https:\/\/secure.gravatar.com\/avatar\/50865afb55632c4ae467e0af0930f6510aa2297d8014be502a55b14f3b7550cf?s=96&d=mm&r=g","contentUrl":"https:\/\/secure.gravatar.com\/avatar\/50865afb55632c4ae467e0af0930f6510aa2297d8014be502a55b14f3b7550cf?s=96&d=mm&r=g","caption":"Tar\u0131k"},"sameAs":["http:\/\/narteks.net"],"url":"https:\/\/narteks.net\/index.php\/author\/narbak\/"}]}},"_links":{"self":[{"href":"https:\/\/narteks.net\/index.php\/wp-json\/wp\/v2\/posts\/5010","targetHints":{"allow":["GET"]}}],"collection":[{"href":"https:\/\/narteks.net\/index.php\/wp-json\/wp\/v2\/posts"}],"about":[{"href":"https:\/\/narteks.net\/index.php\/wp-json\/wp\/v2\/types\/post"}],"author":[{"embeddable":true,"href":"https:\/\/narteks.net\/index.php\/wp-json\/wp\/v2\/users\/1"}],"replies":[{"embeddable":true,"href":"https:\/\/narteks.net\/index.php\/wp-json\/wp\/v2\/comments?post=5010"}],"version-history":[{"count":0,"href":"https:\/\/narteks.net\/index.php\/wp-json\/wp\/v2\/posts\/5010\/revisions"}],"wp:attachment":[{"href":"https:\/\/narteks.net\/index.php\/wp-json\/wp\/v2\/media?parent=5010"}],"wp:term":[{"taxonomy":"category","embeddable":true,"href":"https:\/\/narteks.net\/index.php\/wp-json\/wp\/v2\/categories?post=5010"},{"taxonomy":"post_tag","embeddable":true,"href":"https:\/\/narteks.net\/index.php\/wp-json\/wp\/v2\/tags?post=5010"}],"curies":[{"name":"wp","href":"https:\/\/api.w.org\/{rel}","templated":true}]}}