{"id":5012,"date":"2011-02-05T18:27:38","date_gmt":"2011-02-05T15:27:38","guid":{"rendered":"http:\/\/localhost\/wordpress\/2011\/02\/05\/yaz-bitti\/"},"modified":"2011-02-05T18:27:38","modified_gmt":"2011-02-05T15:27:38","slug":"yaz-bitti","status":"publish","type":"post","link":"https:\/\/narteks.net\/index.php\/2011\/02\/05\/yaz-bitti\/","title":{"rendered":"YAZ B\u0130TT\u0130"},"content":{"rendered":"<p>yaz\u0131n bitti\u011fi her yerde s\u00f6ylenir<br \/>s\u00f6ylenmeyen \u015feyler kal\u0131r geriye<\/p>\n<p>ve sonra hi\u00e7 bir \u015fey olmam\u0131\u015f gibi<br \/>a\u011f\u0131r, usul bir haz\u0131rl\u0131k ba\u015flar<br \/>uykuya benzer yeni bir mevsime<\/p>\n<p>orda burda,ev i\u00e7lerinde,k\u0131r kahvelerinde,deniz kenarlar\u0131nda<br \/>incelen yaz\u0131n ak\u015fam esintilerinde<br \/>zaman usulca s\u0131yr\u0131l\u0131r aram\u0131zdan<br \/>ta i\u00e7imizde duyar\u0131z gelecek g\u00fcnlerin ge\u00e7mi\u015fini<br \/>ba\u015fka ne gelir elimizden<br \/>b\u00fcy\u00fck bir uzakl\u0131\u011fa g\u00fcl\u00fcmseyerek<br \/>ge\u00e7i\u015ftiririz<br \/>\u0131skalad\u0131\u011f\u0131m\u0131z \u015feyleri<\/p>\n<p>yat\u0131\u015ft\u0131r\u0131c\u0131 r\u00fczgarlar<br \/>d\u0131\u015favurur i\u00e7imizdeki lodosu, poyraz\u0131, g\u00fcnbat\u0131mlar\u0131n\u0131<br \/>saklar bizi<br \/>g\u00f6zlerimizdeki h\u00fczne &#8216;dinginlik&#8217; ad\u0131n\u0131 verir<br \/>&#8216;seni iyi g\u00f6rd\u00fcm&#8217; diyenler<br \/>biz de iyi hissederiz kendimizi<br \/>elimizden ba\u015fka ne gelir ki?<\/p>\n<p>k\u00f6\u015fe ba\u015flar\u0131, ak\u015fam\u00fcstleri,kokular<br \/>tozar gider zaman\u0131n bo\u015flu\u011funda<br \/>kar\u0131\u015f\u0131r anlar\u0131n kuytu belle\u011fine<br \/>belki sonralar\u0131 bir g\u00fcn<br \/>hat\u0131rlan\u0131r ayn\u0131 kederle<br \/>yaz\u0131n bitti\u011fi her yerde s\u00f6ylenir<br \/>s\u00f6yleyenler inan\u0131r bir \u015feylerin sahiden bitti\u011fine<br \/>yaz biter<br \/>eskir geceler,serin,h\u00fcz\u00fcnl\u00fc<br \/>yeni mevsime haz\u0131rl\u0131k: \u00f6mr\u00fcn teyel yerleri<br \/>bir yan\u0131 tela\u015f,bir yan\u0131 \u00fcrperten yaz sonu ikindileri<br \/>\u00e7\u0131kar\u0131r sizi dalg\u0131n derinli\u011finizden<br \/>ya\u015fad\u0131\u011f\u0131n\u0131z\u0131 duyars\u0131n\u0131z teninizde<br \/>bir zamanlar okumu\u015f oldu\u011funuz kitaplar\u0131 \u00f6zlersiniz<br \/>s\u0131cak odalar\u0131, beyaz, temiz yast\u0131klar\u0131<br \/>ah\u015fap panjurlar\u0131<br \/>yaz bitti<br \/>bitmeyen \u015feyler kald\u0131 geride<\/p>\n<p>yaz bitti<br \/>yaz bitti<br \/>y\u00fcksek sesle s\u00f6yl\u00fcyorum bunu kendime<br \/>her yerde s\u00f6ylendi\u011fi gibi<br \/>yaz bitti<br \/>yaz bitti<br \/>hi\u00e7 bir \u015fey hi\u00e7 bir \u015fey<br \/>hi\u00e7 bir \u015fey<br \/>yaln\u0131zca \u00fc\u015f\u00fcyorum \u015fimdi <\/p>\n<p>Murathan MUNGAN<\/p>\n","protected":false},"excerpt":{"rendered":"<p>yaz\u0131n bitti\u011fi her yerde s\u00f6ylenirs\u00f6ylenmeyen \u015feyler kal\u0131r geriye ve sonra hi\u00e7 bir \u015fey olmam\u0131\u015f gibia\u011f\u0131r, usul bir haz\u0131rl\u0131k ba\u015flaruykuya benzer yeni bir mevsime orda burda,ev i\u00e7lerinde,k\u0131r kahvelerinde,deniz kenarlar\u0131ndaincelen yaz\u0131n ak\u015fam esintilerindezaman usulca s\u0131yr\u0131l\u0131r aram\u0131zdanta i\u00e7imizde duyar\u0131z gelecek g\u00fcnlerin ge\u00e7mi\u015finiba\u015fka ne gelir elimizdenb\u00fcy\u00fck bir uzakl\u0131\u011fa g\u00fcl\u00fcmseyerekge\u00e7i\u015ftiririz\u0131skalad\u0131\u011f\u0131m\u0131z \u015feyleri yat\u0131\u015ft\u0131r\u0131c\u0131 r\u00fczgarlard\u0131\u015favurur i\u00e7imizdeki lodosu, poyraz\u0131, g\u00fcnbat\u0131mlar\u0131n\u0131saklar bizig\u00f6zlerimizdeki h\u00fczne &#8216;dinginlik&#8217; [&hellip;]<\/p>\n","protected":false},"author":1,"featured_media":0,"comment_status":"open","ping_status":"open","sticky":false,"template":"","format":"standard","meta":{"footnotes":""},"categories":[154],"tags":[],"class_list":{"0":"post-5012","1":"post","2":"type-post","3":"status-publish","4":"format-standard","6":"category-murathan-mungan"},"yoast_head":"<!-- This site is optimized with the Yoast SEO Premium plugin v24.9 (Yoast SEO v24.9) - https:\/\/yoast.com\/wordpress\/plugins\/seo\/ -->\n<title>YAZ B\u0130TT\u0130 - narteks.net<\/title>\n<meta name=\"robots\" content=\"index, follow, max-snippet:-1, max-image-preview:large, max-video-preview:-1\" \/>\n<link rel=\"canonical\" href=\"https:\/\/narteks.net\/index.php\/2011\/02\/05\/yaz-bitti\/\" \/>\n<meta property=\"og:locale\" content=\"tr_TR\" \/>\n<meta property=\"og:type\" content=\"article\" \/>\n<meta property=\"og:title\" content=\"YAZ B\u0130TT\u0130\" \/>\n<meta property=\"og:description\" content=\"yaz\u0131n bitti\u011fi her yerde s\u00f6ylenirs\u00f6ylenmeyen \u015feyler kal\u0131r geriye ve sonra hi\u00e7 bir \u015fey olmam\u0131\u015f gibia\u011f\u0131r, usul bir haz\u0131rl\u0131k ba\u015flaruykuya benzer yeni bir mevsime orda burda,ev i\u00e7lerinde,k\u0131r kahvelerinde,deniz kenarlar\u0131ndaincelen yaz\u0131n ak\u015fam esintilerindezaman usulca s\u0131yr\u0131l\u0131r aram\u0131zdanta i\u00e7imizde duyar\u0131z gelecek g\u00fcnlerin ge\u00e7mi\u015finiba\u015fka ne gelir elimizdenb\u00fcy\u00fck bir uzakl\u0131\u011fa g\u00fcl\u00fcmseyerekge\u00e7i\u015ftiririz\u0131skalad\u0131\u011f\u0131m\u0131z \u015feyleri yat\u0131\u015ft\u0131r\u0131c\u0131 r\u00fczgarlard\u0131\u015favurur i\u00e7imizdeki lodosu, poyraz\u0131, g\u00fcnbat\u0131mlar\u0131n\u0131saklar bizig\u00f6zlerimizdeki h\u00fczne &#8216;dinginlik&#8217; [&hellip;]\" \/>\n<meta property=\"og:url\" content=\"https:\/\/narteks.net\/index.php\/2011\/02\/05\/yaz-bitti\/\" \/>\n<meta property=\"og:site_name\" content=\"narteks.net\" \/>\n<meta property=\"article:published_time\" content=\"2011-02-05T15:27:38+00:00\" \/>\n<meta property=\"og:image\" content=\"https:\/\/narteks.net\/wp-content\/uploads\/narteks.png\" \/>\n\t<meta property=\"og:image:width\" content=\"300\" \/>\n\t<meta property=\"og:image:height\" content=\"90\" \/>\n\t<meta property=\"og:image:type\" content=\"image\/png\" \/>\n<meta name=\"author\" content=\"Tar\u0131k\" \/>\n<meta name=\"twitter:card\" content=\"summary_large_image\" \/>\n<meta name=\"twitter:creator\" content=\"@narteks\" \/>\n<meta name=\"twitter:site\" content=\"@narteks\" \/>\n<meta name=\"twitter:label1\" content=\"Yazan:\" \/>\n\t<meta name=\"twitter:data1\" content=\"Tar\u0131k\" \/>\n\t<meta name=\"twitter:label2\" content=\"Tahmini okuma s\u00fcresi\" \/>\n\t<meta name=\"twitter:data2\" content=\"1 dakika\" \/>\n<script type=\"application\/ld+json\" class=\"yoast-schema-graph\">{\"@context\":\"https:\/\/schema.org\",\"@graph\":[{\"@type\":\"Article\",\"@id\":\"https:\/\/narteks.net\/index.php\/2011\/02\/05\/yaz-bitti\/#article\",\"isPartOf\":{\"@id\":\"https:\/\/narteks.net\/index.php\/2011\/02\/05\/yaz-bitti\/\"},\"author\":{\"name\":\"Tar\u0131k\",\"@id\":\"https:\/\/narteks.net\/#\/schema\/person\/61f37d9834294b72d31d274e7ed79bca\"},\"headline\":\"YAZ B\u0130TT\u0130\",\"datePublished\":\"2011-02-05T15:27:38+00:00\",\"mainEntityOfPage\":{\"@id\":\"https:\/\/narteks.net\/index.php\/2011\/02\/05\/yaz-bitti\/\"},\"wordCount\":253,\"commentCount\":0,\"publisher\":{\"@id\":\"https:\/\/narteks.net\/#organization\"},\"articleSection\":[\"Murathan MUNGAN\"],\"inLanguage\":\"tr\",\"potentialAction\":[{\"@type\":\"CommentAction\",\"name\":\"Comment\",\"target\":[\"https:\/\/narteks.net\/index.php\/2011\/02\/05\/yaz-bitti\/#respond\"]}]},{\"@type\":\"WebPage\",\"@id\":\"https:\/\/narteks.net\/index.php\/2011\/02\/05\/yaz-bitti\/\",\"url\":\"https:\/\/narteks.net\/index.php\/2011\/02\/05\/yaz-bitti\/\",\"name\":\"YAZ B\u0130TT\u0130 - narteks.net\",\"isPartOf\":{\"@id\":\"https:\/\/narteks.net\/#website\"},\"datePublished\":\"2011-02-05T15:27:38+00:00\",\"breadcrumb\":{\"@id\":\"https:\/\/narteks.net\/index.php\/2011\/02\/05\/yaz-bitti\/#breadcrumb\"},\"inLanguage\":\"tr\",\"potentialAction\":[{\"@type\":\"ReadAction\",\"target\":[\"https:\/\/narteks.net\/index.php\/2011\/02\/05\/yaz-bitti\/\"]}]},{\"@type\":\"BreadcrumbList\",\"@id\":\"https:\/\/narteks.net\/index.php\/2011\/02\/05\/yaz-bitti\/#breadcrumb\",\"itemListElement\":[{\"@type\":\"ListItem\",\"position\":1,\"name\":\"Anasayfa\",\"item\":\"https:\/\/narteks.net\/\"},{\"@type\":\"ListItem\",\"position\":2,\"name\":\"YAZ B\u0130TT\u0130\"}]},{\"@type\":\"WebSite\",\"@id\":\"https:\/\/narteks.net\/#website\",\"url\":\"https:\/\/narteks.net\/\",\"name\":\"narteks.net\",\"description\":\"K\u00fclt\u00fcr Sanat Edebiyat Felsefe\",\"publisher\":{\"@id\":\"https:\/\/narteks.net\/#organization\"},\"alternateName\":\"K\u00fclt\u00fcr Sanat Edebiyat Felsefe\",\"potentialAction\":[{\"@type\":\"SearchAction\",\"target\":{\"@type\":\"EntryPoint\",\"urlTemplate\":\"https:\/\/narteks.net\/?s={search_term_string}\"},\"query-input\":{\"@type\":\"PropertyValueSpecification\",\"valueRequired\":true,\"valueName\":\"search_term_string\"}}],\"inLanguage\":\"tr\"},{\"@type\":\"Organization\",\"@id\":\"https:\/\/narteks.net\/#organization\",\"name\":\"narteks.net\",\"url\":\"https:\/\/narteks.net\/\",\"logo\":{\"@type\":\"ImageObject\",\"inLanguage\":\"tr\",\"@id\":\"https:\/\/narteks.net\/#\/schema\/logo\/image\/\",\"url\":\"https:\/\/narteks.net\/wp-content\/uploads\/narteks.png\",\"contentUrl\":\"https:\/\/narteks.net\/wp-content\/uploads\/narteks.png\",\"width\":300,\"height\":90,\"caption\":\"narteks.net\"},\"image\":{\"@id\":\"https:\/\/narteks.net\/#\/schema\/logo\/image\/\"},\"sameAs\":[\"https:\/\/x.com\/narteks\",\"https:\/\/instagram.com\/narteksnet\"]},{\"@type\":\"Person\",\"@id\":\"https:\/\/narteks.net\/#\/schema\/person\/61f37d9834294b72d31d274e7ed79bca\",\"name\":\"Tar\u0131k\",\"image\":{\"@type\":\"ImageObject\",\"inLanguage\":\"tr\",\"@id\":\"https:\/\/narteks.net\/#\/schema\/person\/image\/\",\"url\":\"https:\/\/secure.gravatar.com\/avatar\/50865afb55632c4ae467e0af0930f6510aa2297d8014be502a55b14f3b7550cf?s=96&d=mm&r=g\",\"contentUrl\":\"https:\/\/secure.gravatar.com\/avatar\/50865afb55632c4ae467e0af0930f6510aa2297d8014be502a55b14f3b7550cf?s=96&d=mm&r=g\",\"caption\":\"Tar\u0131k\"},\"sameAs\":[\"http:\/\/narteks.net\"],\"url\":\"https:\/\/narteks.net\/index.php\/author\/narbak\/\"}]}<\/script>\n<!-- \/ Yoast SEO Premium plugin. -->","yoast_head_json":{"title":"YAZ B\u0130TT\u0130 - narteks.net","robots":{"index":"index","follow":"follow","max-snippet":"max-snippet:-1","max-image-preview":"max-image-preview:large","max-video-preview":"max-video-preview:-1"},"canonical":"https:\/\/narteks.net\/index.php\/2011\/02\/05\/yaz-bitti\/","og_locale":"tr_TR","og_type":"article","og_title":"YAZ B\u0130TT\u0130","og_description":"yaz\u0131n bitti\u011fi her yerde s\u00f6ylenirs\u00f6ylenmeyen \u015feyler kal\u0131r geriye ve sonra hi\u00e7 bir \u015fey olmam\u0131\u015f gibia\u011f\u0131r, usul bir haz\u0131rl\u0131k ba\u015flaruykuya benzer yeni bir mevsime orda burda,ev i\u00e7lerinde,k\u0131r kahvelerinde,deniz kenarlar\u0131ndaincelen yaz\u0131n ak\u015fam esintilerindezaman usulca s\u0131yr\u0131l\u0131r aram\u0131zdanta i\u00e7imizde duyar\u0131z gelecek g\u00fcnlerin ge\u00e7mi\u015finiba\u015fka ne gelir elimizdenb\u00fcy\u00fck bir uzakl\u0131\u011fa g\u00fcl\u00fcmseyerekge\u00e7i\u015ftiririz\u0131skalad\u0131\u011f\u0131m\u0131z \u015feyleri yat\u0131\u015ft\u0131r\u0131c\u0131 r\u00fczgarlard\u0131\u015favurur i\u00e7imizdeki lodosu, poyraz\u0131, g\u00fcnbat\u0131mlar\u0131n\u0131saklar bizig\u00f6zlerimizdeki h\u00fczne &#8216;dinginlik&#8217; [&hellip;]","og_url":"https:\/\/narteks.net\/index.php\/2011\/02\/05\/yaz-bitti\/","og_site_name":"narteks.net","article_published_time":"2011-02-05T15:27:38+00:00","og_image":[{"width":300,"height":90,"url":"https:\/\/narteks.net\/wp-content\/uploads\/narteks.png","type":"image\/png"}],"author":"Tar\u0131k","twitter_card":"summary_large_image","twitter_creator":"@narteks","twitter_site":"@narteks","twitter_misc":{"Yazan:":"Tar\u0131k","Tahmini okuma s\u00fcresi":"1 dakika"},"schema":{"@context":"https:\/\/schema.org","@graph":[{"@type":"Article","@id":"https:\/\/narteks.net\/index.php\/2011\/02\/05\/yaz-bitti\/#article","isPartOf":{"@id":"https:\/\/narteks.net\/index.php\/2011\/02\/05\/yaz-bitti\/"},"author":{"name":"Tar\u0131k","@id":"https:\/\/narteks.net\/#\/schema\/person\/61f37d9834294b72d31d274e7ed79bca"},"headline":"YAZ B\u0130TT\u0130","datePublished":"2011-02-05T15:27:38+00:00","mainEntityOfPage":{"@id":"https:\/\/narteks.net\/index.php\/2011\/02\/05\/yaz-bitti\/"},"wordCount":253,"commentCount":0,"publisher":{"@id":"https:\/\/narteks.net\/#organization"},"articleSection":["Murathan MUNGAN"],"inLanguage":"tr","potentialAction":[{"@type":"CommentAction","name":"Comment","target":["https:\/\/narteks.net\/index.php\/2011\/02\/05\/yaz-bitti\/#respond"]}]},{"@type":"WebPage","@id":"https:\/\/narteks.net\/index.php\/2011\/02\/05\/yaz-bitti\/","url":"https:\/\/narteks.net\/index.php\/2011\/02\/05\/yaz-bitti\/","name":"YAZ B\u0130TT\u0130 - narteks.net","isPartOf":{"@id":"https:\/\/narteks.net\/#website"},"datePublished":"2011-02-05T15:27:38+00:00","breadcrumb":{"@id":"https:\/\/narteks.net\/index.php\/2011\/02\/05\/yaz-bitti\/#breadcrumb"},"inLanguage":"tr","potentialAction":[{"@type":"ReadAction","target":["https:\/\/narteks.net\/index.php\/2011\/02\/05\/yaz-bitti\/"]}]},{"@type":"BreadcrumbList","@id":"https:\/\/narteks.net\/index.php\/2011\/02\/05\/yaz-bitti\/#breadcrumb","itemListElement":[{"@type":"ListItem","position":1,"name":"Anasayfa","item":"https:\/\/narteks.net\/"},{"@type":"ListItem","position":2,"name":"YAZ B\u0130TT\u0130"}]},{"@type":"WebSite","@id":"https:\/\/narteks.net\/#website","url":"https:\/\/narteks.net\/","name":"narteks.net","description":"K\u00fclt\u00fcr Sanat Edebiyat Felsefe","publisher":{"@id":"https:\/\/narteks.net\/#organization"},"alternateName":"K\u00fclt\u00fcr Sanat Edebiyat Felsefe","potentialAction":[{"@type":"SearchAction","target":{"@type":"EntryPoint","urlTemplate":"https:\/\/narteks.net\/?s={search_term_string}"},"query-input":{"@type":"PropertyValueSpecification","valueRequired":true,"valueName":"search_term_string"}}],"inLanguage":"tr"},{"@type":"Organization","@id":"https:\/\/narteks.net\/#organization","name":"narteks.net","url":"https:\/\/narteks.net\/","logo":{"@type":"ImageObject","inLanguage":"tr","@id":"https:\/\/narteks.net\/#\/schema\/logo\/image\/","url":"https:\/\/narteks.net\/wp-content\/uploads\/narteks.png","contentUrl":"https:\/\/narteks.net\/wp-content\/uploads\/narteks.png","width":300,"height":90,"caption":"narteks.net"},"image":{"@id":"https:\/\/narteks.net\/#\/schema\/logo\/image\/"},"sameAs":["https:\/\/x.com\/narteks","https:\/\/instagram.com\/narteksnet"]},{"@type":"Person","@id":"https:\/\/narteks.net\/#\/schema\/person\/61f37d9834294b72d31d274e7ed79bca","name":"Tar\u0131k","image":{"@type":"ImageObject","inLanguage":"tr","@id":"https:\/\/narteks.net\/#\/schema\/person\/image\/","url":"https:\/\/secure.gravatar.com\/avatar\/50865afb55632c4ae467e0af0930f6510aa2297d8014be502a55b14f3b7550cf?s=96&d=mm&r=g","contentUrl":"https:\/\/secure.gravatar.com\/avatar\/50865afb55632c4ae467e0af0930f6510aa2297d8014be502a55b14f3b7550cf?s=96&d=mm&r=g","caption":"Tar\u0131k"},"sameAs":["http:\/\/narteks.net"],"url":"https:\/\/narteks.net\/index.php\/author\/narbak\/"}]}},"_links":{"self":[{"href":"https:\/\/narteks.net\/index.php\/wp-json\/wp\/v2\/posts\/5012","targetHints":{"allow":["GET"]}}],"collection":[{"href":"https:\/\/narteks.net\/index.php\/wp-json\/wp\/v2\/posts"}],"about":[{"href":"https:\/\/narteks.net\/index.php\/wp-json\/wp\/v2\/types\/post"}],"author":[{"embeddable":true,"href":"https:\/\/narteks.net\/index.php\/wp-json\/wp\/v2\/users\/1"}],"replies":[{"embeddable":true,"href":"https:\/\/narteks.net\/index.php\/wp-json\/wp\/v2\/comments?post=5012"}],"version-history":[{"count":0,"href":"https:\/\/narteks.net\/index.php\/wp-json\/wp\/v2\/posts\/5012\/revisions"}],"wp:attachment":[{"href":"https:\/\/narteks.net\/index.php\/wp-json\/wp\/v2\/media?parent=5012"}],"wp:term":[{"taxonomy":"category","embeddable":true,"href":"https:\/\/narteks.net\/index.php\/wp-json\/wp\/v2\/categories?post=5012"},{"taxonomy":"post_tag","embeddable":true,"href":"https:\/\/narteks.net\/index.php\/wp-json\/wp\/v2\/tags?post=5012"}],"curies":[{"name":"wp","href":"https:\/\/api.w.org\/{rel}","templated":true}]}}