{"id":5015,"date":"2011-02-05T18:29:39","date_gmt":"2011-02-05T15:29:39","guid":{"rendered":"http:\/\/localhost\/wordpress\/2011\/02\/05\/yilan-yastigi\/"},"modified":"2011-02-05T18:29:39","modified_gmt":"2011-02-05T15:29:39","slug":"yilan-yastigi","status":"publish","type":"post","link":"https:\/\/narteks.net\/index.php\/2011\/02\/05\/yilan-yastigi\/","title":{"rendered":"YILAN YASTI\u011eI"},"content":{"rendered":"<p>Yolcu bir ma\u011faraya u\u011frar<br \/>Ve olaylar ba\u015flar<\/p>\n<p>Kuzey \u0131\u015f\u0131\u011f\u0131, do\u011fu r\u00fczgar\u0131<br \/>G\u00fcney denizleri<br \/>G\u00fcnbat\u0131m\u0131<br \/>Yasemin, zakkum, kara manolya<br \/>Ba\u015f\u0131m\u0131z\u0131 koydu\u011fumuz y\u0131lan yast\u0131\u011f\u0131<br \/>Efsane, zehirden sonra ba\u015fl\u0131yor<\/p>\n<p>Ey i\u00e7inden ge\u00e7ti\u011fim ate\u015f<br \/>Y\u0131kand\u0131\u011f\u0131m su<br \/>\u0130ncinmi\u015f sisler i\u00e7inde kalbimin do\u011fusu<br \/>Bak\u0131ms\u0131z y\u00fczy\u0131llardan sonra<br \/>On binlerin d\u00f6n\u00fc\u015f\u00fcn\u00fc akan<br \/>Geri \u00e7a\u011fr\u0131lm\u0131\u015f \u0131rmaklar<br \/>Her g\u00fcn gizleriyle bak\u0131\u015ft\u0131\u011f\u0131m\u0131z eski uygarl\u0131klar<br \/>Kadar yabanc\u0131<br \/>G\u00fcndeli\u011fin karanl\u0131k u\u011fultusu<br \/>Efsanesi i\u00e7imizi yakan<br \/>Y\u0131lan yast\u0131\u011f\u0131<br \/>G\u00fcne\u015fin ak\u015fam dualar\u0131n\u0131 s\u00f6yledi\u011fi mezralarda<br \/>Her \u015fey d\u00fcnyan\u0131n yarad\u0131l\u0131\u015f\u0131na benziyor<br \/>Do\u011fu r\u00fczgarlar\u0131 a\u011fz\u0131nda zehirli yapraklar\u0131<br \/>Esiyor esiyor<\/p>\n<p>Ma\u011farada ejderha uyan\u0131yor<br \/>Yedi uyku uyumu\u015f yolcu<br \/>Y\u0131lan yast\u0131\u011f\u0131 terliyor <\/p>\n<p>Murathan MUNGAN<\/p>\n","protected":false},"excerpt":{"rendered":"<p>Yolcu bir ma\u011faraya u\u011frarVe olaylar ba\u015flar Kuzey \u0131\u015f\u0131\u011f\u0131, do\u011fu r\u00fczgar\u0131G\u00fcney denizleriG\u00fcnbat\u0131m\u0131Yasemin, zakkum, kara manolyaBa\u015f\u0131m\u0131z\u0131 koydu\u011fumuz y\u0131lan yast\u0131\u011f\u0131Efsane, zehirden sonra ba\u015fl\u0131yor Ey i\u00e7inden ge\u00e7ti\u011fim ate\u015fY\u0131kand\u0131\u011f\u0131m su\u0130ncinmi\u015f sisler i\u00e7inde kalbimin do\u011fusuBak\u0131ms\u0131z y\u00fczy\u0131llardan sonraOn binlerin d\u00f6n\u00fc\u015f\u00fcn\u00fc akanGeri \u00e7a\u011fr\u0131lm\u0131\u015f \u0131rmaklarHer g\u00fcn gizleriyle bak\u0131\u015ft\u0131\u011f\u0131m\u0131z eski uygarl\u0131klarKadar yabanc\u0131G\u00fcndeli\u011fin karanl\u0131k u\u011fultusuEfsanesi i\u00e7imizi yakanY\u0131lan yast\u0131\u011f\u0131G\u00fcne\u015fin ak\u015fam dualar\u0131n\u0131 s\u00f6yledi\u011fi mezralardaHer \u015fey d\u00fcnyan\u0131n yarad\u0131l\u0131\u015f\u0131na benziyorDo\u011fu [&hellip;]<\/p>\n","protected":false},"author":1,"featured_media":0,"comment_status":"open","ping_status":"open","sticky":false,"template":"","format":"standard","meta":{"footnotes":""},"categories":[154],"tags":[],"class_list":{"0":"post-5015","1":"post","2":"type-post","3":"status-publish","4":"format-standard","6":"category-murathan-mungan"},"yoast_head":"<!-- This site is optimized with the Yoast SEO Premium plugin v24.9 (Yoast SEO v24.9) - https:\/\/yoast.com\/wordpress\/plugins\/seo\/ -->\n<title>YILAN YASTI\u011eI - narteks.net<\/title>\n<meta name=\"robots\" content=\"index, follow, max-snippet:-1, max-image-preview:large, max-video-preview:-1\" \/>\n<link rel=\"canonical\" href=\"https:\/\/narteks.net\/index.php\/2011\/02\/05\/yilan-yastigi\/\" \/>\n<meta property=\"og:locale\" content=\"tr_TR\" \/>\n<meta property=\"og:type\" content=\"article\" \/>\n<meta property=\"og:title\" content=\"YILAN YASTI\u011eI\" \/>\n<meta property=\"og:description\" content=\"Yolcu bir ma\u011faraya u\u011frarVe olaylar ba\u015flar Kuzey \u0131\u015f\u0131\u011f\u0131, do\u011fu r\u00fczgar\u0131G\u00fcney denizleriG\u00fcnbat\u0131m\u0131Yasemin, zakkum, kara manolyaBa\u015f\u0131m\u0131z\u0131 koydu\u011fumuz y\u0131lan yast\u0131\u011f\u0131Efsane, zehirden sonra ba\u015fl\u0131yor Ey i\u00e7inden ge\u00e7ti\u011fim ate\u015fY\u0131kand\u0131\u011f\u0131m su\u0130ncinmi\u015f sisler i\u00e7inde kalbimin do\u011fusuBak\u0131ms\u0131z y\u00fczy\u0131llardan sonraOn binlerin d\u00f6n\u00fc\u015f\u00fcn\u00fc akanGeri \u00e7a\u011fr\u0131lm\u0131\u015f \u0131rmaklarHer g\u00fcn gizleriyle bak\u0131\u015ft\u0131\u011f\u0131m\u0131z eski uygarl\u0131klarKadar yabanc\u0131G\u00fcndeli\u011fin karanl\u0131k u\u011fultusuEfsanesi i\u00e7imizi yakanY\u0131lan yast\u0131\u011f\u0131G\u00fcne\u015fin ak\u015fam dualar\u0131n\u0131 s\u00f6yledi\u011fi mezralardaHer \u015fey d\u00fcnyan\u0131n yarad\u0131l\u0131\u015f\u0131na benziyorDo\u011fu [&hellip;]\" \/>\n<meta property=\"og:url\" content=\"https:\/\/narteks.net\/index.php\/2011\/02\/05\/yilan-yastigi\/\" \/>\n<meta property=\"og:site_name\" content=\"narteks.net\" \/>\n<meta property=\"article:published_time\" content=\"2011-02-05T15:29:39+00:00\" \/>\n<meta property=\"og:image\" content=\"https:\/\/narteks.net\/wp-content\/uploads\/narteks.png\" \/>\n\t<meta property=\"og:image:width\" content=\"300\" \/>\n\t<meta property=\"og:image:height\" content=\"90\" \/>\n\t<meta property=\"og:image:type\" content=\"image\/png\" \/>\n<meta name=\"author\" content=\"Tar\u0131k\" \/>\n<meta name=\"twitter:card\" content=\"summary_large_image\" \/>\n<meta name=\"twitter:creator\" content=\"@narteks\" \/>\n<meta name=\"twitter:site\" content=\"@narteks\" \/>\n<meta name=\"twitter:label1\" content=\"Yazan:\" \/>\n\t<meta name=\"twitter:data1\" content=\"Tar\u0131k\" \/>\n\t<meta name=\"twitter:label2\" content=\"Tahmini okuma s\u00fcresi\" \/>\n\t<meta name=\"twitter:data2\" content=\"1 dakika\" \/>\n<script type=\"application\/ld+json\" class=\"yoast-schema-graph\">{\"@context\":\"https:\/\/schema.org\",\"@graph\":[{\"@type\":\"Article\",\"@id\":\"https:\/\/narteks.net\/index.php\/2011\/02\/05\/yilan-yastigi\/#article\",\"isPartOf\":{\"@id\":\"https:\/\/narteks.net\/index.php\/2011\/02\/05\/yilan-yastigi\/\"},\"author\":{\"name\":\"Tar\u0131k\",\"@id\":\"https:\/\/narteks.net\/#\/schema\/person\/61f37d9834294b72d31d274e7ed79bca\"},\"headline\":\"YILAN YASTI\u011eI\",\"datePublished\":\"2011-02-05T15:29:39+00:00\",\"mainEntityOfPage\":{\"@id\":\"https:\/\/narteks.net\/index.php\/2011\/02\/05\/yilan-yastigi\/\"},\"wordCount\":137,\"commentCount\":0,\"publisher\":{\"@id\":\"https:\/\/narteks.net\/#organization\"},\"articleSection\":[\"Murathan MUNGAN\"],\"inLanguage\":\"tr\",\"potentialAction\":[{\"@type\":\"CommentAction\",\"name\":\"Comment\",\"target\":[\"https:\/\/narteks.net\/index.php\/2011\/02\/05\/yilan-yastigi\/#respond\"]}]},{\"@type\":\"WebPage\",\"@id\":\"https:\/\/narteks.net\/index.php\/2011\/02\/05\/yilan-yastigi\/\",\"url\":\"https:\/\/narteks.net\/index.php\/2011\/02\/05\/yilan-yastigi\/\",\"name\":\"YILAN YASTI\u011eI - narteks.net\",\"isPartOf\":{\"@id\":\"https:\/\/narteks.net\/#website\"},\"datePublished\":\"2011-02-05T15:29:39+00:00\",\"breadcrumb\":{\"@id\":\"https:\/\/narteks.net\/index.php\/2011\/02\/05\/yilan-yastigi\/#breadcrumb\"},\"inLanguage\":\"tr\",\"potentialAction\":[{\"@type\":\"ReadAction\",\"target\":[\"https:\/\/narteks.net\/index.php\/2011\/02\/05\/yilan-yastigi\/\"]}]},{\"@type\":\"BreadcrumbList\",\"@id\":\"https:\/\/narteks.net\/index.php\/2011\/02\/05\/yilan-yastigi\/#breadcrumb\",\"itemListElement\":[{\"@type\":\"ListItem\",\"position\":1,\"name\":\"Anasayfa\",\"item\":\"https:\/\/narteks.net\/\"},{\"@type\":\"ListItem\",\"position\":2,\"name\":\"YILAN YASTI\u011eI\"}]},{\"@type\":\"WebSite\",\"@id\":\"https:\/\/narteks.net\/#website\",\"url\":\"https:\/\/narteks.net\/\",\"name\":\"narteks.net\",\"description\":\"K\u00fclt\u00fcr Sanat Edebiyat Felsefe\",\"publisher\":{\"@id\":\"https:\/\/narteks.net\/#organization\"},\"alternateName\":\"K\u00fclt\u00fcr Sanat Edebiyat Felsefe\",\"potentialAction\":[{\"@type\":\"SearchAction\",\"target\":{\"@type\":\"EntryPoint\",\"urlTemplate\":\"https:\/\/narteks.net\/?s={search_term_string}\"},\"query-input\":{\"@type\":\"PropertyValueSpecification\",\"valueRequired\":true,\"valueName\":\"search_term_string\"}}],\"inLanguage\":\"tr\"},{\"@type\":\"Organization\",\"@id\":\"https:\/\/narteks.net\/#organization\",\"name\":\"narteks.net\",\"url\":\"https:\/\/narteks.net\/\",\"logo\":{\"@type\":\"ImageObject\",\"inLanguage\":\"tr\",\"@id\":\"https:\/\/narteks.net\/#\/schema\/logo\/image\/\",\"url\":\"https:\/\/narteks.net\/wp-content\/uploads\/narteks.png\",\"contentUrl\":\"https:\/\/narteks.net\/wp-content\/uploads\/narteks.png\",\"width\":300,\"height\":90,\"caption\":\"narteks.net\"},\"image\":{\"@id\":\"https:\/\/narteks.net\/#\/schema\/logo\/image\/\"},\"sameAs\":[\"https:\/\/x.com\/narteks\",\"https:\/\/instagram.com\/narteksnet\"]},{\"@type\":\"Person\",\"@id\":\"https:\/\/narteks.net\/#\/schema\/person\/61f37d9834294b72d31d274e7ed79bca\",\"name\":\"Tar\u0131k\",\"image\":{\"@type\":\"ImageObject\",\"inLanguage\":\"tr\",\"@id\":\"https:\/\/narteks.net\/#\/schema\/person\/image\/\",\"url\":\"https:\/\/secure.gravatar.com\/avatar\/50865afb55632c4ae467e0af0930f6510aa2297d8014be502a55b14f3b7550cf?s=96&d=mm&r=g\",\"contentUrl\":\"https:\/\/secure.gravatar.com\/avatar\/50865afb55632c4ae467e0af0930f6510aa2297d8014be502a55b14f3b7550cf?s=96&d=mm&r=g\",\"caption\":\"Tar\u0131k\"},\"sameAs\":[\"http:\/\/narteks.net\"],\"url\":\"https:\/\/narteks.net\/index.php\/author\/narbak\/\"}]}<\/script>\n<!-- \/ Yoast SEO Premium plugin. -->","yoast_head_json":{"title":"YILAN YASTI\u011eI - narteks.net","robots":{"index":"index","follow":"follow","max-snippet":"max-snippet:-1","max-image-preview":"max-image-preview:large","max-video-preview":"max-video-preview:-1"},"canonical":"https:\/\/narteks.net\/index.php\/2011\/02\/05\/yilan-yastigi\/","og_locale":"tr_TR","og_type":"article","og_title":"YILAN YASTI\u011eI","og_description":"Yolcu bir ma\u011faraya u\u011frarVe olaylar ba\u015flar Kuzey \u0131\u015f\u0131\u011f\u0131, do\u011fu r\u00fczgar\u0131G\u00fcney denizleriG\u00fcnbat\u0131m\u0131Yasemin, zakkum, kara manolyaBa\u015f\u0131m\u0131z\u0131 koydu\u011fumuz y\u0131lan yast\u0131\u011f\u0131Efsane, zehirden sonra ba\u015fl\u0131yor Ey i\u00e7inden ge\u00e7ti\u011fim ate\u015fY\u0131kand\u0131\u011f\u0131m su\u0130ncinmi\u015f sisler i\u00e7inde kalbimin do\u011fusuBak\u0131ms\u0131z y\u00fczy\u0131llardan sonraOn binlerin d\u00f6n\u00fc\u015f\u00fcn\u00fc akanGeri \u00e7a\u011fr\u0131lm\u0131\u015f \u0131rmaklarHer g\u00fcn gizleriyle bak\u0131\u015ft\u0131\u011f\u0131m\u0131z eski uygarl\u0131klarKadar yabanc\u0131G\u00fcndeli\u011fin karanl\u0131k u\u011fultusuEfsanesi i\u00e7imizi yakanY\u0131lan yast\u0131\u011f\u0131G\u00fcne\u015fin ak\u015fam dualar\u0131n\u0131 s\u00f6yledi\u011fi mezralardaHer \u015fey d\u00fcnyan\u0131n yarad\u0131l\u0131\u015f\u0131na benziyorDo\u011fu [&hellip;]","og_url":"https:\/\/narteks.net\/index.php\/2011\/02\/05\/yilan-yastigi\/","og_site_name":"narteks.net","article_published_time":"2011-02-05T15:29:39+00:00","og_image":[{"width":300,"height":90,"url":"https:\/\/narteks.net\/wp-content\/uploads\/narteks.png","type":"image\/png"}],"author":"Tar\u0131k","twitter_card":"summary_large_image","twitter_creator":"@narteks","twitter_site":"@narteks","twitter_misc":{"Yazan:":"Tar\u0131k","Tahmini okuma s\u00fcresi":"1 dakika"},"schema":{"@context":"https:\/\/schema.org","@graph":[{"@type":"Article","@id":"https:\/\/narteks.net\/index.php\/2011\/02\/05\/yilan-yastigi\/#article","isPartOf":{"@id":"https:\/\/narteks.net\/index.php\/2011\/02\/05\/yilan-yastigi\/"},"author":{"name":"Tar\u0131k","@id":"https:\/\/narteks.net\/#\/schema\/person\/61f37d9834294b72d31d274e7ed79bca"},"headline":"YILAN YASTI\u011eI","datePublished":"2011-02-05T15:29:39+00:00","mainEntityOfPage":{"@id":"https:\/\/narteks.net\/index.php\/2011\/02\/05\/yilan-yastigi\/"},"wordCount":137,"commentCount":0,"publisher":{"@id":"https:\/\/narteks.net\/#organization"},"articleSection":["Murathan MUNGAN"],"inLanguage":"tr","potentialAction":[{"@type":"CommentAction","name":"Comment","target":["https:\/\/narteks.net\/index.php\/2011\/02\/05\/yilan-yastigi\/#respond"]}]},{"@type":"WebPage","@id":"https:\/\/narteks.net\/index.php\/2011\/02\/05\/yilan-yastigi\/","url":"https:\/\/narteks.net\/index.php\/2011\/02\/05\/yilan-yastigi\/","name":"YILAN YASTI\u011eI - narteks.net","isPartOf":{"@id":"https:\/\/narteks.net\/#website"},"datePublished":"2011-02-05T15:29:39+00:00","breadcrumb":{"@id":"https:\/\/narteks.net\/index.php\/2011\/02\/05\/yilan-yastigi\/#breadcrumb"},"inLanguage":"tr","potentialAction":[{"@type":"ReadAction","target":["https:\/\/narteks.net\/index.php\/2011\/02\/05\/yilan-yastigi\/"]}]},{"@type":"BreadcrumbList","@id":"https:\/\/narteks.net\/index.php\/2011\/02\/05\/yilan-yastigi\/#breadcrumb","itemListElement":[{"@type":"ListItem","position":1,"name":"Anasayfa","item":"https:\/\/narteks.net\/"},{"@type":"ListItem","position":2,"name":"YILAN YASTI\u011eI"}]},{"@type":"WebSite","@id":"https:\/\/narteks.net\/#website","url":"https:\/\/narteks.net\/","name":"narteks.net","description":"K\u00fclt\u00fcr Sanat Edebiyat Felsefe","publisher":{"@id":"https:\/\/narteks.net\/#organization"},"alternateName":"K\u00fclt\u00fcr Sanat Edebiyat Felsefe","potentialAction":[{"@type":"SearchAction","target":{"@type":"EntryPoint","urlTemplate":"https:\/\/narteks.net\/?s={search_term_string}"},"query-input":{"@type":"PropertyValueSpecification","valueRequired":true,"valueName":"search_term_string"}}],"inLanguage":"tr"},{"@type":"Organization","@id":"https:\/\/narteks.net\/#organization","name":"narteks.net","url":"https:\/\/narteks.net\/","logo":{"@type":"ImageObject","inLanguage":"tr","@id":"https:\/\/narteks.net\/#\/schema\/logo\/image\/","url":"https:\/\/narteks.net\/wp-content\/uploads\/narteks.png","contentUrl":"https:\/\/narteks.net\/wp-content\/uploads\/narteks.png","width":300,"height":90,"caption":"narteks.net"},"image":{"@id":"https:\/\/narteks.net\/#\/schema\/logo\/image\/"},"sameAs":["https:\/\/x.com\/narteks","https:\/\/instagram.com\/narteksnet"]},{"@type":"Person","@id":"https:\/\/narteks.net\/#\/schema\/person\/61f37d9834294b72d31d274e7ed79bca","name":"Tar\u0131k","image":{"@type":"ImageObject","inLanguage":"tr","@id":"https:\/\/narteks.net\/#\/schema\/person\/image\/","url":"https:\/\/secure.gravatar.com\/avatar\/50865afb55632c4ae467e0af0930f6510aa2297d8014be502a55b14f3b7550cf?s=96&d=mm&r=g","contentUrl":"https:\/\/secure.gravatar.com\/avatar\/50865afb55632c4ae467e0af0930f6510aa2297d8014be502a55b14f3b7550cf?s=96&d=mm&r=g","caption":"Tar\u0131k"},"sameAs":["http:\/\/narteks.net"],"url":"https:\/\/narteks.net\/index.php\/author\/narbak\/"}]}},"_links":{"self":[{"href":"https:\/\/narteks.net\/index.php\/wp-json\/wp\/v2\/posts\/5015","targetHints":{"allow":["GET"]}}],"collection":[{"href":"https:\/\/narteks.net\/index.php\/wp-json\/wp\/v2\/posts"}],"about":[{"href":"https:\/\/narteks.net\/index.php\/wp-json\/wp\/v2\/types\/post"}],"author":[{"embeddable":true,"href":"https:\/\/narteks.net\/index.php\/wp-json\/wp\/v2\/users\/1"}],"replies":[{"embeddable":true,"href":"https:\/\/narteks.net\/index.php\/wp-json\/wp\/v2\/comments?post=5015"}],"version-history":[{"count":0,"href":"https:\/\/narteks.net\/index.php\/wp-json\/wp\/v2\/posts\/5015\/revisions"}],"wp:attachment":[{"href":"https:\/\/narteks.net\/index.php\/wp-json\/wp\/v2\/media?parent=5015"}],"wp:term":[{"taxonomy":"category","embeddable":true,"href":"https:\/\/narteks.net\/index.php\/wp-json\/wp\/v2\/categories?post=5015"},{"taxonomy":"post_tag","embeddable":true,"href":"https:\/\/narteks.net\/index.php\/wp-json\/wp\/v2\/tags?post=5015"}],"curies":[{"name":"wp","href":"https:\/\/api.w.org\/{rel}","templated":true}]}}