{"id":5017,"date":"2011-02-05T18:31:58","date_gmt":"2011-02-05T15:31:58","guid":{"rendered":"http:\/\/localhost\/wordpress\/2011\/02\/05\/col-terzisi\/"},"modified":"2011-02-05T18:31:58","modified_gmt":"2011-02-05T15:31:58","slug":"col-terzisi","status":"publish","type":"post","link":"https:\/\/narteks.net\/index.php\/2011\/02\/05\/col-terzisi\/","title":{"rendered":"\u00c7\u00d6L TERZ\u0130S\u0130"},"content":{"rendered":"<p>\u00a0<\/p>\n<p>kendim diktim d\u00fc\u015ft\u00fc\u011f\u00fcm<br \/>yollar\u0131n h\u0131rkas\u0131n\u0131<br \/>e\u011fnimi onlarla eksilttim<br \/>sabr\u0131n\u0131 bekledi\u011fim kuyulard\u0131 yeminli ay vakti<br \/>talibi olmad\u0131m heykelimin<br \/>bildim kumdan yap\u0131lmaz \u00e7\u00f6l\u00fcn heykeli<br \/>vaham\u0131 kendim diktim<br \/>kendim diktim hik\u00e2yelerimi<br \/>y\u0131rt\u0131\u011f\u0131n\u0131 s\u00f6k\u00fc\u011f\u00fcn\u00fc onulmaz\u0131n, hayat\u0131n<br \/>ad\u0131m\u0131 ben sananlara<br \/>ne yazsam<br \/>duyulmaz sesim<br \/>herkesin zaman\u0131ndan ba\u015fka t\u00fcrl\u00fc ge\u00e7erim<br \/>bana ad\u0131mdan yap\u0131lan zaman<br \/>ald\u0131 beni<br \/>madem seslendim d\u00fcnyaya<br \/>madem imzam\u0131 verdim<br \/>benden geri \u00e7ekildi \u00e7o\u011falt\u0131lan suretim<br \/>yazd\u0131k\u00e7a bildim:<br \/>zaman\u0131n mal\u0131y\u0131z hepimiz<br \/>d\u00fc\u011f\u00fcml\u00fcy\u00fcz ba\u011fl\u0131y\u0131z<br \/>az\u0131m\u0131z \u00e7o\u011fumuz<br \/>ne kadar sevsek o kadar\u0131z<br \/>\u00e7ok k\u0131sa g\u00f6r\u00fcnen hayat<br \/>\u00e7ok uzundur asl\u0131nda, \u00e7\u00fcnk\u00fc<br \/>kaderi \u00e7ok az \u00e7\u0131kar insan\u0131n kar\u015f\u0131s\u0131na<br \/>\u00e7\u00f6le vursa da kendini, adanm\u0131\u015f bir i\u00e7 kale sanat\u0131na<br \/>kar\u015f\u0131la\u015fmalarla k\u0131sal\u0131r insan hayat\u0131<br \/>\u00e7\u0131plakt\u0131m, ac\u0131kt\u0131m, bana inen y\u0131ld\u0131r\u0131md\u0131n<br \/>yak\u0131n ge\u00e7ersin sand\u0131m, vurdun ge\u00e7tin beni, bakt\u0131m:<br \/>dokunmad\u0131n bile bana<br \/>kavurup b\u0131rakt\u0131n ve yeniden uzakta bir y\u0131ld\u0131zd\u0131n ans\u0131z\u0131n.<\/p>\n<p>yeni terzim, mutlak serab\u0131m, akl\u0131mda senin ad\u0131n<br \/>ba\u015fka bir h\u0131rkaya ba\u015flad\u0131m, yolum ayn\u0131<br \/>a\u015fk\u0131m u\u00e7suz bir \u00e7\u00f6l, ben kum kadar\u0131m.<\/p>\n<p>Murathan MUNGAN<\/p>\n","protected":false},"excerpt":{"rendered":"<p>\u00a0 kendim diktim d\u00fc\u015ft\u00fc\u011f\u00fcmyollar\u0131n h\u0131rkas\u0131n\u0131e\u011fnimi onlarla eksilttimsabr\u0131n\u0131 bekledi\u011fim kuyulard\u0131 yeminli ay vaktitalibi olmad\u0131m heykeliminbildim kumdan yap\u0131lmaz \u00e7\u00f6l\u00fcn heykelivaham\u0131 kendim diktimkendim diktim hik\u00e2yelerimiy\u0131rt\u0131\u011f\u0131n\u0131 s\u00f6k\u00fc\u011f\u00fcn\u00fc onulmaz\u0131n, hayat\u0131nad\u0131m\u0131 ben sananlarane yazsamduyulmaz sesimherkesin zaman\u0131ndan ba\u015fka t\u00fcrl\u00fc ge\u00e7erimbana ad\u0131mdan yap\u0131lan zamanald\u0131 benimadem seslendim d\u00fcnyayamadem imzam\u0131 verdimbenden geri \u00e7ekildi \u00e7o\u011falt\u0131lan suretimyazd\u0131k\u00e7a bildim:zaman\u0131n mal\u0131y\u0131z hepimizd\u00fc\u011f\u00fcml\u00fcy\u00fcz ba\u011fl\u0131y\u0131zaz\u0131m\u0131z \u00e7o\u011fumuzne kadar sevsek o kadar\u0131z\u00e7ok k\u0131sa [&hellip;]<\/p>\n","protected":false},"author":1,"featured_media":0,"comment_status":"open","ping_status":"open","sticky":false,"template":"","format":"standard","meta":{"footnotes":""},"categories":[154],"tags":[],"class_list":{"0":"post-5017","1":"post","2":"type-post","3":"status-publish","4":"format-standard","6":"category-murathan-mungan"},"yoast_head":"<!-- This site is optimized with the Yoast SEO Premium plugin v24.9 (Yoast SEO v24.9) - https:\/\/yoast.com\/wordpress\/plugins\/seo\/ -->\n<title>\u00c7\u00d6L TERZ\u0130S\u0130 - narteks.net<\/title>\n<meta name=\"robots\" content=\"index, follow, max-snippet:-1, max-image-preview:large, max-video-preview:-1\" \/>\n<link rel=\"canonical\" href=\"https:\/\/narteks.net\/index.php\/2011\/02\/05\/col-terzisi\/\" \/>\n<meta property=\"og:locale\" content=\"tr_TR\" \/>\n<meta property=\"og:type\" content=\"article\" \/>\n<meta property=\"og:title\" content=\"\u00c7\u00d6L TERZ\u0130S\u0130\" \/>\n<meta property=\"og:description\" content=\"\u00a0 kendim diktim d\u00fc\u015ft\u00fc\u011f\u00fcmyollar\u0131n h\u0131rkas\u0131n\u0131e\u011fnimi onlarla eksilttimsabr\u0131n\u0131 bekledi\u011fim kuyulard\u0131 yeminli ay vaktitalibi olmad\u0131m heykeliminbildim kumdan yap\u0131lmaz \u00e7\u00f6l\u00fcn heykelivaham\u0131 kendim diktimkendim diktim hik\u00e2yelerimiy\u0131rt\u0131\u011f\u0131n\u0131 s\u00f6k\u00fc\u011f\u00fcn\u00fc onulmaz\u0131n, hayat\u0131nad\u0131m\u0131 ben sananlarane yazsamduyulmaz sesimherkesin zaman\u0131ndan ba\u015fka t\u00fcrl\u00fc ge\u00e7erimbana ad\u0131mdan yap\u0131lan zamanald\u0131 benimadem seslendim d\u00fcnyayamadem imzam\u0131 verdimbenden geri \u00e7ekildi \u00e7o\u011falt\u0131lan suretimyazd\u0131k\u00e7a bildim:zaman\u0131n mal\u0131y\u0131z hepimizd\u00fc\u011f\u00fcml\u00fcy\u00fcz ba\u011fl\u0131y\u0131zaz\u0131m\u0131z \u00e7o\u011fumuzne kadar sevsek o kadar\u0131z\u00e7ok k\u0131sa [&hellip;]\" \/>\n<meta property=\"og:url\" content=\"https:\/\/narteks.net\/index.php\/2011\/02\/05\/col-terzisi\/\" \/>\n<meta property=\"og:site_name\" content=\"narteks.net\" \/>\n<meta property=\"article:published_time\" content=\"2011-02-05T15:31:58+00:00\" \/>\n<meta property=\"og:image\" content=\"https:\/\/narteks.net\/wp-content\/uploads\/narteks.png\" \/>\n\t<meta property=\"og:image:width\" content=\"300\" \/>\n\t<meta property=\"og:image:height\" content=\"90\" \/>\n\t<meta property=\"og:image:type\" content=\"image\/png\" \/>\n<meta name=\"author\" content=\"Tar\u0131k\" \/>\n<meta name=\"twitter:card\" content=\"summary_large_image\" \/>\n<meta name=\"twitter:creator\" content=\"@narteks\" \/>\n<meta name=\"twitter:site\" content=\"@narteks\" \/>\n<meta name=\"twitter:label1\" content=\"Yazan:\" \/>\n\t<meta name=\"twitter:data1\" content=\"Tar\u0131k\" \/>\n\t<meta name=\"twitter:label2\" content=\"Tahmini okuma s\u00fcresi\" \/>\n\t<meta name=\"twitter:data2\" content=\"1 dakika\" \/>\n<script type=\"application\/ld+json\" class=\"yoast-schema-graph\">{\"@context\":\"https:\/\/schema.org\",\"@graph\":[{\"@type\":\"Article\",\"@id\":\"https:\/\/narteks.net\/index.php\/2011\/02\/05\/col-terzisi\/#article\",\"isPartOf\":{\"@id\":\"https:\/\/narteks.net\/index.php\/2011\/02\/05\/col-terzisi\/\"},\"author\":{\"name\":\"Tar\u0131k\",\"@id\":\"https:\/\/narteks.net\/#\/schema\/person\/61f37d9834294b72d31d274e7ed79bca\"},\"headline\":\"\u00c7\u00d6L TERZ\u0130S\u0130\",\"datePublished\":\"2011-02-05T15:31:58+00:00\",\"mainEntityOfPage\":{\"@id\":\"https:\/\/narteks.net\/index.php\/2011\/02\/05\/col-terzisi\/\"},\"wordCount\":212,\"commentCount\":0,\"publisher\":{\"@id\":\"https:\/\/narteks.net\/#organization\"},\"articleSection\":[\"Murathan MUNGAN\"],\"inLanguage\":\"tr\",\"potentialAction\":[{\"@type\":\"CommentAction\",\"name\":\"Comment\",\"target\":[\"https:\/\/narteks.net\/index.php\/2011\/02\/05\/col-terzisi\/#respond\"]}]},{\"@type\":\"WebPage\",\"@id\":\"https:\/\/narteks.net\/index.php\/2011\/02\/05\/col-terzisi\/\",\"url\":\"https:\/\/narteks.net\/index.php\/2011\/02\/05\/col-terzisi\/\",\"name\":\"\u00c7\u00d6L TERZ\u0130S\u0130 - narteks.net\",\"isPartOf\":{\"@id\":\"https:\/\/narteks.net\/#website\"},\"datePublished\":\"2011-02-05T15:31:58+00:00\",\"breadcrumb\":{\"@id\":\"https:\/\/narteks.net\/index.php\/2011\/02\/05\/col-terzisi\/#breadcrumb\"},\"inLanguage\":\"tr\",\"potentialAction\":[{\"@type\":\"ReadAction\",\"target\":[\"https:\/\/narteks.net\/index.php\/2011\/02\/05\/col-terzisi\/\"]}]},{\"@type\":\"BreadcrumbList\",\"@id\":\"https:\/\/narteks.net\/index.php\/2011\/02\/05\/col-terzisi\/#breadcrumb\",\"itemListElement\":[{\"@type\":\"ListItem\",\"position\":1,\"name\":\"Anasayfa\",\"item\":\"https:\/\/narteks.net\/\"},{\"@type\":\"ListItem\",\"position\":2,\"name\":\"\u00c7\u00d6L TERZ\u0130S\u0130\"}]},{\"@type\":\"WebSite\",\"@id\":\"https:\/\/narteks.net\/#website\",\"url\":\"https:\/\/narteks.net\/\",\"name\":\"narteks.net\",\"description\":\"K\u00fclt\u00fcr Sanat Edebiyat Felsefe\",\"publisher\":{\"@id\":\"https:\/\/narteks.net\/#organization\"},\"alternateName\":\"K\u00fclt\u00fcr Sanat Edebiyat Felsefe\",\"potentialAction\":[{\"@type\":\"SearchAction\",\"target\":{\"@type\":\"EntryPoint\",\"urlTemplate\":\"https:\/\/narteks.net\/?s={search_term_string}\"},\"query-input\":{\"@type\":\"PropertyValueSpecification\",\"valueRequired\":true,\"valueName\":\"search_term_string\"}}],\"inLanguage\":\"tr\"},{\"@type\":\"Organization\",\"@id\":\"https:\/\/narteks.net\/#organization\",\"name\":\"narteks.net\",\"url\":\"https:\/\/narteks.net\/\",\"logo\":{\"@type\":\"ImageObject\",\"inLanguage\":\"tr\",\"@id\":\"https:\/\/narteks.net\/#\/schema\/logo\/image\/\",\"url\":\"https:\/\/narteks.net\/wp-content\/uploads\/narteks.png\",\"contentUrl\":\"https:\/\/narteks.net\/wp-content\/uploads\/narteks.png\",\"width\":300,\"height\":90,\"caption\":\"narteks.net\"},\"image\":{\"@id\":\"https:\/\/narteks.net\/#\/schema\/logo\/image\/\"},\"sameAs\":[\"https:\/\/x.com\/narteks\",\"https:\/\/instagram.com\/narteksnet\"]},{\"@type\":\"Person\",\"@id\":\"https:\/\/narteks.net\/#\/schema\/person\/61f37d9834294b72d31d274e7ed79bca\",\"name\":\"Tar\u0131k\",\"image\":{\"@type\":\"ImageObject\",\"inLanguage\":\"tr\",\"@id\":\"https:\/\/narteks.net\/#\/schema\/person\/image\/\",\"url\":\"https:\/\/secure.gravatar.com\/avatar\/50865afb55632c4ae467e0af0930f6510aa2297d8014be502a55b14f3b7550cf?s=96&d=mm&r=g\",\"contentUrl\":\"https:\/\/secure.gravatar.com\/avatar\/50865afb55632c4ae467e0af0930f6510aa2297d8014be502a55b14f3b7550cf?s=96&d=mm&r=g\",\"caption\":\"Tar\u0131k\"},\"sameAs\":[\"http:\/\/narteks.net\"],\"url\":\"https:\/\/narteks.net\/index.php\/author\/narbak\/\"}]}<\/script>\n<!-- \/ Yoast SEO Premium plugin. -->","yoast_head_json":{"title":"\u00c7\u00d6L TERZ\u0130S\u0130 - narteks.net","robots":{"index":"index","follow":"follow","max-snippet":"max-snippet:-1","max-image-preview":"max-image-preview:large","max-video-preview":"max-video-preview:-1"},"canonical":"https:\/\/narteks.net\/index.php\/2011\/02\/05\/col-terzisi\/","og_locale":"tr_TR","og_type":"article","og_title":"\u00c7\u00d6L TERZ\u0130S\u0130","og_description":"\u00a0 kendim diktim d\u00fc\u015ft\u00fc\u011f\u00fcmyollar\u0131n h\u0131rkas\u0131n\u0131e\u011fnimi onlarla eksilttimsabr\u0131n\u0131 bekledi\u011fim kuyulard\u0131 yeminli ay vaktitalibi olmad\u0131m heykeliminbildim kumdan yap\u0131lmaz \u00e7\u00f6l\u00fcn heykelivaham\u0131 kendim diktimkendim diktim hik\u00e2yelerimiy\u0131rt\u0131\u011f\u0131n\u0131 s\u00f6k\u00fc\u011f\u00fcn\u00fc onulmaz\u0131n, hayat\u0131nad\u0131m\u0131 ben sananlarane yazsamduyulmaz sesimherkesin zaman\u0131ndan ba\u015fka t\u00fcrl\u00fc ge\u00e7erimbana ad\u0131mdan yap\u0131lan zamanald\u0131 benimadem seslendim d\u00fcnyayamadem imzam\u0131 verdimbenden geri \u00e7ekildi \u00e7o\u011falt\u0131lan suretimyazd\u0131k\u00e7a bildim:zaman\u0131n mal\u0131y\u0131z hepimizd\u00fc\u011f\u00fcml\u00fcy\u00fcz ba\u011fl\u0131y\u0131zaz\u0131m\u0131z \u00e7o\u011fumuzne kadar sevsek o kadar\u0131z\u00e7ok k\u0131sa [&hellip;]","og_url":"https:\/\/narteks.net\/index.php\/2011\/02\/05\/col-terzisi\/","og_site_name":"narteks.net","article_published_time":"2011-02-05T15:31:58+00:00","og_image":[{"width":300,"height":90,"url":"https:\/\/narteks.net\/wp-content\/uploads\/narteks.png","type":"image\/png"}],"author":"Tar\u0131k","twitter_card":"summary_large_image","twitter_creator":"@narteks","twitter_site":"@narteks","twitter_misc":{"Yazan:":"Tar\u0131k","Tahmini okuma s\u00fcresi":"1 dakika"},"schema":{"@context":"https:\/\/schema.org","@graph":[{"@type":"Article","@id":"https:\/\/narteks.net\/index.php\/2011\/02\/05\/col-terzisi\/#article","isPartOf":{"@id":"https:\/\/narteks.net\/index.php\/2011\/02\/05\/col-terzisi\/"},"author":{"name":"Tar\u0131k","@id":"https:\/\/narteks.net\/#\/schema\/person\/61f37d9834294b72d31d274e7ed79bca"},"headline":"\u00c7\u00d6L TERZ\u0130S\u0130","datePublished":"2011-02-05T15:31:58+00:00","mainEntityOfPage":{"@id":"https:\/\/narteks.net\/index.php\/2011\/02\/05\/col-terzisi\/"},"wordCount":212,"commentCount":0,"publisher":{"@id":"https:\/\/narteks.net\/#organization"},"articleSection":["Murathan MUNGAN"],"inLanguage":"tr","potentialAction":[{"@type":"CommentAction","name":"Comment","target":["https:\/\/narteks.net\/index.php\/2011\/02\/05\/col-terzisi\/#respond"]}]},{"@type":"WebPage","@id":"https:\/\/narteks.net\/index.php\/2011\/02\/05\/col-terzisi\/","url":"https:\/\/narteks.net\/index.php\/2011\/02\/05\/col-terzisi\/","name":"\u00c7\u00d6L TERZ\u0130S\u0130 - narteks.net","isPartOf":{"@id":"https:\/\/narteks.net\/#website"},"datePublished":"2011-02-05T15:31:58+00:00","breadcrumb":{"@id":"https:\/\/narteks.net\/index.php\/2011\/02\/05\/col-terzisi\/#breadcrumb"},"inLanguage":"tr","potentialAction":[{"@type":"ReadAction","target":["https:\/\/narteks.net\/index.php\/2011\/02\/05\/col-terzisi\/"]}]},{"@type":"BreadcrumbList","@id":"https:\/\/narteks.net\/index.php\/2011\/02\/05\/col-terzisi\/#breadcrumb","itemListElement":[{"@type":"ListItem","position":1,"name":"Anasayfa","item":"https:\/\/narteks.net\/"},{"@type":"ListItem","position":2,"name":"\u00c7\u00d6L TERZ\u0130S\u0130"}]},{"@type":"WebSite","@id":"https:\/\/narteks.net\/#website","url":"https:\/\/narteks.net\/","name":"narteks.net","description":"K\u00fclt\u00fcr Sanat Edebiyat Felsefe","publisher":{"@id":"https:\/\/narteks.net\/#organization"},"alternateName":"K\u00fclt\u00fcr Sanat Edebiyat Felsefe","potentialAction":[{"@type":"SearchAction","target":{"@type":"EntryPoint","urlTemplate":"https:\/\/narteks.net\/?s={search_term_string}"},"query-input":{"@type":"PropertyValueSpecification","valueRequired":true,"valueName":"search_term_string"}}],"inLanguage":"tr"},{"@type":"Organization","@id":"https:\/\/narteks.net\/#organization","name":"narteks.net","url":"https:\/\/narteks.net\/","logo":{"@type":"ImageObject","inLanguage":"tr","@id":"https:\/\/narteks.net\/#\/schema\/logo\/image\/","url":"https:\/\/narteks.net\/wp-content\/uploads\/narteks.png","contentUrl":"https:\/\/narteks.net\/wp-content\/uploads\/narteks.png","width":300,"height":90,"caption":"narteks.net"},"image":{"@id":"https:\/\/narteks.net\/#\/schema\/logo\/image\/"},"sameAs":["https:\/\/x.com\/narteks","https:\/\/instagram.com\/narteksnet"]},{"@type":"Person","@id":"https:\/\/narteks.net\/#\/schema\/person\/61f37d9834294b72d31d274e7ed79bca","name":"Tar\u0131k","image":{"@type":"ImageObject","inLanguage":"tr","@id":"https:\/\/narteks.net\/#\/schema\/person\/image\/","url":"https:\/\/secure.gravatar.com\/avatar\/50865afb55632c4ae467e0af0930f6510aa2297d8014be502a55b14f3b7550cf?s=96&d=mm&r=g","contentUrl":"https:\/\/secure.gravatar.com\/avatar\/50865afb55632c4ae467e0af0930f6510aa2297d8014be502a55b14f3b7550cf?s=96&d=mm&r=g","caption":"Tar\u0131k"},"sameAs":["http:\/\/narteks.net"],"url":"https:\/\/narteks.net\/index.php\/author\/narbak\/"}]}},"_links":{"self":[{"href":"https:\/\/narteks.net\/index.php\/wp-json\/wp\/v2\/posts\/5017","targetHints":{"allow":["GET"]}}],"collection":[{"href":"https:\/\/narteks.net\/index.php\/wp-json\/wp\/v2\/posts"}],"about":[{"href":"https:\/\/narteks.net\/index.php\/wp-json\/wp\/v2\/types\/post"}],"author":[{"embeddable":true,"href":"https:\/\/narteks.net\/index.php\/wp-json\/wp\/v2\/users\/1"}],"replies":[{"embeddable":true,"href":"https:\/\/narteks.net\/index.php\/wp-json\/wp\/v2\/comments?post=5017"}],"version-history":[{"count":0,"href":"https:\/\/narteks.net\/index.php\/wp-json\/wp\/v2\/posts\/5017\/revisions"}],"wp:attachment":[{"href":"https:\/\/narteks.net\/index.php\/wp-json\/wp\/v2\/media?parent=5017"}],"wp:term":[{"taxonomy":"category","embeddable":true,"href":"https:\/\/narteks.net\/index.php\/wp-json\/wp\/v2\/categories?post=5017"},{"taxonomy":"post_tag","embeddable":true,"href":"https:\/\/narteks.net\/index.php\/wp-json\/wp\/v2\/tags?post=5017"}],"curies":[{"name":"wp","href":"https:\/\/api.w.org\/{rel}","templated":true}]}}