{"id":5018,"date":"2011-02-05T18:33:36","date_gmt":"2011-02-05T15:33:36","guid":{"rendered":"http:\/\/localhost\/wordpress\/2011\/02\/05\/bana-zamandan-soz-ediyorlar\/"},"modified":"2011-02-05T18:33:36","modified_gmt":"2011-02-05T15:33:36","slug":"bana-zamandan-soz-ediyorlar","status":"publish","type":"post","link":"https:\/\/narteks.net\/index.php\/2011\/02\/05\/bana-zamandan-soz-ediyorlar\/","title":{"rendered":"BANA ZAMANDAN S\u00d6Z ED\u0130YORLAR"},"content":{"rendered":"<p>\u00a0<\/p>\n<p>Gelip size zamandan s\u00f6z ederler<br \/>Yaralar\u0131 nas\u0131l sard\u0131\u011f\u0131ndan ya da her \u015feye nas\u0131l iyi geldi\u011finden.<br \/>Zamanla ilgili b\u00fct\u00fcn atas\u00f6zleri g\u00fcndeme gelir yeniden.<br \/>Hepsini bilirsiniz zaten, bir i\u015fe yaramad\u0131\u011f\u0131n\u0131 bildi\u011finiz gibi.<br \/>Dahas\u0131 onlar da bilirler. Ama yine de g\u00fc\u00e7 verir baz\u0131 s\u00f6zler, s\u00f6zc\u00fckler,<br \/>\u00f6yle d\u00fc\u015f\u00fcn\u00fcrler.<br \/>Bitti\u011fine kendini inand\u0131rmak, ayr\u0131l\u0131\u011f\u0131n ger\u00e7e\u011fine katlanmak,<br \/>s\u0131rt\u0131n\u0131zdaki han\u00e7eri \u00e7\u0131kartmak, y\u00fcre\u011finizin unuttu\u011funuz yerleriyle<br \/>yeniden kucakla\u015fmak kolay de\u011fildir elbet. Kolay de\u011fildir bunlarla<br \/>ba\u015fetmek, u\u011fruna i\u00e7inizi \u00f6ld\u00fcrmek. Zaman al\u0131r.<\/p>\n<p>Zaman<br \/>Al\u0131r sizden bunlar\u0131n y\u00fck\u00fcn\u00fc<br \/>O bo\u015fluk dolar elbet, yaralar kabuk ba\u011flar, s\u0131z\u0131lar diner, ac\u0131lar<br \/>dibe \u00e7\u00f6ker. Hayatta sevinilecek \u015feyler yeniden fark edilir. Bir<br \/>yerlerden bulunup yeni mutluluklar edinilir.<br \/>O bo\u015fluk doldu san\u0131rs\u0131n\u0131z.<br \/>Oysa o bo\u015flu\u011fu dolduran eksilmenizdir.<\/p>\n<p>G\u00fcn gelir bir g\u00fcn<br \/>ba\u015fka bir mevsim, ba\u015fka bir takvim, ba\u015fka bir ili\u015fkide<br \/>o eski a\u011fr\u0131<br \/>ans\u0131z\u0131n geri teper.<br \/>Dilerim geri teper. Yoksa ger\u00e7ekten<br \/>Bitmi\u015fsinizdir.<\/p>\n<p>Zamanla yerle\u015fir ya\u015fad\u0131klar\u0131n, yeniden konumlan\u0131r, \u00e7o\u011fal\u0131r<br \/>anlamlar\u0131, \u00f6nemi kavran\u0131r. Bir zamanlar anlamadan ya\u015fad\u0131\u011f\u0131n<br \/>\u015fey, \u00e7ok sonra de\u011ferini kazan\u0131r. Yoklu\u011fu derin ve s\u00fcrekli bir s\u0131z\u0131<br \/>halini al\u0131r.<br \/>Oysa yapacak hi\u00e7bir \u015fey kalmam\u0131\u015ft\u0131r art\u0131k<br \/>Mutluluk ge\u00e7ip gitmi\u015ftir yan\u0131n\u0131zdan<br \/>Her \u015feye iyi gelen zaman sizi kanat\u0131r&#8230;<\/p>\n<p>Murathan MUNGAN<\/p>\n","protected":false},"excerpt":{"rendered":"<p>\u00a0 Gelip size zamandan s\u00f6z ederlerYaralar\u0131 nas\u0131l sard\u0131\u011f\u0131ndan ya da her \u015feye nas\u0131l iyi geldi\u011finden.Zamanla ilgili b\u00fct\u00fcn atas\u00f6zleri g\u00fcndeme gelir yeniden.Hepsini bilirsiniz zaten, bir i\u015fe yaramad\u0131\u011f\u0131n\u0131 bildi\u011finiz gibi.Dahas\u0131 onlar da bilirler. Ama yine de g\u00fc\u00e7 verir baz\u0131 s\u00f6zler, s\u00f6zc\u00fckler,\u00f6yle d\u00fc\u015f\u00fcn\u00fcrler.Bitti\u011fine kendini inand\u0131rmak, ayr\u0131l\u0131\u011f\u0131n ger\u00e7e\u011fine katlanmak,s\u0131rt\u0131n\u0131zdaki han\u00e7eri \u00e7\u0131kartmak, y\u00fcre\u011finizin unuttu\u011funuz yerleriyleyeniden kucakla\u015fmak kolay de\u011fildir elbet. Kolay [&hellip;]<\/p>\n","protected":false},"author":1,"featured_media":0,"comment_status":"open","ping_status":"open","sticky":false,"template":"","format":"standard","meta":{"footnotes":""},"categories":[154],"tags":[],"class_list":{"0":"post-5018","1":"post","2":"type-post","3":"status-publish","4":"format-standard","6":"category-murathan-mungan"},"yoast_head":"<!-- This site is optimized with the Yoast SEO Premium plugin v24.9 (Yoast SEO v24.9) - https:\/\/yoast.com\/wordpress\/plugins\/seo\/ -->\n<title>BANA ZAMANDAN S\u00d6Z ED\u0130YORLAR - narteks.net<\/title>\n<meta name=\"robots\" content=\"index, follow, max-snippet:-1, max-image-preview:large, max-video-preview:-1\" \/>\n<link rel=\"canonical\" href=\"https:\/\/narteks.net\/index.php\/2011\/02\/05\/bana-zamandan-soz-ediyorlar\/\" \/>\n<meta property=\"og:locale\" content=\"tr_TR\" \/>\n<meta property=\"og:type\" content=\"article\" \/>\n<meta property=\"og:title\" content=\"BANA ZAMANDAN S\u00d6Z ED\u0130YORLAR\" \/>\n<meta property=\"og:description\" content=\"\u00a0 Gelip size zamandan s\u00f6z ederlerYaralar\u0131 nas\u0131l sard\u0131\u011f\u0131ndan ya da her \u015feye nas\u0131l iyi geldi\u011finden.Zamanla ilgili b\u00fct\u00fcn atas\u00f6zleri g\u00fcndeme gelir yeniden.Hepsini bilirsiniz zaten, bir i\u015fe yaramad\u0131\u011f\u0131n\u0131 bildi\u011finiz gibi.Dahas\u0131 onlar da bilirler. Ama yine de g\u00fc\u00e7 verir baz\u0131 s\u00f6zler, s\u00f6zc\u00fckler,\u00f6yle d\u00fc\u015f\u00fcn\u00fcrler.Bitti\u011fine kendini inand\u0131rmak, ayr\u0131l\u0131\u011f\u0131n ger\u00e7e\u011fine katlanmak,s\u0131rt\u0131n\u0131zdaki han\u00e7eri \u00e7\u0131kartmak, y\u00fcre\u011finizin unuttu\u011funuz yerleriyleyeniden kucakla\u015fmak kolay de\u011fildir elbet. Kolay [&hellip;]\" \/>\n<meta property=\"og:url\" content=\"https:\/\/narteks.net\/index.php\/2011\/02\/05\/bana-zamandan-soz-ediyorlar\/\" \/>\n<meta property=\"og:site_name\" content=\"narteks.net\" \/>\n<meta property=\"article:published_time\" content=\"2011-02-05T15:33:36+00:00\" \/>\n<meta property=\"og:image\" content=\"https:\/\/narteks.net\/wp-content\/uploads\/narteks.png\" \/>\n\t<meta property=\"og:image:width\" content=\"300\" \/>\n\t<meta property=\"og:image:height\" content=\"90\" \/>\n\t<meta property=\"og:image:type\" content=\"image\/png\" \/>\n<meta name=\"author\" content=\"Tar\u0131k\" \/>\n<meta name=\"twitter:card\" content=\"summary_large_image\" \/>\n<meta name=\"twitter:creator\" content=\"@narteks\" \/>\n<meta name=\"twitter:site\" content=\"@narteks\" \/>\n<meta name=\"twitter:label1\" content=\"Yazan:\" \/>\n\t<meta name=\"twitter:data1\" content=\"Tar\u0131k\" \/>\n\t<meta name=\"twitter:label2\" content=\"Tahmini okuma s\u00fcresi\" \/>\n\t<meta name=\"twitter:data2\" content=\"1 dakika\" \/>\n<script type=\"application\/ld+json\" class=\"yoast-schema-graph\">{\"@context\":\"https:\/\/schema.org\",\"@graph\":[{\"@type\":\"Article\",\"@id\":\"https:\/\/narteks.net\/index.php\/2011\/02\/05\/bana-zamandan-soz-ediyorlar\/#article\",\"isPartOf\":{\"@id\":\"https:\/\/narteks.net\/index.php\/2011\/02\/05\/bana-zamandan-soz-ediyorlar\/\"},\"author\":{\"name\":\"Tar\u0131k\",\"@id\":\"https:\/\/narteks.net\/#\/schema\/person\/61f37d9834294b72d31d274e7ed79bca\"},\"headline\":\"BANA ZAMANDAN S\u00d6Z ED\u0130YORLAR\",\"datePublished\":\"2011-02-05T15:33:36+00:00\",\"mainEntityOfPage\":{\"@id\":\"https:\/\/narteks.net\/index.php\/2011\/02\/05\/bana-zamandan-soz-ediyorlar\/\"},\"wordCount\":261,\"commentCount\":0,\"publisher\":{\"@id\":\"https:\/\/narteks.net\/#organization\"},\"articleSection\":[\"Murathan MUNGAN\"],\"inLanguage\":\"tr\",\"potentialAction\":[{\"@type\":\"CommentAction\",\"name\":\"Comment\",\"target\":[\"https:\/\/narteks.net\/index.php\/2011\/02\/05\/bana-zamandan-soz-ediyorlar\/#respond\"]}]},{\"@type\":\"WebPage\",\"@id\":\"https:\/\/narteks.net\/index.php\/2011\/02\/05\/bana-zamandan-soz-ediyorlar\/\",\"url\":\"https:\/\/narteks.net\/index.php\/2011\/02\/05\/bana-zamandan-soz-ediyorlar\/\",\"name\":\"BANA ZAMANDAN S\u00d6Z ED\u0130YORLAR - narteks.net\",\"isPartOf\":{\"@id\":\"https:\/\/narteks.net\/#website\"},\"datePublished\":\"2011-02-05T15:33:36+00:00\",\"breadcrumb\":{\"@id\":\"https:\/\/narteks.net\/index.php\/2011\/02\/05\/bana-zamandan-soz-ediyorlar\/#breadcrumb\"},\"inLanguage\":\"tr\",\"potentialAction\":[{\"@type\":\"ReadAction\",\"target\":[\"https:\/\/narteks.net\/index.php\/2011\/02\/05\/bana-zamandan-soz-ediyorlar\/\"]}]},{\"@type\":\"BreadcrumbList\",\"@id\":\"https:\/\/narteks.net\/index.php\/2011\/02\/05\/bana-zamandan-soz-ediyorlar\/#breadcrumb\",\"itemListElement\":[{\"@type\":\"ListItem\",\"position\":1,\"name\":\"Anasayfa\",\"item\":\"https:\/\/narteks.net\/\"},{\"@type\":\"ListItem\",\"position\":2,\"name\":\"BANA ZAMANDAN S\u00d6Z ED\u0130YORLAR\"}]},{\"@type\":\"WebSite\",\"@id\":\"https:\/\/narteks.net\/#website\",\"url\":\"https:\/\/narteks.net\/\",\"name\":\"narteks.net\",\"description\":\"K\u00fclt\u00fcr Sanat Edebiyat Felsefe\",\"publisher\":{\"@id\":\"https:\/\/narteks.net\/#organization\"},\"alternateName\":\"K\u00fclt\u00fcr Sanat Edebiyat Felsefe\",\"potentialAction\":[{\"@type\":\"SearchAction\",\"target\":{\"@type\":\"EntryPoint\",\"urlTemplate\":\"https:\/\/narteks.net\/?s={search_term_string}\"},\"query-input\":{\"@type\":\"PropertyValueSpecification\",\"valueRequired\":true,\"valueName\":\"search_term_string\"}}],\"inLanguage\":\"tr\"},{\"@type\":\"Organization\",\"@id\":\"https:\/\/narteks.net\/#organization\",\"name\":\"narteks.net\",\"url\":\"https:\/\/narteks.net\/\",\"logo\":{\"@type\":\"ImageObject\",\"inLanguage\":\"tr\",\"@id\":\"https:\/\/narteks.net\/#\/schema\/logo\/image\/\",\"url\":\"https:\/\/narteks.net\/wp-content\/uploads\/narteks.png\",\"contentUrl\":\"https:\/\/narteks.net\/wp-content\/uploads\/narteks.png\",\"width\":300,\"height\":90,\"caption\":\"narteks.net\"},\"image\":{\"@id\":\"https:\/\/narteks.net\/#\/schema\/logo\/image\/\"},\"sameAs\":[\"https:\/\/x.com\/narteks\",\"https:\/\/instagram.com\/narteksnet\"]},{\"@type\":\"Person\",\"@id\":\"https:\/\/narteks.net\/#\/schema\/person\/61f37d9834294b72d31d274e7ed79bca\",\"name\":\"Tar\u0131k\",\"image\":{\"@type\":\"ImageObject\",\"inLanguage\":\"tr\",\"@id\":\"https:\/\/narteks.net\/#\/schema\/person\/image\/\",\"url\":\"https:\/\/secure.gravatar.com\/avatar\/50865afb55632c4ae467e0af0930f6510aa2297d8014be502a55b14f3b7550cf?s=96&d=mm&r=g\",\"contentUrl\":\"https:\/\/secure.gravatar.com\/avatar\/50865afb55632c4ae467e0af0930f6510aa2297d8014be502a55b14f3b7550cf?s=96&d=mm&r=g\",\"caption\":\"Tar\u0131k\"},\"sameAs\":[\"http:\/\/narteks.net\"],\"url\":\"https:\/\/narteks.net\/index.php\/author\/narbak\/\"}]}<\/script>\n<!-- \/ Yoast SEO Premium plugin. -->","yoast_head_json":{"title":"BANA ZAMANDAN S\u00d6Z ED\u0130YORLAR - narteks.net","robots":{"index":"index","follow":"follow","max-snippet":"max-snippet:-1","max-image-preview":"max-image-preview:large","max-video-preview":"max-video-preview:-1"},"canonical":"https:\/\/narteks.net\/index.php\/2011\/02\/05\/bana-zamandan-soz-ediyorlar\/","og_locale":"tr_TR","og_type":"article","og_title":"BANA ZAMANDAN S\u00d6Z ED\u0130YORLAR","og_description":"\u00a0 Gelip size zamandan s\u00f6z ederlerYaralar\u0131 nas\u0131l sard\u0131\u011f\u0131ndan ya da her \u015feye nas\u0131l iyi geldi\u011finden.Zamanla ilgili b\u00fct\u00fcn atas\u00f6zleri g\u00fcndeme gelir yeniden.Hepsini bilirsiniz zaten, bir i\u015fe yaramad\u0131\u011f\u0131n\u0131 bildi\u011finiz gibi.Dahas\u0131 onlar da bilirler. Ama yine de g\u00fc\u00e7 verir baz\u0131 s\u00f6zler, s\u00f6zc\u00fckler,\u00f6yle d\u00fc\u015f\u00fcn\u00fcrler.Bitti\u011fine kendini inand\u0131rmak, ayr\u0131l\u0131\u011f\u0131n ger\u00e7e\u011fine katlanmak,s\u0131rt\u0131n\u0131zdaki han\u00e7eri \u00e7\u0131kartmak, y\u00fcre\u011finizin unuttu\u011funuz yerleriyleyeniden kucakla\u015fmak kolay de\u011fildir elbet. Kolay [&hellip;]","og_url":"https:\/\/narteks.net\/index.php\/2011\/02\/05\/bana-zamandan-soz-ediyorlar\/","og_site_name":"narteks.net","article_published_time":"2011-02-05T15:33:36+00:00","og_image":[{"width":300,"height":90,"url":"https:\/\/narteks.net\/wp-content\/uploads\/narteks.png","type":"image\/png"}],"author":"Tar\u0131k","twitter_card":"summary_large_image","twitter_creator":"@narteks","twitter_site":"@narteks","twitter_misc":{"Yazan:":"Tar\u0131k","Tahmini okuma s\u00fcresi":"1 dakika"},"schema":{"@context":"https:\/\/schema.org","@graph":[{"@type":"Article","@id":"https:\/\/narteks.net\/index.php\/2011\/02\/05\/bana-zamandan-soz-ediyorlar\/#article","isPartOf":{"@id":"https:\/\/narteks.net\/index.php\/2011\/02\/05\/bana-zamandan-soz-ediyorlar\/"},"author":{"name":"Tar\u0131k","@id":"https:\/\/narteks.net\/#\/schema\/person\/61f37d9834294b72d31d274e7ed79bca"},"headline":"BANA ZAMANDAN S\u00d6Z ED\u0130YORLAR","datePublished":"2011-02-05T15:33:36+00:00","mainEntityOfPage":{"@id":"https:\/\/narteks.net\/index.php\/2011\/02\/05\/bana-zamandan-soz-ediyorlar\/"},"wordCount":261,"commentCount":0,"publisher":{"@id":"https:\/\/narteks.net\/#organization"},"articleSection":["Murathan MUNGAN"],"inLanguage":"tr","potentialAction":[{"@type":"CommentAction","name":"Comment","target":["https:\/\/narteks.net\/index.php\/2011\/02\/05\/bana-zamandan-soz-ediyorlar\/#respond"]}]},{"@type":"WebPage","@id":"https:\/\/narteks.net\/index.php\/2011\/02\/05\/bana-zamandan-soz-ediyorlar\/","url":"https:\/\/narteks.net\/index.php\/2011\/02\/05\/bana-zamandan-soz-ediyorlar\/","name":"BANA ZAMANDAN S\u00d6Z ED\u0130YORLAR - narteks.net","isPartOf":{"@id":"https:\/\/narteks.net\/#website"},"datePublished":"2011-02-05T15:33:36+00:00","breadcrumb":{"@id":"https:\/\/narteks.net\/index.php\/2011\/02\/05\/bana-zamandan-soz-ediyorlar\/#breadcrumb"},"inLanguage":"tr","potentialAction":[{"@type":"ReadAction","target":["https:\/\/narteks.net\/index.php\/2011\/02\/05\/bana-zamandan-soz-ediyorlar\/"]}]},{"@type":"BreadcrumbList","@id":"https:\/\/narteks.net\/index.php\/2011\/02\/05\/bana-zamandan-soz-ediyorlar\/#breadcrumb","itemListElement":[{"@type":"ListItem","position":1,"name":"Anasayfa","item":"https:\/\/narteks.net\/"},{"@type":"ListItem","position":2,"name":"BANA ZAMANDAN S\u00d6Z ED\u0130YORLAR"}]},{"@type":"WebSite","@id":"https:\/\/narteks.net\/#website","url":"https:\/\/narteks.net\/","name":"narteks.net","description":"K\u00fclt\u00fcr Sanat Edebiyat Felsefe","publisher":{"@id":"https:\/\/narteks.net\/#organization"},"alternateName":"K\u00fclt\u00fcr Sanat Edebiyat Felsefe","potentialAction":[{"@type":"SearchAction","target":{"@type":"EntryPoint","urlTemplate":"https:\/\/narteks.net\/?s={search_term_string}"},"query-input":{"@type":"PropertyValueSpecification","valueRequired":true,"valueName":"search_term_string"}}],"inLanguage":"tr"},{"@type":"Organization","@id":"https:\/\/narteks.net\/#organization","name":"narteks.net","url":"https:\/\/narteks.net\/","logo":{"@type":"ImageObject","inLanguage":"tr","@id":"https:\/\/narteks.net\/#\/schema\/logo\/image\/","url":"https:\/\/narteks.net\/wp-content\/uploads\/narteks.png","contentUrl":"https:\/\/narteks.net\/wp-content\/uploads\/narteks.png","width":300,"height":90,"caption":"narteks.net"},"image":{"@id":"https:\/\/narteks.net\/#\/schema\/logo\/image\/"},"sameAs":["https:\/\/x.com\/narteks","https:\/\/instagram.com\/narteksnet"]},{"@type":"Person","@id":"https:\/\/narteks.net\/#\/schema\/person\/61f37d9834294b72d31d274e7ed79bca","name":"Tar\u0131k","image":{"@type":"ImageObject","inLanguage":"tr","@id":"https:\/\/narteks.net\/#\/schema\/person\/image\/","url":"https:\/\/secure.gravatar.com\/avatar\/50865afb55632c4ae467e0af0930f6510aa2297d8014be502a55b14f3b7550cf?s=96&d=mm&r=g","contentUrl":"https:\/\/secure.gravatar.com\/avatar\/50865afb55632c4ae467e0af0930f6510aa2297d8014be502a55b14f3b7550cf?s=96&d=mm&r=g","caption":"Tar\u0131k"},"sameAs":["http:\/\/narteks.net"],"url":"https:\/\/narteks.net\/index.php\/author\/narbak\/"}]}},"_links":{"self":[{"href":"https:\/\/narteks.net\/index.php\/wp-json\/wp\/v2\/posts\/5018","targetHints":{"allow":["GET"]}}],"collection":[{"href":"https:\/\/narteks.net\/index.php\/wp-json\/wp\/v2\/posts"}],"about":[{"href":"https:\/\/narteks.net\/index.php\/wp-json\/wp\/v2\/types\/post"}],"author":[{"embeddable":true,"href":"https:\/\/narteks.net\/index.php\/wp-json\/wp\/v2\/users\/1"}],"replies":[{"embeddable":true,"href":"https:\/\/narteks.net\/index.php\/wp-json\/wp\/v2\/comments?post=5018"}],"version-history":[{"count":0,"href":"https:\/\/narteks.net\/index.php\/wp-json\/wp\/v2\/posts\/5018\/revisions"}],"wp:attachment":[{"href":"https:\/\/narteks.net\/index.php\/wp-json\/wp\/v2\/media?parent=5018"}],"wp:term":[{"taxonomy":"category","embeddable":true,"href":"https:\/\/narteks.net\/index.php\/wp-json\/wp\/v2\/categories?post=5018"},{"taxonomy":"post_tag","embeddable":true,"href":"https:\/\/narteks.net\/index.php\/wp-json\/wp\/v2\/tags?post=5018"}],"curies":[{"name":"wp","href":"https:\/\/api.w.org\/{rel}","templated":true}]}}