{"id":502,"date":"2009-04-12T13:06:01","date_gmt":"2009-04-12T10:06:01","guid":{"rendered":"http:\/\/localhost\/wordpress\/2009\/04\/12\/duvar-2\/"},"modified":"2009-04-12T13:06:01","modified_gmt":"2009-04-12T10:06:01","slug":"duvar-2","status":"publish","type":"post","link":"https:\/\/narteks.net\/index.php\/2009\/04\/12\/duvar-2\/","title":{"rendered":"DUVAR"},"content":{"rendered":"<p>\u00a0<\/p>\n<p>&#8211; bu \u015fiir ikinci d\u00fcnya sava\u015f\u0131 i\u00e7inde <br \/> kahredilen b\u00fct\u00fcn d\u00fcnya duvarlar\u0131 <br \/> i\u00e7in yaz\u0131lm\u0131\u015ft\u0131r.- <\/p>\n<p> ben bir duvar\u0131m hi\u00e7 g\u00fcne\u015f g\u00f6rmedim <br \/> sen hi\u00e7 g\u00fcne\u015f g\u00f6rmemi\u015f bir ba\u015fka duvar <br \/> y\u00fcz\u00fcm\u00fcz benek benek tahta kurusundan <br \/> ve sinemiz ba\u015ftan ba\u015fa ak \u00fcst\u00fcnde karalar <br \/> &#8211; kelep\u00e7eden kahroldu kahroldu bileklerim <br \/> &#8211; s\u0131yr\u0131l\u0131p \u00e7\u0131kt\u0131m art\u0131k \u00f6l\u00fcm korkusundan <br \/> &#8211; dilim dilim s\u0131rt\u0131mdaki yaralar <br \/> ben demirba\u015f\u0131m s\u0131\u011f\u0131r siniriyle dayak yedim <br \/> biz de duvar\u0131z dinliyen duyan d\u00fc\u015f\u00fcnen duvarlar <br \/> bizim kuca\u011f\u0131m\u0131z terkedilmi\u015f bir yatak gibi kirli so\u011fuk <br \/> ve bizim kuca\u011f\u0131m\u0131zda kas\u0131rgal\u0131 insanlar <\/p>\n<p> y\u00fcz\u00fcndeki deniz parlakl\u0131\u011f\u0131yla durur hat\u0131ram\u0131zda <br \/> o \u00e7ocuk yumruklu dev o dev yumruklu \u00e7ocuk <br \/> o zaman may\u0131s&#8217;t\u0131 ya\u011fmurlar ba\u015f\u0131m\u0131zda <br \/> bir cumartesi ak\u015fam\u0131 girdi kap\u0131m\u0131zdan <br \/> g\u00f6zlerinde k\u0131pk\u0131z\u0131l diken diken \u00f6fkesi <br \/> adeta birden bire ayd\u0131nland\u0131 zindan <br \/> onu b\u00f6yle g\u00f6r\u00fcnce nas\u0131l da korkmu\u015ftuk <br \/> sap\u0131ndan f\u0131rlam\u0131\u015f bir balta gibi \u00e7ehresi <br \/> ve omuzlar\u0131nda delikanl\u0131 g\u00f6lgesi <\/p>\n<p> o zaman may\u0131s&#8217;t\u0131 ya\u011fmurlar ba\u015f\u0131m\u0131zda <br \/> o s\u0131rt \u00fcst\u00fc yata\u011f\u0131nda yatard\u0131 <br \/> s\u0131ms\u0131cak g\u00f6zleri \u015fimdi bile akl\u0131mdad\u0131r <br \/> bir sana bakard\u0131 bir bana bakard\u0131 <br \/> d\u0131\u015farda tabiat mevsimin en \u00e7\u0131ng\u0131rakl\u0131 ay\u0131ndad\u0131r <br \/> toprak ana b\u00fct\u00fcn zincirlerinden \u00e7\u00f6z\u00fclm\u00fc\u015f <br \/> sabahlar ak\u015fam \u00fcstleri manolya gibi parlak <br \/> tarlalar\u0131n y\u00fcz\u00fc g\u00fclm\u00fc\u015f <br \/> i\u015fte her ak\u015fam ge\u00e7ti\u011fi denize \u00e7\u0131kan sokak <br \/> ah i\u015fte annesi annesi sevgilisi <br \/> i\u015fte biz dinliyen duyan d\u00fc\u015f\u00fcnen duvarlar <br \/> i\u015fte o \u00e7ocuk yumruklu dev o dev yumruklu \u00e7ocuk <\/p>\n<p> d\u0131\u015farda tabiat mevsimin en \u00e7\u0131ng\u0131rakl\u0131 ay\u0131ndad\u0131r <br \/> bizim kuca\u011f\u0131m\u0131z terkedilmi\u015f bir yatak gibi kirli so\u011fuk <br \/> o bir ka\u00e7 defa kartal gibi gitti kartal gibi d\u00f6nd\u00fc <br \/> \u00e7\u0131\u011fl\u0131klar\u0131n\u0131 de\u011fil k\u0131rba\u00e7 sesini duyduk <br \/> biz duvar\u0131z neyleyim g\u00f6zlerimiz a\u011flamay\u0131 bilmez <br \/> onu bir gece sabaha kar\u015f\u0131 b\u00fcsb\u00fct\u00fcn g\u00f6t\u00fcrd\u00fcler <br \/> kendi gitti ismi kald\u0131 yadig\u00e2r ba\u011fr\u0131m\u0131zda <br \/> o zaman may\u0131s&#8217;t\u0131 ya\u011fmurlar ba\u015f\u0131m\u0131zda <\/p>\n<p> ya biz idam duvar\u0131y\u0131z kar\u015f\u0131m\u0131zda \u00e7ok insan \u00f6ld\u00fcrd\u00fcler <br \/> onlar hep d\u00f6k\u00fcld\u00fc biz hep ayakta kald\u0131k <br \/> temelimiz kanla beslendi ama nedense uzamad\u0131k <br \/> \u00f6yle bakmay\u0131n bu yaralar \u015ferefli yara de\u011fil <br \/> getirirler vururlar biz \u00f6yle dururuz <br \/> ya\u011fmurlar g\u00f6zya\u015f\u0131 bulutlar mendil <br \/> elimizden ne geldi de yapmad\u0131k <br \/> ah \u00f6yle bakmay\u0131n utan\u0131r\u0131z kahroluruz <\/p>\n<p> onlar hep d\u00f6k\u00fcld\u00fc biz hep ayakta kald\u0131k <br \/> bir may\u0131s sabah\u0131 toprak rezil g\u00f6k rezil <br \/> y\u0131ld\u0131zlar k\u00fcf\u00fcr gibi y\u00fcz\u00fcm\u00fcze t\u00fck\u00fcr\u00fcr gibi <br \/> \u015fafak sanc\u0131lar\u0131yla iki b\u00fckl\u00fcmd\u00fc ufuk <br \/> ve simsiyah \u00e7amur gibi bir manga ortas\u0131nda <br \/> siyaset meydan\u0131na geldi dev yumruklu \u00e7ocuk <br \/> bulutlar e\u011filip aln\u0131n\u0131n terini sildiler <br \/> ve mermiler birdenbire \u00f6l\u00fcm\u00fc getirdiler <\/p>\n<p> o d\u00fc\u015ft\u00fc biz yine ayakta kald\u0131k <br \/> halbuki ne kadar yorgunuz <br \/> \u00f6yle bakmay\u0131n bu yaralar \u015ferefli yaralar de\u011fil <br \/> ah \u00f6yle bakmay\u0131n utan\u0131r\u0131z kahroluruz<\/p>\n<p>Attila \u0130LHAN<\/p>\n","protected":false},"excerpt":{"rendered":"<p>\u00a0 &#8211; bu \u015fiir ikinci d\u00fcnya sava\u015f\u0131 i\u00e7inde kahredilen b\u00fct\u00fcn d\u00fcnya duvarlar\u0131 i\u00e7in yaz\u0131lm\u0131\u015ft\u0131r.- ben bir duvar\u0131m hi\u00e7 g\u00fcne\u015f g\u00f6rmedim sen hi\u00e7 g\u00fcne\u015f g\u00f6rmemi\u015f bir ba\u015fka duvar y\u00fcz\u00fcm\u00fcz benek benek tahta kurusundan ve sinemiz ba\u015ftan ba\u015fa ak \u00fcst\u00fcnde karalar &#8211; kelep\u00e7eden kahroldu kahroldu bileklerim &#8211; s\u0131yr\u0131l\u0131p \u00e7\u0131kt\u0131m art\u0131k \u00f6l\u00fcm korkusundan &#8211; dilim dilim s\u0131rt\u0131mdaki yaralar [&hellip;]<\/p>\n","protected":false},"author":1,"featured_media":0,"comment_status":"open","ping_status":"open","sticky":false,"template":"","format":"standard","meta":{"footnotes":""},"categories":[11],"tags":[],"class_list":{"0":"post-502","1":"post","2":"type-post","3":"status-publish","4":"format-standard","6":"category-attila-ilhan"},"yoast_head":"<!-- This site is optimized with the Yoast SEO Premium plugin v24.9 (Yoast SEO v24.9) - https:\/\/yoast.com\/wordpress\/plugins\/seo\/ -->\n<title>DUVAR - narteks.net<\/title>\n<meta name=\"robots\" content=\"index, follow, max-snippet:-1, max-image-preview:large, max-video-preview:-1\" \/>\n<link rel=\"canonical\" href=\"https:\/\/narteks.net\/index.php\/2009\/04\/12\/duvar-2\/\" \/>\n<meta property=\"og:locale\" content=\"tr_TR\" \/>\n<meta property=\"og:type\" content=\"article\" \/>\n<meta property=\"og:title\" content=\"DUVAR\" \/>\n<meta property=\"og:description\" content=\"\u00a0 &#8211; bu \u015fiir ikinci d\u00fcnya sava\u015f\u0131 i\u00e7inde kahredilen b\u00fct\u00fcn d\u00fcnya duvarlar\u0131 i\u00e7in yaz\u0131lm\u0131\u015ft\u0131r.- ben bir duvar\u0131m hi\u00e7 g\u00fcne\u015f g\u00f6rmedim sen hi\u00e7 g\u00fcne\u015f g\u00f6rmemi\u015f bir ba\u015fka duvar y\u00fcz\u00fcm\u00fcz benek benek tahta kurusundan ve sinemiz ba\u015ftan ba\u015fa ak \u00fcst\u00fcnde karalar &#8211; kelep\u00e7eden kahroldu kahroldu bileklerim &#8211; s\u0131yr\u0131l\u0131p \u00e7\u0131kt\u0131m art\u0131k \u00f6l\u00fcm korkusundan &#8211; dilim dilim s\u0131rt\u0131mdaki yaralar [&hellip;]\" \/>\n<meta property=\"og:url\" content=\"https:\/\/narteks.net\/index.php\/2009\/04\/12\/duvar-2\/\" \/>\n<meta property=\"og:site_name\" content=\"narteks.net\" \/>\n<meta property=\"article:published_time\" content=\"2009-04-12T10:06:01+00:00\" \/>\n<meta property=\"og:image\" content=\"https:\/\/narteks.net\/wp-content\/uploads\/narteks.png\" \/>\n\t<meta property=\"og:image:width\" content=\"300\" \/>\n\t<meta property=\"og:image:height\" content=\"90\" \/>\n\t<meta property=\"og:image:type\" content=\"image\/png\" \/>\n<meta name=\"author\" content=\"Tar\u0131k\" \/>\n<meta name=\"twitter:card\" content=\"summary_large_image\" \/>\n<meta name=\"twitter:creator\" content=\"@narteks\" \/>\n<meta name=\"twitter:site\" content=\"@narteks\" \/>\n<meta name=\"twitter:label1\" content=\"Yazan:\" \/>\n\t<meta name=\"twitter:data1\" content=\"Tar\u0131k\" \/>\n\t<meta name=\"twitter:label2\" content=\"Tahmini okuma s\u00fcresi\" \/>\n\t<meta name=\"twitter:data2\" content=\"3 dakika\" \/>\n<script type=\"application\/ld+json\" class=\"yoast-schema-graph\">{\"@context\":\"https:\/\/schema.org\",\"@graph\":[{\"@type\":\"Article\",\"@id\":\"https:\/\/narteks.net\/index.php\/2009\/04\/12\/duvar-2\/#article\",\"isPartOf\":{\"@id\":\"https:\/\/narteks.net\/index.php\/2009\/04\/12\/duvar-2\/\"},\"author\":{\"name\":\"Tar\u0131k\",\"@id\":\"https:\/\/narteks.net\/#\/schema\/person\/61f37d9834294b72d31d274e7ed79bca\"},\"headline\":\"DUVAR\",\"datePublished\":\"2009-04-12T10:06:01+00:00\",\"mainEntityOfPage\":{\"@id\":\"https:\/\/narteks.net\/index.php\/2009\/04\/12\/duvar-2\/\"},\"wordCount\":546,\"commentCount\":0,\"publisher\":{\"@id\":\"https:\/\/narteks.net\/#organization\"},\"articleSection\":[\"Attila ILHAN\"],\"inLanguage\":\"tr\",\"potentialAction\":[{\"@type\":\"CommentAction\",\"name\":\"Comment\",\"target\":[\"https:\/\/narteks.net\/index.php\/2009\/04\/12\/duvar-2\/#respond\"]}]},{\"@type\":\"WebPage\",\"@id\":\"https:\/\/narteks.net\/index.php\/2009\/04\/12\/duvar-2\/\",\"url\":\"https:\/\/narteks.net\/index.php\/2009\/04\/12\/duvar-2\/\",\"name\":\"DUVAR - narteks.net\",\"isPartOf\":{\"@id\":\"https:\/\/narteks.net\/#website\"},\"datePublished\":\"2009-04-12T10:06:01+00:00\",\"breadcrumb\":{\"@id\":\"https:\/\/narteks.net\/index.php\/2009\/04\/12\/duvar-2\/#breadcrumb\"},\"inLanguage\":\"tr\",\"potentialAction\":[{\"@type\":\"ReadAction\",\"target\":[\"https:\/\/narteks.net\/index.php\/2009\/04\/12\/duvar-2\/\"]}]},{\"@type\":\"BreadcrumbList\",\"@id\":\"https:\/\/narteks.net\/index.php\/2009\/04\/12\/duvar-2\/#breadcrumb\",\"itemListElement\":[{\"@type\":\"ListItem\",\"position\":1,\"name\":\"Anasayfa\",\"item\":\"https:\/\/narteks.net\/\"},{\"@type\":\"ListItem\",\"position\":2,\"name\":\"DUVAR\"}]},{\"@type\":\"WebSite\",\"@id\":\"https:\/\/narteks.net\/#website\",\"url\":\"https:\/\/narteks.net\/\",\"name\":\"narteks.net\",\"description\":\"K\u00fclt\u00fcr Sanat Edebiyat Felsefe\",\"publisher\":{\"@id\":\"https:\/\/narteks.net\/#organization\"},\"alternateName\":\"K\u00fclt\u00fcr Sanat Edebiyat Felsefe\",\"potentialAction\":[{\"@type\":\"SearchAction\",\"target\":{\"@type\":\"EntryPoint\",\"urlTemplate\":\"https:\/\/narteks.net\/?s={search_term_string}\"},\"query-input\":{\"@type\":\"PropertyValueSpecification\",\"valueRequired\":true,\"valueName\":\"search_term_string\"}}],\"inLanguage\":\"tr\"},{\"@type\":\"Organization\",\"@id\":\"https:\/\/narteks.net\/#organization\",\"name\":\"narteks.net\",\"url\":\"https:\/\/narteks.net\/\",\"logo\":{\"@type\":\"ImageObject\",\"inLanguage\":\"tr\",\"@id\":\"https:\/\/narteks.net\/#\/schema\/logo\/image\/\",\"url\":\"https:\/\/narteks.net\/wp-content\/uploads\/narteks.png\",\"contentUrl\":\"https:\/\/narteks.net\/wp-content\/uploads\/narteks.png\",\"width\":300,\"height\":90,\"caption\":\"narteks.net\"},\"image\":{\"@id\":\"https:\/\/narteks.net\/#\/schema\/logo\/image\/\"},\"sameAs\":[\"https:\/\/x.com\/narteks\",\"https:\/\/instagram.com\/narteksnet\"]},{\"@type\":\"Person\",\"@id\":\"https:\/\/narteks.net\/#\/schema\/person\/61f37d9834294b72d31d274e7ed79bca\",\"name\":\"Tar\u0131k\",\"image\":{\"@type\":\"ImageObject\",\"inLanguage\":\"tr\",\"@id\":\"https:\/\/narteks.net\/#\/schema\/person\/image\/\",\"url\":\"https:\/\/secure.gravatar.com\/avatar\/50865afb55632c4ae467e0af0930f6510aa2297d8014be502a55b14f3b7550cf?s=96&d=mm&r=g\",\"contentUrl\":\"https:\/\/secure.gravatar.com\/avatar\/50865afb55632c4ae467e0af0930f6510aa2297d8014be502a55b14f3b7550cf?s=96&d=mm&r=g\",\"caption\":\"Tar\u0131k\"},\"sameAs\":[\"http:\/\/narteks.net\"],\"url\":\"https:\/\/narteks.net\/index.php\/author\/narbak\/\"}]}<\/script>\n<!-- \/ Yoast SEO Premium plugin. -->","yoast_head_json":{"title":"DUVAR - narteks.net","robots":{"index":"index","follow":"follow","max-snippet":"max-snippet:-1","max-image-preview":"max-image-preview:large","max-video-preview":"max-video-preview:-1"},"canonical":"https:\/\/narteks.net\/index.php\/2009\/04\/12\/duvar-2\/","og_locale":"tr_TR","og_type":"article","og_title":"DUVAR","og_description":"\u00a0 &#8211; bu \u015fiir ikinci d\u00fcnya sava\u015f\u0131 i\u00e7inde kahredilen b\u00fct\u00fcn d\u00fcnya duvarlar\u0131 i\u00e7in yaz\u0131lm\u0131\u015ft\u0131r.- ben bir duvar\u0131m hi\u00e7 g\u00fcne\u015f g\u00f6rmedim sen hi\u00e7 g\u00fcne\u015f g\u00f6rmemi\u015f bir ba\u015fka duvar y\u00fcz\u00fcm\u00fcz benek benek tahta kurusundan ve sinemiz ba\u015ftan ba\u015fa ak \u00fcst\u00fcnde karalar &#8211; kelep\u00e7eden kahroldu kahroldu bileklerim &#8211; s\u0131yr\u0131l\u0131p \u00e7\u0131kt\u0131m art\u0131k \u00f6l\u00fcm korkusundan &#8211; dilim dilim s\u0131rt\u0131mdaki yaralar [&hellip;]","og_url":"https:\/\/narteks.net\/index.php\/2009\/04\/12\/duvar-2\/","og_site_name":"narteks.net","article_published_time":"2009-04-12T10:06:01+00:00","og_image":[{"width":300,"height":90,"url":"https:\/\/narteks.net\/wp-content\/uploads\/narteks.png","type":"image\/png"}],"author":"Tar\u0131k","twitter_card":"summary_large_image","twitter_creator":"@narteks","twitter_site":"@narteks","twitter_misc":{"Yazan:":"Tar\u0131k","Tahmini okuma s\u00fcresi":"3 dakika"},"schema":{"@context":"https:\/\/schema.org","@graph":[{"@type":"Article","@id":"https:\/\/narteks.net\/index.php\/2009\/04\/12\/duvar-2\/#article","isPartOf":{"@id":"https:\/\/narteks.net\/index.php\/2009\/04\/12\/duvar-2\/"},"author":{"name":"Tar\u0131k","@id":"https:\/\/narteks.net\/#\/schema\/person\/61f37d9834294b72d31d274e7ed79bca"},"headline":"DUVAR","datePublished":"2009-04-12T10:06:01+00:00","mainEntityOfPage":{"@id":"https:\/\/narteks.net\/index.php\/2009\/04\/12\/duvar-2\/"},"wordCount":546,"commentCount":0,"publisher":{"@id":"https:\/\/narteks.net\/#organization"},"articleSection":["Attila ILHAN"],"inLanguage":"tr","potentialAction":[{"@type":"CommentAction","name":"Comment","target":["https:\/\/narteks.net\/index.php\/2009\/04\/12\/duvar-2\/#respond"]}]},{"@type":"WebPage","@id":"https:\/\/narteks.net\/index.php\/2009\/04\/12\/duvar-2\/","url":"https:\/\/narteks.net\/index.php\/2009\/04\/12\/duvar-2\/","name":"DUVAR - narteks.net","isPartOf":{"@id":"https:\/\/narteks.net\/#website"},"datePublished":"2009-04-12T10:06:01+00:00","breadcrumb":{"@id":"https:\/\/narteks.net\/index.php\/2009\/04\/12\/duvar-2\/#breadcrumb"},"inLanguage":"tr","potentialAction":[{"@type":"ReadAction","target":["https:\/\/narteks.net\/index.php\/2009\/04\/12\/duvar-2\/"]}]},{"@type":"BreadcrumbList","@id":"https:\/\/narteks.net\/index.php\/2009\/04\/12\/duvar-2\/#breadcrumb","itemListElement":[{"@type":"ListItem","position":1,"name":"Anasayfa","item":"https:\/\/narteks.net\/"},{"@type":"ListItem","position":2,"name":"DUVAR"}]},{"@type":"WebSite","@id":"https:\/\/narteks.net\/#website","url":"https:\/\/narteks.net\/","name":"narteks.net","description":"K\u00fclt\u00fcr Sanat Edebiyat Felsefe","publisher":{"@id":"https:\/\/narteks.net\/#organization"},"alternateName":"K\u00fclt\u00fcr Sanat Edebiyat Felsefe","potentialAction":[{"@type":"SearchAction","target":{"@type":"EntryPoint","urlTemplate":"https:\/\/narteks.net\/?s={search_term_string}"},"query-input":{"@type":"PropertyValueSpecification","valueRequired":true,"valueName":"search_term_string"}}],"inLanguage":"tr"},{"@type":"Organization","@id":"https:\/\/narteks.net\/#organization","name":"narteks.net","url":"https:\/\/narteks.net\/","logo":{"@type":"ImageObject","inLanguage":"tr","@id":"https:\/\/narteks.net\/#\/schema\/logo\/image\/","url":"https:\/\/narteks.net\/wp-content\/uploads\/narteks.png","contentUrl":"https:\/\/narteks.net\/wp-content\/uploads\/narteks.png","width":300,"height":90,"caption":"narteks.net"},"image":{"@id":"https:\/\/narteks.net\/#\/schema\/logo\/image\/"},"sameAs":["https:\/\/x.com\/narteks","https:\/\/instagram.com\/narteksnet"]},{"@type":"Person","@id":"https:\/\/narteks.net\/#\/schema\/person\/61f37d9834294b72d31d274e7ed79bca","name":"Tar\u0131k","image":{"@type":"ImageObject","inLanguage":"tr","@id":"https:\/\/narteks.net\/#\/schema\/person\/image\/","url":"https:\/\/secure.gravatar.com\/avatar\/50865afb55632c4ae467e0af0930f6510aa2297d8014be502a55b14f3b7550cf?s=96&d=mm&r=g","contentUrl":"https:\/\/secure.gravatar.com\/avatar\/50865afb55632c4ae467e0af0930f6510aa2297d8014be502a55b14f3b7550cf?s=96&d=mm&r=g","caption":"Tar\u0131k"},"sameAs":["http:\/\/narteks.net"],"url":"https:\/\/narteks.net\/index.php\/author\/narbak\/"}]}},"_links":{"self":[{"href":"https:\/\/narteks.net\/index.php\/wp-json\/wp\/v2\/posts\/502","targetHints":{"allow":["GET"]}}],"collection":[{"href":"https:\/\/narteks.net\/index.php\/wp-json\/wp\/v2\/posts"}],"about":[{"href":"https:\/\/narteks.net\/index.php\/wp-json\/wp\/v2\/types\/post"}],"author":[{"embeddable":true,"href":"https:\/\/narteks.net\/index.php\/wp-json\/wp\/v2\/users\/1"}],"replies":[{"embeddable":true,"href":"https:\/\/narteks.net\/index.php\/wp-json\/wp\/v2\/comments?post=502"}],"version-history":[{"count":0,"href":"https:\/\/narteks.net\/index.php\/wp-json\/wp\/v2\/posts\/502\/revisions"}],"wp:attachment":[{"href":"https:\/\/narteks.net\/index.php\/wp-json\/wp\/v2\/media?parent=502"}],"wp:term":[{"taxonomy":"category","embeddable":true,"href":"https:\/\/narteks.net\/index.php\/wp-json\/wp\/v2\/categories?post=502"},{"taxonomy":"post_tag","embeddable":true,"href":"https:\/\/narteks.net\/index.php\/wp-json\/wp\/v2\/tags?post=502"}],"curies":[{"name":"wp","href":"https:\/\/api.w.org\/{rel}","templated":true}]}}