{"id":5020,"date":"2011-02-07T11:34:36","date_gmt":"2011-02-07T08:34:36","guid":{"rendered":"http:\/\/localhost\/wordpress\/2011\/02\/07\/yine-de-git-domenico-sakin-acimasiz-oldugumu-soyleme-bana-yedi-ulak-dino-buzzati\/"},"modified":"2011-02-07T11:34:36","modified_gmt":"2011-02-07T08:34:36","slug":"yine-de-git-domenico-sakin-acimasiz-oldugumu-soyleme-bana-yedi-ulak-dino-buzzati","status":"publish","type":"post","link":"https:\/\/narteks.net\/index.php\/2011\/02\/07\/yine-de-git-domenico-sakin-acimasiz-oldugumu-soyleme-bana-yedi-ulak-dino-buzzati\/","title":{"rendered":"Yine de git Domenico, sak\u0131n ac\u0131mas\u0131z oldu\u011fumu s\u00f6yleme bana! | Yedi Ulak &#8211; Dino Buzzati"},"content":{"rendered":"<p style=\"text-align: justify;\"><img loading=\"lazy\" decoding=\"async\" src=\"http:\/\/1.bp.blogspot.com\/_q5PHs2Mqvwk\/TM6pi8N90VI\/AAAAAAAALuY\/KaHgqNILPAM\/s400\/dino+buzzati.jpg\" border=\"0\" width=\"155\" height=\"205\" style=\"float: left;\" \/>Babam\u0131n krall\u0131\u011f\u0131n\u0131 dola\u015fmaya \u00e7\u0131kal\u0131 beri, her ge\u00e7en g\u00fcn kentten uzakla\u015f\u0131yorum, bana ula\u015fan haberler de gittik\u00e7e azal\u0131yor.<\/p>\n<p>Geziye otuzumu biraz a\u015ft\u0131ktan sonra ba\u015flad\u0131m, sekiz y\u0131ldan fazla ge\u00e7ti, tamam\u0131 tamam\u0131na sekiz y\u0131l, alt\u0131 ay, on be\u015f g\u00fcnd\u00fcr kesintisiz yol al\u0131yorum. Yola \u00e7\u0131karken, birka\u00e7 hafta i\u00e7inde kolayca krall\u0131\u011f\u0131n s\u0131n\u0131rlar\u0131na ula\u015faca\u011f\u0131m\u0131 sanm\u0131\u015ft\u0131m oysa durmadan yeni insanlarla, \u00fclkelerle kar\u015f\u0131la\u015fm\u0131\u015ft\u0131m. Her yerde, benimle ayn\u0131 dili konu\u015fuyorlard\u0131 insanlar, benim kullar\u0131m olduklar\u0131n\u0131 s\u00f6yl\u00fcyorlard\u0131.<\/p>\n<p>Arada, co\u011frafyac\u0131m\u0131n pusulas\u0131n\u0131n \u00e7\u0131ld\u0131rd\u0131\u011f\u0131n\u0131 d\u00fc\u015f\u00fcnd\u00fc\u011f\u00fcm oldu, hep g\u00fcneye do\u011fru gitti\u011fimizi san\u0131rken, belki de asl\u0131nda kendi \u00e7evremizde d\u00f6n\u00fcp durmu\u015ftuk, ba\u015fkentten bizi ay\u0131ran uzakl\u0131k hi\u00e7 artmam\u0131\u015ft\u0131; u\u00e7 s\u0131n\u0131ra h\u00e2l\u00e2 ula\u015famam\u0131\u015f olmam\u0131z\u0131n nedeni b\u00f6yle a\u00e7\u0131klanabilirdi.<\/p>\n<p>Ama s\u0131k s\u0131k da, bu s\u0131n\u0131r\u0131n var olmad\u0131\u011f\u0131, krall\u0131\u011f\u0131n s\u0131n\u0131rs\u0131z bir bi\u00e7imde uzan\u0131p gitti\u011fi, ne kadar yol al\u0131rsam alay\u0131m hi\u00e7bir zaman sona ula\u015famayaca\u011f\u0131m korkusu i\u00e7imi kemiriyordu. Yola otuz ya\u015f\u0131m\u0131 a\u015ft\u0131ktan sonra \u00e7\u0131km\u0131\u015ft\u0131m, belki de \u00e7ok ge\u00e7ti. Arkada\u015flar\u0131m, dahas\u0131 ailem, tasar\u0131m\u0131 ciddiye almam\u0131\u015flar, ya\u015fam\u0131m\u0131n en g\u00fczel y\u0131llar\u0131n\u0131 bo\u015fa harcanmas\u0131 olarak saym\u0131\u015flard\u0131. Nitekim adamlar\u0131mdan \u00e7ok az\u0131 yola \u00e7\u0131kmay\u0131 kabullenmi\u015fti.<\/p>\n<p>\u015eimdikinden \u00e7ok daha tasas\u0131z olmakla birlikte, yolculuk boyunca sevdiklerimle haberle\u015febilmek istedim, en iyi yedi atl\u0131 muhaf\u0131z\u0131, bana haber getirip g\u00f6t\u00fcrmekle g\u00f6revlendirdim.<\/p>\n<p>Bilin\u00e7siz oldu\u011fum i\u00e7in yedi ula\u011f\u0131n \u00e7ok fazla oldu\u011funu sanm\u0131\u015ft\u0131m. Zaman ge\u00e7tik\u00e7e, tersine, \u015fa\u015f\u0131lacak kadar az oldu\u011funu g\u00f6rd\u00fcm; \u00fcstelik i\u00e7lerinde ne hastalanan olmu\u015ftu, ne yolunu haydut kesen, ne de at\u0131 \u00e7atlayan. Yedisi de, kar\u015f\u0131l\u0131\u011f\u0131n\u0131 \u00e7ok zor \u00f6deyebilece\u011fim bir tutarl\u0131l\u0131kla, ba\u011fl\u0131l\u0131kla hizmet ettiler bana.<\/p>\n<p>Birbirlerinden kolay ay\u0131rt edebilmek i\u00e7in, abece&#8217;nin pe\u015f pe\u015fe harfleriyle ba\u015flayan adlar takt\u0131m onlara: Alessandro, Bartolomeo, Caio, D\u00f6menico, Ettore, Federico, Gregorio.<\/p>\n<p>Evimden uzak olmaya al\u0131\u015f\u0131k olmad\u0131\u011f\u0131m i\u00e7in, ilkini, Alessandro&#8217;yu daha yolculu\u011fumuzun ikinci g\u00fcn\u00fc ak\u015fam\u0131, seksen fersaha yak\u0131n yol alm\u0131\u015fken yola \u00e7\u0131kartt\u0131m. Haberle\u015fmede s\u00fcreklilik sa\u011flamak i\u00e7in, ertesi ak\u015fam ikinciyi, sonra \u00fc\u00e7\u00fcnc\u00fcy\u00fc, sonra d\u00f6rd\u00fcnc\u00fcy\u00fc g\u00f6nderdim, yolculu\u011fun sekizinci ak\u015fam\u0131 da Gregorio gitti. \u0130lk ulak daha geri gelmemi\u015fti.<\/p>\n<p>Onuncu gece geri geldi\u011finde, biz \u0131ss\u0131z bir vadide konaklamaya haz\u0131rlan\u0131yorduk. Alessandro&#8217;dan, h\u0131z\u0131n\u0131n tasarlad\u0131\u011f\u0131ndan daha d\u00fc\u015f\u00fck kald\u0131\u011f\u0131n\u0131 \u00f6\u011frendim; iyi bir at\u0131n s\u0131rt\u0131nda tekba\u015f\u0131na giderken, ayn\u0131 s\u00fcre i\u00e7inde bizim iki kat\u0131m\u0131z yol alaca\u011f\u0131n\u0131 sanm\u0131\u015ft\u0131; oysa yaln\u0131zca bir bu\u00e7uk kat yol alabilmi\u015fti; biz g\u00fcnde k\u0131rk fersah ilerlerken, o altm\u0131\u015f fersah a\u015fm\u0131\u015f, daha fazlas\u0131n\u0131 yapamam\u0131\u015ft\u0131.<\/p>\n<p>\u00d6tekilerle de durum b\u00f6yle oldu. Yolculu\u011fun \u00fc\u00e7\u00fcnc\u00fc g\u00fcn\u00fc kente giden Bartolomeo, on be\u015finci g\u00fcn bize ula\u015ft\u0131; d\u00f6rd\u00fcnc\u00fc g\u00fcn giden Caio, ancak yirminci g\u00fcn geri d\u00f6nd\u00fc. \u00c7ok ge\u00e7meden, ula\u011f\u0131n ne zaman bize yeti\u015fece\u011fini bilmek i\u00e7in, o zamana kadar ge\u00e7irdi\u011fimiz g\u00fcnleri be\u015fle \u00e7arpman\u0131n yeterli oldu\u011funu belirledim.<\/p>\n<p>Ba\u015fkentten s\u00fcrekli uzakla\u015ft\u0131\u011f\u0131m\u0131z i\u00e7in, ulaklar\u0131n yolu her seferinde art\u0131yordu. Elli g\u00fcnl\u00fck bir y\u00fcr\u00fcy\u00fc\u015ften sonra, bir ula\u011f\u0131n geli\u015fiyle bir sonrakinin geli\u015fi aras\u0131ndaki ara, belirgin bir bi\u00e7imde uzamaya ba\u015flad\u0131; daha \u00f6nce konak yerine be\u015f g\u00fcnde bir ulak geldi\u011fini g\u00f6r\u00fcyordum, \u015fimdi bu ara yirmi be\u015f g\u00fcn olmu\u015ftu; b\u00f6ylece kentimin sesi gittik\u00e7e zay\u0131fl\u0131yordu; haftalarca, hi\u00e7bir haber almad\u0131\u011f\u0131m oluyordu.<\/p>\n<p>Ge\u00e7en s\u00fcre alt\u0131 ay\u0131 bulunca &#8211; Fasani Da\u011flar\u0131na varm\u0131\u015ft\u0131k- bir ula\u011f\u0131n geli\u015fiyle bir sonraki ula\u011f\u0131n geli\u015fi aras\u0131ndaki ara, tam d\u00f6rt aya \u00e7\u0131kt\u0131. Ulaklar art\u0131k bana eskimi\u015f haberler getiriyorlard\u0131; zarflar buru\u015fmu\u015f olarak ula\u015f\u0131yorlard\u0131, kimi kez, getirenin a\u00e7\u0131k havada ge\u00e7irdi\u011fi geceler nedeniyle \u00fcstlerinde nem lekeleri oluyordu.<\/p>\n<p>Yola devam ediyorduk. \u00dcst\u00fcmden ge\u00e7en bulutlar\u0131n \u00e7ocuklu\u011fumun bulutlar\u0131n\u0131n benzeri olduklar\u0131na, uzaktaki kentin g\u00f6ky\u00fcz\u00fcn\u00fcn, \u00fcst\u00fcmdeki mavi g\u00f6kkubbeden de\u011fi\u015fik olmad\u0131\u011f\u0131na, havan\u0131n ayn\u0131 hava, r\u00fczg\u00e2r\u0131n esintisinin, ku\u015f seslerinin b\u00f6yle olduklar\u0131na inand\u0131rmaya \u00e7al\u0131\u015f\u0131yordum kendimi bo\u015f yere. Bulutlar, g\u00f6ky\u00fcz\u00fc, hava, r\u00fczg\u00e2rlar, ku\u015flar asl\u0131nda bana yeni, de\u011fi\u015fik nesneler gibi geliyorlard\u0131 ve ben kendimi yabanc\u0131 hissediyordum.<\/p>\n<p>\u0130leri, hep ileri! D\u00fczl\u00fcklerde rastlad\u0131\u011f\u0131m\u0131z g\u00f6\u00e7erler, s\u0131n\u0131r\u0131n uzak olmad\u0131\u011f\u0131n\u0131 s\u00f6yl\u00fcyorlard\u0131. Adamlar\u0131m\u0131 y\u00fcreklendiriyor, dudaklar\u0131nda beliren y\u0131lg\u0131nl\u0131k belirtilerini s\u00f6nd\u00fcr\u00fcyordum. Yola \u00e7\u0131kal\u0131 tam d\u00f6rt y\u0131l olmu\u015ftu; ne t\u00fckenmez yorgunluktu. Ba\u015fkent, evim, babam \u00f6ylesine gerilerde kalm\u0131\u015flard\u0131 ki, inanam\u0131yordum. \u015eimdi ulaklar\u0131n pe\u015f pe\u015fe ortaya \u00e7\u0131kmalar\u0131 i\u00e7in tam yirmi ay ge\u00e7iyordu, sessizlikler, yaln\u0131zl\u0131klar i\u00e7inde. Zaman\u0131n sarartt\u0131\u011f\u0131 ilgin\u00e7 mektuplar getiriyorlard\u0131 bana, mektuplarda unutulmu\u015f adlar, bana yabanc\u0131 s\u00f6yleyi\u015f bi\u00e7imleri, anlamay\u0131 ba\u015faramad\u0131\u011f\u0131m duygular buluyordum. Ulak, yaln\u0131zca bir gece dinlendikten sonra, biz yeniden yola koyulurken ters y\u00f6nde yola \u00e7\u0131k\u0131yor, \u00e7ok daha \u00f6nceden haz\u0131rlam\u0131\u015f oldu\u011fum mektuplar\u0131 kente g\u00f6t\u00fcr\u00fcyordu.<\/p>\n<p>Art\u0131k sekiz bu\u00e7uk y\u0131l ge\u00e7mi\u015fti. Bir ak\u015fam \u00e7ad\u0131r\u0131mda tekba\u015f\u0131ma yemek yerken, yorgunluktan bitik oldu\u011fu halde g\u00fcl\u00fcmsemeyi ba\u015faran Domenico girdi i\u00e7eri. Neredeyse yedi y\u0131ld\u0131r g\u00f6rmemi\u015ftim onu. B\u00fct\u00fcn bu uzun s\u00fcre boyunca hep \u00e7ay\u0131rlar, ormanlar, \u00e7\u00f6ller a\u015fm\u0131\u015f, kimbilir ka\u00e7 kez hayvan de\u011fi\u015ftirmi\u015fti, i\u00e7imden a\u00e7mak iste\u011fi gelmeyen bu mektup tomar\u0131n\u0131 bana getirmek i\u00e7in. \u015eimdi gidip yatt\u0131, yar\u0131n \u015fafak s\u00f6kerken geri d\u00f6necek.<\/p>\n<p>Son kez geri d\u00f6necek. Defterimde hesaplad\u0131m, her \u015fey yolunda giderse, ben \u015fimdiye kadarki h\u0131z\u0131mla yoluma devam edersem, o da kendi h\u0131z\u0131yla giderse, Domenico&#8217;yu ancak otuz d\u00f6rt y\u0131l sonra g\u00f6rebilece\u011fim. O zaman yetmi\u015f iki ya\u015f\u0131nda olaca\u011f\u0131m. Ama art\u0131k kendimi yorgun hissetmeye ba\u015fl\u0131yorum, b\u00fcy\u00fck bir olas\u0131l\u0131kla \u00f6l\u00fcm \u00e7ok daha \u00f6nce yap\u0131\u015fm\u0131\u015f olacak yakama. Bu nedenle bir daha g\u00f6remeyece\u011fim onu.<\/p>\n<p>Otuz d\u00f6rt y\u0131l sonra (daha do\u011frusu, \u00e7ok daha \u00f6nce) Domenico beklemedi\u011fi bir s\u0131rada benim konaklama yerimin ate\u015fini g\u00f6recek, bu s\u00fcre boyunca niye bu denli az yol gitti\u011fimi kendi kendine soracak. T\u0131pk\u0131 bu ak\u015fam yapt\u0131\u011f\u0131 gibi, iyi y\u00fcrekli ulak, y\u0131llar\u0131n sarartt\u0131\u011f\u0131, g\u00f6m\u00fclm\u00fc\u015f bir zaman\u0131n anlams\u0131z haberleriyle y\u00fckl\u00fc mektuplarla \u00e7ad\u0131rdan i\u00e7eri girecek; ama beni, iki yan\u0131mda elleri me\u015faleli iki asker, yer yata\u011f\u0131na uzanm\u0131\u015f, k\u0131p\u0131rt\u0131s\u0131z, \u00f6l\u00fc g\u00f6r\u00fcnce, e\u015fikte duraklayacak.<\/p>\n<p>Yine de git Domenico, sak\u0131n ac\u0131mas\u0131z oldu\u011fumu s\u00f6yleme bana! Do\u011fdu\u011fum kente son sel\u00e2m\u0131m\u0131 g\u00f6t\u00fcr. Bir zamanlar benim de olan d\u00fcnya ile arta kalan tek ba\u011fs\u0131n sen. Son gelen haberlerden, bir\u00e7ok \u015feyin de\u011fi\u015fmi\u015f oldu\u011funu, babam\u0131n \u00f6ld\u00fc\u011f\u00fcn\u00fc, tahta b\u00fcy\u00fck a\u011fabeyimin \u00e7\u0131kt\u0131\u011f\u0131n\u0131, benim kayboldu\u011fumu sand\u0131klar\u0131n\u0131, altlar\u0131nda hep oynamaya gitti\u011fim me\u015felerin bulundu\u011fu yere yeni ta\u015f saraylar yap\u0131ld\u0131\u011f\u0131n\u0131 \u00f6\u011frendim. Ama yine de benim eski vatan\u0131m. Sen onlarla son ba\u011fs\u0131n, Domenico. Tanr\u0131n\u0131n izniyle, bir y\u0131l sekiz ay sonra bana ula\u015facak olan be\u015finci ulak Ettore, geri d\u00f6nmeyecek, \u00e7\u00fcnk\u00fc art\u0131k d\u00f6nebilecek zamana sahip olmayacak. Senden sonra sessizlik, ey Domenico, me\u011fer ki pe\u015finde ko\u015ftu\u011fum s\u0131n\u0131r\u0131 bulay\u0131m en sonunda. Ne var ki, ne kadar ileriye gidersem, s\u0131n\u0131r\u0131n var olmad\u0131\u011f\u0131na inanc\u0131m o kadar art\u0131yor.<\/p>\n<p>S\u0131n\u0131r\u0131n, en az\u0131ndan bizim d\u00fc\u015f\u00fcnmeye al\u0131\u015f\u0131k oldu\u011fumuz anlamda varl\u0131\u011f\u0131ndan ku\u015fkulan\u0131yorum. Ne ay\u0131rma surlar\u0131, ne b\u00f6lme vadileri, ne de ge\u00e7itleri kapatan da\u011flar var. B\u00fcy\u00fck bir olas\u0131l\u0131kla, fark\u0131nda bile olmadan s\u0131n\u0131r\u0131 ge\u00e7ece\u011fim, bilin\u00e7siz bir bi\u00e7imde ileriye gitmeyi s\u00fcrd\u00fcrece\u011fim.<\/p>\n<p>Bu nedenle, Ettore ile ondan sonraki ulaklar\u0131n, yeniden bana eri\u015ftiklerinde, art\u0131k ba\u015fkentin yolunu tutmay\u0131p, beni nelerin bekledi\u011fini \u00f6nceden bilebilmem i\u00e7in, bana \u00f6nc\u00fcl\u00fck yapmalar\u0131m istiyorum.<\/p>\n<p>Bir s\u00fcredir ak\u015famlar\u0131, al\u0131\u015f\u0131lmad\u0131k bir kayg\u0131 sar\u0131yor i\u00e7imi, yolculu\u011fun ba\u015flar\u0131nda oldu\u011fu gibi, geride kalan sevin\u00e7lerin yoklu\u011fundan kaynaklanm\u0131yor bu; daha \u00e7ok, y\u00f6neldi\u011fim bilinmedik topraklar\u0131 tan\u0131ma sab\u0131rs\u0131zl\u0131\u011f\u0131.<\/p>\n<p>G\u00fcnden g\u00fcne, gitgide olas\u0131s\u0131z hedefe do\u011fru ilerledik\u00e7e, g\u00f6ky\u00fcz\u00fcnde, daha \u00f6nce d\u00fc\u015flerimde bile g\u00f6rmedi\u011fim ola\u011fand\u0131\u015f\u0131 bir \u0131\u015f\u0131\u011f\u0131n \u0131\u015f\u0131d\u0131\u011f\u0131n\u0131 belirliyorum &#8211; \u015fimdiye dek kimseye s\u00f6z etmedim bundan- ; ge\u00e7ti\u011fimiz da\u011flar\u0131n, \u0131rmaklar\u0131n, bitkilerin bizimkilerden de\u011fi\u015fik bir \u00f6zden yap\u0131lm\u0131\u015f olduklar\u0131 izlenimi uyand\u0131rd\u0131klar\u0131n\u0131 ve havan\u0131n ne oldu\u011funu bilmedi\u011fim haberler ta\u015f\u0131d\u0131\u011f\u0131m da.<\/p>\n<p>Yeni bir umut yar\u0131n sabah beni daha ileriye, gecenin g\u00f6lgelerinin karartmaya ba\u015flad\u0131klar\u0131 el de\u011fmemi\u015f da\u011flara do\u011fru s\u00fcr\u00fckleyecek. \u00c7ok uzaklardaki kente, benim bir i\u015fe yaramayacak iletimi ula\u015ft\u0131rmak i\u00e7in Domenico ters y\u00f6nde ufukta kaybolurken, ben bir kez daha \u00e7ad\u0131r\u0131m\u0131 s\u00f6kece\u011fim.<\/p>\n<p style=\"text-align: justify;\">Yedi Ulak &#8211; Dino BUZZAT\u0130<\/p>\n","protected":false},"excerpt":{"rendered":"<p>Babam\u0131n krall\u0131\u011f\u0131n\u0131 dola\u015fmaya \u00e7\u0131kal\u0131 beri, her ge\u00e7en g\u00fcn kentten uzakla\u015f\u0131yorum, bana ula\u015fan haberler de gittik\u00e7e azal\u0131yor. Geziye otuzumu biraz a\u015ft\u0131ktan sonra ba\u015flad\u0131m, sekiz y\u0131ldan fazla ge\u00e7ti, tamam\u0131 tamam\u0131na sekiz y\u0131l, alt\u0131 ay, on be\u015f g\u00fcnd\u00fcr kesintisiz yol al\u0131yorum. Yola \u00e7\u0131karken, birka\u00e7 hafta i\u00e7inde kolayca krall\u0131\u011f\u0131n s\u0131n\u0131rlar\u0131na ula\u015faca\u011f\u0131m\u0131 sanm\u0131\u015ft\u0131m oysa durmadan yeni insanlarla, \u00fclkelerle kar\u015f\u0131la\u015fm\u0131\u015ft\u0131m. Her [&hellip;]<\/p>\n","protected":false},"author":1,"featured_media":0,"comment_status":"open","ping_status":"open","sticky":false,"template":"","format":"standard","meta":{"footnotes":""},"categories":[115],"tags":[],"class_list":{"0":"post-5020","1":"post","2":"type-post","3":"status-publish","4":"format-standard","6":"category-ceviri-oykuler"},"yoast_head":"<!-- This site is optimized with the Yoast SEO Premium plugin v24.9 (Yoast SEO v24.9) - https:\/\/yoast.com\/wordpress\/plugins\/seo\/ -->\n<title>Yine de git Domenico, sak\u0131n ac\u0131mas\u0131z oldu\u011fumu s\u00f6yleme bana! | Yedi Ulak - Dino Buzzati - narteks.net<\/title>\n<meta name=\"robots\" content=\"index, follow, max-snippet:-1, max-image-preview:large, max-video-preview:-1\" \/>\n<link rel=\"canonical\" href=\"https:\/\/narteks.net\/index.php\/2011\/02\/07\/yine-de-git-domenico-sakin-acimasiz-oldugumu-soyleme-bana-yedi-ulak-dino-buzzati\/\" \/>\n<meta property=\"og:locale\" content=\"tr_TR\" \/>\n<meta property=\"og:type\" content=\"article\" \/>\n<meta property=\"og:title\" content=\"Yine de git Domenico, sak\u0131n ac\u0131mas\u0131z oldu\u011fumu s\u00f6yleme bana! | Yedi Ulak - Dino Buzzati\" \/>\n<meta property=\"og:description\" content=\"Babam\u0131n krall\u0131\u011f\u0131n\u0131 dola\u015fmaya \u00e7\u0131kal\u0131 beri, her ge\u00e7en g\u00fcn kentten uzakla\u015f\u0131yorum, bana ula\u015fan haberler de gittik\u00e7e azal\u0131yor. Geziye otuzumu biraz a\u015ft\u0131ktan sonra ba\u015flad\u0131m, sekiz y\u0131ldan fazla ge\u00e7ti, tamam\u0131 tamam\u0131na sekiz y\u0131l, alt\u0131 ay, on be\u015f g\u00fcnd\u00fcr kesintisiz yol al\u0131yorum. Yola \u00e7\u0131karken, birka\u00e7 hafta i\u00e7inde kolayca krall\u0131\u011f\u0131n s\u0131n\u0131rlar\u0131na ula\u015faca\u011f\u0131m\u0131 sanm\u0131\u015ft\u0131m oysa durmadan yeni insanlarla, \u00fclkelerle kar\u015f\u0131la\u015fm\u0131\u015ft\u0131m. Her [&hellip;]\" \/>\n<meta property=\"og:url\" content=\"https:\/\/narteks.net\/index.php\/2011\/02\/07\/yine-de-git-domenico-sakin-acimasiz-oldugumu-soyleme-bana-yedi-ulak-dino-buzzati\/\" \/>\n<meta property=\"og:site_name\" content=\"narteks.net\" \/>\n<meta property=\"article:published_time\" content=\"2011-02-07T08:34:36+00:00\" \/>\n<meta property=\"og:image\" content=\"http:\/\/1.bp.blogspot.com\/_q5PHs2Mqvwk\/TM6pi8N90VI\/AAAAAAAALuY\/KaHgqNILPAM\/s400\/dino+buzzati.jpg\" \/>\n<meta name=\"author\" content=\"Tar\u0131k\" \/>\n<meta name=\"twitter:card\" content=\"summary_large_image\" \/>\n<meta name=\"twitter:creator\" content=\"@narteks\" \/>\n<meta name=\"twitter:site\" content=\"@narteks\" \/>\n<meta name=\"twitter:label1\" content=\"Yazan:\" \/>\n\t<meta name=\"twitter:data1\" content=\"Tar\u0131k\" \/>\n\t<meta name=\"twitter:label2\" content=\"Tahmini okuma s\u00fcresi\" \/>\n\t<meta name=\"twitter:data2\" content=\"8 dakika\" \/>\n<script type=\"application\/ld+json\" class=\"yoast-schema-graph\">{\"@context\":\"https:\/\/schema.org\",\"@graph\":[{\"@type\":\"Article\",\"@id\":\"https:\/\/narteks.net\/index.php\/2011\/02\/07\/yine-de-git-domenico-sakin-acimasiz-oldugumu-soyleme-bana-yedi-ulak-dino-buzzati\/#article\",\"isPartOf\":{\"@id\":\"https:\/\/narteks.net\/index.php\/2011\/02\/07\/yine-de-git-domenico-sakin-acimasiz-oldugumu-soyleme-bana-yedi-ulak-dino-buzzati\/\"},\"author\":{\"name\":\"Tar\u0131k\",\"@id\":\"https:\/\/narteks.net\/#\/schema\/person\/61f37d9834294b72d31d274e7ed79bca\"},\"headline\":\"Yine de git Domenico, sak\u0131n ac\u0131mas\u0131z oldu\u011fumu s\u00f6yleme bana! | Yedi Ulak &#8211; Dino Buzzati\",\"datePublished\":\"2011-02-07T08:34:36+00:00\",\"mainEntityOfPage\":{\"@id\":\"https:\/\/narteks.net\/index.php\/2011\/02\/07\/yine-de-git-domenico-sakin-acimasiz-oldugumu-soyleme-bana-yedi-ulak-dino-buzzati\/\"},\"wordCount\":1685,\"commentCount\":0,\"publisher\":{\"@id\":\"https:\/\/narteks.net\/#organization\"},\"image\":{\"@id\":\"https:\/\/narteks.net\/index.php\/2011\/02\/07\/yine-de-git-domenico-sakin-acimasiz-oldugumu-soyleme-bana-yedi-ulak-dino-buzzati\/#primaryimage\"},\"thumbnailUrl\":\"http:\/\/1.bp.blogspot.com\/_q5PHs2Mqvwk\/TM6pi8N90VI\/AAAAAAAALuY\/KaHgqNILPAM\/s400\/dino+buzzati.jpg\",\"articleSection\":[\"\u00c7eviri \u00d6yk\u00fcler\"],\"inLanguage\":\"tr\",\"potentialAction\":[{\"@type\":\"CommentAction\",\"name\":\"Comment\",\"target\":[\"https:\/\/narteks.net\/index.php\/2011\/02\/07\/yine-de-git-domenico-sakin-acimasiz-oldugumu-soyleme-bana-yedi-ulak-dino-buzzati\/#respond\"]}]},{\"@type\":\"WebPage\",\"@id\":\"https:\/\/narteks.net\/index.php\/2011\/02\/07\/yine-de-git-domenico-sakin-acimasiz-oldugumu-soyleme-bana-yedi-ulak-dino-buzzati\/\",\"url\":\"https:\/\/narteks.net\/index.php\/2011\/02\/07\/yine-de-git-domenico-sakin-acimasiz-oldugumu-soyleme-bana-yedi-ulak-dino-buzzati\/\",\"name\":\"Yine de git Domenico, sak\u0131n ac\u0131mas\u0131z oldu\u011fumu s\u00f6yleme bana! | Yedi Ulak - Dino Buzzati - narteks.net\",\"isPartOf\":{\"@id\":\"https:\/\/narteks.net\/#website\"},\"primaryImageOfPage\":{\"@id\":\"https:\/\/narteks.net\/index.php\/2011\/02\/07\/yine-de-git-domenico-sakin-acimasiz-oldugumu-soyleme-bana-yedi-ulak-dino-buzzati\/#primaryimage\"},\"image\":{\"@id\":\"https:\/\/narteks.net\/index.php\/2011\/02\/07\/yine-de-git-domenico-sakin-acimasiz-oldugumu-soyleme-bana-yedi-ulak-dino-buzzati\/#primaryimage\"},\"thumbnailUrl\":\"http:\/\/1.bp.blogspot.com\/_q5PHs2Mqvwk\/TM6pi8N90VI\/AAAAAAAALuY\/KaHgqNILPAM\/s400\/dino+buzzati.jpg\",\"datePublished\":\"2011-02-07T08:34:36+00:00\",\"breadcrumb\":{\"@id\":\"https:\/\/narteks.net\/index.php\/2011\/02\/07\/yine-de-git-domenico-sakin-acimasiz-oldugumu-soyleme-bana-yedi-ulak-dino-buzzati\/#breadcrumb\"},\"inLanguage\":\"tr\",\"potentialAction\":[{\"@type\":\"ReadAction\",\"target\":[\"https:\/\/narteks.net\/index.php\/2011\/02\/07\/yine-de-git-domenico-sakin-acimasiz-oldugumu-soyleme-bana-yedi-ulak-dino-buzzati\/\"]}]},{\"@type\":\"ImageObject\",\"inLanguage\":\"tr\",\"@id\":\"https:\/\/narteks.net\/index.php\/2011\/02\/07\/yine-de-git-domenico-sakin-acimasiz-oldugumu-soyleme-bana-yedi-ulak-dino-buzzati\/#primaryimage\",\"url\":\"http:\/\/1.bp.blogspot.com\/_q5PHs2Mqvwk\/TM6pi8N90VI\/AAAAAAAALuY\/KaHgqNILPAM\/s400\/dino+buzzati.jpg\",\"contentUrl\":\"http:\/\/1.bp.blogspot.com\/_q5PHs2Mqvwk\/TM6pi8N90VI\/AAAAAAAALuY\/KaHgqNILPAM\/s400\/dino+buzzati.jpg\"},{\"@type\":\"BreadcrumbList\",\"@id\":\"https:\/\/narteks.net\/index.php\/2011\/02\/07\/yine-de-git-domenico-sakin-acimasiz-oldugumu-soyleme-bana-yedi-ulak-dino-buzzati\/#breadcrumb\",\"itemListElement\":[{\"@type\":\"ListItem\",\"position\":1,\"name\":\"Anasayfa\",\"item\":\"https:\/\/narteks.net\/\"},{\"@type\":\"ListItem\",\"position\":2,\"name\":\"Yine de git Domenico, sak\u0131n ac\u0131mas\u0131z oldu\u011fumu s\u00f6yleme bana! | Yedi Ulak &#8211; Dino Buzzati\"}]},{\"@type\":\"WebSite\",\"@id\":\"https:\/\/narteks.net\/#website\",\"url\":\"https:\/\/narteks.net\/\",\"name\":\"narteks.net\",\"description\":\"K\u00fclt\u00fcr Sanat Edebiyat Felsefe\",\"publisher\":{\"@id\":\"https:\/\/narteks.net\/#organization\"},\"alternateName\":\"K\u00fclt\u00fcr Sanat Edebiyat Felsefe\",\"potentialAction\":[{\"@type\":\"SearchAction\",\"target\":{\"@type\":\"EntryPoint\",\"urlTemplate\":\"https:\/\/narteks.net\/?s={search_term_string}\"},\"query-input\":{\"@type\":\"PropertyValueSpecification\",\"valueRequired\":true,\"valueName\":\"search_term_string\"}}],\"inLanguage\":\"tr\"},{\"@type\":\"Organization\",\"@id\":\"https:\/\/narteks.net\/#organization\",\"name\":\"narteks.net\",\"url\":\"https:\/\/narteks.net\/\",\"logo\":{\"@type\":\"ImageObject\",\"inLanguage\":\"tr\",\"@id\":\"https:\/\/narteks.net\/#\/schema\/logo\/image\/\",\"url\":\"https:\/\/narteks.net\/wp-content\/uploads\/narteks.png\",\"contentUrl\":\"https:\/\/narteks.net\/wp-content\/uploads\/narteks.png\",\"width\":300,\"height\":90,\"caption\":\"narteks.net\"},\"image\":{\"@id\":\"https:\/\/narteks.net\/#\/schema\/logo\/image\/\"},\"sameAs\":[\"https:\/\/x.com\/narteks\",\"https:\/\/instagram.com\/narteksnet\"]},{\"@type\":\"Person\",\"@id\":\"https:\/\/narteks.net\/#\/schema\/person\/61f37d9834294b72d31d274e7ed79bca\",\"name\":\"Tar\u0131k\",\"image\":{\"@type\":\"ImageObject\",\"inLanguage\":\"tr\",\"@id\":\"https:\/\/narteks.net\/#\/schema\/person\/image\/\",\"url\":\"https:\/\/secure.gravatar.com\/avatar\/50865afb55632c4ae467e0af0930f6510aa2297d8014be502a55b14f3b7550cf?s=96&d=mm&r=g\",\"contentUrl\":\"https:\/\/secure.gravatar.com\/avatar\/50865afb55632c4ae467e0af0930f6510aa2297d8014be502a55b14f3b7550cf?s=96&d=mm&r=g\",\"caption\":\"Tar\u0131k\"},\"sameAs\":[\"http:\/\/narteks.net\"],\"url\":\"https:\/\/narteks.net\/index.php\/author\/narbak\/\"}]}<\/script>\n<!-- \/ Yoast SEO Premium plugin. -->","yoast_head_json":{"title":"Yine de git Domenico, sak\u0131n ac\u0131mas\u0131z oldu\u011fumu s\u00f6yleme bana! | Yedi Ulak - Dino Buzzati - narteks.net","robots":{"index":"index","follow":"follow","max-snippet":"max-snippet:-1","max-image-preview":"max-image-preview:large","max-video-preview":"max-video-preview:-1"},"canonical":"https:\/\/narteks.net\/index.php\/2011\/02\/07\/yine-de-git-domenico-sakin-acimasiz-oldugumu-soyleme-bana-yedi-ulak-dino-buzzati\/","og_locale":"tr_TR","og_type":"article","og_title":"Yine de git Domenico, sak\u0131n ac\u0131mas\u0131z oldu\u011fumu s\u00f6yleme bana! | Yedi Ulak - Dino Buzzati","og_description":"Babam\u0131n krall\u0131\u011f\u0131n\u0131 dola\u015fmaya \u00e7\u0131kal\u0131 beri, her ge\u00e7en g\u00fcn kentten uzakla\u015f\u0131yorum, bana ula\u015fan haberler de gittik\u00e7e azal\u0131yor. Geziye otuzumu biraz a\u015ft\u0131ktan sonra ba\u015flad\u0131m, sekiz y\u0131ldan fazla ge\u00e7ti, tamam\u0131 tamam\u0131na sekiz y\u0131l, alt\u0131 ay, on be\u015f g\u00fcnd\u00fcr kesintisiz yol al\u0131yorum. Yola \u00e7\u0131karken, birka\u00e7 hafta i\u00e7inde kolayca krall\u0131\u011f\u0131n s\u0131n\u0131rlar\u0131na ula\u015faca\u011f\u0131m\u0131 sanm\u0131\u015ft\u0131m oysa durmadan yeni insanlarla, \u00fclkelerle kar\u015f\u0131la\u015fm\u0131\u015ft\u0131m. Her [&hellip;]","og_url":"https:\/\/narteks.net\/index.php\/2011\/02\/07\/yine-de-git-domenico-sakin-acimasiz-oldugumu-soyleme-bana-yedi-ulak-dino-buzzati\/","og_site_name":"narteks.net","article_published_time":"2011-02-07T08:34:36+00:00","og_image":[{"url":"http:\/\/1.bp.blogspot.com\/_q5PHs2Mqvwk\/TM6pi8N90VI\/AAAAAAAALuY\/KaHgqNILPAM\/s400\/dino+buzzati.jpg","type":"","width":"","height":""}],"author":"Tar\u0131k","twitter_card":"summary_large_image","twitter_creator":"@narteks","twitter_site":"@narteks","twitter_misc":{"Yazan:":"Tar\u0131k","Tahmini okuma s\u00fcresi":"8 dakika"},"schema":{"@context":"https:\/\/schema.org","@graph":[{"@type":"Article","@id":"https:\/\/narteks.net\/index.php\/2011\/02\/07\/yine-de-git-domenico-sakin-acimasiz-oldugumu-soyleme-bana-yedi-ulak-dino-buzzati\/#article","isPartOf":{"@id":"https:\/\/narteks.net\/index.php\/2011\/02\/07\/yine-de-git-domenico-sakin-acimasiz-oldugumu-soyleme-bana-yedi-ulak-dino-buzzati\/"},"author":{"name":"Tar\u0131k","@id":"https:\/\/narteks.net\/#\/schema\/person\/61f37d9834294b72d31d274e7ed79bca"},"headline":"Yine de git Domenico, sak\u0131n ac\u0131mas\u0131z oldu\u011fumu s\u00f6yleme bana! | Yedi Ulak &#8211; Dino Buzzati","datePublished":"2011-02-07T08:34:36+00:00","mainEntityOfPage":{"@id":"https:\/\/narteks.net\/index.php\/2011\/02\/07\/yine-de-git-domenico-sakin-acimasiz-oldugumu-soyleme-bana-yedi-ulak-dino-buzzati\/"},"wordCount":1685,"commentCount":0,"publisher":{"@id":"https:\/\/narteks.net\/#organization"},"image":{"@id":"https:\/\/narteks.net\/index.php\/2011\/02\/07\/yine-de-git-domenico-sakin-acimasiz-oldugumu-soyleme-bana-yedi-ulak-dino-buzzati\/#primaryimage"},"thumbnailUrl":"http:\/\/1.bp.blogspot.com\/_q5PHs2Mqvwk\/TM6pi8N90VI\/AAAAAAAALuY\/KaHgqNILPAM\/s400\/dino+buzzati.jpg","articleSection":["\u00c7eviri \u00d6yk\u00fcler"],"inLanguage":"tr","potentialAction":[{"@type":"CommentAction","name":"Comment","target":["https:\/\/narteks.net\/index.php\/2011\/02\/07\/yine-de-git-domenico-sakin-acimasiz-oldugumu-soyleme-bana-yedi-ulak-dino-buzzati\/#respond"]}]},{"@type":"WebPage","@id":"https:\/\/narteks.net\/index.php\/2011\/02\/07\/yine-de-git-domenico-sakin-acimasiz-oldugumu-soyleme-bana-yedi-ulak-dino-buzzati\/","url":"https:\/\/narteks.net\/index.php\/2011\/02\/07\/yine-de-git-domenico-sakin-acimasiz-oldugumu-soyleme-bana-yedi-ulak-dino-buzzati\/","name":"Yine de git Domenico, sak\u0131n ac\u0131mas\u0131z oldu\u011fumu s\u00f6yleme bana! | Yedi Ulak - Dino Buzzati - narteks.net","isPartOf":{"@id":"https:\/\/narteks.net\/#website"},"primaryImageOfPage":{"@id":"https:\/\/narteks.net\/index.php\/2011\/02\/07\/yine-de-git-domenico-sakin-acimasiz-oldugumu-soyleme-bana-yedi-ulak-dino-buzzati\/#primaryimage"},"image":{"@id":"https:\/\/narteks.net\/index.php\/2011\/02\/07\/yine-de-git-domenico-sakin-acimasiz-oldugumu-soyleme-bana-yedi-ulak-dino-buzzati\/#primaryimage"},"thumbnailUrl":"http:\/\/1.bp.blogspot.com\/_q5PHs2Mqvwk\/TM6pi8N90VI\/AAAAAAAALuY\/KaHgqNILPAM\/s400\/dino+buzzati.jpg","datePublished":"2011-02-07T08:34:36+00:00","breadcrumb":{"@id":"https:\/\/narteks.net\/index.php\/2011\/02\/07\/yine-de-git-domenico-sakin-acimasiz-oldugumu-soyleme-bana-yedi-ulak-dino-buzzati\/#breadcrumb"},"inLanguage":"tr","potentialAction":[{"@type":"ReadAction","target":["https:\/\/narteks.net\/index.php\/2011\/02\/07\/yine-de-git-domenico-sakin-acimasiz-oldugumu-soyleme-bana-yedi-ulak-dino-buzzati\/"]}]},{"@type":"ImageObject","inLanguage":"tr","@id":"https:\/\/narteks.net\/index.php\/2011\/02\/07\/yine-de-git-domenico-sakin-acimasiz-oldugumu-soyleme-bana-yedi-ulak-dino-buzzati\/#primaryimage","url":"http:\/\/1.bp.blogspot.com\/_q5PHs2Mqvwk\/TM6pi8N90VI\/AAAAAAAALuY\/KaHgqNILPAM\/s400\/dino+buzzati.jpg","contentUrl":"http:\/\/1.bp.blogspot.com\/_q5PHs2Mqvwk\/TM6pi8N90VI\/AAAAAAAALuY\/KaHgqNILPAM\/s400\/dino+buzzati.jpg"},{"@type":"BreadcrumbList","@id":"https:\/\/narteks.net\/index.php\/2011\/02\/07\/yine-de-git-domenico-sakin-acimasiz-oldugumu-soyleme-bana-yedi-ulak-dino-buzzati\/#breadcrumb","itemListElement":[{"@type":"ListItem","position":1,"name":"Anasayfa","item":"https:\/\/narteks.net\/"},{"@type":"ListItem","position":2,"name":"Yine de git Domenico, sak\u0131n ac\u0131mas\u0131z oldu\u011fumu s\u00f6yleme bana! | Yedi Ulak &#8211; Dino Buzzati"}]},{"@type":"WebSite","@id":"https:\/\/narteks.net\/#website","url":"https:\/\/narteks.net\/","name":"narteks.net","description":"K\u00fclt\u00fcr Sanat Edebiyat Felsefe","publisher":{"@id":"https:\/\/narteks.net\/#organization"},"alternateName":"K\u00fclt\u00fcr Sanat Edebiyat Felsefe","potentialAction":[{"@type":"SearchAction","target":{"@type":"EntryPoint","urlTemplate":"https:\/\/narteks.net\/?s={search_term_string}"},"query-input":{"@type":"PropertyValueSpecification","valueRequired":true,"valueName":"search_term_string"}}],"inLanguage":"tr"},{"@type":"Organization","@id":"https:\/\/narteks.net\/#organization","name":"narteks.net","url":"https:\/\/narteks.net\/","logo":{"@type":"ImageObject","inLanguage":"tr","@id":"https:\/\/narteks.net\/#\/schema\/logo\/image\/","url":"https:\/\/narteks.net\/wp-content\/uploads\/narteks.png","contentUrl":"https:\/\/narteks.net\/wp-content\/uploads\/narteks.png","width":300,"height":90,"caption":"narteks.net"},"image":{"@id":"https:\/\/narteks.net\/#\/schema\/logo\/image\/"},"sameAs":["https:\/\/x.com\/narteks","https:\/\/instagram.com\/narteksnet"]},{"@type":"Person","@id":"https:\/\/narteks.net\/#\/schema\/person\/61f37d9834294b72d31d274e7ed79bca","name":"Tar\u0131k","image":{"@type":"ImageObject","inLanguage":"tr","@id":"https:\/\/narteks.net\/#\/schema\/person\/image\/","url":"https:\/\/secure.gravatar.com\/avatar\/50865afb55632c4ae467e0af0930f6510aa2297d8014be502a55b14f3b7550cf?s=96&d=mm&r=g","contentUrl":"https:\/\/secure.gravatar.com\/avatar\/50865afb55632c4ae467e0af0930f6510aa2297d8014be502a55b14f3b7550cf?s=96&d=mm&r=g","caption":"Tar\u0131k"},"sameAs":["http:\/\/narteks.net"],"url":"https:\/\/narteks.net\/index.php\/author\/narbak\/"}]}},"_links":{"self":[{"href":"https:\/\/narteks.net\/index.php\/wp-json\/wp\/v2\/posts\/5020","targetHints":{"allow":["GET"]}}],"collection":[{"href":"https:\/\/narteks.net\/index.php\/wp-json\/wp\/v2\/posts"}],"about":[{"href":"https:\/\/narteks.net\/index.php\/wp-json\/wp\/v2\/types\/post"}],"author":[{"embeddable":true,"href":"https:\/\/narteks.net\/index.php\/wp-json\/wp\/v2\/users\/1"}],"replies":[{"embeddable":true,"href":"https:\/\/narteks.net\/index.php\/wp-json\/wp\/v2\/comments?post=5020"}],"version-history":[{"count":0,"href":"https:\/\/narteks.net\/index.php\/wp-json\/wp\/v2\/posts\/5020\/revisions"}],"wp:attachment":[{"href":"https:\/\/narteks.net\/index.php\/wp-json\/wp\/v2\/media?parent=5020"}],"wp:term":[{"taxonomy":"category","embeddable":true,"href":"https:\/\/narteks.net\/index.php\/wp-json\/wp\/v2\/categories?post=5020"},{"taxonomy":"post_tag","embeddable":true,"href":"https:\/\/narteks.net\/index.php\/wp-json\/wp\/v2\/tags?post=5020"}],"curies":[{"name":"wp","href":"https:\/\/api.w.org\/{rel}","templated":true}]}}