{"id":5021,"date":"2011-02-07T11:57:07","date_gmt":"2011-02-07T08:57:07","guid":{"rendered":"http:\/\/localhost\/wordpress\/2011\/02\/07\/la-fontainein-yazamadigi-masal-aziz-nesin\/"},"modified":"2011-02-07T11:57:07","modified_gmt":"2011-02-07T08:57:07","slug":"la-fontainein-yazamadigi-masal-aziz-nesin","status":"publish","type":"post","link":"https:\/\/narteks.net\/index.php\/2011\/02\/07\/la-fontainein-yazamadigi-masal-aziz-nesin\/","title":{"rendered":"La Fontaine&#8217;in Yazamad\u0131\u011f\u0131 Masal | Aziz Nesin"},"content":{"rendered":"<p style=\"text-align: justify;\"><img loading=\"lazy\" decoding=\"async\" src=\"http:\/\/img2.blogcu.com\/images\/y\/a\/r\/yaralisercee\/1220200787nesinaziz.jpg\" border=\"0\" width=\"155\" height=\"205\" style=\"float: left;\" \/>Hayvanlar, kendi aralar\u0131nda, en zeki hayvan yar\u0131\u015fmas\u0131 d\u00fczenlemi\u015flerdi. Her hayvan, kendini hayvanlar\u0131n en zekisi sand\u0131\u011f\u0131ndan, bu yar\u0131\u015fmay\u0131 kazanaca\u011f\u0131n\u0131 san\u0131yordu. Ama hepsi de yar\u0131\u015fman\u0131n birincili\u011fine iki g\u00fc\u00e7l\u00fc aday oldu\u011funu bilmekteydi; bu adaylardan biri tilki, biri de sansard\u0131.<\/p>\n<p>Kurnazl\u0131kta, zekada, bu ikisine \u00fcst\u00fcn ba\u015fka hi\u00e7bir hayvan yoktu. Bu yar\u0131\u015fmay\u0131 ya biri, ya \u00f6b\u00fcr\u00fc kazanacakt\u0131.<br \/>En zeki hayvan yar\u0131\u015fmas\u0131n\u0131n yap\u0131laca\u011f\u0131 g\u00fcn yakla\u015ft\u0131k\u00e7a, yar\u0131\u015fma birincili\u011fine iki g\u00fc\u00e7l\u00fc aday olan sansarla tilki aras\u0131nda korkun\u00e7 bir rekabet ba\u015flam\u0131\u015ft\u0131. Bu iki zeki hayvan birbirlerine d\u00fc\u015fman olmu\u015flard\u0131. Sansar tilkinin, tilki de sansar\u0131n kazanmamas\u0131 i\u00e7in, elinden geleni yap\u0131yordu.<\/p>\n<p>Sansar,<\/p>\n<p>&#8211; Tek tilki kazanmas\u0131n da, zarar yok, ben de kazanmamaya raz\u0131y\u0131m&#8230; diyordu.<\/p>\n<p>Tilki de,<\/p>\n<p>&#8211; Tek sansar kazanmas\u0131n da, kim kazan\u0131rsa kazans\u0131n&#8230; diyordu.<br \/>Durum bu denli d\u00fc\u015fmanl\u0131\u011fa var\u0131nca, sansarla tilki, en zeki hayvan yar\u0131\u015fmas\u0131n\u0131n birincili\u011fi i\u00e7in ba\u015fka bir aday aramaya ba\u015flad\u0131lar. \u00d6yle bir hayvan bulmal\u0131yd\u0131lar ki, zeka konusunda kendileriyle yar\u0131\u015fa \u00e7\u0131kamas\u0131n, onlara bir zarar\u0131 olmas\u0131n, yani hayvanlar\u0131n en aptal\u0131 olsun. Araya araya buldular bu hayvan\u0131: \u00d6k\u00fcz&#8230;<br \/>Bir sabah sansar, yemye\u015fil bir \u00e7ay\u0131rl\u0131kta otlamakta olan \u00f6k\u00fcz\u00fcn yan\u0131na gidip,<br \/>&#8211; Merhaba \u00f6k\u00fcz karde\u015f, diye s\u00f6ze ba\u015flad\u0131ktan sonra, \u00f6k\u00fcz\u00fcn zekas\u0131n\u0131 \u00f6vmeye ba\u015flad\u0131.<br \/>\u00d6k\u00fcz b\u00fcy\u00fck bir al\u00e7akg\u00f6n\u00fcll\u00fcl\u00fckle g\u00fcl\u00fcmseyerek,<br \/>&#8211; Benimle alay m\u0131 ediyorsun sansar karde\u015f? dedi.<\/p>\n<p>Sansar,<\/p>\n<p>&#8211; Ne diye alay edecekmi\u015fim, dedi, hayvanlar\u0131n en zekisiyle alay etmek haddime mi kalm\u0131\u015f&#8230;<br \/>Sansar, \u00f6k\u00fcz\u00fc hayvanlar\u0131n en zekisi oldu\u011funa inand\u0131rmak i\u00e7in diller d\u00f6kt\u00fc. Bununla da yetinmeyip \u00f6b\u00fcr hayvanlar\u0131 da, \u00f6k\u00fcz\u00fcn en zeki hayvan oldu\u011funa inand\u0131rmaya \u00e7al\u0131\u015ft\u0131. Sansardan sonra \u00e7ay\u0131rda otlayan \u00f6k\u00fcz\u00fcn yan\u0131na tilki gitti. Kendisine b\u00f6n b\u00f6n bakan \u00f6k\u00fcze,<br \/>&#8211; Ah \u00f6k\u00fcz karde\u015f, dedi, g\u00f6zlerinden zeka k\u0131v\u0131lc\u0131mlar\u0131 \u00e7\u0131k\u0131yor. \u00d6k\u00fcz,<br \/>&#8211; Ben her ne kadar \u00f6k\u00fczsem de sand\u0131\u011f\u0131n kadar da \u00f6k\u00fcz de\u011filim, kendimi bilirim, dedi.<\/p>\n<p>Tilki,<\/p>\n<p>&#8211; \u0130nan olsun \u00f6k\u00fcz karde\u015f, dedi, senin o zeka k\u0131v\u0131lc\u0131mlar\u0131 \u00e7akan p\u0131r\u0131l p\u0131r\u0131l g\u00f6zlerine bakarken, ipnotize olup kendimden ge\u00e7iyorum. En zeki hayvan yar\u0131\u015fmas\u0131n\u0131n rakipsiz tek aday\u0131 sensin.<br \/>Tilki, \u00f6k\u00fcz\u00fcn zekas\u0131n\u0131 tan\u0131tmak i\u00e7in, can d\u00fc\u015fman\u0131 sansardan daha b\u00fcy\u00fck bir reklam kampanyas\u0131na giri\u015fti.<br \/>Hayvanlar, \u00f6k\u00fcz\u00fcn zeki olmad\u0131\u011f\u0131n\u0131, yar\u0131\u015fmay\u0131 kesinlikle kazanamayaca\u011f\u0131n\u0131 elbet biliyorlard\u0131. Ama sansarla tilkinin, kendilerinden bask\u0131n \u00e7\u0131k\u0131p en zeki hayvan se\u00e7ilmemesi i\u00e7in, \u00f6k\u00fcz\u00fcn zeki oldu\u011fu yalan\u0131na inanmad\u0131klar\u0131 halde inanm\u0131\u015f g\u00f6r\u00fcnd\u00fcler. Birbirlerine \u00f6k\u00fcz\u00fcn ne b\u00fcy\u00fck zekas\u0131 oldu\u011funu balland\u0131ra balland\u0131ra anlatmaya ba\u015flad\u0131lar.<br \/>&#8211; Aman z\u00fcrafa karde\u015f, bizim \u00f6k\u00fcz yok mu, ben onun kadar zeki hayvan g\u00f6rmedim&#8230;<br \/>&#8211; Hi\u00e7 bilmez olur muyum, deveku\u015fu karde\u015f, \u00f6k\u00fcz benden bile zekidir. Sen ne dersin leylek karde\u015f?<br \/>&#8211; En zeki hayvan yar\u0131\u015fmas\u0131nda ben oyumu, g\u00f6z\u00fcm\u00fc k\u0131rpmadan \u00f6k\u00fcze verece\u011fim. Da\u011flar, ta\u015flar, ormanlar, \u00e7\u00f6ller, kayalar, dereler, hayvanlar\u0131n \u00f6k\u00fcz \u00f6vg\u00fcleriyle yank\u0131lan\u0131yordu:<br \/>&#8211; Hayvanlar\u0131n en zekisi \u00f6k\u00fczd\u00fc\u00fc\u00fc\u00fcr!<br \/>&#8211; \u00d6k\u00fczden daha zeki hayvan yoktuuuur!<\/p>\n<p>&#8211; Bizim en zekimiz \u00f6k\u00fc\u00fc\u00fc\u00fcz!<\/p>\n<p>B\u00fct\u00fcn hayvanlar\u0131n bu yo\u011fun propagandas\u0131 kar\u015f\u0131s\u0131nda \u00f6k\u00fcz de yava\u015f yava\u015f, ger\u00e7ekten hayvanlar\u0131n en zekisi oldu\u011funa inanmaya ba\u015flam\u0131\u015ft\u0131. Kendi kendine \u015f\u00f6yle diyordu:<br \/>&#8211; \u00c7akal, sansar, tilki, b\u00fct\u00fcn hayvanlar s\u00f6yl\u00fcyor, hayvanlar\u0131n en zekisi benmi\u015fim. Hepsi de aldanm\u0131yor ya, \u00f6yleyse dedikleri do\u011fru&#8230;<br \/>Yar\u0131\u015fma g\u00fcn\u00fc geldi. B\u00fct\u00fcn hayvanlar, \u00f6k\u00fcz\u00fcn hayvanlar\u0131n en zekisi oldu\u011funda anla\u015ft\u0131lar. B\u00f6ylece \u00f6k\u00fcz\u00fcn hayvanlar toplumundaki yeri, i\u015fi, g\u00f6revi, d\u00fczeyi, y\u00fckselmi\u015f oldu. \u00d6k\u00fcz art\u0131k kas\u0131la kas\u0131la y\u00fcr\u00fcyor, \u015fi\u015fine \u015fi\u015fine b\u00f6\u011f\u00fcr\u00fcyor, yay\u0131la yay\u0131la kuyruk alt\u0131ndan may\u0131s b\u0131rak\u0131yordu.<br \/>Gel zaman, git zaman&#8230; Hayvanlar aras\u0131nda, \u00e7iftesi en pek hayvan yar\u0131\u015fmas\u0131 yap\u0131lacakt\u0131. Hi\u00e7 ku\u015fkusuz, \u00e7iftesi en pek hayvan, ya at yada kat\u0131rd\u0131.<\/p>\n<p>E\u015fek de,<\/p>\n<p>&#8211; Benim de \u00e7iftem g\u00fc\u00e7l\u00fcd\u00fcr! diye araya giriyorduysa da, kat\u0131rla at\u0131n \u00e7iftesi yan\u0131nda e\u015fe\u011fin \u00e7iftesinin ad\u0131 bile ge\u00e7mezdi.<br \/>Kat\u0131r at\u0131n, at da kat\u0131r\u0131n \u00e7iftesi en g\u00fc\u00e7l\u00fc hayvan diye se\u00e7ilece\u011finden korkuyordu. Bu iki hayvan aras\u0131nda tarih boyunca s\u00fcren kanl\u0131 bir \u00e7ifte atma rekabeti vard\u0131. Bu iki can d\u00fc\u015fman\u0131, yar\u0131\u015fma g\u00fcn\u00fc yakla\u015ft\u0131k\u00e7a birbirlerine at\u0131p tutmaya ba\u015flad\u0131lar. At \u015f\u00f6yle diyordu:<br \/>&#8211; H\u0131h, kat\u0131r\u0131n \u00e7iftesi de \u00e7ifte mi sanki&#8230; \u00d6k\u00fcz bile ondan daha sert \u00e7ifte atar. Babas\u0131 e\u015fek olan bir hayvan\u0131n \u00e7iftesinden ne \u00e7\u0131kar..<\/p>\n<p>Kat\u0131r da \u015f\u00f6yle demekteydi:<\/p>\n<p>&#8211; At\u0131n \u00e7iftesiyle sinek bile ezilmez. \u00d6k\u00fcz\u00fcn \u00e7iftesi bile at\u0131nkinden daha g\u00fc\u00e7l\u00fcd\u00fcr.<br \/>At derede su i\u00e7mekte olan \u00f6k\u00fcz\u00fcn yan\u0131na gidip ona \u015f\u00f6yle dedi:<br \/>&#8211; Ey say\u0131n \u00f6k\u00fcz, sen d\u00fcnyan\u0131n yaln\u0131z en zeki de\u011fil,hem de \u00e7iftesi en g\u00fc\u00e7l\u00fc hayvan\u0131s\u0131n!<br \/>Art sol aya\u011f\u0131yla bast\u0131g\u0131 taze f\u0131\u015fk\u0131dan fos diye bir ses \u00e7\u0131karan \u00f6k\u00fcz,<br \/>&#8211; Aman at karde\u015f, dedi, sen varken benim \u00e7iftemin laf\u0131 m\u0131 olur.<\/p>\n<p>At \u00fcsteledi:<\/p>\n<p>&#8211; Yoo, say\u0131n \u00f6k\u00fcz, sen bir \u00e7ifteyle kat\u0131r\u0131 devirirsin. Bo\u015funa al\u00e7akg\u00f6n\u00fcll\u00fcl\u00fck g\u00f6sterme.<br \/>At gitti, arkas\u0131ndan kat\u0131r, \u00f6k\u00fcz\u00fcn yan\u0131na geldi,<br \/>&#8211; D\u00fcnyan\u0131n \u00e7iftesi en g\u00fc\u00e7l\u00fc hayvan\u0131 say\u0131n \u00f6k\u00fcze sayg\u0131lar\u0131m\u0131 sunar\u0131m, dedi.<br \/>\u00d6k\u00fcz, bu s\u00f6zlere \u00f6nce inanmak istemedi, ama kat\u0131r,<br \/>&#8211; Benim \u00e7ifte de, at\u0131n \u00e7iftesi de seninkinin yan\u0131nda hi\u00e7 kal\u0131r.. deyince,<br \/>&#8211; Ben onlardan daha iyi bilecek de\u011filim ya&#8230; diyerek,<br \/>\u00e7iftesinin pekli\u011fine inanmaya ba\u015flad\u0131.<br \/>Her hayvan kendini \u00e7iftesi en g\u00fc\u00e7l\u00fc hayvan san\u0131yordu. Horoz bile, mahmuzuyla \u00e7ifte atabilece\u011fini sanmaktayd\u0131. \u0130\u015fte bu y\u00fczden b\u00fct\u00fcn hayvanlar, \u00e7iftesi zay\u0131f bir hayvan\u0131n \u00e7iftesi en pek hayvan olarak se\u00e7ilmesini istemekteydi.<\/p>\n<p>Yar\u0131\u015fma g\u00fcn\u00fc geldi. B\u00fct\u00fcn hayvanlar, \u00f6k\u00fcz\u00fcn \u00e7iftesi en g\u00fc\u00e7l\u00fc oldu\u011funda birlik g\u00f6sterdiler.. B\u00f6ylece en zeki hayvan olan \u00f6k\u00fcz\u00fcn \u00e7iftesi en g\u00fc\u00e7l\u00fc hayvan olarak da hayvanlar toplumundaki yeri, i\u015fi, g\u00f6revi, d\u00fczeyi daha da y\u00fckseldi.<\/p>\n<p>Gel zaman, git zaman&#8230; Hayvanlar aras\u0131nda h\u0131zl\u0131 ko\u015fma yar\u0131\u015f\u0131 yap\u0131lacakt\u0131. Her hayvan, hatta kaplumba\u011fa bile, kendisini en h\u0131zl\u0131 ko\u015fan hayvan sanmaktayd\u0131. Ama yine her hayvan i\u00e7inden, en h\u0131zl\u0131 ko\u015fan hayvan\u0131n ya tav\u015fan yada taz\u0131 oldu\u011funu biliyordu. Hepsinin i\u00e7inde de, her zaman, her yerde oldu\u011fu gibi, en g\u00fc\u00e7l\u00fcye, en ba\u015far\u0131l\u0131ya d\u00fc\u015fmanl\u0131k, k\u0131skan\u00e7l\u0131k, \u00e7ekemezlik duygular\u0131 vard\u0131. Onun i\u00e7in, en h\u0131zl\u0131 ko\u015ftuklar\u0131n\u0131 bildikleri halde, tav\u015fanla taz\u0131n\u0131n yar\u0131\u015fmay\u0131 kazanmas\u0131n\u0131 istemiyorlard\u0131.<br \/>H\u0131zl\u0131 ko\u015fmada en amans\u0131z rakip olan tav\u015fanla taz\u0131, yar\u0131\u015fma g\u00fcn\u00fc yakla\u015ft\u0131k\u00e7a birbirlerine can d\u00fc\u015fman\u0131 olmu\u015flard\u0131. Taz\u0131,<br \/>&#8211; Ben birinci olmayacaksam, \u00f6k\u00fcz olsun daha iyi&#8230; diyordu.<br \/>Tav\u015fan da ayn\u0131 d\u00fc\u015f\u00fcncede oldu\u011fundan \u00f6k\u00fcze gidip,<br \/>&#8211; Sen yaln\u0131z en zekimiz, en \u00e7iftesi g\u00fc\u00e7l\u00fcm\u00fcz de\u011fil, hem de bizim en h\u0131zl\u0131 ko\u015fan\u0131m\u0131zs\u0131n say\u0131n \u00f6k\u00fcz, dedi. \u00d6k\u00fcz, tav\u015fana,<br \/>&#8211; Taz\u0131 da senin gibi d\u00fc\u015f\u00fcn\u00fcyor&#8230; dedi.<br \/>Yar\u0131\u015fma g\u00fcn\u00fc gelip \u00e7att\u0131. B\u00fct\u00fcn hayvanlar ko\u015fmaya ba\u015flad\u0131lar. H\u0131zl\u0131 ko\u015fabilenler, rakipleri birinci olmas\u0131n diye birbirlerini \u00e7elmelediklerinden, \u00f6nleyip engellediklerinden d\u00fc\u015f\u00fcp devriliyorlard\u0131. Hepsi de, i\u00e7lerinde en yava\u015f ko\u015fan \u00f6k\u00fcz\u00fcn birinci gelmesini istiyorlard\u0131, ona yol veriyorlard\u0131. Bunun sonunda \u00f6k\u00fcz birinci oldu.<br \/>En zeki, en \u00e7iftesi pek, en h\u0131zl\u0131 ko\u015fan hayvan se\u00e7ildi\u011finden, \u00f6k\u00fcz\u00fcn hayvanlar toplumundaki yeri, d\u00fczeyi, i\u015fi, g\u00f6revi daha da y\u00fckselmi\u015fti. \u00d6k\u00fcz\u00fcn burnu b\u00fcy\u00fcm\u00fc\u015ft\u00fc, yan\u0131na var\u0131lm\u0131yordu art\u0131k.<br \/>Gel zaman, git zaman&#8230; En yak\u0131\u015f\u0131kl\u0131 hayvan se\u00e7imi yap\u0131lacakt\u0131. B\u00fct\u00fcn hayvanlar kendilerini en yak\u0131\u015f\u0131kl\u0131 sanmaktayd\u0131. Ama hepsi de en g\u00fczel hayvan\u0131n da\u011f ke\u00e7isiyle geyik oldu\u011funu da biliyorlar, bu iki g\u00fczel hayvan\u0131 k\u0131skan\u0131yorlard\u0131. Tek onlar birinci se\u00e7ilmesin de, isterse \u00f6k\u00fcz en yak\u0131\u015f\u0131kl\u0131, en g\u00fczel hayvan se\u00e7ilsin&#8230;<br \/>Geyikle, da\u011f ke\u00e7isine gelince, bu iki rakip birbirlerinin aleyhine propagandaya girmi\u015flerdi. \u0130kisi de birbirlerinin \u00e7ok \u00e7irkin oldu\u011funu yay\u0131p duruyordu. Da\u011f ke\u00e7isi geyik, geyik de da\u011f ke\u00e7isi i\u00e7in,<br \/>&#8211; \u00d6k\u00fcz bile ondan yak\u0131\u015f\u0131kl\u0131d\u0131r&#8230; diyordu.<br \/>\u00d6b\u00fcr hayvanlar da, yalan oldu\u011funu bildikleri halde \u00f6k\u00fcz\u00fcn en yak\u0131\u015f\u0131kl\u0131lar\u0131 oldu\u011funa inanm\u0131\u015f g\u00f6r\u00fcnmeye ba\u015flam\u0131\u015flard\u0131. Se\u00e7im g\u00fcn\u00fc geldi. B\u00fct\u00fcn hayvanlar oylar\u0131n\u0131 \u00f6k\u00fcze verdiler. B\u00f6ylece \u00f6k\u00fcz en yak\u0131\u015f\u0131kl\u0131, en g\u00fczel hayvan se\u00e7ildi. Bu se\u00e7imden hayvanlar\u0131n en g\u00fczeli, en yak\u0131\u015f\u0131kl\u0131s\u0131 olan geyikle da\u011f ke\u00e7isi bile memnundu.<br \/>Gel zaman, git zaman&#8230; Hayvanlar aras\u0131nda en y\u0131rt\u0131c\u0131 olan\u0131 se\u00e7ilecekti. \u0130ki aday vard\u0131, biri kurt, biri de ku\u015f&#8230; Ku\u015f deyince ser\u00e7e ku\u015fu de\u011fil, kartal. Kurtla kartaldan daha y\u0131rt\u0131c\u0131 hayvan yoktu. Ama yine.de b\u00fct\u00fcn hayvanlar, bu ger\u00e7e\u011fi bildikleri halde, kendilerinin en y\u0131rt\u0131c\u0131 oldu\u011funu san\u0131yorlard\u0131.<br \/>Kartal, yat\u0131p gevi\u015f getirmekte olan \u00f6k\u00fcz\u00fcn yan\u0131na gitti:<br \/>&#8211; Say\u0131n \u00f6k\u00fcz, dedi, ak\u0131ls\u0131z kurt, kendisini senden daha y\u0131rt\u0131c\u0131 san\u0131yor. \u00d6k\u00fcz,<br \/>&#8211; Ben hi\u00e7 y\u0131rt\u0131c\u0131 de\u011filimdir, dedi, \u00e7\u00fcnk\u00fc ot yerim.<br \/>&#8211; Yooo, hi\u00e7 al\u00e7akg\u00f6n\u00fcll\u00fcl\u00fck g\u00f6stermeyin bo\u015funa&#8230; Siz kurda g\u00f6re \u00e7ok daha y\u0131rt\u0131c\u0131s\u0131n\u0131z.<br \/>Az sonra da yan\u0131na gelen kurt, \u00f6k\u00fcze,<br \/>&#8211; D\u00fcnyan\u0131n en y\u0131rt\u0131c\u0131 hayvan\u0131n\u0131 selamlar\u0131m&#8230; dedi.<\/p>\n<p>\u00d6k\u00fcz,<\/p>\n<p>&#8211; Yan\u0131l\u0131yorsun kurt karde\u015f, dedi, evet ben en zeki hayvan\u0131m. Evet, en \u00e7iftesi pek hayvan benim. Evet, en h\u0131zl\u0131 ko\u015fan hayvan benim. En yak\u0131\u015f\u0131kl\u0131 hayvan da benim. Ama en y\u0131rt\u0131c\u0131 de\u011filim. Sen benden \u00e7ok daha y\u0131rt\u0131c\u0131s\u0131n.<\/p>\n<p>&#8211; Hay\u0131r, hay\u0131r&#8230; \u0130stersen sen benden \u00fcst\u00fcn olabilirsin y\u0131rt\u0131c\u0131l\u0131kta&#8230;<br \/>Se\u00e7im g\u00fcn\u00fc gelip \u00e7att\u0131. \u00d6k\u00fcz, hayvanlar\u0131n oybirli\u011fiyle en y\u0131rt\u0131c\u0131 hayvan se\u00e7ildi. Bu birincilikten sonra, hayvanlar toplumundaki yeri, i\u015fi, d\u00fczeyi daha da y\u00fckseldi.<br \/>Gel zaman, git zaman&#8230; Hayvanlar\u0131n en d\u00fc\u015f\u00fcn\u00fcr olan\u0131 se\u00e7ilecekti. Elbette bu yar\u0131\u015fmada en g\u00fc\u00e7l\u00fc iki aday kazla hindiydi. Her zaman oldu\u011fu gibi, bu iki g\u00fc\u00e7l\u00fc aday birbirlerine d\u00fc\u015f\u00fcnce, yine \u00f6k\u00fcz en d\u00fc\u015f\u00fcn\u00fcr hayvan se\u00e7ildi.<br \/>Gel zaman, git zaman&#8230; En koruyucu hayvan se\u00e7imi yap\u0131lacakt\u0131. Elbette hak, \u00e7oban k\u00f6pe\u011fiyle kurt k\u00f6pe\u011finden birinindi. Ama en koruyucu hayvan se\u00e7iminde \u00e7oban k\u00f6pe\u011fiyle kurt k\u00f6pe\u011fi bile oylar\u0131n\u0131 \u00f6k\u00fcze vermi\u015flerdi. \u00d6k\u00fcz\u00fcn,<\/p>\n<p>&#8211; Ben kendimi bile koruyamam&#8230; demesi, se\u00e7ilmesini \u00f6nlemedi. Ama se\u00e7imden sonra, \u00f6k\u00fcz de kendisinin en koruyucu hayvan oldu\u011funa inan\u0131p b\u00f6\u011f\u00fcrerek, k\u00f6pek taklidi yap\u0131p havlamaya \u00e7al\u0131\u015ft\u0131.<br \/>Gel zaman, git zaman&#8230; En b\u00fcy\u00fck hayvan se\u00e7imi yap\u0131lacakt\u0131. Ya fil, ya deve kazanacakt\u0131 yar\u0131\u015fmay\u0131. Ama kar\u0131nca bile kendini hayvanlar\u0131n en b\u00fcy\u00fc\u011f\u00fc sand\u0131\u011f\u0131ndan, fille deveyi b\u00fcy\u00fckl\u00fckte \u00e7ekemiyor, ba\u015fka bir hayvan\u0131n birinci olmas\u0131n\u0131 istiyordu. Fille deveye gelince, onlar da birbirlerine d\u00fc\u015fm\u00fc\u015flerdi. Se\u00e7im yap\u0131ld\u0131. \u00c7ok demokratik bir se\u00e7im olmu\u015ftu. \u00d6k\u00fcz, se\u00e7imi kazanm\u0131\u015f, hayvanlar\u0131n en b\u00fcy\u00fc\u011f\u00fc se\u00e7ilmi\u015fti.<br \/>Art\u0131k b\u00f6b\u00fcrlenmesinden, \u00f6k\u00fcz\u00fcn yan\u0131na var\u0131lam\u0131yordu.<\/p>\n<p>Gel zaman, git zaman&#8230; En s\u00fctl\u00fc hayvan yar\u0131\u015fmas\u0131 yap\u0131lacakt\u0131. Yar\u0131\u015fmay\u0131, ya ine\u011fin ya mandan\u0131n kazanaca\u011f\u0131 biliniyordu Ama gelgelelim, memeleri olmayan, b\u00fct\u00fcn ya\u015fam\u0131nda bir damla s\u00fct bile g\u00f6rmemi\u015f olan tavuklar bile, kendilerini en s\u00fctl\u00fc hayvan san\u0131yorlar, bu y\u00fczden de mandayla ine\u011fi k\u0131skan\u0131yorlard\u0131. Aralar\u0131ndaki rekabet y\u00fcz\u00fcnden birbirlerine d\u00fc\u015fm\u00fc\u015f olan mandayla inekse, tek rakibi birinci olmas\u0131n diye, \u00f6k\u00fcz\u00fcn en s\u00fctl\u00fc hayvan oldu\u011funu s\u00f6yl\u00fcyorlard\u0131. Manda, \u00f6k\u00fcz\u00fcn yan\u0131na gidip, ona en s\u00fctl\u00fc hayvan oldu\u011funu s\u00f6yleyince, \u00f6k\u00fcz,<br \/>&#8211; Siz beni k\u0131zkarde\u015fim inekle kar\u0131\u015ft\u0131rd\u0131n\u0131z galiba, dedi, ben hi\u00e7 s\u00fct vermedim \u015fimdiye dek&#8230; Memelerim de yok. Manda,<br \/>&#8211; Ma\u015fallah siz o kadar s\u00fctl\u00fc bir hayvans\u0131n\u0131z ki, dedi, s\u00fct vermek i\u00e7in memeye bile ihtiya\u00e7 yok.<br \/>Arkadan inek, \u00f6k\u00fcz\u00fcn yan\u0131na geldi. A\u011fabeyine en s\u00fctl\u00fc hayvan oldu\u011funu s\u00f6yledi. \u00d6k\u00fcz,<br \/>&#8211; Yahu, memem bile yok ki, s\u00fct vereyim&#8230; dedi. \u00d6k\u00fcz b\u00f6yle s\u00f6ylerken, biyandan da i\u015fiyordu. Bunu g\u00f6ren inek,<br \/>&#8211; \u0130\u015fte, i\u015fte bak ne g\u00fczel de s\u00fct veriyorsun! diye ba\u011f\u0131rd\u0131. \u00d6k\u00fcz,<br \/>&#8211; Ne s\u00fct\u00fc yahu, i\u015fiyorum&#8230; dedi. \u0130nek de ona,<br \/>&#8211; Demek sen \u015fimdiye dek hep s\u00fct i\u015fiyormu\u015fsun da haberin bile yokmu\u015f&#8230; dedi.<br \/>B\u00fct\u00fcn hayvanlar, ba\u015fta en s\u00fctl\u00fc hayvan olan mandayla inek, \u00f6k\u00fcz\u00fcn en s\u00fctl\u00fc hayvan oldu\u011funu yaymaya ba\u015flad\u0131lar. Da\u011f-ta\u015f onlar\u0131n yayd\u0131klar\u0131 reklamla inledi.<br \/>&#8211; En ya\u011fl\u0131 s\u00fct, \u00f6k\u00fcz s\u00fct\u00fc!<br \/>&#8211; S\u00fctlerin en temizi \u00f6k\u00fcz\u00fcn s\u00fct\u00fcd\u00fcr.<br \/>&#8211; \u00d6k\u00fcz \u00f6yle s\u00fctl\u00fcd\u00fcr ki, s\u00fct i\u015fer!<br \/>Bu yo\u011fun reklamlarla art\u0131k \u00f6k\u00fcz de sidi\u011finin s\u00fct oldu\u011funa, sanr\u0131 renkli s\u00fct i\u015fedi\u011fine inanm\u0131\u015ft\u0131.<br \/>Se\u00e7im zaman\u0131 geldi. B\u00fct\u00fcn hayvanlar, en ba\u015fta da inekle manda, oylar\u0131n\u0131 \u00f6k\u00fcze verdiler. B\u00f6ylece \u00f6k\u00fcz, en s\u00fctl\u00fc hayvan se\u00e7ildi.<br \/>Gel zaman, git zaman&#8230; Hayvanlara yeni bir ba\u015fkan se\u00e7ilecekti. Oldum bittim hayvanlar\u0131n ba\u015fkan\u0131 elbet asland\u0131. Yine bir aslan\u0131n ba\u015fkan se\u00e7ilece\u011fine hi\u00e7 ku\u015fku yoktu. Ama ne var ki, kaplan da ba\u015fkanl\u0131\u011fa adayl\u0131\u011f\u0131n\u0131 koymu\u015ftu. Kaplan,<br \/>&#8211; Ya o, ya ben!&#8230; diyordu.<\/p>\n<p>Kaplan b\u00f6yle diyordu ama, aslan\u0131n yine ba\u015fkan se\u00e7ilece\u011finden korkuyordu. Bunun \u00fczerine &#8220;Ya o, ya ben!&#8221; diyen kaplan,<br \/>&#8211; Ne o, ne ben! demeye ba\u015flad\u0131.<br \/>Aslan da, kaplan\u0131n ba\u015fkanl\u0131\u011fa adayl\u0131\u011f\u0131ndan sonra ba\u015fkan olmaktan umuts\u0131\u0131zlu\u011fa kap\u0131lmaya ba\u015flam\u0131\u015ft\u0131. Ya kaplan\u0131 ba\u015fkan se\u00e7erlerse&#8230; Tek kaplan se\u00e7ilmesin diye, aslan da,<br \/>&#8211; Ne o, ne ben! demeye ba\u015flad\u0131.<br \/>B\u00fct\u00fcn hayvanlar, hak etmediklerini, lay\u0131k olmad\u0131klar\u0131n\u0131 bile bile hayvanlar\u0131n ba\u015fkan\u0131 olmak istiyorlard\u0131. Her ba\u015far\u0131l\u0131, her g\u00fc\u00e7l\u00fc k\u0131skan\u0131ld\u0131\u011f\u0131ndan, onlar da aslanla kaplan\u0131 \u00e7ekemiyor, k\u0131skan\u0131yorlard\u0131. \u0130\u015fte b\u00f6yle b\u00f6yle hayvanlar\u0131n ba\u015fkanl\u0131\u011f\u0131na \u00f6k\u00fcz aday g\u00f6sterildi. \u00c7\u00fcnk\u00fc hayvanlar, inanmadan \u00f6k\u00fcz\u00fc en zekileri se\u00e7mi\u015fler, ama sonra sonra inanmaya ba\u015flam\u0131\u015flard\u0131. \u00d6k\u00fcz\u00fc, yalan oldu\u011funu bile bile, en s\u00fctl\u00fc hayvan, en g\u00fczel hayvan se\u00e7mi\u015fler, sonradan bu se\u00e7im resmile\u015fince kendi yalanlar\u0131na inanmaya ba\u015flam\u0131\u015flard\u0131. E b\u00f6yle olunca, en zeki, en \u00e7iftesi pek, en h\u0131zl\u0131 ko\u015fan, en yak\u0131\u015f\u0131kl\u0131, en y\u0131rt\u0131c\u0131, en d\u00fc\u015f\u00fcn\u00fcr, en iyi koruyan, en b\u00fcy\u00fck, en \u00e7ok s\u00fct veren hayvan olan \u00f6k\u00fcz, neden hayvanlar\u0131n ba\u015fkan\u0131 olmas\u0131nd\u0131? Bu denli \u00e7ok \u00fcst\u00fcnl\u00fck ne aslanda vard\u0131, ne de kaplanda&#8230; Kald\u0131 ki, rakibi kaplan se\u00e7ilmesin diye, tarih boyunca hayvanlar\u0131n ba\u015fkan\u0131 olan aslan bile, \u00f6k\u00fcz\u00fcn ba\u015fkanl\u0131\u011fa kendisinden daha lay\u0131k oldu\u011funu s\u00f6yl\u00fcyordu. Yeni ba\u015fkan aday\u0131 kaplansa,<br \/>&#8211; Ba\u015fkanl\u0131k \u00f6k\u00fcz\u00fcn hakk\u0131d\u0131r! diyor da ba\u015fka bi\u015fey demiyordu.<br \/>\u00d6b\u00fcr hayvanlara gelince, nas\u0131l olsa kendileri ba\u015fkan olamayacaklar\u0131na g\u00f6re, onlara en az zarar\u0131 olan, hi\u00e7 de rakip saymad\u0131klar\u0131 \u00f6k\u00fcz\u00fcn ba\u015fkan olmas\u0131n\u0131 istiyorlard\u0131. \u0130\u015fte b\u00f6ylece se\u00e7im zaman\u0131 gelince, b\u00fct\u00fcn hayvanlar\u0131n oybirli\u011fiyle \u00f6k\u00fcz ba\u015fkan se\u00e7ildi. Ba\u015fkan \u00f6k\u00fcz, kendini ger\u00e7ekten ba\u015fkan sanarak ba\u015fkan gibi davranmaya ba\u015flay\u0131nca, hayvanlar da bu davran\u0131\u015f\u0131 kar\u015f\u0131s\u0131nda onu ger\u00e7ekten ba\u015fkan sanmaya ba\u015flad\u0131lar.<\/p>\n<p>Hayvanlar\u0131n tarihini yazan gergedan, \u00e7a\u011f\u0131n\u0131 yazd\u0131\u011f\u0131 tarih kitab\u0131na bu olay\u0131 \u015f\u00f6yle yazd\u0131:<\/p>\n<p>&#8220;Atla kat\u0131r tepi\u015fir, olan e\u015fe\u011fe olur. \u00d6yle zaman gelir, g\u00fc\u00e7l\u00fcler birbirine girer, arada \u00f6k\u00fcz bile ba\u015fkan olur.&#8221;<\/p>\n","protected":false},"excerpt":{"rendered":"<p>Hayvanlar, kendi aralar\u0131nda, en zeki hayvan yar\u0131\u015fmas\u0131 d\u00fczenlemi\u015flerdi. Her hayvan, kendini hayvanlar\u0131n en zekisi sand\u0131\u011f\u0131ndan, bu yar\u0131\u015fmay\u0131 kazanaca\u011f\u0131n\u0131 san\u0131yordu. Ama hepsi de yar\u0131\u015fman\u0131n birincili\u011fine iki g\u00fc\u00e7l\u00fc aday oldu\u011funu bilmekteydi; bu adaylardan biri tilki, biri de sansard\u0131. Kurnazl\u0131kta, zekada, bu ikisine \u00fcst\u00fcn ba\u015fka hi\u00e7bir hayvan yoktu. Bu yar\u0131\u015fmay\u0131 ya biri, ya \u00f6b\u00fcr\u00fc kazanacakt\u0131.En zeki hayvan yar\u0131\u015fmas\u0131n\u0131n [&hellip;]<\/p>\n","protected":false},"author":1,"featured_media":0,"comment_status":"open","ping_status":"open","sticky":false,"template":"","format":"standard","meta":{"footnotes":""},"categories":[114],"tags":[],"class_list":{"0":"post-5021","1":"post","2":"type-post","3":"status-publish","4":"format-standard","6":"category-turkiye-den-oykuler"},"yoast_head":"<!-- This site is optimized with the Yoast SEO Premium plugin v24.9 (Yoast SEO v24.9) - https:\/\/yoast.com\/wordpress\/plugins\/seo\/ -->\n<title>La Fontaine&#039;in Yazamad\u0131\u011f\u0131 Masal | Aziz Nesin - narteks.net<\/title>\n<meta name=\"robots\" content=\"index, follow, max-snippet:-1, max-image-preview:large, max-video-preview:-1\" \/>\n<link rel=\"canonical\" href=\"https:\/\/narteks.net\/index.php\/2011\/02\/07\/la-fontainein-yazamadigi-masal-aziz-nesin\/\" \/>\n<meta property=\"og:locale\" content=\"tr_TR\" \/>\n<meta property=\"og:type\" content=\"article\" \/>\n<meta property=\"og:title\" content=\"La Fontaine&#039;in Yazamad\u0131\u011f\u0131 Masal | Aziz Nesin\" \/>\n<meta property=\"og:description\" content=\"Hayvanlar, kendi aralar\u0131nda, en zeki hayvan yar\u0131\u015fmas\u0131 d\u00fczenlemi\u015flerdi. Her hayvan, kendini hayvanlar\u0131n en zekisi sand\u0131\u011f\u0131ndan, bu yar\u0131\u015fmay\u0131 kazanaca\u011f\u0131n\u0131 san\u0131yordu. Ama hepsi de yar\u0131\u015fman\u0131n birincili\u011fine iki g\u00fc\u00e7l\u00fc aday oldu\u011funu bilmekteydi; bu adaylardan biri tilki, biri de sansard\u0131. Kurnazl\u0131kta, zekada, bu ikisine \u00fcst\u00fcn ba\u015fka hi\u00e7bir hayvan yoktu. Bu yar\u0131\u015fmay\u0131 ya biri, ya \u00f6b\u00fcr\u00fc kazanacakt\u0131.En zeki hayvan yar\u0131\u015fmas\u0131n\u0131n [&hellip;]\" \/>\n<meta property=\"og:url\" content=\"https:\/\/narteks.net\/index.php\/2011\/02\/07\/la-fontainein-yazamadigi-masal-aziz-nesin\/\" \/>\n<meta property=\"og:site_name\" content=\"narteks.net\" \/>\n<meta property=\"article:published_time\" content=\"2011-02-07T08:57:07+00:00\" \/>\n<meta property=\"og:image\" content=\"http:\/\/img2.blogcu.com\/images\/y\/a\/r\/yaralisercee\/1220200787nesinaziz.jpg\" \/>\n<meta name=\"author\" content=\"Tar\u0131k\" \/>\n<meta name=\"twitter:card\" content=\"summary_large_image\" \/>\n<meta name=\"twitter:creator\" content=\"@narteks\" \/>\n<meta name=\"twitter:site\" content=\"@narteks\" \/>\n<meta name=\"twitter:label1\" content=\"Yazan:\" \/>\n\t<meta name=\"twitter:data1\" content=\"Tar\u0131k\" \/>\n\t<meta name=\"twitter:label2\" content=\"Tahmini okuma s\u00fcresi\" \/>\n\t<meta name=\"twitter:data2\" content=\"15 dakika\" \/>\n<script type=\"application\/ld+json\" class=\"yoast-schema-graph\">{\"@context\":\"https:\/\/schema.org\",\"@graph\":[{\"@type\":\"Article\",\"@id\":\"https:\/\/narteks.net\/index.php\/2011\/02\/07\/la-fontainein-yazamadigi-masal-aziz-nesin\/#article\",\"isPartOf\":{\"@id\":\"https:\/\/narteks.net\/index.php\/2011\/02\/07\/la-fontainein-yazamadigi-masal-aziz-nesin\/\"},\"author\":{\"name\":\"Tar\u0131k\",\"@id\":\"https:\/\/narteks.net\/#\/schema\/person\/61f37d9834294b72d31d274e7ed79bca\"},\"headline\":\"La Fontaine&#8217;in Yazamad\u0131\u011f\u0131 Masal | Aziz Nesin\",\"datePublished\":\"2011-02-07T08:57:07+00:00\",\"mainEntityOfPage\":{\"@id\":\"https:\/\/narteks.net\/index.php\/2011\/02\/07\/la-fontainein-yazamadigi-masal-aziz-nesin\/\"},\"wordCount\":2932,\"commentCount\":0,\"publisher\":{\"@id\":\"https:\/\/narteks.net\/#organization\"},\"image\":{\"@id\":\"https:\/\/narteks.net\/index.php\/2011\/02\/07\/la-fontainein-yazamadigi-masal-aziz-nesin\/#primaryimage\"},\"thumbnailUrl\":\"http:\/\/img2.blogcu.com\/images\/y\/a\/r\/yaralisercee\/1220200787nesinaziz.jpg\",\"articleSection\":[\"T\u00fcrkiye'den \u00d6yk\u00fcler\"],\"inLanguage\":\"tr\",\"potentialAction\":[{\"@type\":\"CommentAction\",\"name\":\"Comment\",\"target\":[\"https:\/\/narteks.net\/index.php\/2011\/02\/07\/la-fontainein-yazamadigi-masal-aziz-nesin\/#respond\"]}]},{\"@type\":\"WebPage\",\"@id\":\"https:\/\/narteks.net\/index.php\/2011\/02\/07\/la-fontainein-yazamadigi-masal-aziz-nesin\/\",\"url\":\"https:\/\/narteks.net\/index.php\/2011\/02\/07\/la-fontainein-yazamadigi-masal-aziz-nesin\/\",\"name\":\"La Fontaine'in Yazamad\u0131\u011f\u0131 Masal | Aziz Nesin - narteks.net\",\"isPartOf\":{\"@id\":\"https:\/\/narteks.net\/#website\"},\"primaryImageOfPage\":{\"@id\":\"https:\/\/narteks.net\/index.php\/2011\/02\/07\/la-fontainein-yazamadigi-masal-aziz-nesin\/#primaryimage\"},\"image\":{\"@id\":\"https:\/\/narteks.net\/index.php\/2011\/02\/07\/la-fontainein-yazamadigi-masal-aziz-nesin\/#primaryimage\"},\"thumbnailUrl\":\"http:\/\/img2.blogcu.com\/images\/y\/a\/r\/yaralisercee\/1220200787nesinaziz.jpg\",\"datePublished\":\"2011-02-07T08:57:07+00:00\",\"breadcrumb\":{\"@id\":\"https:\/\/narteks.net\/index.php\/2011\/02\/07\/la-fontainein-yazamadigi-masal-aziz-nesin\/#breadcrumb\"},\"inLanguage\":\"tr\",\"potentialAction\":[{\"@type\":\"ReadAction\",\"target\":[\"https:\/\/narteks.net\/index.php\/2011\/02\/07\/la-fontainein-yazamadigi-masal-aziz-nesin\/\"]}]},{\"@type\":\"ImageObject\",\"inLanguage\":\"tr\",\"@id\":\"https:\/\/narteks.net\/index.php\/2011\/02\/07\/la-fontainein-yazamadigi-masal-aziz-nesin\/#primaryimage\",\"url\":\"http:\/\/img2.blogcu.com\/images\/y\/a\/r\/yaralisercee\/1220200787nesinaziz.jpg\",\"contentUrl\":\"http:\/\/img2.blogcu.com\/images\/y\/a\/r\/yaralisercee\/1220200787nesinaziz.jpg\"},{\"@type\":\"BreadcrumbList\",\"@id\":\"https:\/\/narteks.net\/index.php\/2011\/02\/07\/la-fontainein-yazamadigi-masal-aziz-nesin\/#breadcrumb\",\"itemListElement\":[{\"@type\":\"ListItem\",\"position\":1,\"name\":\"Anasayfa\",\"item\":\"https:\/\/narteks.net\/\"},{\"@type\":\"ListItem\",\"position\":2,\"name\":\"La Fontaine&#8217;in Yazamad\u0131\u011f\u0131 Masal | Aziz Nesin\"}]},{\"@type\":\"WebSite\",\"@id\":\"https:\/\/narteks.net\/#website\",\"url\":\"https:\/\/narteks.net\/\",\"name\":\"narteks.net\",\"description\":\"K\u00fclt\u00fcr Sanat Edebiyat Felsefe\",\"publisher\":{\"@id\":\"https:\/\/narteks.net\/#organization\"},\"alternateName\":\"K\u00fclt\u00fcr Sanat Edebiyat Felsefe\",\"potentialAction\":[{\"@type\":\"SearchAction\",\"target\":{\"@type\":\"EntryPoint\",\"urlTemplate\":\"https:\/\/narteks.net\/?s={search_term_string}\"},\"query-input\":{\"@type\":\"PropertyValueSpecification\",\"valueRequired\":true,\"valueName\":\"search_term_string\"}}],\"inLanguage\":\"tr\"},{\"@type\":\"Organization\",\"@id\":\"https:\/\/narteks.net\/#organization\",\"name\":\"narteks.net\",\"url\":\"https:\/\/narteks.net\/\",\"logo\":{\"@type\":\"ImageObject\",\"inLanguage\":\"tr\",\"@id\":\"https:\/\/narteks.net\/#\/schema\/logo\/image\/\",\"url\":\"https:\/\/narteks.net\/wp-content\/uploads\/narteks.png\",\"contentUrl\":\"https:\/\/narteks.net\/wp-content\/uploads\/narteks.png\",\"width\":300,\"height\":90,\"caption\":\"narteks.net\"},\"image\":{\"@id\":\"https:\/\/narteks.net\/#\/schema\/logo\/image\/\"},\"sameAs\":[\"https:\/\/x.com\/narteks\",\"https:\/\/instagram.com\/narteksnet\"]},{\"@type\":\"Person\",\"@id\":\"https:\/\/narteks.net\/#\/schema\/person\/61f37d9834294b72d31d274e7ed79bca\",\"name\":\"Tar\u0131k\",\"image\":{\"@type\":\"ImageObject\",\"inLanguage\":\"tr\",\"@id\":\"https:\/\/narteks.net\/#\/schema\/person\/image\/\",\"url\":\"https:\/\/secure.gravatar.com\/avatar\/50865afb55632c4ae467e0af0930f6510aa2297d8014be502a55b14f3b7550cf?s=96&d=mm&r=g\",\"contentUrl\":\"https:\/\/secure.gravatar.com\/avatar\/50865afb55632c4ae467e0af0930f6510aa2297d8014be502a55b14f3b7550cf?s=96&d=mm&r=g\",\"caption\":\"Tar\u0131k\"},\"sameAs\":[\"http:\/\/narteks.net\"],\"url\":\"https:\/\/narteks.net\/index.php\/author\/narbak\/\"}]}<\/script>\n<!-- \/ Yoast SEO Premium plugin. -->","yoast_head_json":{"title":"La Fontaine'in Yazamad\u0131\u011f\u0131 Masal | Aziz Nesin - narteks.net","robots":{"index":"index","follow":"follow","max-snippet":"max-snippet:-1","max-image-preview":"max-image-preview:large","max-video-preview":"max-video-preview:-1"},"canonical":"https:\/\/narteks.net\/index.php\/2011\/02\/07\/la-fontainein-yazamadigi-masal-aziz-nesin\/","og_locale":"tr_TR","og_type":"article","og_title":"La Fontaine'in Yazamad\u0131\u011f\u0131 Masal | Aziz Nesin","og_description":"Hayvanlar, kendi aralar\u0131nda, en zeki hayvan yar\u0131\u015fmas\u0131 d\u00fczenlemi\u015flerdi. Her hayvan, kendini hayvanlar\u0131n en zekisi sand\u0131\u011f\u0131ndan, bu yar\u0131\u015fmay\u0131 kazanaca\u011f\u0131n\u0131 san\u0131yordu. Ama hepsi de yar\u0131\u015fman\u0131n birincili\u011fine iki g\u00fc\u00e7l\u00fc aday oldu\u011funu bilmekteydi; bu adaylardan biri tilki, biri de sansard\u0131. Kurnazl\u0131kta, zekada, bu ikisine \u00fcst\u00fcn ba\u015fka hi\u00e7bir hayvan yoktu. Bu yar\u0131\u015fmay\u0131 ya biri, ya \u00f6b\u00fcr\u00fc kazanacakt\u0131.En zeki hayvan yar\u0131\u015fmas\u0131n\u0131n [&hellip;]","og_url":"https:\/\/narteks.net\/index.php\/2011\/02\/07\/la-fontainein-yazamadigi-masal-aziz-nesin\/","og_site_name":"narteks.net","article_published_time":"2011-02-07T08:57:07+00:00","og_image":[{"url":"http:\/\/img2.blogcu.com\/images\/y\/a\/r\/yaralisercee\/1220200787nesinaziz.jpg","type":"","width":"","height":""}],"author":"Tar\u0131k","twitter_card":"summary_large_image","twitter_creator":"@narteks","twitter_site":"@narteks","twitter_misc":{"Yazan:":"Tar\u0131k","Tahmini okuma s\u00fcresi":"15 dakika"},"schema":{"@context":"https:\/\/schema.org","@graph":[{"@type":"Article","@id":"https:\/\/narteks.net\/index.php\/2011\/02\/07\/la-fontainein-yazamadigi-masal-aziz-nesin\/#article","isPartOf":{"@id":"https:\/\/narteks.net\/index.php\/2011\/02\/07\/la-fontainein-yazamadigi-masal-aziz-nesin\/"},"author":{"name":"Tar\u0131k","@id":"https:\/\/narteks.net\/#\/schema\/person\/61f37d9834294b72d31d274e7ed79bca"},"headline":"La Fontaine&#8217;in Yazamad\u0131\u011f\u0131 Masal | Aziz Nesin","datePublished":"2011-02-07T08:57:07+00:00","mainEntityOfPage":{"@id":"https:\/\/narteks.net\/index.php\/2011\/02\/07\/la-fontainein-yazamadigi-masal-aziz-nesin\/"},"wordCount":2932,"commentCount":0,"publisher":{"@id":"https:\/\/narteks.net\/#organization"},"image":{"@id":"https:\/\/narteks.net\/index.php\/2011\/02\/07\/la-fontainein-yazamadigi-masal-aziz-nesin\/#primaryimage"},"thumbnailUrl":"http:\/\/img2.blogcu.com\/images\/y\/a\/r\/yaralisercee\/1220200787nesinaziz.jpg","articleSection":["T\u00fcrkiye'den \u00d6yk\u00fcler"],"inLanguage":"tr","potentialAction":[{"@type":"CommentAction","name":"Comment","target":["https:\/\/narteks.net\/index.php\/2011\/02\/07\/la-fontainein-yazamadigi-masal-aziz-nesin\/#respond"]}]},{"@type":"WebPage","@id":"https:\/\/narteks.net\/index.php\/2011\/02\/07\/la-fontainein-yazamadigi-masal-aziz-nesin\/","url":"https:\/\/narteks.net\/index.php\/2011\/02\/07\/la-fontainein-yazamadigi-masal-aziz-nesin\/","name":"La Fontaine'in Yazamad\u0131\u011f\u0131 Masal | Aziz Nesin - narteks.net","isPartOf":{"@id":"https:\/\/narteks.net\/#website"},"primaryImageOfPage":{"@id":"https:\/\/narteks.net\/index.php\/2011\/02\/07\/la-fontainein-yazamadigi-masal-aziz-nesin\/#primaryimage"},"image":{"@id":"https:\/\/narteks.net\/index.php\/2011\/02\/07\/la-fontainein-yazamadigi-masal-aziz-nesin\/#primaryimage"},"thumbnailUrl":"http:\/\/img2.blogcu.com\/images\/y\/a\/r\/yaralisercee\/1220200787nesinaziz.jpg","datePublished":"2011-02-07T08:57:07+00:00","breadcrumb":{"@id":"https:\/\/narteks.net\/index.php\/2011\/02\/07\/la-fontainein-yazamadigi-masal-aziz-nesin\/#breadcrumb"},"inLanguage":"tr","potentialAction":[{"@type":"ReadAction","target":["https:\/\/narteks.net\/index.php\/2011\/02\/07\/la-fontainein-yazamadigi-masal-aziz-nesin\/"]}]},{"@type":"ImageObject","inLanguage":"tr","@id":"https:\/\/narteks.net\/index.php\/2011\/02\/07\/la-fontainein-yazamadigi-masal-aziz-nesin\/#primaryimage","url":"http:\/\/img2.blogcu.com\/images\/y\/a\/r\/yaralisercee\/1220200787nesinaziz.jpg","contentUrl":"http:\/\/img2.blogcu.com\/images\/y\/a\/r\/yaralisercee\/1220200787nesinaziz.jpg"},{"@type":"BreadcrumbList","@id":"https:\/\/narteks.net\/index.php\/2011\/02\/07\/la-fontainein-yazamadigi-masal-aziz-nesin\/#breadcrumb","itemListElement":[{"@type":"ListItem","position":1,"name":"Anasayfa","item":"https:\/\/narteks.net\/"},{"@type":"ListItem","position":2,"name":"La Fontaine&#8217;in Yazamad\u0131\u011f\u0131 Masal | Aziz Nesin"}]},{"@type":"WebSite","@id":"https:\/\/narteks.net\/#website","url":"https:\/\/narteks.net\/","name":"narteks.net","description":"K\u00fclt\u00fcr Sanat Edebiyat Felsefe","publisher":{"@id":"https:\/\/narteks.net\/#organization"},"alternateName":"K\u00fclt\u00fcr Sanat Edebiyat Felsefe","potentialAction":[{"@type":"SearchAction","target":{"@type":"EntryPoint","urlTemplate":"https:\/\/narteks.net\/?s={search_term_string}"},"query-input":{"@type":"PropertyValueSpecification","valueRequired":true,"valueName":"search_term_string"}}],"inLanguage":"tr"},{"@type":"Organization","@id":"https:\/\/narteks.net\/#organization","name":"narteks.net","url":"https:\/\/narteks.net\/","logo":{"@type":"ImageObject","inLanguage":"tr","@id":"https:\/\/narteks.net\/#\/schema\/logo\/image\/","url":"https:\/\/narteks.net\/wp-content\/uploads\/narteks.png","contentUrl":"https:\/\/narteks.net\/wp-content\/uploads\/narteks.png","width":300,"height":90,"caption":"narteks.net"},"image":{"@id":"https:\/\/narteks.net\/#\/schema\/logo\/image\/"},"sameAs":["https:\/\/x.com\/narteks","https:\/\/instagram.com\/narteksnet"]},{"@type":"Person","@id":"https:\/\/narteks.net\/#\/schema\/person\/61f37d9834294b72d31d274e7ed79bca","name":"Tar\u0131k","image":{"@type":"ImageObject","inLanguage":"tr","@id":"https:\/\/narteks.net\/#\/schema\/person\/image\/","url":"https:\/\/secure.gravatar.com\/avatar\/50865afb55632c4ae467e0af0930f6510aa2297d8014be502a55b14f3b7550cf?s=96&d=mm&r=g","contentUrl":"https:\/\/secure.gravatar.com\/avatar\/50865afb55632c4ae467e0af0930f6510aa2297d8014be502a55b14f3b7550cf?s=96&d=mm&r=g","caption":"Tar\u0131k"},"sameAs":["http:\/\/narteks.net"],"url":"https:\/\/narteks.net\/index.php\/author\/narbak\/"}]}},"_links":{"self":[{"href":"https:\/\/narteks.net\/index.php\/wp-json\/wp\/v2\/posts\/5021","targetHints":{"allow":["GET"]}}],"collection":[{"href":"https:\/\/narteks.net\/index.php\/wp-json\/wp\/v2\/posts"}],"about":[{"href":"https:\/\/narteks.net\/index.php\/wp-json\/wp\/v2\/types\/post"}],"author":[{"embeddable":true,"href":"https:\/\/narteks.net\/index.php\/wp-json\/wp\/v2\/users\/1"}],"replies":[{"embeddable":true,"href":"https:\/\/narteks.net\/index.php\/wp-json\/wp\/v2\/comments?post=5021"}],"version-history":[{"count":0,"href":"https:\/\/narteks.net\/index.php\/wp-json\/wp\/v2\/posts\/5021\/revisions"}],"wp:attachment":[{"href":"https:\/\/narteks.net\/index.php\/wp-json\/wp\/v2\/media?parent=5021"}],"wp:term":[{"taxonomy":"category","embeddable":true,"href":"https:\/\/narteks.net\/index.php\/wp-json\/wp\/v2\/categories?post=5021"},{"taxonomy":"post_tag","embeddable":true,"href":"https:\/\/narteks.net\/index.php\/wp-json\/wp\/v2\/tags?post=5021"}],"curies":[{"name":"wp","href":"https:\/\/api.w.org\/{rel}","templated":true}]}}