{"id":5026,"date":"2011-02-07T16:13:14","date_gmt":"2011-02-07T13:13:14","guid":{"rendered":"http:\/\/localhost\/wordpress\/2011\/02\/07\/yasamak-yurek-ister-belki-de-bu-yuzden-dunyaya-gelenlerin-cok-azi-yasar-oscar-wilde\/"},"modified":"2011-02-07T16:13:14","modified_gmt":"2011-02-07T13:13:14","slug":"yasamak-yurek-ister-belki-de-bu-yuzden-dunyaya-gelenlerin-cok-azi-yasar-oscar-wilde","status":"publish","type":"post","link":"https:\/\/narteks.net\/index.php\/2011\/02\/07\/yasamak-yurek-ister-belki-de-bu-yuzden-dunyaya-gelenlerin-cok-azi-yasar-oscar-wilde\/","title":{"rendered":"Ya\u015famak y\u00fcrek ister; belki de bu y\u00fczden d\u00fcnyaya gelenlerin \u00e7ok az\u0131 ya\u015far | Oscar Wilde"},"content":{"rendered":"<p style=\"text-align: justify;\"><img loading=\"lazy\" decoding=\"async\" src=\"http:\/\/t1.gstatic.com\/images?q=tbn:ANd9GcRSOYx73g6CfH5UpQQ0ehbCLY-mQXkvkcndb_HUJ37gMbPJ02pJng&amp;t=1\" border=\"0\" width=\"155\" height=\"205\" style=\"float: left;\" \/>Ya\u015famak y\u00fcrek ister; belki de bu y\u00fczden d\u00fcnyaya gelenlerin \u00e7ok az\u0131 ya\u015far. \u00c7o\u011funlu\u011fu yaln\u0131zca ya\u015fad\u0131\u011f\u0131 g\u00fcn\u00fc kurtar\u0131r, var olmakla yetinir ve kendi varl\u0131\u011f\u0131 alt\u0131nda ezildik\u00e7e ezilir. De\u011fi\u015ftiremeyece\u011fi ger\u00e7ekleri oldu\u011fu gibi kabul etmek ve bu de\u011fi\u015fmezlikten kendine yeni bir ya\u015fam sevinci yaratmak da y\u00fcrek ister; de\u011fi\u015ftirebilece\u011fini de\u011fi\u015ftirmeye \u00e7al\u0131\u015fmak da. San\u0131ld\u0131\u011f\u0131 gibi insan\u0131 korkutan; d\u00fcnya, zorluklar, ya\u015fam ko\u015fullar\u0131 ya da ba\u015fkalar\u0131 de\u011fildir. \u0130nsan en \u00e7ok kendisinden korkar; kendi duygular\u0131ndan, kendi g\u00fc\u00e7s\u00fczl\u00fcklerinden, kendi zaaflar\u0131ndan, kendi ac\u0131lar\u0131ndan, kendi co\u015fkular\u0131ndan \u00fcrker. Ya\u015fama her dokunu\u015funda, duygular\u0131n\u0131n alevlenip kendisini yakaca\u011f\u0131ndan \u00e7ekinir. Onun i\u00e7in ka\u00e7ar ya\u015famdan, a\u015fktan ka\u00e7ar, \u00f6fkeden, hareketten, sevin\u00e7ten, kendisinden ka\u00e7ar. Korku y\u00fcz\u00fcnden ya\u015fanamam\u0131\u015f bir ya\u015fam\u0131 ellerinde ta\u015f\u0131maktan yorularak, kendisine uydurdu\u011fu bin bir t\u00fcrl\u00fc mazeretle ya\u015fama arkas\u0131n\u0131 d\u00f6nmeye, gizlenmeye u\u011fra\u015f\u0131p, gizliden gizliye yok olmaya \u00e7abalar. ,<\/p>\n<p>Korku kendine ac\u0131may\u0131 getirir; kendini zavall\u0131la\u015ft\u0131rmaya ba\u015flar ya\u015famdan korktuk\u00e7a. Ya\u015famla y\u00fcz y\u00fcze gelmektense a\u011f\u0131r a\u011f\u0131r erimeyi tercih eder. Korktuk\u00e7a azal\u0131r g\u00fcc\u00fc; korkuyla yaralanan bedeni art\u0131k en k\u00fc\u00e7\u00fck bir dokunu\u015fta ac\u0131yla inler. Her ac\u0131da korkusu biraz daha artar ve girdap gibi \u00e7eker i\u00e7ine g\u00fc\u00e7s\u00fczl\u00fck onu. Kendi korkusuna kalk\u0131p kader der sonra, korkuyu de\u011fi\u015ftirilmez bir ger\u00e7ek, aln\u0131na yaz\u0131lm\u0131\u015f bir yazg\u0131 olarak g\u00f6r\u00fcr. Yeni bir a\u015fk\u0131n d\u00fc\u015f\u00fcncesi bile titretir onu. Kalabal\u0131ktan korktu\u011fu kadar yaln\u0131zl\u0131ktan da korkar. Hayat\u0131n hi\u00e7bir haline dayanamaz durumlara gelir. S\u0131rt\u0131nda ya\u015fayamad\u0131\u011f\u0131 hayat\u0131, \u00f6n\u00fcnde ya\u015fanacak g\u00fcnleriyle, kendi ge\u00e7mi\u015fiyle gelece\u011fi aras\u0131nda s\u0131k\u0131\u015f\u0131r kal\u0131r art\u0131k.<\/p>\n<p>Kendi duygular\u0131yla ku\u015fat\u0131l\u0131r; d\u00f6nd\u00fc\u011f\u00fc her yanda bir d\u00fc\u015fman gibi kendi duygular\u0131 \u00e7\u0131kar kar\u015f\u0131s\u0131na. \u015eu yana d\u00f6nse orada bir mutluluk vard\u0131r ama o mutlulu\u011fu de\u011fil mutlulu\u011fun arkas\u0131nda g\u00f6lgesi sezilen ac\u0131y\u0131 g\u00f6r\u00fcr. Bu yana d\u00f6nd\u00fc\u011f\u00fcnde bir isyan\u0131n \u015fevki vard\u0131r ama o isyan\u0131n \u00e7ekicili\u011fini de\u011fil o isyan i\u00e7in \u00f6denecek bedelin a\u011f\u0131rl\u0131\u011f\u0131n\u0131n fark eder. Beri yan\u0131nda bir a\u015fk bekler onu ama o a\u015fk\u0131n arkas\u0131ndan gelebilecek terk edilme ihtimaline diker g\u00f6zlerini. Her k\u0131p\u0131rt\u0131yla \u00f6rselenebilece\u011finden \u00e7ekindi\u011fi i\u00e7in k\u0131p\u0131rdayamaz bile yerinden; ya\u015fama yakla\u015fabilmek i\u00e7in bir tek ad\u0131m bile atmaya yetmez cesareti. <\/p>\n<p>Ona sevinci g\u00f6sterseniz; &#8220;ya sonra&#8221; diye sorar! A\u015fk\u0131 g\u00f6sterseniz, gene ayni sorudur onun aklini kurcalayan; &#8220;ya sonra&#8221;! \u00d6fke, co\u015fku, dostluk, sevi\u015fme, ba\u015fkald\u0131r\u0131, direnme hep ayn\u0131 soruyu s\u00fcr\u00fckler pe\u015finden; &#8220;ya sonra&#8221;. Bilinmeyen bir &#8220;ya sonra&#8221; i\u00e7in bilinenlerin hepsini \u0131skalamay\u0131 kabullenir. Ama ne garip, duygular\u0131ndan, ya\u015fanacaklar\u0131n sonras\u0131ndan korkanlar, ac\u0131dan sak\u0131nanlar \u00e7eker en b\u00fcy\u00fck ac\u0131y\u0131. Ya\u015fanmam\u0131\u015f b\u00fct\u00fcn duygular\u0131 zehirli sarma\u015f\u0131klar gibi boy at\u0131p ruhlar\u0131na dolan\u0131r. &#8220;Sonras\u0131 umurumda bile de\u011fil&#8221; deyip ya\u015famla kucak kuca\u011fa gelenlerden \u00e7ok daha fazla yaray\u0131 ya\u015fayamad\u0131klar\u0131 i\u00e7in al\u0131rlar. Yak\u0131n\u0131p dururlar; \u00e7ektikleri ac\u0131lardan s\u00f6z ederler. Ac\u0131y\u0131 da \u00e7ekerler ger\u00e7ekten ama ac\u0131dan korktuklar\u0131 i\u00e7in bunca ac\u0131y\u0131 \u00e7ektiklerini g\u00f6rmezler bir t\u00fcrl\u00fc. Ya\u015faman\u0131n cesaret istedi\u011fini fark edemezler. Onun i\u00e7in \u00e7ok az insan ya\u015far; \u00e7o\u011funluk yaln\u0131zca g\u00fcn\u00fcn\u00fc kurtar\u0131r. Ya\u015fanmam\u0131\u015f g\u00fcnlerin alt\u0131nda inleyen \u00e7aresiz bir k\u00f6le gibi yitik bir hayat\u0131 ta\u015f\u0131r g\u00fc\u00e7s\u00fcz omuzlar\u0131nda.<\/p>\n<p>Kendi ger\u00e7eklerimiz, kendi duygular\u0131m\u0131zd\u0131r bizi b\u00f6ylesine \u00fcrk\u00fcten; \u00e7atal diliyle t\u0131slayan bir y\u0131lan g\u00f6rm\u00fc\u015f tav\u015fan gibi kendi kendimizi hareketsiz b\u0131rakan. Ve ne kadar \u00e7ok korkarsan\u0131z, korkunuz o kadar artar. Ne kadar ya\u015farsan\u0131z, cesaretiniz o \u00f6l\u00e7\u00fcde bilenir. Ya\u015fayam\u0131yorsan\u0131z e\u011fer, bu ba\u015fkalar\u0131ndan dolay\u0131 de\u011fildir. Sizi g\u00fc\u00e7s\u00fczle\u015ftiren, sizi \u00e7aresizle\u015ftiren, sizi isyanlardan al\u0131koyan, de\u011fi\u015ftiremeyeceklerinizi kabul etmenize engel olan, de\u011fi\u015ftirebileceklerinizin \u00fcst\u00fcne gitmenize izin vermeyen, sizi ya\u015fatmayan, sizin kendi korkular\u0131n\u0131zd\u0131r.<\/p>\n<p>Ya\u015famak y\u00fcrek ister \u00e7\u00fcnk\u00fc.<\/p>\n","protected":false},"excerpt":{"rendered":"<p>Ya\u015famak y\u00fcrek ister; belki de bu y\u00fczden d\u00fcnyaya gelenlerin \u00e7ok az\u0131 ya\u015far. \u00c7o\u011funlu\u011fu yaln\u0131zca ya\u015fad\u0131\u011f\u0131 g\u00fcn\u00fc kurtar\u0131r, var olmakla yetinir ve kendi varl\u0131\u011f\u0131 alt\u0131nda ezildik\u00e7e ezilir. De\u011fi\u015ftiremeyece\u011fi ger\u00e7ekleri oldu\u011fu gibi kabul etmek ve bu de\u011fi\u015fmezlikten kendine yeni bir ya\u015fam sevinci yaratmak da y\u00fcrek ister; de\u011fi\u015ftirebilece\u011fini de\u011fi\u015ftirmeye \u00e7al\u0131\u015fmak da. San\u0131ld\u0131\u011f\u0131 gibi insan\u0131 korkutan; d\u00fcnya, zorluklar, ya\u015fam [&hellip;]<\/p>\n","protected":false},"author":1,"featured_media":0,"comment_status":"open","ping_status":"open","sticky":false,"template":"","format":"standard","meta":{"footnotes":""},"categories":[138],"tags":[],"class_list":{"0":"post-5026","1":"post","2":"type-post","3":"status-publish","4":"format-standard","6":"category-edebiyat-dunya"},"yoast_head":"<!-- This site is optimized with the Yoast SEO Premium plugin v24.9 (Yoast SEO v24.9) - https:\/\/yoast.com\/wordpress\/plugins\/seo\/ -->\n<title>Ya\u015famak y\u00fcrek ister; belki de bu y\u00fczden d\u00fcnyaya gelenlerin \u00e7ok az\u0131 ya\u015far | Oscar Wilde - narteks.net<\/title>\n<meta name=\"robots\" content=\"index, follow, max-snippet:-1, max-image-preview:large, max-video-preview:-1\" \/>\n<link rel=\"canonical\" href=\"https:\/\/narteks.net\/index.php\/2011\/02\/07\/yasamak-yurek-ister-belki-de-bu-yuzden-dunyaya-gelenlerin-cok-azi-yasar-oscar-wilde\/\" \/>\n<meta property=\"og:locale\" content=\"tr_TR\" \/>\n<meta property=\"og:type\" content=\"article\" \/>\n<meta property=\"og:title\" content=\"Ya\u015famak y\u00fcrek ister; belki de bu y\u00fczden d\u00fcnyaya gelenlerin \u00e7ok az\u0131 ya\u015far | Oscar Wilde\" \/>\n<meta property=\"og:description\" content=\"Ya\u015famak y\u00fcrek ister; belki de bu y\u00fczden d\u00fcnyaya gelenlerin \u00e7ok az\u0131 ya\u015far. \u00c7o\u011funlu\u011fu yaln\u0131zca ya\u015fad\u0131\u011f\u0131 g\u00fcn\u00fc kurtar\u0131r, var olmakla yetinir ve kendi varl\u0131\u011f\u0131 alt\u0131nda ezildik\u00e7e ezilir. De\u011fi\u015ftiremeyece\u011fi ger\u00e7ekleri oldu\u011fu gibi kabul etmek ve bu de\u011fi\u015fmezlikten kendine yeni bir ya\u015fam sevinci yaratmak da y\u00fcrek ister; de\u011fi\u015ftirebilece\u011fini de\u011fi\u015ftirmeye \u00e7al\u0131\u015fmak da. San\u0131ld\u0131\u011f\u0131 gibi insan\u0131 korkutan; d\u00fcnya, zorluklar, ya\u015fam [&hellip;]\" \/>\n<meta property=\"og:url\" content=\"https:\/\/narteks.net\/index.php\/2011\/02\/07\/yasamak-yurek-ister-belki-de-bu-yuzden-dunyaya-gelenlerin-cok-azi-yasar-oscar-wilde\/\" \/>\n<meta property=\"og:site_name\" content=\"narteks.net\" \/>\n<meta property=\"article:published_time\" content=\"2011-02-07T13:13:14+00:00\" \/>\n<meta property=\"og:image\" content=\"http:\/\/t1.gstatic.com\/images?q=tbn:ANd9GcRSOYx73g6CfH5UpQQ0ehbCLY-mQXkvkcndb_HUJ37gMbPJ02pJng&amp;t=1\" \/>\n<meta name=\"author\" content=\"Tar\u0131k\" \/>\n<meta name=\"twitter:card\" content=\"summary_large_image\" \/>\n<meta name=\"twitter:creator\" content=\"@narteks\" \/>\n<meta name=\"twitter:site\" content=\"@narteks\" \/>\n<meta name=\"twitter:label1\" content=\"Yazan:\" \/>\n\t<meta name=\"twitter:data1\" content=\"Tar\u0131k\" \/>\n\t<meta name=\"twitter:label2\" content=\"Tahmini okuma s\u00fcresi\" \/>\n\t<meta name=\"twitter:data2\" content=\"4 dakika\" \/>\n<script type=\"application\/ld+json\" class=\"yoast-schema-graph\">{\"@context\":\"https:\/\/schema.org\",\"@graph\":[{\"@type\":\"Article\",\"@id\":\"https:\/\/narteks.net\/index.php\/2011\/02\/07\/yasamak-yurek-ister-belki-de-bu-yuzden-dunyaya-gelenlerin-cok-azi-yasar-oscar-wilde\/#article\",\"isPartOf\":{\"@id\":\"https:\/\/narteks.net\/index.php\/2011\/02\/07\/yasamak-yurek-ister-belki-de-bu-yuzden-dunyaya-gelenlerin-cok-azi-yasar-oscar-wilde\/\"},\"author\":{\"name\":\"Tar\u0131k\",\"@id\":\"https:\/\/narteks.net\/#\/schema\/person\/61f37d9834294b72d31d274e7ed79bca\"},\"headline\":\"Ya\u015famak y\u00fcrek ister; belki de bu y\u00fczden d\u00fcnyaya gelenlerin \u00e7ok az\u0131 ya\u015far | Oscar Wilde\",\"datePublished\":\"2011-02-07T13:13:14+00:00\",\"mainEntityOfPage\":{\"@id\":\"https:\/\/narteks.net\/index.php\/2011\/02\/07\/yasamak-yurek-ister-belki-de-bu-yuzden-dunyaya-gelenlerin-cok-azi-yasar-oscar-wilde\/\"},\"wordCount\":778,\"commentCount\":0,\"publisher\":{\"@id\":\"https:\/\/narteks.net\/#organization\"},\"image\":{\"@id\":\"https:\/\/narteks.net\/index.php\/2011\/02\/07\/yasamak-yurek-ister-belki-de-bu-yuzden-dunyaya-gelenlerin-cok-azi-yasar-oscar-wilde\/#primaryimage\"},\"thumbnailUrl\":\"http:\/\/t1.gstatic.com\/images?q=tbn:ANd9GcRSOYx73g6CfH5UpQQ0ehbCLY-mQXkvkcndb_HUJ37gMbPJ02pJng&amp;t=1\",\"articleSection\":[\"Edebiyat ( D\u00fcnya )\"],\"inLanguage\":\"tr\",\"potentialAction\":[{\"@type\":\"CommentAction\",\"name\":\"Comment\",\"target\":[\"https:\/\/narteks.net\/index.php\/2011\/02\/07\/yasamak-yurek-ister-belki-de-bu-yuzden-dunyaya-gelenlerin-cok-azi-yasar-oscar-wilde\/#respond\"]}]},{\"@type\":\"WebPage\",\"@id\":\"https:\/\/narteks.net\/index.php\/2011\/02\/07\/yasamak-yurek-ister-belki-de-bu-yuzden-dunyaya-gelenlerin-cok-azi-yasar-oscar-wilde\/\",\"url\":\"https:\/\/narteks.net\/index.php\/2011\/02\/07\/yasamak-yurek-ister-belki-de-bu-yuzden-dunyaya-gelenlerin-cok-azi-yasar-oscar-wilde\/\",\"name\":\"Ya\u015famak y\u00fcrek ister; belki de bu y\u00fczden d\u00fcnyaya gelenlerin \u00e7ok az\u0131 ya\u015far | Oscar Wilde - narteks.net\",\"isPartOf\":{\"@id\":\"https:\/\/narteks.net\/#website\"},\"primaryImageOfPage\":{\"@id\":\"https:\/\/narteks.net\/index.php\/2011\/02\/07\/yasamak-yurek-ister-belki-de-bu-yuzden-dunyaya-gelenlerin-cok-azi-yasar-oscar-wilde\/#primaryimage\"},\"image\":{\"@id\":\"https:\/\/narteks.net\/index.php\/2011\/02\/07\/yasamak-yurek-ister-belki-de-bu-yuzden-dunyaya-gelenlerin-cok-azi-yasar-oscar-wilde\/#primaryimage\"},\"thumbnailUrl\":\"http:\/\/t1.gstatic.com\/images?q=tbn:ANd9GcRSOYx73g6CfH5UpQQ0ehbCLY-mQXkvkcndb_HUJ37gMbPJ02pJng&amp;t=1\",\"datePublished\":\"2011-02-07T13:13:14+00:00\",\"breadcrumb\":{\"@id\":\"https:\/\/narteks.net\/index.php\/2011\/02\/07\/yasamak-yurek-ister-belki-de-bu-yuzden-dunyaya-gelenlerin-cok-azi-yasar-oscar-wilde\/#breadcrumb\"},\"inLanguage\":\"tr\",\"potentialAction\":[{\"@type\":\"ReadAction\",\"target\":[\"https:\/\/narteks.net\/index.php\/2011\/02\/07\/yasamak-yurek-ister-belki-de-bu-yuzden-dunyaya-gelenlerin-cok-azi-yasar-oscar-wilde\/\"]}]},{\"@type\":\"ImageObject\",\"inLanguage\":\"tr\",\"@id\":\"https:\/\/narteks.net\/index.php\/2011\/02\/07\/yasamak-yurek-ister-belki-de-bu-yuzden-dunyaya-gelenlerin-cok-azi-yasar-oscar-wilde\/#primaryimage\",\"url\":\"http:\/\/t1.gstatic.com\/images?q=tbn:ANd9GcRSOYx73g6CfH5UpQQ0ehbCLY-mQXkvkcndb_HUJ37gMbPJ02pJng&amp;t=1\",\"contentUrl\":\"http:\/\/t1.gstatic.com\/images?q=tbn:ANd9GcRSOYx73g6CfH5UpQQ0ehbCLY-mQXkvkcndb_HUJ37gMbPJ02pJng&amp;t=1\"},{\"@type\":\"BreadcrumbList\",\"@id\":\"https:\/\/narteks.net\/index.php\/2011\/02\/07\/yasamak-yurek-ister-belki-de-bu-yuzden-dunyaya-gelenlerin-cok-azi-yasar-oscar-wilde\/#breadcrumb\",\"itemListElement\":[{\"@type\":\"ListItem\",\"position\":1,\"name\":\"Anasayfa\",\"item\":\"https:\/\/narteks.net\/\"},{\"@type\":\"ListItem\",\"position\":2,\"name\":\"Ya\u015famak y\u00fcrek ister; belki de bu y\u00fczden d\u00fcnyaya gelenlerin \u00e7ok az\u0131 ya\u015far | Oscar Wilde\"}]},{\"@type\":\"WebSite\",\"@id\":\"https:\/\/narteks.net\/#website\",\"url\":\"https:\/\/narteks.net\/\",\"name\":\"narteks.net\",\"description\":\"K\u00fclt\u00fcr Sanat Edebiyat Felsefe\",\"publisher\":{\"@id\":\"https:\/\/narteks.net\/#organization\"},\"alternateName\":\"K\u00fclt\u00fcr Sanat Edebiyat Felsefe\",\"potentialAction\":[{\"@type\":\"SearchAction\",\"target\":{\"@type\":\"EntryPoint\",\"urlTemplate\":\"https:\/\/narteks.net\/?s={search_term_string}\"},\"query-input\":{\"@type\":\"PropertyValueSpecification\",\"valueRequired\":true,\"valueName\":\"search_term_string\"}}],\"inLanguage\":\"tr\"},{\"@type\":\"Organization\",\"@id\":\"https:\/\/narteks.net\/#organization\",\"name\":\"narteks.net\",\"url\":\"https:\/\/narteks.net\/\",\"logo\":{\"@type\":\"ImageObject\",\"inLanguage\":\"tr\",\"@id\":\"https:\/\/narteks.net\/#\/schema\/logo\/image\/\",\"url\":\"https:\/\/narteks.net\/wp-content\/uploads\/narteks.png\",\"contentUrl\":\"https:\/\/narteks.net\/wp-content\/uploads\/narteks.png\",\"width\":300,\"height\":90,\"caption\":\"narteks.net\"},\"image\":{\"@id\":\"https:\/\/narteks.net\/#\/schema\/logo\/image\/\"},\"sameAs\":[\"https:\/\/x.com\/narteks\",\"https:\/\/instagram.com\/narteksnet\"]},{\"@type\":\"Person\",\"@id\":\"https:\/\/narteks.net\/#\/schema\/person\/61f37d9834294b72d31d274e7ed79bca\",\"name\":\"Tar\u0131k\",\"image\":{\"@type\":\"ImageObject\",\"inLanguage\":\"tr\",\"@id\":\"https:\/\/narteks.net\/#\/schema\/person\/image\/\",\"url\":\"https:\/\/secure.gravatar.com\/avatar\/50865afb55632c4ae467e0af0930f6510aa2297d8014be502a55b14f3b7550cf?s=96&d=mm&r=g\",\"contentUrl\":\"https:\/\/secure.gravatar.com\/avatar\/50865afb55632c4ae467e0af0930f6510aa2297d8014be502a55b14f3b7550cf?s=96&d=mm&r=g\",\"caption\":\"Tar\u0131k\"},\"sameAs\":[\"http:\/\/narteks.net\"],\"url\":\"https:\/\/narteks.net\/index.php\/author\/narbak\/\"}]}<\/script>\n<!-- \/ Yoast SEO Premium plugin. -->","yoast_head_json":{"title":"Ya\u015famak y\u00fcrek ister; belki de bu y\u00fczden d\u00fcnyaya gelenlerin \u00e7ok az\u0131 ya\u015far | Oscar Wilde - narteks.net","robots":{"index":"index","follow":"follow","max-snippet":"max-snippet:-1","max-image-preview":"max-image-preview:large","max-video-preview":"max-video-preview:-1"},"canonical":"https:\/\/narteks.net\/index.php\/2011\/02\/07\/yasamak-yurek-ister-belki-de-bu-yuzden-dunyaya-gelenlerin-cok-azi-yasar-oscar-wilde\/","og_locale":"tr_TR","og_type":"article","og_title":"Ya\u015famak y\u00fcrek ister; belki de bu y\u00fczden d\u00fcnyaya gelenlerin \u00e7ok az\u0131 ya\u015far | Oscar Wilde","og_description":"Ya\u015famak y\u00fcrek ister; belki de bu y\u00fczden d\u00fcnyaya gelenlerin \u00e7ok az\u0131 ya\u015far. \u00c7o\u011funlu\u011fu yaln\u0131zca ya\u015fad\u0131\u011f\u0131 g\u00fcn\u00fc kurtar\u0131r, var olmakla yetinir ve kendi varl\u0131\u011f\u0131 alt\u0131nda ezildik\u00e7e ezilir. De\u011fi\u015ftiremeyece\u011fi ger\u00e7ekleri oldu\u011fu gibi kabul etmek ve bu de\u011fi\u015fmezlikten kendine yeni bir ya\u015fam sevinci yaratmak da y\u00fcrek ister; de\u011fi\u015ftirebilece\u011fini de\u011fi\u015ftirmeye \u00e7al\u0131\u015fmak da. San\u0131ld\u0131\u011f\u0131 gibi insan\u0131 korkutan; d\u00fcnya, zorluklar, ya\u015fam [&hellip;]","og_url":"https:\/\/narteks.net\/index.php\/2011\/02\/07\/yasamak-yurek-ister-belki-de-bu-yuzden-dunyaya-gelenlerin-cok-azi-yasar-oscar-wilde\/","og_site_name":"narteks.net","article_published_time":"2011-02-07T13:13:14+00:00","og_image":[{"url":"http:\/\/t1.gstatic.com\/images?q=tbn:ANd9GcRSOYx73g6CfH5UpQQ0ehbCLY-mQXkvkcndb_HUJ37gMbPJ02pJng&amp;t=1","type":"","width":"","height":""}],"author":"Tar\u0131k","twitter_card":"summary_large_image","twitter_creator":"@narteks","twitter_site":"@narteks","twitter_misc":{"Yazan:":"Tar\u0131k","Tahmini okuma s\u00fcresi":"4 dakika"},"schema":{"@context":"https:\/\/schema.org","@graph":[{"@type":"Article","@id":"https:\/\/narteks.net\/index.php\/2011\/02\/07\/yasamak-yurek-ister-belki-de-bu-yuzden-dunyaya-gelenlerin-cok-azi-yasar-oscar-wilde\/#article","isPartOf":{"@id":"https:\/\/narteks.net\/index.php\/2011\/02\/07\/yasamak-yurek-ister-belki-de-bu-yuzden-dunyaya-gelenlerin-cok-azi-yasar-oscar-wilde\/"},"author":{"name":"Tar\u0131k","@id":"https:\/\/narteks.net\/#\/schema\/person\/61f37d9834294b72d31d274e7ed79bca"},"headline":"Ya\u015famak y\u00fcrek ister; belki de bu y\u00fczden d\u00fcnyaya gelenlerin \u00e7ok az\u0131 ya\u015far | Oscar Wilde","datePublished":"2011-02-07T13:13:14+00:00","mainEntityOfPage":{"@id":"https:\/\/narteks.net\/index.php\/2011\/02\/07\/yasamak-yurek-ister-belki-de-bu-yuzden-dunyaya-gelenlerin-cok-azi-yasar-oscar-wilde\/"},"wordCount":778,"commentCount":0,"publisher":{"@id":"https:\/\/narteks.net\/#organization"},"image":{"@id":"https:\/\/narteks.net\/index.php\/2011\/02\/07\/yasamak-yurek-ister-belki-de-bu-yuzden-dunyaya-gelenlerin-cok-azi-yasar-oscar-wilde\/#primaryimage"},"thumbnailUrl":"http:\/\/t1.gstatic.com\/images?q=tbn:ANd9GcRSOYx73g6CfH5UpQQ0ehbCLY-mQXkvkcndb_HUJ37gMbPJ02pJng&amp;t=1","articleSection":["Edebiyat ( D\u00fcnya )"],"inLanguage":"tr","potentialAction":[{"@type":"CommentAction","name":"Comment","target":["https:\/\/narteks.net\/index.php\/2011\/02\/07\/yasamak-yurek-ister-belki-de-bu-yuzden-dunyaya-gelenlerin-cok-azi-yasar-oscar-wilde\/#respond"]}]},{"@type":"WebPage","@id":"https:\/\/narteks.net\/index.php\/2011\/02\/07\/yasamak-yurek-ister-belki-de-bu-yuzden-dunyaya-gelenlerin-cok-azi-yasar-oscar-wilde\/","url":"https:\/\/narteks.net\/index.php\/2011\/02\/07\/yasamak-yurek-ister-belki-de-bu-yuzden-dunyaya-gelenlerin-cok-azi-yasar-oscar-wilde\/","name":"Ya\u015famak y\u00fcrek ister; belki de bu y\u00fczden d\u00fcnyaya gelenlerin \u00e7ok az\u0131 ya\u015far | Oscar Wilde - narteks.net","isPartOf":{"@id":"https:\/\/narteks.net\/#website"},"primaryImageOfPage":{"@id":"https:\/\/narteks.net\/index.php\/2011\/02\/07\/yasamak-yurek-ister-belki-de-bu-yuzden-dunyaya-gelenlerin-cok-azi-yasar-oscar-wilde\/#primaryimage"},"image":{"@id":"https:\/\/narteks.net\/index.php\/2011\/02\/07\/yasamak-yurek-ister-belki-de-bu-yuzden-dunyaya-gelenlerin-cok-azi-yasar-oscar-wilde\/#primaryimage"},"thumbnailUrl":"http:\/\/t1.gstatic.com\/images?q=tbn:ANd9GcRSOYx73g6CfH5UpQQ0ehbCLY-mQXkvkcndb_HUJ37gMbPJ02pJng&amp;t=1","datePublished":"2011-02-07T13:13:14+00:00","breadcrumb":{"@id":"https:\/\/narteks.net\/index.php\/2011\/02\/07\/yasamak-yurek-ister-belki-de-bu-yuzden-dunyaya-gelenlerin-cok-azi-yasar-oscar-wilde\/#breadcrumb"},"inLanguage":"tr","potentialAction":[{"@type":"ReadAction","target":["https:\/\/narteks.net\/index.php\/2011\/02\/07\/yasamak-yurek-ister-belki-de-bu-yuzden-dunyaya-gelenlerin-cok-azi-yasar-oscar-wilde\/"]}]},{"@type":"ImageObject","inLanguage":"tr","@id":"https:\/\/narteks.net\/index.php\/2011\/02\/07\/yasamak-yurek-ister-belki-de-bu-yuzden-dunyaya-gelenlerin-cok-azi-yasar-oscar-wilde\/#primaryimage","url":"http:\/\/t1.gstatic.com\/images?q=tbn:ANd9GcRSOYx73g6CfH5UpQQ0ehbCLY-mQXkvkcndb_HUJ37gMbPJ02pJng&amp;t=1","contentUrl":"http:\/\/t1.gstatic.com\/images?q=tbn:ANd9GcRSOYx73g6CfH5UpQQ0ehbCLY-mQXkvkcndb_HUJ37gMbPJ02pJng&amp;t=1"},{"@type":"BreadcrumbList","@id":"https:\/\/narteks.net\/index.php\/2011\/02\/07\/yasamak-yurek-ister-belki-de-bu-yuzden-dunyaya-gelenlerin-cok-azi-yasar-oscar-wilde\/#breadcrumb","itemListElement":[{"@type":"ListItem","position":1,"name":"Anasayfa","item":"https:\/\/narteks.net\/"},{"@type":"ListItem","position":2,"name":"Ya\u015famak y\u00fcrek ister; belki de bu y\u00fczden d\u00fcnyaya gelenlerin \u00e7ok az\u0131 ya\u015far | Oscar Wilde"}]},{"@type":"WebSite","@id":"https:\/\/narteks.net\/#website","url":"https:\/\/narteks.net\/","name":"narteks.net","description":"K\u00fclt\u00fcr Sanat Edebiyat Felsefe","publisher":{"@id":"https:\/\/narteks.net\/#organization"},"alternateName":"K\u00fclt\u00fcr Sanat Edebiyat Felsefe","potentialAction":[{"@type":"SearchAction","target":{"@type":"EntryPoint","urlTemplate":"https:\/\/narteks.net\/?s={search_term_string}"},"query-input":{"@type":"PropertyValueSpecification","valueRequired":true,"valueName":"search_term_string"}}],"inLanguage":"tr"},{"@type":"Organization","@id":"https:\/\/narteks.net\/#organization","name":"narteks.net","url":"https:\/\/narteks.net\/","logo":{"@type":"ImageObject","inLanguage":"tr","@id":"https:\/\/narteks.net\/#\/schema\/logo\/image\/","url":"https:\/\/narteks.net\/wp-content\/uploads\/narteks.png","contentUrl":"https:\/\/narteks.net\/wp-content\/uploads\/narteks.png","width":300,"height":90,"caption":"narteks.net"},"image":{"@id":"https:\/\/narteks.net\/#\/schema\/logo\/image\/"},"sameAs":["https:\/\/x.com\/narteks","https:\/\/instagram.com\/narteksnet"]},{"@type":"Person","@id":"https:\/\/narteks.net\/#\/schema\/person\/61f37d9834294b72d31d274e7ed79bca","name":"Tar\u0131k","image":{"@type":"ImageObject","inLanguage":"tr","@id":"https:\/\/narteks.net\/#\/schema\/person\/image\/","url":"https:\/\/secure.gravatar.com\/avatar\/50865afb55632c4ae467e0af0930f6510aa2297d8014be502a55b14f3b7550cf?s=96&d=mm&r=g","contentUrl":"https:\/\/secure.gravatar.com\/avatar\/50865afb55632c4ae467e0af0930f6510aa2297d8014be502a55b14f3b7550cf?s=96&d=mm&r=g","caption":"Tar\u0131k"},"sameAs":["http:\/\/narteks.net"],"url":"https:\/\/narteks.net\/index.php\/author\/narbak\/"}]}},"_links":{"self":[{"href":"https:\/\/narteks.net\/index.php\/wp-json\/wp\/v2\/posts\/5026","targetHints":{"allow":["GET"]}}],"collection":[{"href":"https:\/\/narteks.net\/index.php\/wp-json\/wp\/v2\/posts"}],"about":[{"href":"https:\/\/narteks.net\/index.php\/wp-json\/wp\/v2\/types\/post"}],"author":[{"embeddable":true,"href":"https:\/\/narteks.net\/index.php\/wp-json\/wp\/v2\/users\/1"}],"replies":[{"embeddable":true,"href":"https:\/\/narteks.net\/index.php\/wp-json\/wp\/v2\/comments?post=5026"}],"version-history":[{"count":0,"href":"https:\/\/narteks.net\/index.php\/wp-json\/wp\/v2\/posts\/5026\/revisions"}],"wp:attachment":[{"href":"https:\/\/narteks.net\/index.php\/wp-json\/wp\/v2\/media?parent=5026"}],"wp:term":[{"taxonomy":"category","embeddable":true,"href":"https:\/\/narteks.net\/index.php\/wp-json\/wp\/v2\/categories?post=5026"},{"taxonomy":"post_tag","embeddable":true,"href":"https:\/\/narteks.net\/index.php\/wp-json\/wp\/v2\/tags?post=5026"}],"curies":[{"name":"wp","href":"https:\/\/api.w.org\/{rel}","templated":true}]}}