{"id":5030,"date":"2011-02-12T12:05:00","date_gmt":"2011-02-12T09:05:00","guid":{"rendered":"http:\/\/localhost\/wordpress\/2011\/02\/12\/filistine-terorizmi-kim-getirdi-kimileri-icin-bir-kahraman-kimileri-icin-bir-terorist-leyla-halid\/"},"modified":"2011-02-12T12:05:00","modified_gmt":"2011-02-12T09:05:00","slug":"filistine-terorizmi-kim-getirdi-kimileri-icin-bir-kahraman-kimileri-icin-bir-terorist-leyla-halid","status":"publish","type":"post","link":"https:\/\/narteks.net\/index.php\/2011\/02\/12\/filistine-terorizmi-kim-getirdi-kimileri-icin-bir-kahraman-kimileri-icin-bir-terorist-leyla-halid\/","title":{"rendered":"Filistin\u2019e ter\u00f6rizmi kim getirdi? | kimileri i\u00e7in bir kahraman, kimileri i\u00e7in bir ter\u00f6rist ; Leyla Halid"},"content":{"rendered":"<p style=\"text-align: justify;\"><img loading=\"lazy\" decoding=\"async\" src=\"http:\/\/media.ntvmsnbc.com\/j\/NTVMSNBC\/Components\/ArtAndPhoto-Fronts\/Sections-StoryLevel\/D%C3%BCnya\/Ortado%C4%9Fu\/090513-leyla_halid.widec.jpg\" border=\"0\" width=\"155\" height=\"205\" style=\"float: left;\" \/>Leyla Halid (\u0644\u064a\u0644\u0649 \u062e\u0627\u0644\u062f layl\u00e0 \u1e96\u0101lid; 9 Nisan 1944) Filistin Halk Kurtulu\u015f \u00d6rg\u00fct\u00fc&#8217;n\u00fcn bir \u00fcyesi.\u015eu anda Filistin Ulusal Y\u00f6netimi&#8217;nin bir \u00fcyesidir.<\/p>\n<p style=\"text-align: justify;\">1944&#8217;de \u0130ngiliz y\u00f6netimi alt\u0131nda ki Hayfa&#8217;da do\u011fdu. Araplar 1947 y\u0131l\u0131nda BM b\u00f6l\u00fcnme plan\u0131n\u0131 geri \u00e7evirdi\u011fi zaman, Araplarla Yahudiler aras\u0131nda \u00e7at\u0131\u015fmalar ba\u015flad\u0131. Halid&#8217;in ailesi 1948&#8217;de babalar\u0131n\u0131 geride b\u0131rakarak L\u00fcbnan&#8217;a ka\u00e7t\u0131. 15 ya\u015f\u0131ndayken, k\u00f6kleri 1940&#8217;l\u0131 y\u0131llarda George Haba\u015f taraf\u0131ndan olu\u015fturulan Filistin Halk Kurtulu\u015f \u00d6rg\u00fct\u00fcne kat\u0131ld\u0131. Daha sonra Beyrut Amerikan \u00dcniversitesi&#8217;nde t\u0131p e\u011fitimine ba\u015flad\u0131. 1967 Alt\u0131 G\u00fcn Sava\u015flar\u0131&#8217;ndan sonra Filistin Halk Kurtulu\u015f \u00d6rg\u00fct\u00fc&#8217;n\u00fcn Filistin aya\u011f\u0131nda kendisini g\u00f6stermeye ba\u015flad\u0131.<\/p>\n<p>Daha sonra Kuveyt&#8217;de \u00f6\u011fretmenlik yapmaya ba\u015flad\u0131.<\/p>\n<p>Kara Eyl\u00fcl olaylar\u0131n\u0131 takip eden y\u0131l, \u00fc\u00e7\u00fc e\u015fzamanl\u0131 olmak \u00fczere d\u00f6rt u\u00e7ak ka\u00e7\u0131rma eylemine kat\u0131ld\u0131, 1969 ve 1970 y\u0131llar\u0131nda kat\u0131ld\u0131\u011f\u0131, liderleri Wadi Haddad taraf\u0131ndan planlanan eylemlerle dikkatleri b\u00fcy\u00fck \u00f6l\u00e7\u00fcde \u00fczerine \u00e7ekti. 29 A\u011fustos 1969 g\u00fcn\u00fc, FK\u00d6 \u00fcyesi Selim ile birlikte, Amerikan TWA u\u00e7a\u011f\u0131n\u0131 ka\u00e7\u0131rarak \u015eam&#8217;a indirdi. D\u00f6nemin \u0130srail Amerikan B\u00fcy\u00fckel\u00e7isi \u0130zak Rabin&#8217;in de bulunaca\u011f\u0131n\u0131 sand\u0131klar\u0131, Roma&#8217;dan Tel Aviv&#8217;e kalkan u\u00e7a\u011fa, Arap olmalar\u0131ndan dolay\u0131 Tel Aviv yerine Atina aktarmas\u0131nda, ceplerinde silah ve bombalarla binerek u\u00e7u\u015f kabinine girmi\u015f, u\u00e7a\u011f\u0131 do\u011fum yeri olan Filistin&#8217;in Hayfa kenti \u00fczerinden Suriye&#8217;ye u\u00e7urarak, \u015eam&#8217;a ini\u015f yapt\u0131rd\u0131. U\u00e7ak yere indikten sonra u\u00e7u\u015f ekibi ve yolcular\u0131 u\u00e7aktan bo\u015faltt\u0131ktan sonra Boeing 707 u\u00e7u\u015f kabinini havaya u\u00e7urup Suriyeli yetkililere teslim oldular. <\/p>\n<p>45 g\u00fcn Suriye&#8217;de g\u00f6zalt\u0131nda tutulduktan sonra, 2 \u0130srailli pilot kar\u015f\u0131l\u0131\u011f\u0131nda 31 Filistinli tutuklu ile birlikte serbest b\u0131rak\u0131ld\u0131lar. \u0130lk eyleminden sonra tekrar u\u00e7ak ka\u00e7\u0131rabilmek i\u00e7in burnu ve \u00e7enesinden 6 estetik operasyon ge\u00e7irmi\u015ftir, ameliyat s\u0131ras\u0131nda genel anestezi uygulanmas\u0131na izin vermemi\u015ftir.\u00a0 Ayn\u0131 anda 3 farkl\u0131 yerde ger\u00e7ekle\u015ftirilen ikinci u\u00e7ak ka\u00e7\u0131rma eyleminde di\u011fer \u00fc\u00e7 \u00f6rg\u00fct \u00fcyesi ile birlikte \u0130srail men\u015feili Amsterdam&#8217;dan New York&#8217;a u\u00e7an 219 sefer say\u0131l\u0131 El Al u\u00e7a\u011f\u0131n\u0131 ka\u00e7\u0131rmakla g\u00f6revlendirilmi\u015ftir. E\u015fzamanl\u0131 eylemlerdeki di\u011fer iki hedef ise, Almanya&#8217;daki Filistinliler i\u00e7in TWA ve \u0130svi\u00e7re&#8217;deki Filistinliler i\u00e7in Swissair havayollar\u0131 u\u00e7aklar\u0131d\u0131r. 6 Eyl\u00fcl 1970 g\u00fcn\u00fc, di\u011fer iki \u00f6rg\u00fct \u00fcyesinin u\u00e7a\u011fa binememesi nedeniyle, bir bomba ve bir silah ta\u015f\u0131yan Nikaragual\u0131 Patrick Arguel ile birlikte, \u00fczerinde iki el bombas\u0131n\u0131 kullanarak eylemi ger\u00e7ekle\u015ftirirken, Arguel o an u\u00e7akta bulunan \u0130srail askeri istihbarat \u015fefinin 12 korumas\u0131 taraf\u0131ndan ba\u015f\u0131ndan vurularak \u00f6ld\u00fcr\u00fclm\u00fc\u015f, Halid ise sa\u011f yakalanm\u0131\u015ft\u0131r&#8230;<\/p>\n<p><strong>Leyla Halid ,C\u00fcneyt \u00d6zdemir S\u00f6yle\u015fisi:<\/strong><\/p>\n<p><em>Ben bir \u00f6zg\u00fcrl\u00fck sava\u015f\u00e7\u0131s\u0131y\u0131m\u201d<br \/>26.11.2004<br \/>C\u00fcneyt \u00d6ZDEM\u0130R,5N 1K<\/em><\/p>\n<p><strong>C\u00fcneyt \u00d6zdemir:<\/strong> St\u00fcdyomuza ve T\u00fcrkiye\u2019ye ho\u015fgeldiniz. Bu, T\u00fcrkiye\u2019ye ilk geli\u015finiz mi?<br \/><strong>Leyla Halid:<\/strong> Evet.<br \/><strong>C.\u00d6:<\/strong> Nas\u0131l buldunuz?<br \/><strong>L.H:<\/strong> Ben bir \u00fclkeye gitti\u011fimde o \u00fclkenin binalar\u0131ndan \u00e7ok insanlar\u0131na \u00f6nem veririm. \u0130nsanlard\u0131r o \u00fclkeyi yaratan, tam tersi de\u011fildir. O y\u00fczden insanlar\u0131n\u0131 sevdim.<br \/><strong>C.\u00d6:<\/strong> \u00d6nce Adana\u2019ya gittiniz ve ard\u0131ndan \u0130stanbul\u2019a geldiniz, de\u011fil mi?<br \/><strong>L.H:<\/strong> Evet. 23 Kas\u0131m\u2019da Adana\u2019ya vard\u0131m ve \u015fimdi buraday\u0131m.<br \/><strong>C.\u00d6:<\/strong> Asl\u0131nda benim biraz kafam kar\u0131\u015ft\u0131 ve size bilhassa da bunu sormak istiyorum. Baz\u0131lar\u0131 sizi ter\u00f6rist olarak tan\u0131mlarken, baz\u0131lar\u0131 da sizi ya\u015fayan bir efsane olarak g\u00f6r\u00fcyor. Siz, ge\u00e7mi\u015finize ve bug\u00fcn\u00fcn\u00fcze bakarak kendinizi nas\u0131l tan\u0131ml\u0131yorsunuz?<br \/><strong>L.H:<\/strong> Ben bir \u00f6zg\u00fcrl\u00fck sava\u015f\u00e7\u0131s\u0131y\u0131m. Ama d\u00fc\u015fmanlar\u0131m\u0131z, kendi haklar\u0131 i\u00e7in sava\u015fan herkesi ter\u00f6rist olarak tan\u0131ml\u0131yor. \u015eu a\u00e7\u0131dan bakal\u0131m: Filistin\u2019e ter\u00f6rizmi kim getirdi? Bug\u00fcn ter\u00f6rist devlet olarak tan\u0131mlayabilece\u011fim \u0130srail tabi ki. \u0130srail, medyay\u0131, \u00f6zellikle de bat\u0131 medyas\u0131n\u0131 kontrol alt\u0131nda tuttu\u011fu i\u00e7in bize ter\u00f6rist etiketini yap\u0131\u015ft\u0131r\u0131yorlar. Amerikal\u0131lar\u0131n d\u00fcnyas\u0131nda ya\u015fad\u0131\u011f\u0131m\u0131z g\u00fcn\u00fcm\u00fczde kendi haklar\u0131 ve ba\u011f\u0131ms\u0131zl\u0131klar\u0131 i\u00e7in sava\u015fan herkes ter\u00f6rist olarak s\u0131n\u0131fland\u0131r\u0131l\u0131yor. Ter\u00f6rizm, bir sanayidir ve emperyalist, fa\u015fist g\u00fc\u00e7lerin, diktat\u00f6rlerin elindedir. As\u0131l ter\u00f6ristler, i\u015fgalci Siyonistler ile Irak\u2019\u0131 i\u015fgal eden Amerikal\u0131 ve \u0130ngilizlerdir. Biz, \u00f6zg\u00fcrl\u00fck sava\u015f\u00e7\u0131lar\u0131y\u0131z. Ben de kendimi b\u00f6yle tan\u0131ml\u0131yorum.<br \/><strong>C.\u00d6:<\/strong> 1970\u2019lerde birka\u00e7 u\u00e7ak ka\u00e7\u0131rma eylemine dahil oldunuz. Bunlar\u0131 da \u00f6zg\u00fcrl\u00fck sava\u015f\u0131n\u0131n bir par\u00e7as\u0131 olarak m\u0131 yapt\u0131n\u0131z?<br \/><strong>L.H:<\/strong> Tabi ki. Biz u\u00e7ak ka\u00e7\u0131rma eylemlerini 1967\u2019den sonra, devrimin ba\u015flad\u0131\u011f\u0131 y\u0131llarda bir s\u00fcre i\u00e7in taktik olarak kulland\u0131k. Bunu yapmak zorundayd\u0131k \u00e7\u00fcnk\u00fc 1948\u2019den beri hala m\u00fclteci konumunday\u0131z ve \u00f6zellikle o y\u0131llarda t\u00fcm d\u00fcnya Siyonistlerin yalanlar\u0131na, Yahudilerin 2. D\u00fcnya Sava\u015f\u0131 s\u0131ras\u0131nda Naziler taraf\u0131ndan ayr\u0131mc\u0131l\u0131\u011fa u\u011frad\u0131klar\u0131na ve \u00f6ld\u00fcr\u00fcld\u00fcklerine inan\u0131yordu. Ve bu y\u00fczden de Tanr\u0131 taraf\u0131ndan Yahudilere vaadedildi\u011fi gerek\u00e7esiyle \u00fclkemize gelmeye ba\u015flad\u0131lar. Bu, \u0130srail\u2019i \u00fclkemize sokmak ve Filistinlileri kendi topraklar\u0131ndan atmak i\u00e7in emperyalist g\u00fc\u00e7ler taraf\u0131ndan ba\u015ftan beri planlanm\u0131\u015f stratejik bir hamleydi. \u00d6rne\u011fin, ben de zorla topraklar\u0131ndan, Hayfa\u2019dan \u00e7\u0131kar\u0131lan bir aileden geliyorum. Ben bug\u00fcn malesef Hayfa\u2019ya giremiyorum. O nedenle \u015funu s\u00f6yleyelim ve bu konuda anla\u015fal\u0131m: Ter\u00f6rizm, d\u00fc\u015fmanlar\u0131m\u0131z taraf\u0131ndan bize y\u00f6neltilen bir eylem. Biz de o d\u00f6nemde \u015fiddet yoluyla da olsa d\u00fcnyaya sesimizi duyurmak ve m\u00fclteci olarak ya\u015fad\u0131\u011f\u0131m\u0131z ger\u00e7e\u011finin alt\u0131n\u0131 \u00e7izmek zorunda kald\u0131k. Ayn\u0131 zamanda Birle\u015fmi\u015f Milletler\u2019in 194 no.lu karar\u0131na g\u00f6re \u0130srail, \u00fclkelerine geri d\u00f6nmek isteyen Filistinlilere d\u00f6n\u00fc\u015f izni vermelidir. Eskiden oldu\u011fu gibi bug\u00fcn de kendi anavatan\u0131m\u0131za geri d\u00f6nmemizi engelliyorlar. O nedenle biz de d\u00fcnyan\u0131n bunu tart\u0131\u015faca\u011f\u0131n\u0131 bile bile zaman\u0131nda bu takti\u011fi kulland\u0131k. Filistinlilerin kim oldu\u011funu d\u00fcnyaya anlatmak i\u00e7in bu yolu se\u00e7tik ve bunun cevab\u0131 da bug\u00fcn ancak devrim yoluyla verilecektir.<br \/>\u201cU\u00e7ak ka\u00e7\u0131rma eylemi i\u00e7in \u00f6zel olarak e\u011fitim ald\u0131m\u201d<br \/><strong>C.\u00d6:<\/strong> Peki hi\u00e7 g\u00fcnl\u00fck tuttunuz mu o d\u00f6nemde veya ya\u015fad\u0131klar\u0131n\u0131z\u0131 bir kitapta toplamay\u0131 d\u00fc\u015f\u00fcnd\u00fcn\u00fcz m\u00fc? Ve bize u\u00e7ak ka\u00e7\u0131rma eylemlerinizin ayr\u0131nt\u0131lar\u0131n\u0131 anlat\u0131r m\u0131s\u0131n\u0131z? Eylemleri kimlerin planlad\u0131\u011f\u0131n\u0131, sizin nas\u0131l dahil oldu\u011funuzu, eylemcilerin ve u\u00e7aklar\u0131n neye g\u00f6re se\u00e7ildi\u011fini\u2026<br \/><strong>L.H:<\/strong> Filistin Kurtulu\u015f Cephesi (FKC &#8211; PFLP), d\u00fc\u015fmanlar\u0131m\u0131z\u0131 heryerde takip etmemizi s\u00f6yl\u00fcyordu \u00e7\u00fcnk\u00fc onlar da ayn\u0131 \u015feyi bize yap\u0131yorlard\u0131. FKC, kad\u0131n ve erke\u011fin devrim hareketinde e\u015fit oldu\u011funu savunuyordu ve kad\u0131nlar da erkekler gibi u\u00e7ak ka\u00e7\u0131rma eylemlerine kat\u0131labiliyorlard\u0131. Eylemleri planlayan Wadi Haddad ad\u0131nda bir liderimiz vard\u0131. Ben de devrimin ilk y\u0131llar\u0131nda ben de di\u011fer silah arkada\u015flar\u0131mla beraber e\u011fitim ald\u0131m ve ard\u0131ndan bu operasyon i\u00e7in se\u00e7ildim. Bu t\u00fcr operasyonlar \u00f6zel operasyonlard\u0131 o zaman. Bu eylemlerin arkas\u0131ndaki siyasi amac\u0131m\u0131z, bize yaln\u0131zca m\u00fclteci g\u00f6z\u00fcyle bakan d\u00fcnyaya hakl\u0131 bir nedenimiz oldu\u011funu g\u00f6stermekti. Bu ilk hedefimizdi. \u0130kincisiyse, \u0130srail hapishanelerinde yatan Arap ve Filistinli mahkumlar\u0131n rehineler kar\u015f\u0131l\u0131\u011f\u0131nda serbest b\u0131rak\u0131lmas\u0131n\u0131 sa\u011flamakt\u0131. Biz bunu da ba\u015fard\u0131k. K\u0131sa s\u00fcre sonra u\u00e7ak ka\u00e7\u0131rma eylemlerine bir son verdik \u00e7\u00fcnk\u00fc bu yolla amac\u0131m\u0131za ula\u015fm\u0131\u015ft\u0131k.<br \/><strong>C.\u00d6:<\/strong> Peki u\u00e7ak ka\u00e7\u0131rmak nas\u0131l bir duygu? 2 u\u00e7ak ka\u00e7\u0131rd\u0131n\u0131z ve sonunda tutukland\u0131n\u0131z.<br \/><strong>L.H:<\/strong> Evet. \u0130lki bir Amerikan u\u00e7a\u011f\u0131yd\u0131. O u\u00e7akla \u0130zhak Rabin\u2019in gelmesi planlan\u0131yordu. Rabin, o d\u00f6nemde Amerika\u2019n\u0131n \u0130srail B\u00fcy\u00fckel\u00e7isi\u2019ydi. U\u00e7ak, Roma\u2019dan Tel Aviv\u2019e inecekti. Biz de Arap oldu\u011fumuz i\u00e7in Tel Aviv\u2019de u\u00e7a\u011fa binemedik ve Atina aktarmas\u0131 s\u0131ras\u0131nda girdik u\u00e7a\u011fa.<br \/><strong>C.\u00d6:<\/strong> Silahlar\u0131n\u0131z var m\u0131yd\u0131 yan\u0131n\u0131zda?<br \/><strong>L.H:<\/strong> Evet.<br \/>\u201cHavalimanlar\u0131ndaki g\u00fcvenlik \u00f6nlemleri bizim eylemlerimizden sonra ba\u015flad\u0131\u201d<br \/><strong>C.\u00d6:<\/strong> U\u00e7a\u011fa nas\u0131l soktunuz silahlar\u0131? G\u00fcvenlik kontrol\u00fc yap\u0131lmad\u0131 m?<br \/><strong>L.H:<\/strong> Hay\u0131r, b\u00fct\u00fcn bu g\u00fcvenlik \u00f6nlemleri u\u00f6ak ka\u00e7\u0131rma olaylar\u0131ndan sonra ba\u015flad\u0131. Bir cebimde silah\u0131m, di\u011fer cebimde de el bombam vard\u0131.<br \/><strong>C.\u00d6:<\/strong> Ka\u00e7 ki\u015fiydiniz eylem s\u0131ras\u0131nda?<br \/><strong>L.H:<\/strong> \u0130ki ki\u015fiydik. Silah arkada\u015f\u0131m Selim ve ben. \u00c7ok kolay oldu. Yolcu gibi u\u00e7a\u011fa binersiniz ve do\u011fru pilot kabinine y\u00f6nelirsiniz. Hi\u00e7bir pilot elinde patlamaya haz\u0131r bie el bombas\u0131yla ve silahla gelen birine \u2018Hay\u0131r\u2019 diyemez. Ben pilot olsayd\u0131m, ben de diyemezdim. Yolculara ve u\u00e7u\u015f ekibine zarar vermememiz, onlar\u0131n rahat olmalar\u0131n\u0131 sa\u011flamam\u0131z i\u00e7in \u00e7ok s\u0131k\u0131 talimatlar geliyordu \u00f6rg\u00fctten. Bir s\u00fcre sonra Suriye\u2019ye indik ama benim i\u00e7in en \u00f6nemlisi Filistin \u00fczerinden u\u00e7mam\u0131zd\u0131 \u00e7\u00fcnk\u00fc ikimiz de uzun s\u00fcreden sonra ilk kez anavatan\u0131m\u0131z\u0131 g\u00f6ky\u00fcz\u00fcnden bile g\u00f6rmek muhte\u015fem bir duyguydu. Sanki biz \u00fclkemize geri d\u00f6nme hakk\u0131m\u0131z\u0131 kendi yollar\u0131m\u0131zla elde etmi\u015ftik. \u00d6rne\u011fin; siz bug\u00fcn Filistin\u2019e girebiliyorken, biz giremiyoruz.<br \/><strong>C.\u00d6:<\/strong> Peki ilk u\u00e7ak ka\u00e7\u0131rmadan sonra \u015eam\u2019da ne oldu?<br \/><strong>L.H:<\/strong> Yolculardan ve u\u00e7u\u015f ekibinden u\u00e7a\u011f\u0131 terketmelerini s\u00f6yledik ve pilot kabinini havaya u\u00e7urduk. Ard\u0131ndan da Suriye otoritelerine gidip eylemi \u00fcstlendik. 45 g\u00fcn s\u00fcreyle Suriye\u2019de g\u00f6zalt\u0131nda tutulduktan sonra \u0130srailli rehinelerin sal\u0131verilmesi ko\u015fuluyla di\u011fer Filistinli mahkumlarla beraber serbest kald\u0131k. 2 pilot kar\u015f\u0131l\u0131\u011f\u0131nda 31 mahkum serbest b\u0131rak\u0131ld\u0131. Daha fazlas\u0131n\u0131 bekliyorduk ama yine de bu da b\u00fcy\u00fck bir ba\u015far\u0131yd\u0131.<br \/><strong>C.\u00d6:<\/strong> Sonra ne oldu?<br \/><strong>L.H:<\/strong> Ard\u0131ndan ayn\u0131 anda farkl\u0131 yerlerde 3 u\u00e7ak ka\u00e7\u0131rma eylemlerine kat\u0131ld\u0131m. Bunlar\u0131n amac\u0131 da ayn\u0131yd\u0131: \u0130srail ve Avrupa hapishanelerinde yatan Filistinli mahkumlar\u0131 serbest b\u0131rakmakt\u0131. Ben, \u0130srail u\u00e7a\u011f\u0131 El\u2019Al\u2019da g\u00f6revlendirildim. Di\u011ferleri; Almanya\u2019daki Filistinliler i\u00e7in TWA ve \u0130svi\u00e7re\u2019teki Filistinliler i\u00e7in de Swissair\u2019d\u0131. B\u00fcy\u00fck bir eylem yapmay\u0131 planlam\u0131\u015ft\u0131k.<br \/><strong>C.\u00d6:<\/strong> U\u00e7akta ka\u00e7 ki\u015fiydiniz?<br \/><strong>L.H:<\/strong> 4 ki\u015fi olmam\u0131z gerekiyordu ama malesef 2 arkada\u015f\u0131m\u0131z, askeri istihbarat \u015fefinin de u\u00e7akta olmas\u0131 nedeniyle bizimle gelemediler \u00e7\u00fcnk\u00fc onun umdu\u011fumuzdan \u00e7ok daha fazla korumas\u0131 vard\u0131 \u00e7evresinde. Onlar da bir jet ka\u00e7\u0131rd\u0131lar ancak ben ve Nikaragual\u0131 arkada\u015f\u0131m Patrick Arguello, \u0130srailliler taraf\u0131ndan yakaland\u0131k. Ben de 2 el bombas\u0131, Patrick\u2019te de 1 silah ve bir el bombas\u0131 vard\u0131. Aya\u011fa kalkt\u0131\u011f\u0131m\u0131z anda \u0130srailliler bize ate\u015f a\u00e7t\u0131. Toplam 6 silahla koruma olaca\u011f\u0131n\u0131 san\u0131yorduk ama asl\u0131nda 12 ki\u015fi olduklar\u0131 ortaya \u00e7\u0131kt\u0131.<br \/><strong>C.\u00d6:<\/strong> U\u00e7ak havadayken siz de onlara m\u0131 ate\u015f a\u00e7t\u0131n\u0131z?<br \/><strong>L.H:<\/strong> Ben kokpite y\u00f6neldim ama kapal\u0131yd\u0131. Onlara elimdeki patlamaya haz\u0131r bombalar\u0131 g\u00f6sterdim ama kimse umursamad\u0131. \u0130\u015fte o s\u0131rada korumalar arkamdan gelip beni yakalad\u0131lar ve Patrick\u2019i de \u00f6ld\u00fcrd\u00fcler.<br \/><strong>C.\u00d6:<\/strong> U\u00e7a\u011f\u0131 ka\u00e7\u0131ramad\u0131n\u0131z yani? Sonras\u0131nda ne oldu?<br \/><strong>L.H:<\/strong> U\u00e7ak Londra\u2019ya indi ve \u0130ngiliz polisi taraf\u0131ndan tutukland\u0131m.<br \/><strong>C.\u00d6:<\/strong> U\u00e7akta yara alan var m\u0131yd\u0131? Hat\u0131rl\u0131yor musunuz ka\u00e7 ki\u015finin yaraland\u0131\u011f\u0131n\u0131?<br \/><strong>L.H:<\/strong> 122 ki\u015fi san\u0131r\u0131m.<br \/>\u201cU\u00e7ak ka\u00e7\u0131rd\u0131\u011f\u0131m i\u00e7in hapse at\u0131ld\u0131m, Filistinli bir gen\u00e7 benim \u00f6zg\u00fcrl\u00fc\u011f\u00fcm i\u00e7in u\u00e7ak ka\u00e7\u0131rd\u0131 sal\u0131verildim\u201d<br \/><strong>C.\u00d6:<\/strong> Hapishanede ne kadar zaman ge\u00e7irdiniz?<br \/><strong>L.H:<\/strong> 1 ay bile kalmad\u0131m \u00e7\u00fcnk\u00fc Dubai\u2019de i\u015f\u00e7i olarak \u00e7al\u0131\u015fan gen\u00e7 bir Filistinli \u201cFilistinli bir kad\u0131n sava\u015f\u00e7\u0131 nas\u0131l olur da hapishaneye girer?\u201d diyerek benim serbest b\u0131rak\u0131labilmem i\u00e7in bir ba\u015fka u\u00e7a\u011f\u0131 ka\u00e7\u0131rd\u0131 bu sefer.<br \/><strong>C.\u00d6:<\/strong> Heralde hava korsanlar\u0131n\u0131n en \u015fansl\u0131lar\u0131ndans\u0131n\u0131z\u2026<br \/><strong>L.H:<\/strong> Neden? Yoksa benim hapse girmemi mi istiyorsun?<br \/><strong>C.\u00d6:<\/strong> Peki u\u00e7ak ka\u00e7\u0131rma eylemleri o g\u00fcn i\u00e7in tam bir \u00e7\u00f6z\u00fcm m\u00fcyd\u00fc? \u00c7\u00fcnk\u00fc 11 Eyl\u00fcl\u2019den sonra her\u015fey daha k\u00f6t\u00fcye gitti \u00f6rne\u011fin\u2026<br \/><strong>L.H:<\/strong> Hay\u0131r, ama biz bu takti\u011fi k\u0131sa s\u00fcreli\u011fine kulland\u0131k ve 70\u2019lerin ortalar\u0131nda zaten bunu b\u0131rakt\u0131k. \u015eimdi bug\u00fcn sorsan\u0131z bana, bu t\u00fcr bir m\u00fccadelede i\u015fe yaramayaca\u011f\u0131n\u0131 s\u00f6ylerim. Ama o d\u00f6nemde d\u00fcnya kim oldu\u011fumuzu bilmiyordu; \u015fimdiyse Filistin davas\u0131n\u0131n fark\u0131ndalar ve t\u00fcm d\u00fcnya Filistin\u2019in \u0130srail i\u015fgali alt\u0131nda oldu\u011funu g\u00f6r\u00fcyor. New York\u2019takiyse bana g\u00f6re bir ter\u00f6rist eylemdi; bizimkilerden \u00e7ok farkl\u0131yd\u0131.<br \/><strong>C.\u00d6:<\/strong> Canl\u0131 olarak televizyonda izlemi\u015f miydiniz?<br \/><strong>L.H:<\/strong> \u0130kincisini g\u00f6rd\u00fcm ama film sand\u0131m ilk ba\u015fta; ger\u00e7ek oldu\u011funa inanamad\u0131m. Arkada\u015f\u0131m\u0131z\u0131 kaybetmemize ra\u011fmen, kimseye zarar vermemeye y\u00f6nelik s\u0131k\u0131 talimatlar al\u0131yorduk biz. B\u00f6ylece t\u00fcm d\u00fcnyaya kim oldu\u011fumuzu a\u00e7\u0131klam\u0131\u015ft\u0131k. D\u00fcnya Ticaret Merkezi\u2019ne d\u00fczenlenen sald\u0131r\u0131lar\u0131 kimin ve neden i\u015fledi\u011fine dair bir a\u00e7\u0131klama gelmedi \u00f6rg\u00fctlerden. Bir s\u00fcr\u00fc insan \u00f6ld\u00fcrd\u00fcler. Bunu tamamen k\u0131n\u0131yorum.<br \/>\u201cO\u011flum, \u2018Anne sen h\u0131rs\u0131z m\u0131s\u0131n?\u2019 diye sordu\u201d<br \/><strong>C.\u00d6:<\/strong> Peki 2 \u00e7ocu\u011funuzla hi\u00e7 u\u00e7ak ka\u00e7\u0131rma eylemleriniz hakk\u0131nda konu\u015fuyor musunuz?<br \/><strong>L.H:<\/strong> O\u011flum 4 ya\u015f\u0131ndayd\u0131 ve birg\u00fcn yuvadan d\u00f6nd\u00fc. Ben de \u00f6\u011flen eve gelmi\u015ftim. Kap\u0131y\u0131 a\u00e7t\u0131\u011f\u0131nda s\u00f6yledi\u011fi ilk s\u00f6z \u201cAnne sen h\u0131rs\u0131z m\u0131s\u0131n?\u201d oldu. Ben de \u201cAnnen hakk\u0131nda nas\u0131l b\u00f6yle bir\u015fey d\u00fc\u015f\u00fcn\u00fcrs\u00fcn?\u201d dedim. O da \u201cAma yuvada herkes senin bir u\u00e7a\u011f\u0131 \u00e7ald\u0131\u011f\u0131n\u0131 s\u00f6yl\u00fcyor. Do\u011fru mu?\u201d diye sordu. \u0130\u015fte o zaman ona durumumu anlatmak zorunda kald\u0131m. K\u00fc\u00e7\u00fckken bunu anlamalar\u0131n\u0131 bekleyemezdim ama \u015fimdi anl\u0131yorlar ve benimle ayn\u0131 g\u00f6r\u00fc\u015fteler.<br \/>\u201cAmerika, hi\u00e7 duyulmayan bir ismi Filistin\u2019e lider olarak belirliyor\u201d<br \/><strong>C.\u00d6:<\/strong> Gelece\u011fe bakarsak Arafat\u2019tan sonra ne t\u00fcr de\u011fi\u015fimler ya\u015fanacak Filistin\u2019de? Yerine kim ge\u00e7ecek, ya da yeri sizce doldurulabilir mi?<br \/><strong>L.H:<\/strong> Arafat\u2019tan sonra ayakta kalacak bir\u00e7ok kurumumuz var tabi. Ama hayattayken bu kurumlar\u0131 kendisi temsil ediyordu. \u015eimdi art\u0131k se\u00e7imler d\u00fczenlenecek ve se\u00e7imler bize ne getirirse kabul etmek zorunday\u0131z. Demokratik y\u00f6ntem budur \u00e7\u00fcnk\u00fc. Peki se\u00e7imler \u00f6ncesinde ne g\u00f6r\u00fcyoruz? Arafat\u2019\u0131n \u00f6l\u00fcm\u00fcnden sonra herkes \u00fclkeye gelmeye ba\u015flad\u0131: Jack Straw, Colin Powell\u2026 Ama ne t\u00fcr se\u00e7imler i\u00e7in geliyorlar? Onlar sadece ba\u015fkanl\u0131k se\u00e7imi istiyorlar. Amerikal\u0131lar bug\u00fcne kadar hi\u00e7 duymad\u0131\u011f\u0131m birini isim olarak belirliyorlar \u00e7\u00fcnk\u00fc kendi \u00e7\u0131karlar\u0131yla uyu\u015fan bir isim istiyorlar.<br \/>\u00d6l\u00fcm\u00fcnden sonra, Arafat\u2019\u0131n yerini bir lider olarak kimsenin dolduramayaca\u011f\u0131n\u0131 d\u00fc\u015f\u00fcn\u00fcyorum. Arafat\u2019\u0131n yetkileri art\u0131k birer birer payla\u015ft\u0131r\u0131lacak. \u015eu anda FK\u00d6 ve di\u011fer gruplar da art\u0131k kendi i\u00e7lerinde de reform \u00e7a\u011fr\u0131s\u0131 yap\u0131yorlar. Ulusal konseyde de se\u00e7imlerin yap\u0131lmas\u0131 i\u00e7in \u00e7a\u011fr\u0131da bulunuyorlar \u00e7\u00fcnk\u00fc FK\u00d6, hem Filistin i\u00e7indeki, hem de d\u0131\u015f\u0131ndaki Filistinlileri temsil ediyor. Filistin\u2019deki y\u00f6netim sadece Gazze ve Bat\u0131 \u015eeria\u2019dakileri temsil ediyor.<br \/>Bizler, hepimiz, Filistinliler olarak gelece\u011fimizi \u015fekillendirmekle y\u00fck\u00fcml\u00fcy\u00fcz. Dolay\u0131s\u0131yla her hal\u00fckarda bir grup veya siyasi partinin tek ba\u015f\u0131na bu karar\u0131 t\u00fcm Filistinliler ad\u0131na almas\u0131n\u0131 kabul edemeyiz. \u0130\u015fte bu nedenle t\u00fcm gruplar i\u00e7inde daha \u00e7ok bir ulusal diyalo\u011fa ihtiyac\u0131m\u0131z var. Ve ne olursa olsun, hepimizin se\u00e7imlere kat\u0131lmas\u0131 ve se\u00e7imlerin uluslararas\u0131 ba\u011f\u0131ms\u0131z g\u00f6zlemciler taraf\u0131ndan izlenmesi gerekiyor.<br \/>\u201cFilistin\u2019de \u00e7ocuklar Apache helikopterler ve tanklar\u0131n g\u00f6lgesinde \u0130srail askerleriyle m\u00fccadele ediyorlar\u201d<br \/><strong>C.\u00d6:<\/strong> Siz y\u0131llard\u0131r Filistin i\u00e7in m\u00fccadele ettiniz ve hala da ediyorsunuz. Gen\u00e7li\u011finizdeki tutkular\u0131n\u0131z\u0131, hedeflerinizi \u015fimdiki Filistinli gen\u00e7lerde g\u00f6rebiliyor musunuz? \u00d6rne\u011fin o\u011fullar\u0131n\u0131z da Filistin sorunuyla ilgili olarak ayn\u0131 \u015fekilde hissediyorlar m\u0131?<br \/><strong>L.H:<\/strong> Filistin Kurtulu\u015f Cephesi \u00fcyesi olan e\u015fim de bir eylemci ve \u00e7ocuklar\u0131m\u0131za her zaman ileriye bakmalar\u0131 gerekti\u011fini, geriye d\u00f6nmeleri gereken bir vatanlar\u0131 oldu\u011funu ve bunun i\u00e7in m\u00fccadele etmeleri gerekti\u011fini s\u00f6yledik. Hala \u00fcniversiteler ama \u015funun fark\u0131ndalar: orada onlar\u0131 bekleyen bir \u00fclkeleri var ve e\u011fer m\u00fccadele etmezlerse ona ula\u015famazlar. Evet, gelece\u011fi bizim g\u00f6rd\u00fc\u011f\u00fcm\u00fcz gibi g\u00f6r\u00fcyorlar ve biraz da ileri gidiyorlar: \u201cAnne, neden silahlar\u0131 tekrar ku\u015fan\u0131p silahl\u0131 eylemlere kat\u0131lmak yerine konferanslara gidiyorsun? Biz de sana kat\u0131l\u0131r\u0131z. Bu, \u00f6zg\u00fcrl\u00fc\u011fe ula\u015fman\u0131n en k\u0131sa yolu\u201d diyorlar. Asl\u0131nda bunu g\u00f6rmekten memnunum. Tanklarla m\u00fccadele eden \u00e7ocuklar\u0131 yaln\u0131zca filmlerde g\u00f6rm\u00fc\u015fs\u00fcn\u00fczd\u00fcr. \u015eu anda Apache helikopterlerinin ve tanklar\u0131n g\u00f6lgesinde, \u0130srail askerlerinin \u00f6n\u00fcnde m\u00fccadele edenler \u00e7ocuklar\u2026 Gelece\u011fimizin parlak olaca\u011f\u0131na inan\u0131yorum. Her ne kadar i\u00e7inden ge\u00e7ti\u011fimiz d\u00f6nem \u00e7ok zor olsa da \u015funa derinden inan\u0131yorum: Filistin bizimdir; Siyonist ve fa\u015fistlerin de\u011fil. \u00c7\u00fcnk\u00fc bizim T\u00fcrkiye\u2019de oldu\u011fu gibi bir\u00e7ok \u00fclkede dostumuz var. Bir\u00e7ok insan Filistin davas\u0131n\u0131 desteklediklerini ve Filistin halk\u0131n\u0131n yan\u0131nda oldular\u0131n\u0131 s\u00f6yl\u00fcyorlar. Bu da bize g\u00fc\u00e7 veriyor.<br \/><strong>C.\u00d6:<\/strong> Say\u0131n Leyla Halit, \u00e7ok te\u015fekk\u00fcr ederim. Sizinle tan\u0131\u015fmaktan mutluluk duydum. \u0130yi ak\u015famlar<\/p>\n","protected":false},"excerpt":{"rendered":"<p>Leyla Halid (\u0644\u064a\u0644\u0649 \u062e\u0627\u0644\u062f layl\u00e0 \u1e96\u0101lid; 9 Nisan 1944) Filistin Halk Kurtulu\u015f \u00d6rg\u00fct\u00fc&#8217;n\u00fcn bir \u00fcyesi.\u015eu anda Filistin Ulusal Y\u00f6netimi&#8217;nin bir \u00fcyesidir. 1944&#8217;de \u0130ngiliz y\u00f6netimi alt\u0131nda ki Hayfa&#8217;da do\u011fdu. Araplar 1947 y\u0131l\u0131nda BM b\u00f6l\u00fcnme plan\u0131n\u0131 geri \u00e7evirdi\u011fi zaman, Araplarla Yahudiler aras\u0131nda \u00e7at\u0131\u015fmalar ba\u015flad\u0131. Halid&#8217;in ailesi 1948&#8217;de babalar\u0131n\u0131 geride b\u0131rakarak L\u00fcbnan&#8217;a ka\u00e7t\u0131. 15 ya\u015f\u0131ndayken, k\u00f6kleri 1940&#8217;l\u0131 y\u0131llarda [&hellip;]<\/p>\n","protected":false},"author":1,"featured_media":0,"comment_status":"open","ping_status":"open","sticky":false,"template":"","format":"standard","meta":{"footnotes":""},"categories":[176],"tags":[],"class_list":["post-5030","post","type-post","status-publish","format-standard","category-kadin-a-dair"],"yoast_head":"<!-- This site is optimized with the Yoast SEO Premium plugin v24.9 (Yoast SEO v24.9) - https:\/\/yoast.com\/wordpress\/plugins\/seo\/ -->\n<title>Filistin\u2019e ter\u00f6rizmi kim getirdi? | kimileri i\u00e7in bir kahraman, kimileri i\u00e7in bir ter\u00f6rist ; Leyla Halid - narteks.net<\/title>\n<meta name=\"robots\" content=\"index, follow, max-snippet:-1, max-image-preview:large, max-video-preview:-1\" \/>\n<link rel=\"canonical\" href=\"https:\/\/narteks.net\/index.php\/2011\/02\/12\/filistine-terorizmi-kim-getirdi-kimileri-icin-bir-kahraman-kimileri-icin-bir-terorist-leyla-halid\/\" \/>\n<meta property=\"og:locale\" content=\"tr_TR\" \/>\n<meta property=\"og:type\" content=\"article\" \/>\n<meta property=\"og:title\" content=\"Filistin\u2019e ter\u00f6rizmi kim getirdi? | kimileri i\u00e7in bir kahraman, kimileri i\u00e7in bir ter\u00f6rist ; Leyla Halid\" \/>\n<meta property=\"og:description\" content=\"Leyla Halid (\u0644\u064a\u0644\u0649 \u062e\u0627\u0644\u062f layl\u00e0 \u1e96\u0101lid; 9 Nisan 1944) Filistin Halk Kurtulu\u015f \u00d6rg\u00fct\u00fc&#8217;n\u00fcn bir \u00fcyesi.\u015eu anda Filistin Ulusal Y\u00f6netimi&#8217;nin bir \u00fcyesidir. 1944&#8217;de \u0130ngiliz y\u00f6netimi alt\u0131nda ki Hayfa&#8217;da do\u011fdu. Araplar 1947 y\u0131l\u0131nda BM b\u00f6l\u00fcnme plan\u0131n\u0131 geri \u00e7evirdi\u011fi zaman, Araplarla Yahudiler aras\u0131nda \u00e7at\u0131\u015fmalar ba\u015flad\u0131. Halid&#8217;in ailesi 1948&#8217;de babalar\u0131n\u0131 geride b\u0131rakarak L\u00fcbnan&#8217;a ka\u00e7t\u0131. 15 ya\u015f\u0131ndayken, k\u00f6kleri 1940&#8217;l\u0131 y\u0131llarda [&hellip;]\" \/>\n<meta property=\"og:url\" content=\"https:\/\/narteks.net\/index.php\/2011\/02\/12\/filistine-terorizmi-kim-getirdi-kimileri-icin-bir-kahraman-kimileri-icin-bir-terorist-leyla-halid\/\" \/>\n<meta property=\"og:site_name\" content=\"narteks.net\" \/>\n<meta property=\"article:published_time\" content=\"2011-02-12T09:05:00+00:00\" \/>\n<meta property=\"og:image\" content=\"http:\/\/media.ntvmsnbc.com\/j\/NTVMSNBC\/Components\/ArtAndPhoto-Fronts\/Sections-StoryLevel\/D%C3%BCnya\/Ortado%C4%9Fu\/090513-leyla_halid.widec.jpg\" \/>\n<meta name=\"author\" content=\"Tar\u0131k\" \/>\n<meta name=\"twitter:card\" content=\"summary_large_image\" \/>\n<meta name=\"twitter:creator\" content=\"@narteks\" \/>\n<meta name=\"twitter:site\" content=\"@narteks\" \/>\n<meta name=\"twitter:label1\" content=\"Yazan:\" \/>\n\t<meta name=\"twitter:data1\" content=\"Tar\u0131k\" \/>\n\t<meta name=\"twitter:label2\" content=\"Tahmini okuma s\u00fcresi\" \/>\n\t<meta name=\"twitter:data2\" content=\"15 dakika\" \/>\n<script type=\"application\/ld+json\" class=\"yoast-schema-graph\">{\"@context\":\"https:\/\/schema.org\",\"@graph\":[{\"@type\":\"Article\",\"@id\":\"https:\/\/narteks.net\/index.php\/2011\/02\/12\/filistine-terorizmi-kim-getirdi-kimileri-icin-bir-kahraman-kimileri-icin-bir-terorist-leyla-halid\/#article\",\"isPartOf\":{\"@id\":\"https:\/\/narteks.net\/index.php\/2011\/02\/12\/filistine-terorizmi-kim-getirdi-kimileri-icin-bir-kahraman-kimileri-icin-bir-terorist-leyla-halid\/\"},\"author\":{\"name\":\"Tar\u0131k\",\"@id\":\"https:\/\/narteks.net\/#\/schema\/person\/61f37d9834294b72d31d274e7ed79bca\"},\"headline\":\"Filistin\u2019e ter\u00f6rizmi kim getirdi? | kimileri i\u00e7in bir kahraman, kimileri i\u00e7in bir ter\u00f6rist ; Leyla Halid\",\"datePublished\":\"2011-02-12T09:05:00+00:00\",\"mainEntityOfPage\":{\"@id\":\"https:\/\/narteks.net\/index.php\/2011\/02\/12\/filistine-terorizmi-kim-getirdi-kimileri-icin-bir-kahraman-kimileri-icin-bir-terorist-leyla-halid\/\"},\"wordCount\":3029,\"commentCount\":0,\"publisher\":{\"@id\":\"https:\/\/narteks.net\/#organization\"},\"image\":{\"@id\":\"https:\/\/narteks.net\/index.php\/2011\/02\/12\/filistine-terorizmi-kim-getirdi-kimileri-icin-bir-kahraman-kimileri-icin-bir-terorist-leyla-halid\/#primaryimage\"},\"thumbnailUrl\":\"http:\/\/media.ntvmsnbc.com\/j\/NTVMSNBC\/Components\/ArtAndPhoto-Fronts\/Sections-StoryLevel\/D%C3%BCnya\/Ortado%C4%9Fu\/090513-leyla_halid.widec.jpg\",\"articleSection\":[\"Kad\u0131na Dair\"],\"inLanguage\":\"tr\",\"potentialAction\":[{\"@type\":\"CommentAction\",\"name\":\"Comment\",\"target\":[\"https:\/\/narteks.net\/index.php\/2011\/02\/12\/filistine-terorizmi-kim-getirdi-kimileri-icin-bir-kahraman-kimileri-icin-bir-terorist-leyla-halid\/#respond\"]}]},{\"@type\":\"WebPage\",\"@id\":\"https:\/\/narteks.net\/index.php\/2011\/02\/12\/filistine-terorizmi-kim-getirdi-kimileri-icin-bir-kahraman-kimileri-icin-bir-terorist-leyla-halid\/\",\"url\":\"https:\/\/narteks.net\/index.php\/2011\/02\/12\/filistine-terorizmi-kim-getirdi-kimileri-icin-bir-kahraman-kimileri-icin-bir-terorist-leyla-halid\/\",\"name\":\"Filistin\u2019e ter\u00f6rizmi kim getirdi? | kimileri i\u00e7in bir kahraman, kimileri i\u00e7in bir ter\u00f6rist ; Leyla Halid - narteks.net\",\"isPartOf\":{\"@id\":\"https:\/\/narteks.net\/#website\"},\"primaryImageOfPage\":{\"@id\":\"https:\/\/narteks.net\/index.php\/2011\/02\/12\/filistine-terorizmi-kim-getirdi-kimileri-icin-bir-kahraman-kimileri-icin-bir-terorist-leyla-halid\/#primaryimage\"},\"image\":{\"@id\":\"https:\/\/narteks.net\/index.php\/2011\/02\/12\/filistine-terorizmi-kim-getirdi-kimileri-icin-bir-kahraman-kimileri-icin-bir-terorist-leyla-halid\/#primaryimage\"},\"thumbnailUrl\":\"http:\/\/media.ntvmsnbc.com\/j\/NTVMSNBC\/Components\/ArtAndPhoto-Fronts\/Sections-StoryLevel\/D%C3%BCnya\/Ortado%C4%9Fu\/090513-leyla_halid.widec.jpg\",\"datePublished\":\"2011-02-12T09:05:00+00:00\",\"breadcrumb\":{\"@id\":\"https:\/\/narteks.net\/index.php\/2011\/02\/12\/filistine-terorizmi-kim-getirdi-kimileri-icin-bir-kahraman-kimileri-icin-bir-terorist-leyla-halid\/#breadcrumb\"},\"inLanguage\":\"tr\",\"potentialAction\":[{\"@type\":\"ReadAction\",\"target\":[\"https:\/\/narteks.net\/index.php\/2011\/02\/12\/filistine-terorizmi-kim-getirdi-kimileri-icin-bir-kahraman-kimileri-icin-bir-terorist-leyla-halid\/\"]}]},{\"@type\":\"ImageObject\",\"inLanguage\":\"tr\",\"@id\":\"https:\/\/narteks.net\/index.php\/2011\/02\/12\/filistine-terorizmi-kim-getirdi-kimileri-icin-bir-kahraman-kimileri-icin-bir-terorist-leyla-halid\/#primaryimage\",\"url\":\"http:\/\/media.ntvmsnbc.com\/j\/NTVMSNBC\/Components\/ArtAndPhoto-Fronts\/Sections-StoryLevel\/D%C3%BCnya\/Ortado%C4%9Fu\/090513-leyla_halid.widec.jpg\",\"contentUrl\":\"http:\/\/media.ntvmsnbc.com\/j\/NTVMSNBC\/Components\/ArtAndPhoto-Fronts\/Sections-StoryLevel\/D%C3%BCnya\/Ortado%C4%9Fu\/090513-leyla_halid.widec.jpg\"},{\"@type\":\"BreadcrumbList\",\"@id\":\"https:\/\/narteks.net\/index.php\/2011\/02\/12\/filistine-terorizmi-kim-getirdi-kimileri-icin-bir-kahraman-kimileri-icin-bir-terorist-leyla-halid\/#breadcrumb\",\"itemListElement\":[{\"@type\":\"ListItem\",\"position\":1,\"name\":\"Anasayfa\",\"item\":\"https:\/\/narteks.net\/\"},{\"@type\":\"ListItem\",\"position\":2,\"name\":\"Filistin\u2019e ter\u00f6rizmi kim getirdi? | kimileri i\u00e7in bir kahraman, kimileri i\u00e7in bir ter\u00f6rist ; Leyla Halid\"}]},{\"@type\":\"WebSite\",\"@id\":\"https:\/\/narteks.net\/#website\",\"url\":\"https:\/\/narteks.net\/\",\"name\":\"narteks.net\",\"description\":\"K\u00fclt\u00fcr Sanat Edebiyat Felsefe\",\"publisher\":{\"@id\":\"https:\/\/narteks.net\/#organization\"},\"alternateName\":\"K\u00fclt\u00fcr Sanat Edebiyat Felsefe\",\"potentialAction\":[{\"@type\":\"SearchAction\",\"target\":{\"@type\":\"EntryPoint\",\"urlTemplate\":\"https:\/\/narteks.net\/?s={search_term_string}\"},\"query-input\":{\"@type\":\"PropertyValueSpecification\",\"valueRequired\":true,\"valueName\":\"search_term_string\"}}],\"inLanguage\":\"tr\"},{\"@type\":\"Organization\",\"@id\":\"https:\/\/narteks.net\/#organization\",\"name\":\"narteks.net\",\"url\":\"https:\/\/narteks.net\/\",\"logo\":{\"@type\":\"ImageObject\",\"inLanguage\":\"tr\",\"@id\":\"https:\/\/narteks.net\/#\/schema\/logo\/image\/\",\"url\":\"https:\/\/narteks.net\/wp-content\/uploads\/narteks.png\",\"contentUrl\":\"https:\/\/narteks.net\/wp-content\/uploads\/narteks.png\",\"width\":300,\"height\":90,\"caption\":\"narteks.net\"},\"image\":{\"@id\":\"https:\/\/narteks.net\/#\/schema\/logo\/image\/\"},\"sameAs\":[\"https:\/\/x.com\/narteks\",\"https:\/\/instagram.com\/narteksnet\"]},{\"@type\":\"Person\",\"@id\":\"https:\/\/narteks.net\/#\/schema\/person\/61f37d9834294b72d31d274e7ed79bca\",\"name\":\"Tar\u0131k\",\"image\":{\"@type\":\"ImageObject\",\"inLanguage\":\"tr\",\"@id\":\"https:\/\/narteks.net\/#\/schema\/person\/image\/\",\"url\":\"https:\/\/secure.gravatar.com\/avatar\/50865afb55632c4ae467e0af0930f6510aa2297d8014be502a55b14f3b7550cf?s=96&d=mm&r=g\",\"contentUrl\":\"https:\/\/secure.gravatar.com\/avatar\/50865afb55632c4ae467e0af0930f6510aa2297d8014be502a55b14f3b7550cf?s=96&d=mm&r=g\",\"caption\":\"Tar\u0131k\"},\"sameAs\":[\"http:\/\/narteks.net\"],\"url\":\"https:\/\/narteks.net\/index.php\/author\/narbak\/\"}]}<\/script>\n<!-- \/ Yoast SEO Premium plugin. -->","yoast_head_json":{"title":"Filistin\u2019e ter\u00f6rizmi kim getirdi? | kimileri i\u00e7in bir kahraman, kimileri i\u00e7in bir ter\u00f6rist ; Leyla Halid - narteks.net","robots":{"index":"index","follow":"follow","max-snippet":"max-snippet:-1","max-image-preview":"max-image-preview:large","max-video-preview":"max-video-preview:-1"},"canonical":"https:\/\/narteks.net\/index.php\/2011\/02\/12\/filistine-terorizmi-kim-getirdi-kimileri-icin-bir-kahraman-kimileri-icin-bir-terorist-leyla-halid\/","og_locale":"tr_TR","og_type":"article","og_title":"Filistin\u2019e ter\u00f6rizmi kim getirdi? | kimileri i\u00e7in bir kahraman, kimileri i\u00e7in bir ter\u00f6rist ; Leyla Halid","og_description":"Leyla Halid (\u0644\u064a\u0644\u0649 \u062e\u0627\u0644\u062f layl\u00e0 \u1e96\u0101lid; 9 Nisan 1944) Filistin Halk Kurtulu\u015f \u00d6rg\u00fct\u00fc&#8217;n\u00fcn bir \u00fcyesi.\u015eu anda Filistin Ulusal Y\u00f6netimi&#8217;nin bir \u00fcyesidir. 1944&#8217;de \u0130ngiliz y\u00f6netimi alt\u0131nda ki Hayfa&#8217;da do\u011fdu. Araplar 1947 y\u0131l\u0131nda BM b\u00f6l\u00fcnme plan\u0131n\u0131 geri \u00e7evirdi\u011fi zaman, Araplarla Yahudiler aras\u0131nda \u00e7at\u0131\u015fmalar ba\u015flad\u0131. Halid&#8217;in ailesi 1948&#8217;de babalar\u0131n\u0131 geride b\u0131rakarak L\u00fcbnan&#8217;a ka\u00e7t\u0131. 15 ya\u015f\u0131ndayken, k\u00f6kleri 1940&#8217;l\u0131 y\u0131llarda [&hellip;]","og_url":"https:\/\/narteks.net\/index.php\/2011\/02\/12\/filistine-terorizmi-kim-getirdi-kimileri-icin-bir-kahraman-kimileri-icin-bir-terorist-leyla-halid\/","og_site_name":"narteks.net","article_published_time":"2011-02-12T09:05:00+00:00","og_image":[{"url":"http:\/\/media.ntvmsnbc.com\/j\/NTVMSNBC\/Components\/ArtAndPhoto-Fronts\/Sections-StoryLevel\/D%C3%BCnya\/Ortado%C4%9Fu\/090513-leyla_halid.widec.jpg","type":"","width":"","height":""}],"author":"Tar\u0131k","twitter_card":"summary_large_image","twitter_creator":"@narteks","twitter_site":"@narteks","twitter_misc":{"Yazan:":"Tar\u0131k","Tahmini okuma s\u00fcresi":"15 dakika"},"schema":{"@context":"https:\/\/schema.org","@graph":[{"@type":"Article","@id":"https:\/\/narteks.net\/index.php\/2011\/02\/12\/filistine-terorizmi-kim-getirdi-kimileri-icin-bir-kahraman-kimileri-icin-bir-terorist-leyla-halid\/#article","isPartOf":{"@id":"https:\/\/narteks.net\/index.php\/2011\/02\/12\/filistine-terorizmi-kim-getirdi-kimileri-icin-bir-kahraman-kimileri-icin-bir-terorist-leyla-halid\/"},"author":{"name":"Tar\u0131k","@id":"https:\/\/narteks.net\/#\/schema\/person\/61f37d9834294b72d31d274e7ed79bca"},"headline":"Filistin\u2019e ter\u00f6rizmi kim getirdi? | kimileri i\u00e7in bir kahraman, kimileri i\u00e7in bir ter\u00f6rist ; Leyla Halid","datePublished":"2011-02-12T09:05:00+00:00","mainEntityOfPage":{"@id":"https:\/\/narteks.net\/index.php\/2011\/02\/12\/filistine-terorizmi-kim-getirdi-kimileri-icin-bir-kahraman-kimileri-icin-bir-terorist-leyla-halid\/"},"wordCount":3029,"commentCount":0,"publisher":{"@id":"https:\/\/narteks.net\/#organization"},"image":{"@id":"https:\/\/narteks.net\/index.php\/2011\/02\/12\/filistine-terorizmi-kim-getirdi-kimileri-icin-bir-kahraman-kimileri-icin-bir-terorist-leyla-halid\/#primaryimage"},"thumbnailUrl":"http:\/\/media.ntvmsnbc.com\/j\/NTVMSNBC\/Components\/ArtAndPhoto-Fronts\/Sections-StoryLevel\/D%C3%BCnya\/Ortado%C4%9Fu\/090513-leyla_halid.widec.jpg","articleSection":["Kad\u0131na Dair"],"inLanguage":"tr","potentialAction":[{"@type":"CommentAction","name":"Comment","target":["https:\/\/narteks.net\/index.php\/2011\/02\/12\/filistine-terorizmi-kim-getirdi-kimileri-icin-bir-kahraman-kimileri-icin-bir-terorist-leyla-halid\/#respond"]}]},{"@type":"WebPage","@id":"https:\/\/narteks.net\/index.php\/2011\/02\/12\/filistine-terorizmi-kim-getirdi-kimileri-icin-bir-kahraman-kimileri-icin-bir-terorist-leyla-halid\/","url":"https:\/\/narteks.net\/index.php\/2011\/02\/12\/filistine-terorizmi-kim-getirdi-kimileri-icin-bir-kahraman-kimileri-icin-bir-terorist-leyla-halid\/","name":"Filistin\u2019e ter\u00f6rizmi kim getirdi? | kimileri i\u00e7in bir kahraman, kimileri i\u00e7in bir ter\u00f6rist ; Leyla Halid - narteks.net","isPartOf":{"@id":"https:\/\/narteks.net\/#website"},"primaryImageOfPage":{"@id":"https:\/\/narteks.net\/index.php\/2011\/02\/12\/filistine-terorizmi-kim-getirdi-kimileri-icin-bir-kahraman-kimileri-icin-bir-terorist-leyla-halid\/#primaryimage"},"image":{"@id":"https:\/\/narteks.net\/index.php\/2011\/02\/12\/filistine-terorizmi-kim-getirdi-kimileri-icin-bir-kahraman-kimileri-icin-bir-terorist-leyla-halid\/#primaryimage"},"thumbnailUrl":"http:\/\/media.ntvmsnbc.com\/j\/NTVMSNBC\/Components\/ArtAndPhoto-Fronts\/Sections-StoryLevel\/D%C3%BCnya\/Ortado%C4%9Fu\/090513-leyla_halid.widec.jpg","datePublished":"2011-02-12T09:05:00+00:00","breadcrumb":{"@id":"https:\/\/narteks.net\/index.php\/2011\/02\/12\/filistine-terorizmi-kim-getirdi-kimileri-icin-bir-kahraman-kimileri-icin-bir-terorist-leyla-halid\/#breadcrumb"},"inLanguage":"tr","potentialAction":[{"@type":"ReadAction","target":["https:\/\/narteks.net\/index.php\/2011\/02\/12\/filistine-terorizmi-kim-getirdi-kimileri-icin-bir-kahraman-kimileri-icin-bir-terorist-leyla-halid\/"]}]},{"@type":"ImageObject","inLanguage":"tr","@id":"https:\/\/narteks.net\/index.php\/2011\/02\/12\/filistine-terorizmi-kim-getirdi-kimileri-icin-bir-kahraman-kimileri-icin-bir-terorist-leyla-halid\/#primaryimage","url":"http:\/\/media.ntvmsnbc.com\/j\/NTVMSNBC\/Components\/ArtAndPhoto-Fronts\/Sections-StoryLevel\/D%C3%BCnya\/Ortado%C4%9Fu\/090513-leyla_halid.widec.jpg","contentUrl":"http:\/\/media.ntvmsnbc.com\/j\/NTVMSNBC\/Components\/ArtAndPhoto-Fronts\/Sections-StoryLevel\/D%C3%BCnya\/Ortado%C4%9Fu\/090513-leyla_halid.widec.jpg"},{"@type":"BreadcrumbList","@id":"https:\/\/narteks.net\/index.php\/2011\/02\/12\/filistine-terorizmi-kim-getirdi-kimileri-icin-bir-kahraman-kimileri-icin-bir-terorist-leyla-halid\/#breadcrumb","itemListElement":[{"@type":"ListItem","position":1,"name":"Anasayfa","item":"https:\/\/narteks.net\/"},{"@type":"ListItem","position":2,"name":"Filistin\u2019e ter\u00f6rizmi kim getirdi? | kimileri i\u00e7in bir kahraman, kimileri i\u00e7in bir ter\u00f6rist ; Leyla Halid"}]},{"@type":"WebSite","@id":"https:\/\/narteks.net\/#website","url":"https:\/\/narteks.net\/","name":"narteks.net","description":"K\u00fclt\u00fcr Sanat Edebiyat Felsefe","publisher":{"@id":"https:\/\/narteks.net\/#organization"},"alternateName":"K\u00fclt\u00fcr Sanat Edebiyat Felsefe","potentialAction":[{"@type":"SearchAction","target":{"@type":"EntryPoint","urlTemplate":"https:\/\/narteks.net\/?s={search_term_string}"},"query-input":{"@type":"PropertyValueSpecification","valueRequired":true,"valueName":"search_term_string"}}],"inLanguage":"tr"},{"@type":"Organization","@id":"https:\/\/narteks.net\/#organization","name":"narteks.net","url":"https:\/\/narteks.net\/","logo":{"@type":"ImageObject","inLanguage":"tr","@id":"https:\/\/narteks.net\/#\/schema\/logo\/image\/","url":"https:\/\/narteks.net\/wp-content\/uploads\/narteks.png","contentUrl":"https:\/\/narteks.net\/wp-content\/uploads\/narteks.png","width":300,"height":90,"caption":"narteks.net"},"image":{"@id":"https:\/\/narteks.net\/#\/schema\/logo\/image\/"},"sameAs":["https:\/\/x.com\/narteks","https:\/\/instagram.com\/narteksnet"]},{"@type":"Person","@id":"https:\/\/narteks.net\/#\/schema\/person\/61f37d9834294b72d31d274e7ed79bca","name":"Tar\u0131k","image":{"@type":"ImageObject","inLanguage":"tr","@id":"https:\/\/narteks.net\/#\/schema\/person\/image\/","url":"https:\/\/secure.gravatar.com\/avatar\/50865afb55632c4ae467e0af0930f6510aa2297d8014be502a55b14f3b7550cf?s=96&d=mm&r=g","contentUrl":"https:\/\/secure.gravatar.com\/avatar\/50865afb55632c4ae467e0af0930f6510aa2297d8014be502a55b14f3b7550cf?s=96&d=mm&r=g","caption":"Tar\u0131k"},"sameAs":["http:\/\/narteks.net"],"url":"https:\/\/narteks.net\/index.php\/author\/narbak\/"}]}},"_links":{"self":[{"href":"https:\/\/narteks.net\/index.php\/wp-json\/wp\/v2\/posts\/5030","targetHints":{"allow":["GET"]}}],"collection":[{"href":"https:\/\/narteks.net\/index.php\/wp-json\/wp\/v2\/posts"}],"about":[{"href":"https:\/\/narteks.net\/index.php\/wp-json\/wp\/v2\/types\/post"}],"author":[{"embeddable":true,"href":"https:\/\/narteks.net\/index.php\/wp-json\/wp\/v2\/users\/1"}],"replies":[{"embeddable":true,"href":"https:\/\/narteks.net\/index.php\/wp-json\/wp\/v2\/comments?post=5030"}],"version-history":[{"count":0,"href":"https:\/\/narteks.net\/index.php\/wp-json\/wp\/v2\/posts\/5030\/revisions"}],"wp:attachment":[{"href":"https:\/\/narteks.net\/index.php\/wp-json\/wp\/v2\/media?parent=5030"}],"wp:term":[{"taxonomy":"category","embeddable":true,"href":"https:\/\/narteks.net\/index.php\/wp-json\/wp\/v2\/categories?post=5030"},{"taxonomy":"post_tag","embeddable":true,"href":"https:\/\/narteks.net\/index.php\/wp-json\/wp\/v2\/tags?post=5030"}],"curies":[{"name":"wp","href":"https:\/\/api.w.org\/{rel}","templated":true}]}}