{"id":5037,"date":"2011-02-15T15:04:30","date_gmt":"2011-02-15T12:04:30","guid":{"rendered":"http:\/\/localhost\/wordpress\/2011\/02\/15\/curriculum-vitae\/"},"modified":"2011-02-15T15:04:30","modified_gmt":"2011-02-15T12:04:30","slug":"curriculum-vitae","status":"publish","type":"post","link":"https:\/\/narteks.net\/index.php\/2011\/02\/15\/curriculum-vitae\/","title":{"rendered":"CURR\u0130CULUM V\u0130TAE"},"content":{"rendered":"<p>\u00a0<\/p>\n<p>Uzundur gece,<br \/>uzundur, \u00f6lemeyen<br \/>adam i\u00e7in, uzun s\u00fcre<br \/>yalpa vurur \u00e7\u0131plak bak\u0131\u015flar\u0131<br \/>sokak lambalar\u0131n\u0131n alt\u0131nda,<br \/>i\u00e7kili solu\u011fuyla k\u00f6rle\u015fen g\u00f6zleri<br \/>ve t\u0131rnaklar\u0131n\u0131n alt\u0131ndaki et k\u0131r\u0131nt\u0131lar\u0131n\u0131n<br \/>kokular\u0131, uyu\u015fturmaz her zaman, Tanr\u0131m,<br \/>uzundur gece.<\/p>\n<p>Beyazla\u015fm\u0131yor sa\u00e7lar\u0131m,<br \/>\u00e7\u00fcnk\u00fc ben, makinelerin rahminden \u00e7\u0131kt\u0131m<br \/>s\u00fcr\u00fcnerek, \u00e7amkatran\u0131 pembe bir \u00e7izgi<br \/>\u00e7ekmi\u015f aln\u0131ma ve sa\u00e7 \u00f6rg\u00fcs\u00fcne,<br \/>sa\u00e7larda karbeyaz\u0131 bo\u011fulmu\u015f. Ama ben,<br \/>b\u00fcy\u00fck reis, y\u00fcr\u00fcd\u00fcm on\u00e7arp\u0131y\u00fczbin<br \/>ruhluk kent boyunca ve ayaklar\u0131m,<br \/>on\u00e7arp\u0131y\u00fczbin so\u011fumu\u015f bar\u0131\u015f \u00e7ubu\u011funun sarkt\u0131\u011f\u0131,<br \/>deri kapl\u0131 g\u00f6ky\u00fcz\u00fcn\u00fcn alt\u0131nda k\u0131rkayaklar gibi<br \/>kayna\u015fan ruhlara bast\u0131. \u00c7o\u011fu kez<br \/>meleklerin huzurunu istedim kendime,<br \/>bir de dostlar\u0131m\u0131n \u00e7aresizlik \u00e7\u0131\u011fl\u0131klar\u0131yla<br \/>dolmu\u015f av b\u00f6lgelerini.<\/p>\n<p>Ayaklar\u0131 ve kanatlar\u0131 iki yana a\u00e7\u0131lm\u0131\u015f,<br \/>herkesin bildikleriyle havaland\u0131 gen\u00e7li\u011fim,<br \/>kirli su birikintilerinin ve yaseminlerin \u00fczerinden<br \/>u\u00e7ularak var\u0131ld\u0131, kare k\u00f6klerinin gizini saklayan gecelere,<br \/>\u015fimdi \u00f6l\u00fcm\u00fcn s\u00f6ylencesi, sanki her saat penceremde,<br \/>kurt s\u00fct\u00fc verin bana ve g\u0131rtla\u011f\u0131ma benden \u00f6ncekilerin<br \/>kahkahalar\u0131n\u0131 ak\u0131t\u0131n, e\u011fer safalar\u0131n \u00fcst\u00fcnde<br \/>uyuya kal\u0131rsam, ve e\u011fer g\u00f6r\u00fcrsem utand\u0131r\u0131c\u0131 bir d\u00fc\u015fte<br \/>d\u00fc\u015f\u00fcnmeyi beceremedi\u011fimi, ancak y\u0131lan bi\u00e7imi<br \/>sa\u00e7aklar\u0131n p\u00fcsk\u00fclleriyle oynayabildi\u011fimi.<\/p>\n<p>Annelerimiz de d\u00fc\u015flemi\u015flerdi<br \/>erkeklerinin gelece\u011fini,<br \/>pek etkileyiciydi g\u00f6rd\u00fckleri,<br \/>her biri devrimci ve yaln\u0131zl\u0131\u011f\u0131na g\u00f6m\u00fclm\u00fc\u015f,<br \/>ama bah\u00e7ede, duan\u0131n ard\u0131ndan,<br \/>yalazlanm\u0131\u015f otlar\u0131n \u00fcst\u00fcne e\u011fildiklerinde,<br \/>a\u015fklar\u0131n\u0131n geveze \u00e7ocu\u011fuyla eleleydiler.<br \/>S\u00f6yle, benim kederli babac\u0131\u011f\u0131m, neden<br \/>susmu\u015ftunuz o zamanlar,<br \/>d\u00fc\u015f\u00fcnmeyi s\u00fcrd\u00fcrecek yerde?<\/p>\n<p>Gecelerden birinde yitip gitti\u011finde insan,<br \/>ate\u015f etmeyen bir topun yan\u0131nda<br \/>ve ate\u015f f\u0131skiyelerinin ortas\u0131nda,<br \/>kahredesiye uzundur gece; sar\u0131l\u0131k olmu\u015f<br \/>ay\u0131n at\u0131\u011f\u0131n\u0131n, safra rengi bir \u0131\u015f\u0131\u011f\u0131n alt\u0131nda,<br \/>iktidar \u00f6zlemiyle dolu bir d\u00fc\u015f\u00fcn ard\u0131ndan<br \/>f\u0131rt\u0131na gibi ge\u00e7ip gitti (engelleyemedi\u011fim) k\u0131zak,<br \/>i\u00e7inde k\u00fcrklere b\u00fcr\u00fcnm\u00fc\u015f tarihle birlikte.<br \/>Uyudu\u011fumdan de\u011fil: Uyan\u0131kt\u0131m asl\u0131nda,<br \/>buz iskeletlerinin aras\u0131nda arad\u0131m yolumu,<br \/>eve d\u00f6nd\u00fcm, kollar\u0131ma sarma\u015f\u0131klar dolad\u0131m<br \/>ve bacaklar\u0131ma, g\u00fcne\u015fin kal\u0131nt\u0131lar\u0131n\u0131n yard\u0131m\u0131yla<br \/>y\u0131k\u0131nt\u0131lar\u0131 akla\u015ft\u0131rd\u0131m.<br \/>Kutlad\u0131m b\u00fcy\u00fck bayramlar\u0131,<br \/>ve ancak m\u00fcjdelendikten sonra,<br \/>ekme\u011fi ikiye ay\u0131rd\u0131m.<\/p>\n<p>B\u00fcy\u00fck izler b\u0131rakan bir zamanda,<br \/>\u00e7abuk gitmelidir insan, bir \u0131\u015f\u0131ktan<br \/>\u00f6tekine ya da bir \u00fclkeden bir ba\u015fkas\u0131na,<br \/>g\u00f6k ku\u015fa\u011f\u0131n\u0131n alt\u0131nda, pergelin ucu y\u00fcrekte,<br \/>odak noktas\u0131 al\u0131nan ise, gece.<br \/>Alabildi\u011fine a\u00e7\u0131k. Da\u011flardan<br \/>g\u00f6ller, g\u00f6llerin i\u00e7inde da\u011flar g\u00f6r\u00fcn\u00fcr,<br \/>ve bulutlar\u0131n aras\u0131nda, \u00e7alar<br \/>birinin d\u00fcnyas\u0131n\u0131n \u00e7anlar\u0131.<br \/>Kimin d\u00fcnyas\u0131 oldu\u011funu \u00f6\u011frenmek ise<br \/>bana yasaklanm\u0131\u015ft\u0131r.<\/p>\n<p>Bir Cuma g\u00fcn\u00fc oldu<br \/>-oru\u00e7luydum ya\u015fam\u0131m ad\u0131na,<br \/>havadan sanki limon suyu damlamaktayd\u0131<br \/>ve k\u0131l\u00e7\u0131klar saplanm\u0131\u015ft\u0131 dama\u011f\u0131ma-<br \/>o s\u0131rada bir y\u00fcz\u00fck \u00e7\u0131kard\u0131m<br \/>a\u00e7\u0131lan bal\u0131\u011f\u0131n i\u00e7inden, do\u011fumumda<br \/>gecenin nehrine at\u0131lm\u0131\u015f ve batm\u0131\u015ft\u0131.<br \/>Onu geceye geri verdim.<\/p>\n<p>Ah, ke\u015fke korkmasayd\u0131m \u00f6l\u00fcmden!<br \/>Bulabilseydim s\u00f6zc\u00fckleri,<br \/>(ka\u00e7\u0131rmasayd\u0131m),<br \/>dikenler olmasayd\u0131 y\u00fcre\u011fimde,<br \/>(g\u00fcne\u015fi vurabilseydim),<br \/>olmasayd\u0131 a\u011fz\u0131mda bu susam\u0131\u015fl\u0131k,<br \/>(vah\u015fi sular\u0131 i\u00e7meseydim),<br \/>a\u00e7masayd\u0131m kirpiklerimi,<br \/>(sicimi g\u00f6rmeseydim).<\/p>\n<p>G\u00f6ky\u00fcz\u00fc m\u00fc \u00e7ekip g\u00f6t\u00fcrd\u00fckleri?<br \/>Ta\u015f\u0131masayd\u0131 e\u011fer yery\u00fcz\u00fc beni,<br \/>\u00e7oktan uzanm\u0131\u015f yat\u0131yor olurdum,<br \/>\u00e7oktan yatard\u0131m, gecenin<br \/>olmam\u0131 istedi\u011fi yerde,<br \/>daha kabartmadan burun deliklerini,<br \/>ve aya\u011f\u0131n\u0131 kald\u0131rmadan<br \/>yeni darbeler i\u00e7in,<br \/>hep pe\u015finde yeni darbelerin.<br \/>Hep gece.<br \/>Ve g\u00fcn, hi\u00e7 yok.<\/p>\n<p>Ingeborg Bachmann<\/p>\n","protected":false},"excerpt":{"rendered":"<p>\u00a0 Uzundur gece,uzundur, \u00f6lemeyenadam i\u00e7in, uzun s\u00fcreyalpa vurur \u00e7\u0131plak bak\u0131\u015flar\u0131sokak lambalar\u0131n\u0131n alt\u0131nda,i\u00e7kili solu\u011fuyla k\u00f6rle\u015fen g\u00f6zlerive t\u0131rnaklar\u0131n\u0131n alt\u0131ndaki et k\u0131r\u0131nt\u0131lar\u0131n\u0131nkokular\u0131, uyu\u015fturmaz her zaman, Tanr\u0131m,uzundur gece. Beyazla\u015fm\u0131yor sa\u00e7lar\u0131m,\u00e7\u00fcnk\u00fc ben, makinelerin rahminden \u00e7\u0131kt\u0131ms\u00fcr\u00fcnerek, \u00e7amkatran\u0131 pembe bir \u00e7izgi\u00e7ekmi\u015f aln\u0131ma ve sa\u00e7 \u00f6rg\u00fcs\u00fcne,sa\u00e7larda karbeyaz\u0131 bo\u011fulmu\u015f. Ama ben,b\u00fcy\u00fck reis, y\u00fcr\u00fcd\u00fcm on\u00e7arp\u0131y\u00fczbinruhluk kent boyunca ve ayaklar\u0131m,on\u00e7arp\u0131y\u00fczbin so\u011fumu\u015f bar\u0131\u015f \u00e7ubu\u011funun sarkt\u0131\u011f\u0131,deri kapl\u0131 g\u00f6ky\u00fcz\u00fcn\u00fcn [&hellip;]<\/p>\n","protected":false},"author":1,"featured_media":0,"comment_status":"open","ping_status":"open","sticky":false,"template":"","format":"standard","meta":{"footnotes":""},"categories":[71],"tags":[],"class_list":{"0":"post-5037","1":"post","2":"type-post","3":"status-publish","4":"format-standard","6":"category-ingeborg-bachmann"},"yoast_head":"<!-- This site is optimized with the Yoast SEO Premium plugin v24.9 (Yoast SEO v24.9) - https:\/\/yoast.com\/wordpress\/plugins\/seo\/ -->\n<title>CURR\u0130CULUM V\u0130TAE - narteks.net<\/title>\n<meta name=\"robots\" content=\"index, follow, max-snippet:-1, max-image-preview:large, max-video-preview:-1\" \/>\n<link rel=\"canonical\" href=\"https:\/\/narteks.net\/index.php\/2011\/02\/15\/curriculum-vitae\/\" \/>\n<meta property=\"og:locale\" content=\"tr_TR\" \/>\n<meta property=\"og:type\" content=\"article\" \/>\n<meta property=\"og:title\" content=\"CURR\u0130CULUM V\u0130TAE\" \/>\n<meta property=\"og:description\" content=\"\u00a0 Uzundur gece,uzundur, \u00f6lemeyenadam i\u00e7in, uzun s\u00fcreyalpa vurur \u00e7\u0131plak bak\u0131\u015flar\u0131sokak lambalar\u0131n\u0131n alt\u0131nda,i\u00e7kili solu\u011fuyla k\u00f6rle\u015fen g\u00f6zlerive t\u0131rnaklar\u0131n\u0131n alt\u0131ndaki et k\u0131r\u0131nt\u0131lar\u0131n\u0131nkokular\u0131, uyu\u015fturmaz her zaman, Tanr\u0131m,uzundur gece. Beyazla\u015fm\u0131yor sa\u00e7lar\u0131m,\u00e7\u00fcnk\u00fc ben, makinelerin rahminden \u00e7\u0131kt\u0131ms\u00fcr\u00fcnerek, \u00e7amkatran\u0131 pembe bir \u00e7izgi\u00e7ekmi\u015f aln\u0131ma ve sa\u00e7 \u00f6rg\u00fcs\u00fcne,sa\u00e7larda karbeyaz\u0131 bo\u011fulmu\u015f. Ama ben,b\u00fcy\u00fck reis, y\u00fcr\u00fcd\u00fcm on\u00e7arp\u0131y\u00fczbinruhluk kent boyunca ve ayaklar\u0131m,on\u00e7arp\u0131y\u00fczbin so\u011fumu\u015f bar\u0131\u015f \u00e7ubu\u011funun sarkt\u0131\u011f\u0131,deri kapl\u0131 g\u00f6ky\u00fcz\u00fcn\u00fcn [&hellip;]\" \/>\n<meta property=\"og:url\" content=\"https:\/\/narteks.net\/index.php\/2011\/02\/15\/curriculum-vitae\/\" \/>\n<meta property=\"og:site_name\" content=\"narteks.net\" \/>\n<meta property=\"article:published_time\" content=\"2011-02-15T12:04:30+00:00\" \/>\n<meta property=\"og:image\" content=\"https:\/\/narteks.net\/wp-content\/uploads\/narteks.png\" \/>\n\t<meta property=\"og:image:width\" content=\"300\" \/>\n\t<meta property=\"og:image:height\" content=\"90\" \/>\n\t<meta property=\"og:image:type\" content=\"image\/png\" \/>\n<meta name=\"author\" content=\"Tar\u0131k\" \/>\n<meta name=\"twitter:card\" content=\"summary_large_image\" \/>\n<meta name=\"twitter:creator\" content=\"@narteks\" \/>\n<meta name=\"twitter:site\" content=\"@narteks\" \/>\n<meta name=\"twitter:label1\" content=\"Yazan:\" \/>\n\t<meta name=\"twitter:data1\" content=\"Tar\u0131k\" \/>\n\t<meta name=\"twitter:label2\" content=\"Tahmini okuma s\u00fcresi\" \/>\n\t<meta name=\"twitter:data2\" content=\"3 dakika\" \/>\n<script type=\"application\/ld+json\" class=\"yoast-schema-graph\">{\"@context\":\"https:\/\/schema.org\",\"@graph\":[{\"@type\":\"Article\",\"@id\":\"https:\/\/narteks.net\/index.php\/2011\/02\/15\/curriculum-vitae\/#article\",\"isPartOf\":{\"@id\":\"https:\/\/narteks.net\/index.php\/2011\/02\/15\/curriculum-vitae\/\"},\"author\":{\"name\":\"Tar\u0131k\",\"@id\":\"https:\/\/narteks.net\/#\/schema\/person\/61f37d9834294b72d31d274e7ed79bca\"},\"headline\":\"CURR\u0130CULUM V\u0130TAE\",\"datePublished\":\"2011-02-15T12:04:30+00:00\",\"mainEntityOfPage\":{\"@id\":\"https:\/\/narteks.net\/index.php\/2011\/02\/15\/curriculum-vitae\/\"},\"wordCount\":643,\"commentCount\":0,\"publisher\":{\"@id\":\"https:\/\/narteks.net\/#organization\"},\"articleSection\":[\"\u0130ngeborg BACHMANN\"],\"inLanguage\":\"tr\",\"potentialAction\":[{\"@type\":\"CommentAction\",\"name\":\"Comment\",\"target\":[\"https:\/\/narteks.net\/index.php\/2011\/02\/15\/curriculum-vitae\/#respond\"]}]},{\"@type\":\"WebPage\",\"@id\":\"https:\/\/narteks.net\/index.php\/2011\/02\/15\/curriculum-vitae\/\",\"url\":\"https:\/\/narteks.net\/index.php\/2011\/02\/15\/curriculum-vitae\/\",\"name\":\"CURR\u0130CULUM V\u0130TAE - narteks.net\",\"isPartOf\":{\"@id\":\"https:\/\/narteks.net\/#website\"},\"datePublished\":\"2011-02-15T12:04:30+00:00\",\"breadcrumb\":{\"@id\":\"https:\/\/narteks.net\/index.php\/2011\/02\/15\/curriculum-vitae\/#breadcrumb\"},\"inLanguage\":\"tr\",\"potentialAction\":[{\"@type\":\"ReadAction\",\"target\":[\"https:\/\/narteks.net\/index.php\/2011\/02\/15\/curriculum-vitae\/\"]}]},{\"@type\":\"BreadcrumbList\",\"@id\":\"https:\/\/narteks.net\/index.php\/2011\/02\/15\/curriculum-vitae\/#breadcrumb\",\"itemListElement\":[{\"@type\":\"ListItem\",\"position\":1,\"name\":\"Anasayfa\",\"item\":\"https:\/\/narteks.net\/\"},{\"@type\":\"ListItem\",\"position\":2,\"name\":\"CURR\u0130CULUM V\u0130TAE\"}]},{\"@type\":\"WebSite\",\"@id\":\"https:\/\/narteks.net\/#website\",\"url\":\"https:\/\/narteks.net\/\",\"name\":\"narteks.net\",\"description\":\"K\u00fclt\u00fcr Sanat Edebiyat Felsefe\",\"publisher\":{\"@id\":\"https:\/\/narteks.net\/#organization\"},\"alternateName\":\"K\u00fclt\u00fcr Sanat Edebiyat Felsefe\",\"potentialAction\":[{\"@type\":\"SearchAction\",\"target\":{\"@type\":\"EntryPoint\",\"urlTemplate\":\"https:\/\/narteks.net\/?s={search_term_string}\"},\"query-input\":{\"@type\":\"PropertyValueSpecification\",\"valueRequired\":true,\"valueName\":\"search_term_string\"}}],\"inLanguage\":\"tr\"},{\"@type\":\"Organization\",\"@id\":\"https:\/\/narteks.net\/#organization\",\"name\":\"narteks.net\",\"url\":\"https:\/\/narteks.net\/\",\"logo\":{\"@type\":\"ImageObject\",\"inLanguage\":\"tr\",\"@id\":\"https:\/\/narteks.net\/#\/schema\/logo\/image\/\",\"url\":\"https:\/\/narteks.net\/wp-content\/uploads\/narteks.png\",\"contentUrl\":\"https:\/\/narteks.net\/wp-content\/uploads\/narteks.png\",\"width\":300,\"height\":90,\"caption\":\"narteks.net\"},\"image\":{\"@id\":\"https:\/\/narteks.net\/#\/schema\/logo\/image\/\"},\"sameAs\":[\"https:\/\/x.com\/narteks\",\"https:\/\/instagram.com\/narteksnet\"]},{\"@type\":\"Person\",\"@id\":\"https:\/\/narteks.net\/#\/schema\/person\/61f37d9834294b72d31d274e7ed79bca\",\"name\":\"Tar\u0131k\",\"image\":{\"@type\":\"ImageObject\",\"inLanguage\":\"tr\",\"@id\":\"https:\/\/narteks.net\/#\/schema\/person\/image\/\",\"url\":\"https:\/\/secure.gravatar.com\/avatar\/50865afb55632c4ae467e0af0930f6510aa2297d8014be502a55b14f3b7550cf?s=96&d=mm&r=g\",\"contentUrl\":\"https:\/\/secure.gravatar.com\/avatar\/50865afb55632c4ae467e0af0930f6510aa2297d8014be502a55b14f3b7550cf?s=96&d=mm&r=g\",\"caption\":\"Tar\u0131k\"},\"sameAs\":[\"http:\/\/narteks.net\"],\"url\":\"https:\/\/narteks.net\/index.php\/author\/narbak\/\"}]}<\/script>\n<!-- \/ Yoast SEO Premium plugin. -->","yoast_head_json":{"title":"CURR\u0130CULUM V\u0130TAE - narteks.net","robots":{"index":"index","follow":"follow","max-snippet":"max-snippet:-1","max-image-preview":"max-image-preview:large","max-video-preview":"max-video-preview:-1"},"canonical":"https:\/\/narteks.net\/index.php\/2011\/02\/15\/curriculum-vitae\/","og_locale":"tr_TR","og_type":"article","og_title":"CURR\u0130CULUM V\u0130TAE","og_description":"\u00a0 Uzundur gece,uzundur, \u00f6lemeyenadam i\u00e7in, uzun s\u00fcreyalpa vurur \u00e7\u0131plak bak\u0131\u015flar\u0131sokak lambalar\u0131n\u0131n alt\u0131nda,i\u00e7kili solu\u011fuyla k\u00f6rle\u015fen g\u00f6zlerive t\u0131rnaklar\u0131n\u0131n alt\u0131ndaki et k\u0131r\u0131nt\u0131lar\u0131n\u0131nkokular\u0131, uyu\u015fturmaz her zaman, Tanr\u0131m,uzundur gece. Beyazla\u015fm\u0131yor sa\u00e7lar\u0131m,\u00e7\u00fcnk\u00fc ben, makinelerin rahminden \u00e7\u0131kt\u0131ms\u00fcr\u00fcnerek, \u00e7amkatran\u0131 pembe bir \u00e7izgi\u00e7ekmi\u015f aln\u0131ma ve sa\u00e7 \u00f6rg\u00fcs\u00fcne,sa\u00e7larda karbeyaz\u0131 bo\u011fulmu\u015f. Ama ben,b\u00fcy\u00fck reis, y\u00fcr\u00fcd\u00fcm on\u00e7arp\u0131y\u00fczbinruhluk kent boyunca ve ayaklar\u0131m,on\u00e7arp\u0131y\u00fczbin so\u011fumu\u015f bar\u0131\u015f \u00e7ubu\u011funun sarkt\u0131\u011f\u0131,deri kapl\u0131 g\u00f6ky\u00fcz\u00fcn\u00fcn [&hellip;]","og_url":"https:\/\/narteks.net\/index.php\/2011\/02\/15\/curriculum-vitae\/","og_site_name":"narteks.net","article_published_time":"2011-02-15T12:04:30+00:00","og_image":[{"width":300,"height":90,"url":"https:\/\/narteks.net\/wp-content\/uploads\/narteks.png","type":"image\/png"}],"author":"Tar\u0131k","twitter_card":"summary_large_image","twitter_creator":"@narteks","twitter_site":"@narteks","twitter_misc":{"Yazan:":"Tar\u0131k","Tahmini okuma s\u00fcresi":"3 dakika"},"schema":{"@context":"https:\/\/schema.org","@graph":[{"@type":"Article","@id":"https:\/\/narteks.net\/index.php\/2011\/02\/15\/curriculum-vitae\/#article","isPartOf":{"@id":"https:\/\/narteks.net\/index.php\/2011\/02\/15\/curriculum-vitae\/"},"author":{"name":"Tar\u0131k","@id":"https:\/\/narteks.net\/#\/schema\/person\/61f37d9834294b72d31d274e7ed79bca"},"headline":"CURR\u0130CULUM V\u0130TAE","datePublished":"2011-02-15T12:04:30+00:00","mainEntityOfPage":{"@id":"https:\/\/narteks.net\/index.php\/2011\/02\/15\/curriculum-vitae\/"},"wordCount":643,"commentCount":0,"publisher":{"@id":"https:\/\/narteks.net\/#organization"},"articleSection":["\u0130ngeborg BACHMANN"],"inLanguage":"tr","potentialAction":[{"@type":"CommentAction","name":"Comment","target":["https:\/\/narteks.net\/index.php\/2011\/02\/15\/curriculum-vitae\/#respond"]}]},{"@type":"WebPage","@id":"https:\/\/narteks.net\/index.php\/2011\/02\/15\/curriculum-vitae\/","url":"https:\/\/narteks.net\/index.php\/2011\/02\/15\/curriculum-vitae\/","name":"CURR\u0130CULUM V\u0130TAE - narteks.net","isPartOf":{"@id":"https:\/\/narteks.net\/#website"},"datePublished":"2011-02-15T12:04:30+00:00","breadcrumb":{"@id":"https:\/\/narteks.net\/index.php\/2011\/02\/15\/curriculum-vitae\/#breadcrumb"},"inLanguage":"tr","potentialAction":[{"@type":"ReadAction","target":["https:\/\/narteks.net\/index.php\/2011\/02\/15\/curriculum-vitae\/"]}]},{"@type":"BreadcrumbList","@id":"https:\/\/narteks.net\/index.php\/2011\/02\/15\/curriculum-vitae\/#breadcrumb","itemListElement":[{"@type":"ListItem","position":1,"name":"Anasayfa","item":"https:\/\/narteks.net\/"},{"@type":"ListItem","position":2,"name":"CURR\u0130CULUM V\u0130TAE"}]},{"@type":"WebSite","@id":"https:\/\/narteks.net\/#website","url":"https:\/\/narteks.net\/","name":"narteks.net","description":"K\u00fclt\u00fcr Sanat Edebiyat Felsefe","publisher":{"@id":"https:\/\/narteks.net\/#organization"},"alternateName":"K\u00fclt\u00fcr Sanat Edebiyat Felsefe","potentialAction":[{"@type":"SearchAction","target":{"@type":"EntryPoint","urlTemplate":"https:\/\/narteks.net\/?s={search_term_string}"},"query-input":{"@type":"PropertyValueSpecification","valueRequired":true,"valueName":"search_term_string"}}],"inLanguage":"tr"},{"@type":"Organization","@id":"https:\/\/narteks.net\/#organization","name":"narteks.net","url":"https:\/\/narteks.net\/","logo":{"@type":"ImageObject","inLanguage":"tr","@id":"https:\/\/narteks.net\/#\/schema\/logo\/image\/","url":"https:\/\/narteks.net\/wp-content\/uploads\/narteks.png","contentUrl":"https:\/\/narteks.net\/wp-content\/uploads\/narteks.png","width":300,"height":90,"caption":"narteks.net"},"image":{"@id":"https:\/\/narteks.net\/#\/schema\/logo\/image\/"},"sameAs":["https:\/\/x.com\/narteks","https:\/\/instagram.com\/narteksnet"]},{"@type":"Person","@id":"https:\/\/narteks.net\/#\/schema\/person\/61f37d9834294b72d31d274e7ed79bca","name":"Tar\u0131k","image":{"@type":"ImageObject","inLanguage":"tr","@id":"https:\/\/narteks.net\/#\/schema\/person\/image\/","url":"https:\/\/secure.gravatar.com\/avatar\/50865afb55632c4ae467e0af0930f6510aa2297d8014be502a55b14f3b7550cf?s=96&d=mm&r=g","contentUrl":"https:\/\/secure.gravatar.com\/avatar\/50865afb55632c4ae467e0af0930f6510aa2297d8014be502a55b14f3b7550cf?s=96&d=mm&r=g","caption":"Tar\u0131k"},"sameAs":["http:\/\/narteks.net"],"url":"https:\/\/narteks.net\/index.php\/author\/narbak\/"}]}},"_links":{"self":[{"href":"https:\/\/narteks.net\/index.php\/wp-json\/wp\/v2\/posts\/5037","targetHints":{"allow":["GET"]}}],"collection":[{"href":"https:\/\/narteks.net\/index.php\/wp-json\/wp\/v2\/posts"}],"about":[{"href":"https:\/\/narteks.net\/index.php\/wp-json\/wp\/v2\/types\/post"}],"author":[{"embeddable":true,"href":"https:\/\/narteks.net\/index.php\/wp-json\/wp\/v2\/users\/1"}],"replies":[{"embeddable":true,"href":"https:\/\/narteks.net\/index.php\/wp-json\/wp\/v2\/comments?post=5037"}],"version-history":[{"count":0,"href":"https:\/\/narteks.net\/index.php\/wp-json\/wp\/v2\/posts\/5037\/revisions"}],"wp:attachment":[{"href":"https:\/\/narteks.net\/index.php\/wp-json\/wp\/v2\/media?parent=5037"}],"wp:term":[{"taxonomy":"category","embeddable":true,"href":"https:\/\/narteks.net\/index.php\/wp-json\/wp\/v2\/categories?post=5037"},{"taxonomy":"post_tag","embeddable":true,"href":"https:\/\/narteks.net\/index.php\/wp-json\/wp\/v2\/tags?post=5037"}],"curies":[{"name":"wp","href":"https:\/\/api.w.org\/{rel}","templated":true}]}}