{"id":5038,"date":"2011-02-15T16:01:09","date_gmt":"2011-02-15T13:01:09","guid":{"rendered":"http:\/\/localhost\/wordpress\/2011\/02\/15\/kara-kutudan-karanlik-cikinca-bengi-sano\/"},"modified":"2011-02-15T16:01:09","modified_gmt":"2011-02-15T13:01:09","slug":"kara-kutudan-karanlik-cikinca-bengi-sano","status":"publish","type":"post","link":"https:\/\/narteks.net\/index.php\/2011\/02\/15\/kara-kutudan-karanlik-cikinca-bengi-sano\/","title":{"rendered":"Kara kutudan karanl\u0131k \u00e7\u0131k\u0131nca | Bengi \u015eano"},"content":{"rendered":"<p style=\"text-align: justify;\"><img decoding=\"async\" style=\"float: left;\" src=\"images\/stories\/ilerisargerisar_afis.jpg\" border=\"0\" \/>Umut bitti\u011finde geriye ne kal\u0131r? Ya\u015fama at\u0131ld\u0131\u011f\u0131m\u0131z andan itibaren hayatta olmam\u0131za, ya\u015fam\u0131 s\u00fcrd\u00fcrmemize y\u00f6nelik yarat\u0131lan ya da yaratt\u0131\u011f\u0131m\u0131z anlam ve de\u011ferler olmasa dayanabilir miydik ya\u015fam\u0131n a\u011fr\u0131s\u0131na. K\u00f6t\u00fcl\u00fck her yan\u0131m\u0131z\u0131 sarm\u0131\u015fken, iyili\u011fe, g\u00fczelli\u011fe y\u00f6nelik beklentilerimiz olmadan nas\u0131l ayakta durabiliriz. D\u00fc\u015fmeden, vazge\u00e7meden, ya\u015fam yolunda y\u00fcr\u00fcmek ger\u00e7ekten umut ve inan\u00e7 gerektiriyor.<\/p>\n<p>Eskiden d\u00fc\u015flerimiz \u00e7ok daha canl\u0131yd\u0131. Sonra bu hayallerimizi i\u00e7erden ve d\u0131\u015far\u0131dan bir bir par\u00e7alamaya ba\u015flad\u0131lar. \u00c7o\u011funlu\u011fun g\u00f6zlerinde gelece\u011fe ili\u015fkin bir d\u00fc\u015f\u00fcn \u0131\u015f\u0131\u011f\u0131 yok art\u0131k. En b\u00fcy\u00fck dert o g\u00fcn\u00fcn, hatta o an\u0131n ge\u00e7i\u015ftirilmesinden ibaret art\u0131k. \u0130\u015fte, b\u00f6yle umutsuzluk \u00e7a\u011f\u0131nda ki \u00f6zellikle bunun ideolojik kar\u015f\u0131l\u0131\u011f\u0131 olan postmodernizmin bu derece her \u015feye sindi\u011fi bir \u00e7a\u011fda ger\u00e7ekte i\u015fi umut vermek olan sanat\u0131n durumu ne? Sanatsal \u00fcretimin \u00e7o\u011funlu\u011fu ne yaz\u0131k ki bu girdaba kap\u0131lm\u0131\u015f durumda. \u00d6rne\u011fin d\u00fczenlenen bienallere gitti\u011finizde insan\u0131n anlam aray\u0131\u015f\u0131n\u0131 s\u00f6m\u00fcren, kendinde anlams\u0131z \u00fcr\u00fcnlerin \u00e7o\u011funlukta oldu\u011funu g\u00f6rebilirsiniz. Elbette yukar\u0131dan bir bak\u0131\u015fla &#8220;ideal sanat&#8221; manifestosu ilan edecek de\u011filiz. Ancak ger\u00e7ek sanat\u0131n hayata dokunup insana bir ya\u015fant\u0131 sundu\u011funu s\u00f6ylersek hata etmi\u015f olmay\u0131z.<\/p>\n<p>Bu giri\u015fin ard\u0131ndan bir tiyatro oyunu \u00f6rne\u011fi \u00fczerinden tart\u0131\u015fmay\u0131 s\u00fcrd\u00fcrebiliriz. Yeni kurulan &#8220;Tiyatro Kara Kutu&#8221;nun Romen oyun yazar\u0131 Giannina Carbunariu&#8217;dan sahneledikleri &#8220;\u0130leri Sar Geri Sar&#8221; adl\u0131 oyuna bakal\u0131m. Her par\u00e7a gelecekte bir insanl\u0131k durumunu g\u00f6steriyor bize. Grubun ismi gibi kara bir tablo resmediliyor oyunda. Di\u011fer bir ifadeyle anti-\u00fctopya anlam\u0131na gelen distopik bir oyun izliyoruz sahnede. Oyun birka\u00e7 epizottan olu\u015fuyor.<\/p>\n<p>\u0130lkinde d\u00fcnyan\u0131n en ya\u015fl\u0131 adam\u0131n\u0131n a\u011fz\u0131ndan kapitalizmin kom\u00fcnizmin sigara \u00fczerinden sorgulanmas\u0131n\u0131 izliyorsunuz. Sigara i\u00e7me \u00f6zg\u00fcrl\u00fc\u011f\u00fcn\u00fcn ortadan kalkt\u0131\u011f\u0131 bask\u0131c\u0131 bir d\u00fcnya resmediliyor. Bir di\u011ferinde yine gelecekte et yemenin yasakland\u0131\u011f\u0131 herkesin vejetaryen oldu\u011fu ve buna kar\u015f\u0131 \u00e7\u0131kan iki kafadar\u0131n gizlice bir hayvan\u0131 kesip yeme giri\u015fimine \u015fahit oluyoruz. Ancak bu giri\u015fim taraflardan birinin son anda caymas\u0131 ve arkada\u015f\u0131n\u0131 \u00f6ld\u00fcr\u00fcp yemesiyle son buluyor.\u00a0 Son epizotta\u00a0 e\u015fcinselli\u011fin gelecekte yasakland\u0131\u011f\u0131n\u0131 i\u015flerinden e\u015fcinselliklerinden dolay\u0131 \u00e7\u0131kar\u0131lan iki kad\u0131n \u00fczerinden\u00a0 g\u00f6steriliyor. Oyun t\u00fcm anlat\u0131s\u0131nda bask\u0131c\u0131, yasaklarla dolu ve i\u00e7inde her hangi bir g\u00fczellik bar\u0131nd\u0131rmayan dolay\u0131s\u0131yla i\u00e7 s\u0131kan bir gelecek tasavvurunu resmediyor.<\/p>\n<p>Oyunu izlerken a\u00e7\u0131k\u00e7a s\u00f6ylemek gerekirse bu distopyan\u0131n oyunun sonlar\u0131nda da\u011f\u0131t\u0131laca\u011f\u0131n\u0131 ve gelece\u011fe ili\u015fkin bir umut \u0131\u015f\u0131\u011f\u0131n\u0131n varl\u0131\u011f\u0131n\u0131n g\u00f6sterilece\u011fini d\u00fc\u015f\u00fcnd\u00fcm. Ancak \u00f6yle olmad\u0131 ba\u015flad\u0131\u011f\u0131 k\u00f6t\u00fcmserlikte sonland\u0131 oyun. Oyunun teatral anlamda sahneleme bi\u00e7imine s\u00f6yleyece\u011fim her hangi bir olumsuz s\u00f6z yok. Oyuncularda ba\u015far\u0131l\u0131 bir performans \u00e7iziyorlar. Beni rahats\u0131z eden \u015fey oyunun i\u00e7eri\u011fi yani metni oldu. Ke\u015fke k\u00fc\u00e7\u00fckte olsa izleyiciye bir umut verecek g\u00f6sterge olsayd\u0131 oyunda. Her \u015feye\u00a0 kar\u015f\u0131n tiyatronun varolu\u015funa\u00a0 varl\u0131klar\u0131yla destek veren &#8220;Tiyatro Kara Kutu&#8221;ya ba\u015far\u0131lar diliyorum.<\/p>\n","protected":false},"excerpt":{"rendered":"<p>Umut bitti\u011finde geriye ne kal\u0131r? Ya\u015fama at\u0131ld\u0131\u011f\u0131m\u0131z andan itibaren hayatta olmam\u0131za, ya\u015fam\u0131 s\u00fcrd\u00fcrmemize y\u00f6nelik yarat\u0131lan ya da yaratt\u0131\u011f\u0131m\u0131z anlam ve de\u011ferler olmasa dayanabilir miydik ya\u015fam\u0131n a\u011fr\u0131s\u0131na. K\u00f6t\u00fcl\u00fck her yan\u0131m\u0131z\u0131 sarm\u0131\u015fken, iyili\u011fe, g\u00fczelli\u011fe y\u00f6nelik beklentilerimiz olmadan nas\u0131l ayakta durabiliriz. D\u00fc\u015fmeden, vazge\u00e7meden, ya\u015fam yolunda y\u00fcr\u00fcmek ger\u00e7ekten umut ve inan\u00e7 gerektiriyor. Eskiden d\u00fc\u015flerimiz \u00e7ok daha canl\u0131yd\u0131. Sonra bu [&hellip;]<\/p>\n","protected":false},"author":1,"featured_media":0,"comment_status":"open","ping_status":"open","sticky":false,"template":"","format":"standard","meta":{"footnotes":""},"categories":[36],"tags":[],"class_list":{"0":"post-5038","1":"post","2":"type-post","3":"status-publish","4":"format-standard","6":"category-tiyatro-kritikleri"},"yoast_head":"<!-- This site is optimized with the Yoast SEO Premium plugin v24.9 (Yoast SEO v24.9) - https:\/\/yoast.com\/wordpress\/plugins\/seo\/ -->\n<title>Kara kutudan karanl\u0131k \u00e7\u0131k\u0131nca | Bengi \u015eano - narteks.net<\/title>\n<meta name=\"robots\" content=\"index, follow, max-snippet:-1, max-image-preview:large, max-video-preview:-1\" \/>\n<link rel=\"canonical\" href=\"https:\/\/narteks.net\/index.php\/2011\/02\/15\/kara-kutudan-karanlik-cikinca-bengi-sano\/\" \/>\n<meta property=\"og:locale\" content=\"tr_TR\" \/>\n<meta property=\"og:type\" content=\"article\" \/>\n<meta property=\"og:title\" content=\"Kara kutudan karanl\u0131k \u00e7\u0131k\u0131nca | Bengi \u015eano\" \/>\n<meta property=\"og:description\" content=\"Umut bitti\u011finde geriye ne kal\u0131r? Ya\u015fama at\u0131ld\u0131\u011f\u0131m\u0131z andan itibaren hayatta olmam\u0131za, ya\u015fam\u0131 s\u00fcrd\u00fcrmemize y\u00f6nelik yarat\u0131lan ya da yaratt\u0131\u011f\u0131m\u0131z anlam ve de\u011ferler olmasa dayanabilir miydik ya\u015fam\u0131n a\u011fr\u0131s\u0131na. K\u00f6t\u00fcl\u00fck her yan\u0131m\u0131z\u0131 sarm\u0131\u015fken, iyili\u011fe, g\u00fczelli\u011fe y\u00f6nelik beklentilerimiz olmadan nas\u0131l ayakta durabiliriz. D\u00fc\u015fmeden, vazge\u00e7meden, ya\u015fam yolunda y\u00fcr\u00fcmek ger\u00e7ekten umut ve inan\u00e7 gerektiriyor. Eskiden d\u00fc\u015flerimiz \u00e7ok daha canl\u0131yd\u0131. Sonra bu [&hellip;]\" \/>\n<meta property=\"og:url\" content=\"https:\/\/narteks.net\/index.php\/2011\/02\/15\/kara-kutudan-karanlik-cikinca-bengi-sano\/\" \/>\n<meta property=\"og:site_name\" content=\"narteks.net\" \/>\n<meta property=\"article:published_time\" content=\"2011-02-15T13:01:09+00:00\" \/>\n<meta property=\"og:image\" content=\"https:\/\/narteks.net\/wp-content\/uploads\/narteks.png\" \/>\n\t<meta property=\"og:image:width\" content=\"300\" \/>\n\t<meta property=\"og:image:height\" content=\"90\" \/>\n\t<meta property=\"og:image:type\" content=\"image\/png\" \/>\n<meta name=\"author\" content=\"Tar\u0131k\" \/>\n<meta name=\"twitter:card\" content=\"summary_large_image\" \/>\n<meta name=\"twitter:creator\" content=\"@narteks\" \/>\n<meta name=\"twitter:site\" content=\"@narteks\" \/>\n<meta name=\"twitter:label1\" content=\"Yazan:\" \/>\n\t<meta name=\"twitter:data1\" content=\"Tar\u0131k\" \/>\n\t<meta name=\"twitter:label2\" content=\"Tahmini okuma s\u00fcresi\" \/>\n\t<meta name=\"twitter:data2\" content=\"3 dakika\" \/>\n<script type=\"application\/ld+json\" class=\"yoast-schema-graph\">{\"@context\":\"https:\/\/schema.org\",\"@graph\":[{\"@type\":\"Article\",\"@id\":\"https:\/\/narteks.net\/index.php\/2011\/02\/15\/kara-kutudan-karanlik-cikinca-bengi-sano\/#article\",\"isPartOf\":{\"@id\":\"https:\/\/narteks.net\/index.php\/2011\/02\/15\/kara-kutudan-karanlik-cikinca-bengi-sano\/\"},\"author\":{\"name\":\"Tar\u0131k\",\"@id\":\"https:\/\/narteks.net\/#\/schema\/person\/61f37d9834294b72d31d274e7ed79bca\"},\"headline\":\"Kara kutudan karanl\u0131k \u00e7\u0131k\u0131nca | Bengi \u015eano\",\"datePublished\":\"2011-02-15T13:01:09+00:00\",\"mainEntityOfPage\":{\"@id\":\"https:\/\/narteks.net\/index.php\/2011\/02\/15\/kara-kutudan-karanlik-cikinca-bengi-sano\/\"},\"wordCount\":578,\"commentCount\":0,\"publisher\":{\"@id\":\"https:\/\/narteks.net\/#organization\"},\"articleSection\":[\"Tiyatro Kritikleri\"],\"inLanguage\":\"tr\",\"potentialAction\":[{\"@type\":\"CommentAction\",\"name\":\"Comment\",\"target\":[\"https:\/\/narteks.net\/index.php\/2011\/02\/15\/kara-kutudan-karanlik-cikinca-bengi-sano\/#respond\"]}]},{\"@type\":\"WebPage\",\"@id\":\"https:\/\/narteks.net\/index.php\/2011\/02\/15\/kara-kutudan-karanlik-cikinca-bengi-sano\/\",\"url\":\"https:\/\/narteks.net\/index.php\/2011\/02\/15\/kara-kutudan-karanlik-cikinca-bengi-sano\/\",\"name\":\"Kara kutudan karanl\u0131k \u00e7\u0131k\u0131nca | Bengi \u015eano - narteks.net\",\"isPartOf\":{\"@id\":\"https:\/\/narteks.net\/#website\"},\"datePublished\":\"2011-02-15T13:01:09+00:00\",\"breadcrumb\":{\"@id\":\"https:\/\/narteks.net\/index.php\/2011\/02\/15\/kara-kutudan-karanlik-cikinca-bengi-sano\/#breadcrumb\"},\"inLanguage\":\"tr\",\"potentialAction\":[{\"@type\":\"ReadAction\",\"target\":[\"https:\/\/narteks.net\/index.php\/2011\/02\/15\/kara-kutudan-karanlik-cikinca-bengi-sano\/\"]}]},{\"@type\":\"BreadcrumbList\",\"@id\":\"https:\/\/narteks.net\/index.php\/2011\/02\/15\/kara-kutudan-karanlik-cikinca-bengi-sano\/#breadcrumb\",\"itemListElement\":[{\"@type\":\"ListItem\",\"position\":1,\"name\":\"Anasayfa\",\"item\":\"https:\/\/narteks.net\/\"},{\"@type\":\"ListItem\",\"position\":2,\"name\":\"Kara kutudan karanl\u0131k \u00e7\u0131k\u0131nca | Bengi \u015eano\"}]},{\"@type\":\"WebSite\",\"@id\":\"https:\/\/narteks.net\/#website\",\"url\":\"https:\/\/narteks.net\/\",\"name\":\"narteks.net\",\"description\":\"K\u00fclt\u00fcr Sanat Edebiyat Felsefe\",\"publisher\":{\"@id\":\"https:\/\/narteks.net\/#organization\"},\"alternateName\":\"K\u00fclt\u00fcr Sanat Edebiyat Felsefe\",\"potentialAction\":[{\"@type\":\"SearchAction\",\"target\":{\"@type\":\"EntryPoint\",\"urlTemplate\":\"https:\/\/narteks.net\/?s={search_term_string}\"},\"query-input\":{\"@type\":\"PropertyValueSpecification\",\"valueRequired\":true,\"valueName\":\"search_term_string\"}}],\"inLanguage\":\"tr\"},{\"@type\":\"Organization\",\"@id\":\"https:\/\/narteks.net\/#organization\",\"name\":\"narteks.net\",\"url\":\"https:\/\/narteks.net\/\",\"logo\":{\"@type\":\"ImageObject\",\"inLanguage\":\"tr\",\"@id\":\"https:\/\/narteks.net\/#\/schema\/logo\/image\/\",\"url\":\"https:\/\/narteks.net\/wp-content\/uploads\/narteks.png\",\"contentUrl\":\"https:\/\/narteks.net\/wp-content\/uploads\/narteks.png\",\"width\":300,\"height\":90,\"caption\":\"narteks.net\"},\"image\":{\"@id\":\"https:\/\/narteks.net\/#\/schema\/logo\/image\/\"},\"sameAs\":[\"https:\/\/x.com\/narteks\",\"https:\/\/instagram.com\/narteksnet\"]},{\"@type\":\"Person\",\"@id\":\"https:\/\/narteks.net\/#\/schema\/person\/61f37d9834294b72d31d274e7ed79bca\",\"name\":\"Tar\u0131k\",\"image\":{\"@type\":\"ImageObject\",\"inLanguage\":\"tr\",\"@id\":\"https:\/\/narteks.net\/#\/schema\/person\/image\/\",\"url\":\"https:\/\/secure.gravatar.com\/avatar\/50865afb55632c4ae467e0af0930f6510aa2297d8014be502a55b14f3b7550cf?s=96&d=mm&r=g\",\"contentUrl\":\"https:\/\/secure.gravatar.com\/avatar\/50865afb55632c4ae467e0af0930f6510aa2297d8014be502a55b14f3b7550cf?s=96&d=mm&r=g\",\"caption\":\"Tar\u0131k\"},\"sameAs\":[\"http:\/\/narteks.net\"],\"url\":\"https:\/\/narteks.net\/index.php\/author\/narbak\/\"}]}<\/script>\n<!-- \/ Yoast SEO Premium plugin. -->","yoast_head_json":{"title":"Kara kutudan karanl\u0131k \u00e7\u0131k\u0131nca | Bengi \u015eano - narteks.net","robots":{"index":"index","follow":"follow","max-snippet":"max-snippet:-1","max-image-preview":"max-image-preview:large","max-video-preview":"max-video-preview:-1"},"canonical":"https:\/\/narteks.net\/index.php\/2011\/02\/15\/kara-kutudan-karanlik-cikinca-bengi-sano\/","og_locale":"tr_TR","og_type":"article","og_title":"Kara kutudan karanl\u0131k \u00e7\u0131k\u0131nca | Bengi \u015eano","og_description":"Umut bitti\u011finde geriye ne kal\u0131r? Ya\u015fama at\u0131ld\u0131\u011f\u0131m\u0131z andan itibaren hayatta olmam\u0131za, ya\u015fam\u0131 s\u00fcrd\u00fcrmemize y\u00f6nelik yarat\u0131lan ya da yaratt\u0131\u011f\u0131m\u0131z anlam ve de\u011ferler olmasa dayanabilir miydik ya\u015fam\u0131n a\u011fr\u0131s\u0131na. K\u00f6t\u00fcl\u00fck her yan\u0131m\u0131z\u0131 sarm\u0131\u015fken, iyili\u011fe, g\u00fczelli\u011fe y\u00f6nelik beklentilerimiz olmadan nas\u0131l ayakta durabiliriz. D\u00fc\u015fmeden, vazge\u00e7meden, ya\u015fam yolunda y\u00fcr\u00fcmek ger\u00e7ekten umut ve inan\u00e7 gerektiriyor. Eskiden d\u00fc\u015flerimiz \u00e7ok daha canl\u0131yd\u0131. Sonra bu [&hellip;]","og_url":"https:\/\/narteks.net\/index.php\/2011\/02\/15\/kara-kutudan-karanlik-cikinca-bengi-sano\/","og_site_name":"narteks.net","article_published_time":"2011-02-15T13:01:09+00:00","og_image":[{"width":300,"height":90,"url":"https:\/\/narteks.net\/wp-content\/uploads\/narteks.png","type":"image\/png"}],"author":"Tar\u0131k","twitter_card":"summary_large_image","twitter_creator":"@narteks","twitter_site":"@narteks","twitter_misc":{"Yazan:":"Tar\u0131k","Tahmini okuma s\u00fcresi":"3 dakika"},"schema":{"@context":"https:\/\/schema.org","@graph":[{"@type":"Article","@id":"https:\/\/narteks.net\/index.php\/2011\/02\/15\/kara-kutudan-karanlik-cikinca-bengi-sano\/#article","isPartOf":{"@id":"https:\/\/narteks.net\/index.php\/2011\/02\/15\/kara-kutudan-karanlik-cikinca-bengi-sano\/"},"author":{"name":"Tar\u0131k","@id":"https:\/\/narteks.net\/#\/schema\/person\/61f37d9834294b72d31d274e7ed79bca"},"headline":"Kara kutudan karanl\u0131k \u00e7\u0131k\u0131nca | Bengi \u015eano","datePublished":"2011-02-15T13:01:09+00:00","mainEntityOfPage":{"@id":"https:\/\/narteks.net\/index.php\/2011\/02\/15\/kara-kutudan-karanlik-cikinca-bengi-sano\/"},"wordCount":578,"commentCount":0,"publisher":{"@id":"https:\/\/narteks.net\/#organization"},"articleSection":["Tiyatro Kritikleri"],"inLanguage":"tr","potentialAction":[{"@type":"CommentAction","name":"Comment","target":["https:\/\/narteks.net\/index.php\/2011\/02\/15\/kara-kutudan-karanlik-cikinca-bengi-sano\/#respond"]}]},{"@type":"WebPage","@id":"https:\/\/narteks.net\/index.php\/2011\/02\/15\/kara-kutudan-karanlik-cikinca-bengi-sano\/","url":"https:\/\/narteks.net\/index.php\/2011\/02\/15\/kara-kutudan-karanlik-cikinca-bengi-sano\/","name":"Kara kutudan karanl\u0131k \u00e7\u0131k\u0131nca | Bengi \u015eano - narteks.net","isPartOf":{"@id":"https:\/\/narteks.net\/#website"},"datePublished":"2011-02-15T13:01:09+00:00","breadcrumb":{"@id":"https:\/\/narteks.net\/index.php\/2011\/02\/15\/kara-kutudan-karanlik-cikinca-bengi-sano\/#breadcrumb"},"inLanguage":"tr","potentialAction":[{"@type":"ReadAction","target":["https:\/\/narteks.net\/index.php\/2011\/02\/15\/kara-kutudan-karanlik-cikinca-bengi-sano\/"]}]},{"@type":"BreadcrumbList","@id":"https:\/\/narteks.net\/index.php\/2011\/02\/15\/kara-kutudan-karanlik-cikinca-bengi-sano\/#breadcrumb","itemListElement":[{"@type":"ListItem","position":1,"name":"Anasayfa","item":"https:\/\/narteks.net\/"},{"@type":"ListItem","position":2,"name":"Kara kutudan karanl\u0131k \u00e7\u0131k\u0131nca | Bengi \u015eano"}]},{"@type":"WebSite","@id":"https:\/\/narteks.net\/#website","url":"https:\/\/narteks.net\/","name":"narteks.net","description":"K\u00fclt\u00fcr Sanat Edebiyat Felsefe","publisher":{"@id":"https:\/\/narteks.net\/#organization"},"alternateName":"K\u00fclt\u00fcr Sanat Edebiyat Felsefe","potentialAction":[{"@type":"SearchAction","target":{"@type":"EntryPoint","urlTemplate":"https:\/\/narteks.net\/?s={search_term_string}"},"query-input":{"@type":"PropertyValueSpecification","valueRequired":true,"valueName":"search_term_string"}}],"inLanguage":"tr"},{"@type":"Organization","@id":"https:\/\/narteks.net\/#organization","name":"narteks.net","url":"https:\/\/narteks.net\/","logo":{"@type":"ImageObject","inLanguage":"tr","@id":"https:\/\/narteks.net\/#\/schema\/logo\/image\/","url":"https:\/\/narteks.net\/wp-content\/uploads\/narteks.png","contentUrl":"https:\/\/narteks.net\/wp-content\/uploads\/narteks.png","width":300,"height":90,"caption":"narteks.net"},"image":{"@id":"https:\/\/narteks.net\/#\/schema\/logo\/image\/"},"sameAs":["https:\/\/x.com\/narteks","https:\/\/instagram.com\/narteksnet"]},{"@type":"Person","@id":"https:\/\/narteks.net\/#\/schema\/person\/61f37d9834294b72d31d274e7ed79bca","name":"Tar\u0131k","image":{"@type":"ImageObject","inLanguage":"tr","@id":"https:\/\/narteks.net\/#\/schema\/person\/image\/","url":"https:\/\/secure.gravatar.com\/avatar\/50865afb55632c4ae467e0af0930f6510aa2297d8014be502a55b14f3b7550cf?s=96&d=mm&r=g","contentUrl":"https:\/\/secure.gravatar.com\/avatar\/50865afb55632c4ae467e0af0930f6510aa2297d8014be502a55b14f3b7550cf?s=96&d=mm&r=g","caption":"Tar\u0131k"},"sameAs":["http:\/\/narteks.net"],"url":"https:\/\/narteks.net\/index.php\/author\/narbak\/"}]}},"_links":{"self":[{"href":"https:\/\/narteks.net\/index.php\/wp-json\/wp\/v2\/posts\/5038","targetHints":{"allow":["GET"]}}],"collection":[{"href":"https:\/\/narteks.net\/index.php\/wp-json\/wp\/v2\/posts"}],"about":[{"href":"https:\/\/narteks.net\/index.php\/wp-json\/wp\/v2\/types\/post"}],"author":[{"embeddable":true,"href":"https:\/\/narteks.net\/index.php\/wp-json\/wp\/v2\/users\/1"}],"replies":[{"embeddable":true,"href":"https:\/\/narteks.net\/index.php\/wp-json\/wp\/v2\/comments?post=5038"}],"version-history":[{"count":0,"href":"https:\/\/narteks.net\/index.php\/wp-json\/wp\/v2\/posts\/5038\/revisions"}],"wp:attachment":[{"href":"https:\/\/narteks.net\/index.php\/wp-json\/wp\/v2\/media?parent=5038"}],"wp:term":[{"taxonomy":"category","embeddable":true,"href":"https:\/\/narteks.net\/index.php\/wp-json\/wp\/v2\/categories?post=5038"},{"taxonomy":"post_tag","embeddable":true,"href":"https:\/\/narteks.net\/index.php\/wp-json\/wp\/v2\/tags?post=5038"}],"curies":[{"name":"wp","href":"https:\/\/api.w.org\/{rel}","templated":true}]}}