{"id":5039,"date":"2011-02-15T16:11:23","date_gmt":"2011-02-15T13:11:23","guid":{"rendered":"http:\/\/localhost\/wordpress\/2011\/02\/15\/gecenin-nal-sesleri-arasinda\/"},"modified":"2011-02-15T16:11:23","modified_gmt":"2011-02-15T13:11:23","slug":"gecenin-nal-sesleri-arasinda","status":"publish","type":"post","link":"https:\/\/narteks.net\/index.php\/2011\/02\/15\/gecenin-nal-sesleri-arasinda\/","title":{"rendered":"GECEN\u0130N NAL SESLER\u0130 ARASINDA"},"content":{"rendered":"<p>Gecenin b\u00fcy\u00fck kap\u0131s\u0131 \u00f6n\u00fcndeki kara beygirin nal sesleri aras\u0131nda,<br \/>h\u00e2l\u00e2 titriyor y\u00fcre\u011fim bir zamanlarki gibi ve uzat\u0131yor eyeri u\u00e7arcas\u0131na,<br \/>Diomedes&#8217;in \u00f6d\u00fcn\u00e7 verdi\u011fi yular gibi, k\u0131pk\u0131rm\u0131z\u0131.<br \/>G\u00fc\u00e7l\u00fc r\u00fczg\u00e2r \u00f6nc\u00fcl\u00fc\u011f\u00fcm\u00fc yapmakta<br \/>karanl\u0131k yollarda ikiye b\u00f6lerek uyuyan<br \/>a\u011fa\u00e7lar\u0131n kapkara \u00f6rg\u00fcs\u00fcn\u00fc,<br \/>\u00f6yle ki, ay \u0131\u015f\u0131\u011f\u0131yla y\u0131kanan meyveler<br \/>korkuyla s\u0131rtlara ve k\u0131l\u0131\u00e7lara atlamaktalar,<br \/>ve ben indiriyorum k\u0131rbac\u0131m\u0131<br \/>s\u0131rt\u0131na, \u00e7oktan s\u00f6nm\u00fc\u015f bir y\u0131ld\u0131z\u0131n.<br \/>Yaln\u0131zca bir kez yava\u015flat\u0131yorum ad\u0131mlar\u0131m\u0131, senin nank\u00f6r dudaklar\u0131n\u0131<br \/>\u00f6pmek i\u00e7in, sa\u00e7lar\u0131n dizginlere dolanm\u0131\u015f<br \/>bile, ve pabu\u00e7lar\u0131n kumlarda s\u00fcr\u00fckleniyor.<\/p>\n<p>H\u00e2l\u00e2 duymaktay\u0131m solu\u011funu<br \/>bir de han\u00e7er gibi saplad\u0131\u011f\u0131n<br \/>o s\u00f6zc\u00fc\u011f\u00fc.<\/p>\n<p>Ingeborg Bachmann<\/p>\n","protected":false},"excerpt":{"rendered":"<p>Gecenin b\u00fcy\u00fck kap\u0131s\u0131 \u00f6n\u00fcndeki kara beygirin nal sesleri aras\u0131nda,h\u00e2l\u00e2 titriyor y\u00fcre\u011fim bir zamanlarki gibi ve uzat\u0131yor eyeri u\u00e7arcas\u0131na,Diomedes&#8217;in \u00f6d\u00fcn\u00e7 verdi\u011fi yular gibi, k\u0131pk\u0131rm\u0131z\u0131.G\u00fc\u00e7l\u00fc r\u00fczg\u00e2r \u00f6nc\u00fcl\u00fc\u011f\u00fcm\u00fc yapmaktakaranl\u0131k yollarda ikiye b\u00f6lerek uyuyana\u011fa\u00e7lar\u0131n kapkara \u00f6rg\u00fcs\u00fcn\u00fc,\u00f6yle ki, ay \u0131\u015f\u0131\u011f\u0131yla y\u0131kanan meyvelerkorkuyla s\u0131rtlara ve k\u0131l\u0131\u00e7lara atlamaktalar,ve ben indiriyorum k\u0131rbac\u0131m\u0131s\u0131rt\u0131na, \u00e7oktan s\u00f6nm\u00fc\u015f bir y\u0131ld\u0131z\u0131n.Yaln\u0131zca bir kez yava\u015flat\u0131yorum ad\u0131mlar\u0131m\u0131, senin nank\u00f6r dudaklar\u0131n\u0131\u00f6pmek [&hellip;]<\/p>\n","protected":false},"author":1,"featured_media":0,"comment_status":"open","ping_status":"open","sticky":false,"template":"","format":"standard","meta":{"footnotes":""},"categories":[71],"tags":[],"class_list":{"0":"post-5039","1":"post","2":"type-post","3":"status-publish","4":"format-standard","6":"category-ingeborg-bachmann"},"yoast_head":"<!-- This site is optimized with the Yoast SEO Premium plugin v24.9 (Yoast SEO v24.9) - https:\/\/yoast.com\/wordpress\/plugins\/seo\/ -->\n<title>GECEN\u0130N NAL SESLER\u0130 ARASINDA - narteks.net<\/title>\n<meta name=\"robots\" content=\"index, follow, max-snippet:-1, max-image-preview:large, max-video-preview:-1\" \/>\n<link rel=\"canonical\" href=\"https:\/\/narteks.net\/index.php\/2011\/02\/15\/gecenin-nal-sesleri-arasinda\/\" \/>\n<meta property=\"og:locale\" content=\"tr_TR\" \/>\n<meta property=\"og:type\" content=\"article\" \/>\n<meta property=\"og:title\" content=\"GECEN\u0130N NAL SESLER\u0130 ARASINDA\" \/>\n<meta property=\"og:description\" content=\"Gecenin b\u00fcy\u00fck kap\u0131s\u0131 \u00f6n\u00fcndeki kara beygirin nal sesleri aras\u0131nda,h\u00e2l\u00e2 titriyor y\u00fcre\u011fim bir zamanlarki gibi ve uzat\u0131yor eyeri u\u00e7arcas\u0131na,Diomedes&#8217;in \u00f6d\u00fcn\u00e7 verdi\u011fi yular gibi, k\u0131pk\u0131rm\u0131z\u0131.G\u00fc\u00e7l\u00fc r\u00fczg\u00e2r \u00f6nc\u00fcl\u00fc\u011f\u00fcm\u00fc yapmaktakaranl\u0131k yollarda ikiye b\u00f6lerek uyuyana\u011fa\u00e7lar\u0131n kapkara \u00f6rg\u00fcs\u00fcn\u00fc,\u00f6yle ki, ay \u0131\u015f\u0131\u011f\u0131yla y\u0131kanan meyvelerkorkuyla s\u0131rtlara ve k\u0131l\u0131\u00e7lara atlamaktalar,ve ben indiriyorum k\u0131rbac\u0131m\u0131s\u0131rt\u0131na, \u00e7oktan s\u00f6nm\u00fc\u015f bir y\u0131ld\u0131z\u0131n.Yaln\u0131zca bir kez yava\u015flat\u0131yorum ad\u0131mlar\u0131m\u0131, senin nank\u00f6r dudaklar\u0131n\u0131\u00f6pmek [&hellip;]\" \/>\n<meta property=\"og:url\" content=\"https:\/\/narteks.net\/index.php\/2011\/02\/15\/gecenin-nal-sesleri-arasinda\/\" \/>\n<meta property=\"og:site_name\" content=\"narteks.net\" \/>\n<meta property=\"article:published_time\" content=\"2011-02-15T13:11:23+00:00\" \/>\n<meta property=\"og:image\" content=\"https:\/\/narteks.net\/wp-content\/uploads\/narteks.png\" \/>\n\t<meta property=\"og:image:width\" content=\"300\" \/>\n\t<meta property=\"og:image:height\" content=\"90\" \/>\n\t<meta property=\"og:image:type\" content=\"image\/png\" \/>\n<meta name=\"author\" content=\"Tar\u0131k\" \/>\n<meta name=\"twitter:card\" content=\"summary_large_image\" \/>\n<meta name=\"twitter:creator\" content=\"@narteks\" \/>\n<meta name=\"twitter:site\" content=\"@narteks\" \/>\n<meta name=\"twitter:label1\" content=\"Yazan:\" \/>\n\t<meta name=\"twitter:data1\" content=\"Tar\u0131k\" \/>\n\t<meta name=\"twitter:label2\" content=\"Tahmini okuma s\u00fcresi\" \/>\n\t<meta name=\"twitter:data2\" content=\"1 dakika\" \/>\n<script type=\"application\/ld+json\" class=\"yoast-schema-graph\">{\"@context\":\"https:\/\/schema.org\",\"@graph\":[{\"@type\":\"Article\",\"@id\":\"https:\/\/narteks.net\/index.php\/2011\/02\/15\/gecenin-nal-sesleri-arasinda\/#article\",\"isPartOf\":{\"@id\":\"https:\/\/narteks.net\/index.php\/2011\/02\/15\/gecenin-nal-sesleri-arasinda\/\"},\"author\":{\"name\":\"Tar\u0131k\",\"@id\":\"https:\/\/narteks.net\/#\/schema\/person\/61f37d9834294b72d31d274e7ed79bca\"},\"headline\":\"GECEN\u0130N NAL SESLER\u0130 ARASINDA\",\"datePublished\":\"2011-02-15T13:11:23+00:00\",\"mainEntityOfPage\":{\"@id\":\"https:\/\/narteks.net\/index.php\/2011\/02\/15\/gecenin-nal-sesleri-arasinda\/\"},\"wordCount\":147,\"commentCount\":0,\"publisher\":{\"@id\":\"https:\/\/narteks.net\/#organization\"},\"articleSection\":[\"\u0130ngeborg BACHMANN\"],\"inLanguage\":\"tr\",\"potentialAction\":[{\"@type\":\"CommentAction\",\"name\":\"Comment\",\"target\":[\"https:\/\/narteks.net\/index.php\/2011\/02\/15\/gecenin-nal-sesleri-arasinda\/#respond\"]}]},{\"@type\":\"WebPage\",\"@id\":\"https:\/\/narteks.net\/index.php\/2011\/02\/15\/gecenin-nal-sesleri-arasinda\/\",\"url\":\"https:\/\/narteks.net\/index.php\/2011\/02\/15\/gecenin-nal-sesleri-arasinda\/\",\"name\":\"GECEN\u0130N NAL SESLER\u0130 ARASINDA - narteks.net\",\"isPartOf\":{\"@id\":\"https:\/\/narteks.net\/#website\"},\"datePublished\":\"2011-02-15T13:11:23+00:00\",\"breadcrumb\":{\"@id\":\"https:\/\/narteks.net\/index.php\/2011\/02\/15\/gecenin-nal-sesleri-arasinda\/#breadcrumb\"},\"inLanguage\":\"tr\",\"potentialAction\":[{\"@type\":\"ReadAction\",\"target\":[\"https:\/\/narteks.net\/index.php\/2011\/02\/15\/gecenin-nal-sesleri-arasinda\/\"]}]},{\"@type\":\"BreadcrumbList\",\"@id\":\"https:\/\/narteks.net\/index.php\/2011\/02\/15\/gecenin-nal-sesleri-arasinda\/#breadcrumb\",\"itemListElement\":[{\"@type\":\"ListItem\",\"position\":1,\"name\":\"Anasayfa\",\"item\":\"https:\/\/narteks.net\/\"},{\"@type\":\"ListItem\",\"position\":2,\"name\":\"GECEN\u0130N NAL SESLER\u0130 ARASINDA\"}]},{\"@type\":\"WebSite\",\"@id\":\"https:\/\/narteks.net\/#website\",\"url\":\"https:\/\/narteks.net\/\",\"name\":\"narteks.net\",\"description\":\"K\u00fclt\u00fcr Sanat Edebiyat Felsefe\",\"publisher\":{\"@id\":\"https:\/\/narteks.net\/#organization\"},\"alternateName\":\"K\u00fclt\u00fcr Sanat Edebiyat Felsefe\",\"potentialAction\":[{\"@type\":\"SearchAction\",\"target\":{\"@type\":\"EntryPoint\",\"urlTemplate\":\"https:\/\/narteks.net\/?s={search_term_string}\"},\"query-input\":{\"@type\":\"PropertyValueSpecification\",\"valueRequired\":true,\"valueName\":\"search_term_string\"}}],\"inLanguage\":\"tr\"},{\"@type\":\"Organization\",\"@id\":\"https:\/\/narteks.net\/#organization\",\"name\":\"narteks.net\",\"url\":\"https:\/\/narteks.net\/\",\"logo\":{\"@type\":\"ImageObject\",\"inLanguage\":\"tr\",\"@id\":\"https:\/\/narteks.net\/#\/schema\/logo\/image\/\",\"url\":\"https:\/\/narteks.net\/wp-content\/uploads\/narteks.png\",\"contentUrl\":\"https:\/\/narteks.net\/wp-content\/uploads\/narteks.png\",\"width\":300,\"height\":90,\"caption\":\"narteks.net\"},\"image\":{\"@id\":\"https:\/\/narteks.net\/#\/schema\/logo\/image\/\"},\"sameAs\":[\"https:\/\/x.com\/narteks\",\"https:\/\/instagram.com\/narteksnet\"]},{\"@type\":\"Person\",\"@id\":\"https:\/\/narteks.net\/#\/schema\/person\/61f37d9834294b72d31d274e7ed79bca\",\"name\":\"Tar\u0131k\",\"image\":{\"@type\":\"ImageObject\",\"inLanguage\":\"tr\",\"@id\":\"https:\/\/narteks.net\/#\/schema\/person\/image\/\",\"url\":\"https:\/\/secure.gravatar.com\/avatar\/50865afb55632c4ae467e0af0930f6510aa2297d8014be502a55b14f3b7550cf?s=96&d=mm&r=g\",\"contentUrl\":\"https:\/\/secure.gravatar.com\/avatar\/50865afb55632c4ae467e0af0930f6510aa2297d8014be502a55b14f3b7550cf?s=96&d=mm&r=g\",\"caption\":\"Tar\u0131k\"},\"sameAs\":[\"http:\/\/narteks.net\"],\"url\":\"https:\/\/narteks.net\/index.php\/author\/narbak\/\"}]}<\/script>\n<!-- \/ Yoast SEO Premium plugin. -->","yoast_head_json":{"title":"GECEN\u0130N NAL SESLER\u0130 ARASINDA - narteks.net","robots":{"index":"index","follow":"follow","max-snippet":"max-snippet:-1","max-image-preview":"max-image-preview:large","max-video-preview":"max-video-preview:-1"},"canonical":"https:\/\/narteks.net\/index.php\/2011\/02\/15\/gecenin-nal-sesleri-arasinda\/","og_locale":"tr_TR","og_type":"article","og_title":"GECEN\u0130N NAL SESLER\u0130 ARASINDA","og_description":"Gecenin b\u00fcy\u00fck kap\u0131s\u0131 \u00f6n\u00fcndeki kara beygirin nal sesleri aras\u0131nda,h\u00e2l\u00e2 titriyor y\u00fcre\u011fim bir zamanlarki gibi ve uzat\u0131yor eyeri u\u00e7arcas\u0131na,Diomedes&#8217;in \u00f6d\u00fcn\u00e7 verdi\u011fi yular gibi, k\u0131pk\u0131rm\u0131z\u0131.G\u00fc\u00e7l\u00fc r\u00fczg\u00e2r \u00f6nc\u00fcl\u00fc\u011f\u00fcm\u00fc yapmaktakaranl\u0131k yollarda ikiye b\u00f6lerek uyuyana\u011fa\u00e7lar\u0131n kapkara \u00f6rg\u00fcs\u00fcn\u00fc,\u00f6yle ki, ay \u0131\u015f\u0131\u011f\u0131yla y\u0131kanan meyvelerkorkuyla s\u0131rtlara ve k\u0131l\u0131\u00e7lara atlamaktalar,ve ben indiriyorum k\u0131rbac\u0131m\u0131s\u0131rt\u0131na, \u00e7oktan s\u00f6nm\u00fc\u015f bir y\u0131ld\u0131z\u0131n.Yaln\u0131zca bir kez yava\u015flat\u0131yorum ad\u0131mlar\u0131m\u0131, senin nank\u00f6r dudaklar\u0131n\u0131\u00f6pmek [&hellip;]","og_url":"https:\/\/narteks.net\/index.php\/2011\/02\/15\/gecenin-nal-sesleri-arasinda\/","og_site_name":"narteks.net","article_published_time":"2011-02-15T13:11:23+00:00","og_image":[{"width":300,"height":90,"url":"https:\/\/narteks.net\/wp-content\/uploads\/narteks.png","type":"image\/png"}],"author":"Tar\u0131k","twitter_card":"summary_large_image","twitter_creator":"@narteks","twitter_site":"@narteks","twitter_misc":{"Yazan:":"Tar\u0131k","Tahmini okuma s\u00fcresi":"1 dakika"},"schema":{"@context":"https:\/\/schema.org","@graph":[{"@type":"Article","@id":"https:\/\/narteks.net\/index.php\/2011\/02\/15\/gecenin-nal-sesleri-arasinda\/#article","isPartOf":{"@id":"https:\/\/narteks.net\/index.php\/2011\/02\/15\/gecenin-nal-sesleri-arasinda\/"},"author":{"name":"Tar\u0131k","@id":"https:\/\/narteks.net\/#\/schema\/person\/61f37d9834294b72d31d274e7ed79bca"},"headline":"GECEN\u0130N NAL SESLER\u0130 ARASINDA","datePublished":"2011-02-15T13:11:23+00:00","mainEntityOfPage":{"@id":"https:\/\/narteks.net\/index.php\/2011\/02\/15\/gecenin-nal-sesleri-arasinda\/"},"wordCount":147,"commentCount":0,"publisher":{"@id":"https:\/\/narteks.net\/#organization"},"articleSection":["\u0130ngeborg BACHMANN"],"inLanguage":"tr","potentialAction":[{"@type":"CommentAction","name":"Comment","target":["https:\/\/narteks.net\/index.php\/2011\/02\/15\/gecenin-nal-sesleri-arasinda\/#respond"]}]},{"@type":"WebPage","@id":"https:\/\/narteks.net\/index.php\/2011\/02\/15\/gecenin-nal-sesleri-arasinda\/","url":"https:\/\/narteks.net\/index.php\/2011\/02\/15\/gecenin-nal-sesleri-arasinda\/","name":"GECEN\u0130N NAL SESLER\u0130 ARASINDA - narteks.net","isPartOf":{"@id":"https:\/\/narteks.net\/#website"},"datePublished":"2011-02-15T13:11:23+00:00","breadcrumb":{"@id":"https:\/\/narteks.net\/index.php\/2011\/02\/15\/gecenin-nal-sesleri-arasinda\/#breadcrumb"},"inLanguage":"tr","potentialAction":[{"@type":"ReadAction","target":["https:\/\/narteks.net\/index.php\/2011\/02\/15\/gecenin-nal-sesleri-arasinda\/"]}]},{"@type":"BreadcrumbList","@id":"https:\/\/narteks.net\/index.php\/2011\/02\/15\/gecenin-nal-sesleri-arasinda\/#breadcrumb","itemListElement":[{"@type":"ListItem","position":1,"name":"Anasayfa","item":"https:\/\/narteks.net\/"},{"@type":"ListItem","position":2,"name":"GECEN\u0130N NAL SESLER\u0130 ARASINDA"}]},{"@type":"WebSite","@id":"https:\/\/narteks.net\/#website","url":"https:\/\/narteks.net\/","name":"narteks.net","description":"K\u00fclt\u00fcr Sanat Edebiyat Felsefe","publisher":{"@id":"https:\/\/narteks.net\/#organization"},"alternateName":"K\u00fclt\u00fcr Sanat Edebiyat Felsefe","potentialAction":[{"@type":"SearchAction","target":{"@type":"EntryPoint","urlTemplate":"https:\/\/narteks.net\/?s={search_term_string}"},"query-input":{"@type":"PropertyValueSpecification","valueRequired":true,"valueName":"search_term_string"}}],"inLanguage":"tr"},{"@type":"Organization","@id":"https:\/\/narteks.net\/#organization","name":"narteks.net","url":"https:\/\/narteks.net\/","logo":{"@type":"ImageObject","inLanguage":"tr","@id":"https:\/\/narteks.net\/#\/schema\/logo\/image\/","url":"https:\/\/narteks.net\/wp-content\/uploads\/narteks.png","contentUrl":"https:\/\/narteks.net\/wp-content\/uploads\/narteks.png","width":300,"height":90,"caption":"narteks.net"},"image":{"@id":"https:\/\/narteks.net\/#\/schema\/logo\/image\/"},"sameAs":["https:\/\/x.com\/narteks","https:\/\/instagram.com\/narteksnet"]},{"@type":"Person","@id":"https:\/\/narteks.net\/#\/schema\/person\/61f37d9834294b72d31d274e7ed79bca","name":"Tar\u0131k","image":{"@type":"ImageObject","inLanguage":"tr","@id":"https:\/\/narteks.net\/#\/schema\/person\/image\/","url":"https:\/\/secure.gravatar.com\/avatar\/50865afb55632c4ae467e0af0930f6510aa2297d8014be502a55b14f3b7550cf?s=96&d=mm&r=g","contentUrl":"https:\/\/secure.gravatar.com\/avatar\/50865afb55632c4ae467e0af0930f6510aa2297d8014be502a55b14f3b7550cf?s=96&d=mm&r=g","caption":"Tar\u0131k"},"sameAs":["http:\/\/narteks.net"],"url":"https:\/\/narteks.net\/index.php\/author\/narbak\/"}]}},"_links":{"self":[{"href":"https:\/\/narteks.net\/index.php\/wp-json\/wp\/v2\/posts\/5039","targetHints":{"allow":["GET"]}}],"collection":[{"href":"https:\/\/narteks.net\/index.php\/wp-json\/wp\/v2\/posts"}],"about":[{"href":"https:\/\/narteks.net\/index.php\/wp-json\/wp\/v2\/types\/post"}],"author":[{"embeddable":true,"href":"https:\/\/narteks.net\/index.php\/wp-json\/wp\/v2\/users\/1"}],"replies":[{"embeddable":true,"href":"https:\/\/narteks.net\/index.php\/wp-json\/wp\/v2\/comments?post=5039"}],"version-history":[{"count":0,"href":"https:\/\/narteks.net\/index.php\/wp-json\/wp\/v2\/posts\/5039\/revisions"}],"wp:attachment":[{"href":"https:\/\/narteks.net\/index.php\/wp-json\/wp\/v2\/media?parent=5039"}],"wp:term":[{"taxonomy":"category","embeddable":true,"href":"https:\/\/narteks.net\/index.php\/wp-json\/wp\/v2\/categories?post=5039"},{"taxonomy":"post_tag","embeddable":true,"href":"https:\/\/narteks.net\/index.php\/wp-json\/wp\/v2\/tags?post=5039"}],"curies":[{"name":"wp","href":"https:\/\/api.w.org\/{rel}","templated":true}]}}