{"id":504,"date":"2009-04-12T13:07:56","date_gmt":"2009-04-12T10:07:56","guid":{"rendered":"http:\/\/localhost\/wordpress\/2009\/04\/12\/emirganda-cay-saati\/"},"modified":"2009-04-12T13:07:56","modified_gmt":"2009-04-12T10:07:56","slug":"emirganda-cay-saati","status":"publish","type":"post","link":"https:\/\/narteks.net\/index.php\/2009\/04\/12\/emirganda-cay-saati\/","title":{"rendered":"EM\u0130RGANDA \u00c7AY SAAT\u0130"},"content":{"rendered":"<p>\u00a0<\/p>\n<p>\u00e7era\u011f\u00e2n saray\u0131&#8217;ndan b\u00fcy\u00fckdere&#8217;ye <br \/> \u00fc\u015f\u00fcmek sonbahar\u0131nda eski \u00e7\u0131narlar\u0131n <br \/> uzad\u0131\u011f\u0131 yerde gizlice ak\u015famlar\u0131n <br \/> ba\u015flay\u0131p adet\u00e2 kendini dinlemeye <br \/> kafeslerin ard\u0131nda bol g\u00f6zl\u00fc bir kad\u0131n <br \/> ans\u0131z\u0131n giydirilmi\u015f ipek fer\u00e2ceye <br \/> bir \u00e7ay yaln\u0131zl\u0131\u011f\u0131 emirg\u00e2n&#8217;dan \u00f6teye <br \/> de\u011fdik\u00e7e \u0131s\u0131nd\u0131\u011f\u0131 yald\u0131zl\u0131 barda\u011f\u0131n <br \/> ned\u00eem&#8217;den yans\u0131mas\u0131 tatyos efendi&#8217;ye <br \/> tenh\u00e2 bir gen\u00e7 k\u0131z sesiyle hicazk\u00e2r&#8217;\u0131n <br \/> kuytularda \u00e7\u00fcr\u00fcd\u00fc\u011f\u00fc ba\u011fdad\u00ee yal\u0131lar\u0131n <br \/> yorgun sarma\u015f\u0131klar\u0131yla sarkm\u0131\u015f bah\u00e7eye <\/p>\n<p> so\u011fuk ku\u015flar gibi da\u011f\u0131l\u0131r bo\u011fazda <br \/> r\u00fczg\u00e2r\u0131n getirdi\u011fi donuk bir ya\u011fmur pusu <br \/> istinye&#8217;de gemilerin karanl\u0131k uykusu <br \/> k\u0131r\u0131k direkleriyle dalg\u0131n ve hasta <br \/> birden i\u00e7imi kaplayan \u00f6l\u00fcm korkusu <br \/> sel\u00e2m verilince me\u00e7hul bir namazda <br \/> g\u00e2z\u00e2li&#8217;yse biraz mevl\u00e2n\u00e2 biraz da <br \/> kubbenin alt\u0131ndaki divan u\u011fultusu <br \/> &#8216;\u015feref&#8217; vapurundan en kirli beyazda <br \/> y\u00fczlerce harbiyeli s\u00fcrg\u00fcn yolcusu <br \/> havada bir as\u0131lm\u0131\u015f adam kokusu <br \/> istanbul j\u00f6nt\u00fcrkleri h\u00fczz\u00e2m bir yasta <\/p>\n<p> yank\u0131lar\u0131yla tela\u015fl\u0131 geceleri bir bebek&#8217;ten <br \/> motorlar\u0131n ta\u015f\u0131y\u0131p o kadar bitiremedi\u011fi <br \/> en y\u0131lg\u0131n sonbahar benim g\u00f6zlerimdeki <br \/> \u00e7ok daha dumanl\u0131 m\u00fct\u00e2reke g\u00fcnlerinden <br \/> alaturka saat ka\u00e7ta ikinci t\u00f6mbeki <br \/> miralay sad\u0131k bey&#8217;in nargilesinden <br \/> dem \u00e7ekip kumrular gibi sebilleri \u015fenlendiren <br \/> osmanl\u0131 sehp\u00e2lar\u0131n g\u00f6lgesindeki <br \/> emirg\u00e2n&#8217;da ac\u0131la\u015fmak koyu bir sem\u00e2verden <br \/> \u00e7aylar gibi karar\u0131p ka\u00e7 defalarca eski <br \/> bir \u015fiir \u00fcz\u00fcnt\u00fcs\u00fcyle m\u00fcseddes bi\u00e7imindeki <br \/> \u00e7oktan unutulmu\u015f kilitli defterlerden<\/p>\n<p>Attila \u0130LHAN<\/p>\n","protected":false},"excerpt":{"rendered":"<p>\u00a0 \u00e7era\u011f\u00e2n saray\u0131&#8217;ndan b\u00fcy\u00fckdere&#8217;ye \u00fc\u015f\u00fcmek sonbahar\u0131nda eski \u00e7\u0131narlar\u0131n uzad\u0131\u011f\u0131 yerde gizlice ak\u015famlar\u0131n ba\u015flay\u0131p adet\u00e2 kendini dinlemeye kafeslerin ard\u0131nda bol g\u00f6zl\u00fc bir kad\u0131n ans\u0131z\u0131n giydirilmi\u015f ipek fer\u00e2ceye bir \u00e7ay yaln\u0131zl\u0131\u011f\u0131 emirg\u00e2n&#8217;dan \u00f6teye de\u011fdik\u00e7e \u0131s\u0131nd\u0131\u011f\u0131 yald\u0131zl\u0131 barda\u011f\u0131n ned\u00eem&#8217;den yans\u0131mas\u0131 tatyos efendi&#8217;ye tenh\u00e2 bir gen\u00e7 k\u0131z sesiyle hicazk\u00e2r&#8217;\u0131n kuytularda \u00e7\u00fcr\u00fcd\u00fc\u011f\u00fc ba\u011fdad\u00ee yal\u0131lar\u0131n yorgun sarma\u015f\u0131klar\u0131yla sarkm\u0131\u015f bah\u00e7eye so\u011fuk ku\u015flar [&hellip;]<\/p>\n","protected":false},"author":1,"featured_media":0,"comment_status":"open","ping_status":"open","sticky":false,"template":"","format":"standard","meta":{"footnotes":""},"categories":[11],"tags":[],"class_list":{"0":"post-504","1":"post","2":"type-post","3":"status-publish","4":"format-standard","6":"category-attila-ilhan"},"yoast_head":"<!-- This site is optimized with the Yoast SEO Premium plugin v24.9 (Yoast SEO v24.9) - https:\/\/yoast.com\/wordpress\/plugins\/seo\/ -->\n<title>EM\u0130RGANDA \u00c7AY SAAT\u0130 - narteks.net<\/title>\n<meta name=\"robots\" content=\"index, follow, max-snippet:-1, max-image-preview:large, max-video-preview:-1\" \/>\n<link rel=\"canonical\" href=\"https:\/\/narteks.net\/index.php\/2009\/04\/12\/emirganda-cay-saati\/\" \/>\n<meta property=\"og:locale\" content=\"tr_TR\" \/>\n<meta property=\"og:type\" content=\"article\" \/>\n<meta property=\"og:title\" content=\"EM\u0130RGANDA \u00c7AY SAAT\u0130\" \/>\n<meta property=\"og:description\" content=\"\u00a0 \u00e7era\u011f\u00e2n saray\u0131&#8217;ndan b\u00fcy\u00fckdere&#8217;ye \u00fc\u015f\u00fcmek sonbahar\u0131nda eski \u00e7\u0131narlar\u0131n uzad\u0131\u011f\u0131 yerde gizlice ak\u015famlar\u0131n ba\u015flay\u0131p adet\u00e2 kendini dinlemeye kafeslerin ard\u0131nda bol g\u00f6zl\u00fc bir kad\u0131n ans\u0131z\u0131n giydirilmi\u015f ipek fer\u00e2ceye bir \u00e7ay yaln\u0131zl\u0131\u011f\u0131 emirg\u00e2n&#8217;dan \u00f6teye de\u011fdik\u00e7e \u0131s\u0131nd\u0131\u011f\u0131 yald\u0131zl\u0131 barda\u011f\u0131n ned\u00eem&#8217;den yans\u0131mas\u0131 tatyos efendi&#8217;ye tenh\u00e2 bir gen\u00e7 k\u0131z sesiyle hicazk\u00e2r&#8217;\u0131n kuytularda \u00e7\u00fcr\u00fcd\u00fc\u011f\u00fc ba\u011fdad\u00ee yal\u0131lar\u0131n yorgun sarma\u015f\u0131klar\u0131yla sarkm\u0131\u015f bah\u00e7eye so\u011fuk ku\u015flar [&hellip;]\" \/>\n<meta property=\"og:url\" content=\"https:\/\/narteks.net\/index.php\/2009\/04\/12\/emirganda-cay-saati\/\" \/>\n<meta property=\"og:site_name\" content=\"narteks.net\" \/>\n<meta property=\"article:published_time\" content=\"2009-04-12T10:07:56+00:00\" \/>\n<meta property=\"og:image\" content=\"https:\/\/narteks.net\/wp-content\/uploads\/narteks.png\" \/>\n\t<meta property=\"og:image:width\" content=\"300\" \/>\n\t<meta property=\"og:image:height\" content=\"90\" \/>\n\t<meta property=\"og:image:type\" content=\"image\/png\" \/>\n<meta name=\"author\" content=\"Tar\u0131k\" \/>\n<meta name=\"twitter:card\" content=\"summary_large_image\" \/>\n<meta name=\"twitter:creator\" content=\"@narteks\" \/>\n<meta name=\"twitter:site\" content=\"@narteks\" \/>\n<meta name=\"twitter:label1\" content=\"Yazan:\" \/>\n\t<meta name=\"twitter:data1\" content=\"Tar\u0131k\" \/>\n\t<meta name=\"twitter:label2\" content=\"Tahmini okuma s\u00fcresi\" \/>\n\t<meta name=\"twitter:data2\" content=\"1 dakika\" \/>\n<script type=\"application\/ld+json\" class=\"yoast-schema-graph\">{\"@context\":\"https:\/\/schema.org\",\"@graph\":[{\"@type\":\"Article\",\"@id\":\"https:\/\/narteks.net\/index.php\/2009\/04\/12\/emirganda-cay-saati\/#article\",\"isPartOf\":{\"@id\":\"https:\/\/narteks.net\/index.php\/2009\/04\/12\/emirganda-cay-saati\/\"},\"author\":{\"name\":\"Tar\u0131k\",\"@id\":\"https:\/\/narteks.net\/#\/schema\/person\/61f37d9834294b72d31d274e7ed79bca\"},\"headline\":\"EM\u0130RGANDA \u00c7AY SAAT\u0130\",\"datePublished\":\"2009-04-12T10:07:56+00:00\",\"mainEntityOfPage\":{\"@id\":\"https:\/\/narteks.net\/index.php\/2009\/04\/12\/emirganda-cay-saati\/\"},\"wordCount\":270,\"commentCount\":0,\"publisher\":{\"@id\":\"https:\/\/narteks.net\/#organization\"},\"articleSection\":[\"Attila ILHAN\"],\"inLanguage\":\"tr\",\"potentialAction\":[{\"@type\":\"CommentAction\",\"name\":\"Comment\",\"target\":[\"https:\/\/narteks.net\/index.php\/2009\/04\/12\/emirganda-cay-saati\/#respond\"]}]},{\"@type\":\"WebPage\",\"@id\":\"https:\/\/narteks.net\/index.php\/2009\/04\/12\/emirganda-cay-saati\/\",\"url\":\"https:\/\/narteks.net\/index.php\/2009\/04\/12\/emirganda-cay-saati\/\",\"name\":\"EM\u0130RGANDA \u00c7AY SAAT\u0130 - narteks.net\",\"isPartOf\":{\"@id\":\"https:\/\/narteks.net\/#website\"},\"datePublished\":\"2009-04-12T10:07:56+00:00\",\"breadcrumb\":{\"@id\":\"https:\/\/narteks.net\/index.php\/2009\/04\/12\/emirganda-cay-saati\/#breadcrumb\"},\"inLanguage\":\"tr\",\"potentialAction\":[{\"@type\":\"ReadAction\",\"target\":[\"https:\/\/narteks.net\/index.php\/2009\/04\/12\/emirganda-cay-saati\/\"]}]},{\"@type\":\"BreadcrumbList\",\"@id\":\"https:\/\/narteks.net\/index.php\/2009\/04\/12\/emirganda-cay-saati\/#breadcrumb\",\"itemListElement\":[{\"@type\":\"ListItem\",\"position\":1,\"name\":\"Anasayfa\",\"item\":\"https:\/\/narteks.net\/\"},{\"@type\":\"ListItem\",\"position\":2,\"name\":\"EM\u0130RGANDA \u00c7AY SAAT\u0130\"}]},{\"@type\":\"WebSite\",\"@id\":\"https:\/\/narteks.net\/#website\",\"url\":\"https:\/\/narteks.net\/\",\"name\":\"narteks.net\",\"description\":\"K\u00fclt\u00fcr Sanat Edebiyat Felsefe\",\"publisher\":{\"@id\":\"https:\/\/narteks.net\/#organization\"},\"alternateName\":\"K\u00fclt\u00fcr Sanat Edebiyat Felsefe\",\"potentialAction\":[{\"@type\":\"SearchAction\",\"target\":{\"@type\":\"EntryPoint\",\"urlTemplate\":\"https:\/\/narteks.net\/?s={search_term_string}\"},\"query-input\":{\"@type\":\"PropertyValueSpecification\",\"valueRequired\":true,\"valueName\":\"search_term_string\"}}],\"inLanguage\":\"tr\"},{\"@type\":\"Organization\",\"@id\":\"https:\/\/narteks.net\/#organization\",\"name\":\"narteks.net\",\"url\":\"https:\/\/narteks.net\/\",\"logo\":{\"@type\":\"ImageObject\",\"inLanguage\":\"tr\",\"@id\":\"https:\/\/narteks.net\/#\/schema\/logo\/image\/\",\"url\":\"https:\/\/narteks.net\/wp-content\/uploads\/narteks.png\",\"contentUrl\":\"https:\/\/narteks.net\/wp-content\/uploads\/narteks.png\",\"width\":300,\"height\":90,\"caption\":\"narteks.net\"},\"image\":{\"@id\":\"https:\/\/narteks.net\/#\/schema\/logo\/image\/\"},\"sameAs\":[\"https:\/\/x.com\/narteks\",\"https:\/\/instagram.com\/narteksnet\"]},{\"@type\":\"Person\",\"@id\":\"https:\/\/narteks.net\/#\/schema\/person\/61f37d9834294b72d31d274e7ed79bca\",\"name\":\"Tar\u0131k\",\"image\":{\"@type\":\"ImageObject\",\"inLanguage\":\"tr\",\"@id\":\"https:\/\/narteks.net\/#\/schema\/person\/image\/\",\"url\":\"https:\/\/secure.gravatar.com\/avatar\/50865afb55632c4ae467e0af0930f6510aa2297d8014be502a55b14f3b7550cf?s=96&d=mm&r=g\",\"contentUrl\":\"https:\/\/secure.gravatar.com\/avatar\/50865afb55632c4ae467e0af0930f6510aa2297d8014be502a55b14f3b7550cf?s=96&d=mm&r=g\",\"caption\":\"Tar\u0131k\"},\"sameAs\":[\"http:\/\/narteks.net\"],\"url\":\"https:\/\/narteks.net\/index.php\/author\/narbak\/\"}]}<\/script>\n<!-- \/ Yoast SEO Premium plugin. -->","yoast_head_json":{"title":"EM\u0130RGANDA \u00c7AY SAAT\u0130 - narteks.net","robots":{"index":"index","follow":"follow","max-snippet":"max-snippet:-1","max-image-preview":"max-image-preview:large","max-video-preview":"max-video-preview:-1"},"canonical":"https:\/\/narteks.net\/index.php\/2009\/04\/12\/emirganda-cay-saati\/","og_locale":"tr_TR","og_type":"article","og_title":"EM\u0130RGANDA \u00c7AY SAAT\u0130","og_description":"\u00a0 \u00e7era\u011f\u00e2n saray\u0131&#8217;ndan b\u00fcy\u00fckdere&#8217;ye \u00fc\u015f\u00fcmek sonbahar\u0131nda eski \u00e7\u0131narlar\u0131n uzad\u0131\u011f\u0131 yerde gizlice ak\u015famlar\u0131n ba\u015flay\u0131p adet\u00e2 kendini dinlemeye kafeslerin ard\u0131nda bol g\u00f6zl\u00fc bir kad\u0131n ans\u0131z\u0131n giydirilmi\u015f ipek fer\u00e2ceye bir \u00e7ay yaln\u0131zl\u0131\u011f\u0131 emirg\u00e2n&#8217;dan \u00f6teye de\u011fdik\u00e7e \u0131s\u0131nd\u0131\u011f\u0131 yald\u0131zl\u0131 barda\u011f\u0131n ned\u00eem&#8217;den yans\u0131mas\u0131 tatyos efendi&#8217;ye tenh\u00e2 bir gen\u00e7 k\u0131z sesiyle hicazk\u00e2r&#8217;\u0131n kuytularda \u00e7\u00fcr\u00fcd\u00fc\u011f\u00fc ba\u011fdad\u00ee yal\u0131lar\u0131n yorgun sarma\u015f\u0131klar\u0131yla sarkm\u0131\u015f bah\u00e7eye so\u011fuk ku\u015flar [&hellip;]","og_url":"https:\/\/narteks.net\/index.php\/2009\/04\/12\/emirganda-cay-saati\/","og_site_name":"narteks.net","article_published_time":"2009-04-12T10:07:56+00:00","og_image":[{"width":300,"height":90,"url":"https:\/\/narteks.net\/wp-content\/uploads\/narteks.png","type":"image\/png"}],"author":"Tar\u0131k","twitter_card":"summary_large_image","twitter_creator":"@narteks","twitter_site":"@narteks","twitter_misc":{"Yazan:":"Tar\u0131k","Tahmini okuma s\u00fcresi":"1 dakika"},"schema":{"@context":"https:\/\/schema.org","@graph":[{"@type":"Article","@id":"https:\/\/narteks.net\/index.php\/2009\/04\/12\/emirganda-cay-saati\/#article","isPartOf":{"@id":"https:\/\/narteks.net\/index.php\/2009\/04\/12\/emirganda-cay-saati\/"},"author":{"name":"Tar\u0131k","@id":"https:\/\/narteks.net\/#\/schema\/person\/61f37d9834294b72d31d274e7ed79bca"},"headline":"EM\u0130RGANDA \u00c7AY SAAT\u0130","datePublished":"2009-04-12T10:07:56+00:00","mainEntityOfPage":{"@id":"https:\/\/narteks.net\/index.php\/2009\/04\/12\/emirganda-cay-saati\/"},"wordCount":270,"commentCount":0,"publisher":{"@id":"https:\/\/narteks.net\/#organization"},"articleSection":["Attila ILHAN"],"inLanguage":"tr","potentialAction":[{"@type":"CommentAction","name":"Comment","target":["https:\/\/narteks.net\/index.php\/2009\/04\/12\/emirganda-cay-saati\/#respond"]}]},{"@type":"WebPage","@id":"https:\/\/narteks.net\/index.php\/2009\/04\/12\/emirganda-cay-saati\/","url":"https:\/\/narteks.net\/index.php\/2009\/04\/12\/emirganda-cay-saati\/","name":"EM\u0130RGANDA \u00c7AY SAAT\u0130 - narteks.net","isPartOf":{"@id":"https:\/\/narteks.net\/#website"},"datePublished":"2009-04-12T10:07:56+00:00","breadcrumb":{"@id":"https:\/\/narteks.net\/index.php\/2009\/04\/12\/emirganda-cay-saati\/#breadcrumb"},"inLanguage":"tr","potentialAction":[{"@type":"ReadAction","target":["https:\/\/narteks.net\/index.php\/2009\/04\/12\/emirganda-cay-saati\/"]}]},{"@type":"BreadcrumbList","@id":"https:\/\/narteks.net\/index.php\/2009\/04\/12\/emirganda-cay-saati\/#breadcrumb","itemListElement":[{"@type":"ListItem","position":1,"name":"Anasayfa","item":"https:\/\/narteks.net\/"},{"@type":"ListItem","position":2,"name":"EM\u0130RGANDA \u00c7AY SAAT\u0130"}]},{"@type":"WebSite","@id":"https:\/\/narteks.net\/#website","url":"https:\/\/narteks.net\/","name":"narteks.net","description":"K\u00fclt\u00fcr Sanat Edebiyat Felsefe","publisher":{"@id":"https:\/\/narteks.net\/#organization"},"alternateName":"K\u00fclt\u00fcr Sanat Edebiyat Felsefe","potentialAction":[{"@type":"SearchAction","target":{"@type":"EntryPoint","urlTemplate":"https:\/\/narteks.net\/?s={search_term_string}"},"query-input":{"@type":"PropertyValueSpecification","valueRequired":true,"valueName":"search_term_string"}}],"inLanguage":"tr"},{"@type":"Organization","@id":"https:\/\/narteks.net\/#organization","name":"narteks.net","url":"https:\/\/narteks.net\/","logo":{"@type":"ImageObject","inLanguage":"tr","@id":"https:\/\/narteks.net\/#\/schema\/logo\/image\/","url":"https:\/\/narteks.net\/wp-content\/uploads\/narteks.png","contentUrl":"https:\/\/narteks.net\/wp-content\/uploads\/narteks.png","width":300,"height":90,"caption":"narteks.net"},"image":{"@id":"https:\/\/narteks.net\/#\/schema\/logo\/image\/"},"sameAs":["https:\/\/x.com\/narteks","https:\/\/instagram.com\/narteksnet"]},{"@type":"Person","@id":"https:\/\/narteks.net\/#\/schema\/person\/61f37d9834294b72d31d274e7ed79bca","name":"Tar\u0131k","image":{"@type":"ImageObject","inLanguage":"tr","@id":"https:\/\/narteks.net\/#\/schema\/person\/image\/","url":"https:\/\/secure.gravatar.com\/avatar\/50865afb55632c4ae467e0af0930f6510aa2297d8014be502a55b14f3b7550cf?s=96&d=mm&r=g","contentUrl":"https:\/\/secure.gravatar.com\/avatar\/50865afb55632c4ae467e0af0930f6510aa2297d8014be502a55b14f3b7550cf?s=96&d=mm&r=g","caption":"Tar\u0131k"},"sameAs":["http:\/\/narteks.net"],"url":"https:\/\/narteks.net\/index.php\/author\/narbak\/"}]}},"_links":{"self":[{"href":"https:\/\/narteks.net\/index.php\/wp-json\/wp\/v2\/posts\/504","targetHints":{"allow":["GET"]}}],"collection":[{"href":"https:\/\/narteks.net\/index.php\/wp-json\/wp\/v2\/posts"}],"about":[{"href":"https:\/\/narteks.net\/index.php\/wp-json\/wp\/v2\/types\/post"}],"author":[{"embeddable":true,"href":"https:\/\/narteks.net\/index.php\/wp-json\/wp\/v2\/users\/1"}],"replies":[{"embeddable":true,"href":"https:\/\/narteks.net\/index.php\/wp-json\/wp\/v2\/comments?post=504"}],"version-history":[{"count":0,"href":"https:\/\/narteks.net\/index.php\/wp-json\/wp\/v2\/posts\/504\/revisions"}],"wp:attachment":[{"href":"https:\/\/narteks.net\/index.php\/wp-json\/wp\/v2\/media?parent=504"}],"wp:term":[{"taxonomy":"category","embeddable":true,"href":"https:\/\/narteks.net\/index.php\/wp-json\/wp\/v2\/categories?post=504"},{"taxonomy":"post_tag","embeddable":true,"href":"https:\/\/narteks.net\/index.php\/wp-json\/wp\/v2\/tags?post=504"}],"curies":[{"name":"wp","href":"https:\/\/api.w.org\/{rel}","templated":true}]}}