{"id":5040,"date":"2011-02-15T16:14:58","date_gmt":"2011-02-15T13:14:58","guid":{"rendered":"http:\/\/localhost\/wordpress\/2011\/02\/15\/karanlik-seyler-soyluyorum\/"},"modified":"2011-02-15T16:14:58","modified_gmt":"2011-02-15T13:14:58","slug":"karanlik-seyler-soyluyorum","status":"publish","type":"post","link":"https:\/\/narteks.net\/index.php\/2011\/02\/15\/karanlik-seyler-soyluyorum\/","title":{"rendered":"KARANLIK \u015eEYLER S\u00d6YL\u00dcYORUM"},"content":{"rendered":"<p> Orpheus gibi \u00f6l\u00fcm\u00fc \u00e7al\u0131\u015f\u0131yorum<br \/> hayat\u0131n tellerinde<br \/> yery\u00fcz\u00fcn\u00fcn g\u00fczelli\u011fine kar\u015f\u0131<br \/> ve g\u00f6\u011f\u00fc y\u00f6neten g\u00f6zlerine<br \/> yaln\u0131zca karanl\u0131k \u015feylerdir s\u00f6yleyebildi\u011fim.<\/p>\n<p> Unutma, o sabah<br \/> hen\u00fcz \u0131slakken \u00e7i\u011fden yatt\u0131\u011f\u0131n yer<br \/> ve karanfil uyurken y\u00fcre\u011finin \u00fcst\u00fcnde<br \/> sen de birdenbire g\u00f6rm\u00fc\u015ft\u00fcn<br \/> kara \u0131rma\u011f\u0131<br \/> yan\u0131 ba\u015f\u0131nda ak\u0131p giden.<\/p>\n<p> Suskunun telleri gerilmi\u015f<br \/> kan dalgalar\u0131 \u00fcst\u00fcne,<br \/> inleyen y\u00fcre\u011fini kavrad\u0131m ben;<br \/> gecenin g\u00f6lge sa\u00e7lar\u0131na<br \/> d\u00f6n\u00fc\u015ft\u00fc sa\u00e7lar\u0131n,<br \/> karanl\u0131\u011f\u0131n kara kar taneleri<br \/> ya\u011fd\u0131lar y\u00fcz\u00fcne<br \/> Ve ben senin de\u011filim<br \/> yak\u0131nmaday\u0131z ikimiz de.<\/p>\n<p> Fakat Orpheus gibi biliyorum<br \/> \u00f6l\u00fcm\u00fcn yan\u0131nda hayat\u0131<br \/> senin her vakit i\u00e7in kapal\u0131 g\u00f6zlerin<br \/> bende bak\u0131yor mavi mavi.<\/p>\n<p> Ingeborg Bachmann<\/p>\n","protected":false},"excerpt":{"rendered":"<p>Orpheus gibi \u00f6l\u00fcm\u00fc \u00e7al\u0131\u015f\u0131yorum hayat\u0131n tellerinde yery\u00fcz\u00fcn\u00fcn g\u00fczelli\u011fine kar\u015f\u0131 ve g\u00f6\u011f\u00fc y\u00f6neten g\u00f6zlerine yaln\u0131zca karanl\u0131k \u015feylerdir s\u00f6yleyebildi\u011fim. Unutma, o sabah hen\u00fcz \u0131slakken \u00e7i\u011fden yatt\u0131\u011f\u0131n yer ve karanfil uyurken y\u00fcre\u011finin \u00fcst\u00fcnde sen de birdenbire g\u00f6rm\u00fc\u015ft\u00fcn kara \u0131rma\u011f\u0131 yan\u0131 ba\u015f\u0131nda ak\u0131p giden. Suskunun telleri gerilmi\u015f kan dalgalar\u0131 \u00fcst\u00fcne, inleyen y\u00fcre\u011fini kavrad\u0131m ben; gecenin g\u00f6lge sa\u00e7lar\u0131na d\u00f6n\u00fc\u015ft\u00fc sa\u00e7lar\u0131n, [&hellip;]<\/p>\n","protected":false},"author":1,"featured_media":0,"comment_status":"open","ping_status":"open","sticky":false,"template":"","format":"standard","meta":{"footnotes":""},"categories":[71],"tags":[],"class_list":{"0":"post-5040","1":"post","2":"type-post","3":"status-publish","4":"format-standard","6":"category-ingeborg-bachmann"},"yoast_head":"<!-- This site is optimized with the Yoast SEO Premium plugin v24.9 (Yoast SEO v24.9) - https:\/\/yoast.com\/wordpress\/plugins\/seo\/ -->\n<title>KARANLIK \u015eEYLER S\u00d6YL\u00dcYORUM - narteks.net<\/title>\n<meta name=\"robots\" content=\"index, follow, max-snippet:-1, max-image-preview:large, max-video-preview:-1\" \/>\n<link rel=\"canonical\" href=\"https:\/\/narteks.net\/index.php\/2011\/02\/15\/karanlik-seyler-soyluyorum\/\" \/>\n<meta property=\"og:locale\" content=\"tr_TR\" \/>\n<meta property=\"og:type\" content=\"article\" \/>\n<meta property=\"og:title\" content=\"KARANLIK \u015eEYLER S\u00d6YL\u00dcYORUM\" \/>\n<meta property=\"og:description\" content=\"Orpheus gibi \u00f6l\u00fcm\u00fc \u00e7al\u0131\u015f\u0131yorum hayat\u0131n tellerinde yery\u00fcz\u00fcn\u00fcn g\u00fczelli\u011fine kar\u015f\u0131 ve g\u00f6\u011f\u00fc y\u00f6neten g\u00f6zlerine yaln\u0131zca karanl\u0131k \u015feylerdir s\u00f6yleyebildi\u011fim. Unutma, o sabah hen\u00fcz \u0131slakken \u00e7i\u011fden yatt\u0131\u011f\u0131n yer ve karanfil uyurken y\u00fcre\u011finin \u00fcst\u00fcnde sen de birdenbire g\u00f6rm\u00fc\u015ft\u00fcn kara \u0131rma\u011f\u0131 yan\u0131 ba\u015f\u0131nda ak\u0131p giden. Suskunun telleri gerilmi\u015f kan dalgalar\u0131 \u00fcst\u00fcne, inleyen y\u00fcre\u011fini kavrad\u0131m ben; gecenin g\u00f6lge sa\u00e7lar\u0131na d\u00f6n\u00fc\u015ft\u00fc sa\u00e7lar\u0131n, [&hellip;]\" \/>\n<meta property=\"og:url\" content=\"https:\/\/narteks.net\/index.php\/2011\/02\/15\/karanlik-seyler-soyluyorum\/\" \/>\n<meta property=\"og:site_name\" content=\"narteks.net\" \/>\n<meta property=\"article:published_time\" content=\"2011-02-15T13:14:58+00:00\" \/>\n<meta property=\"og:image\" content=\"https:\/\/narteks.net\/wp-content\/uploads\/narteks.png\" \/>\n\t<meta property=\"og:image:width\" content=\"300\" \/>\n\t<meta property=\"og:image:height\" content=\"90\" \/>\n\t<meta property=\"og:image:type\" content=\"image\/png\" \/>\n<meta name=\"author\" content=\"Tar\u0131k\" \/>\n<meta name=\"twitter:card\" content=\"summary_large_image\" \/>\n<meta name=\"twitter:creator\" content=\"@narteks\" \/>\n<meta name=\"twitter:site\" content=\"@narteks\" \/>\n<meta name=\"twitter:label1\" content=\"Yazan:\" \/>\n\t<meta name=\"twitter:data1\" content=\"Tar\u0131k\" \/>\n\t<meta name=\"twitter:label2\" content=\"Tahmini okuma s\u00fcresi\" \/>\n\t<meta name=\"twitter:data2\" content=\"1 dakika\" \/>\n<script type=\"application\/ld+json\" class=\"yoast-schema-graph\">{\"@context\":\"https:\/\/schema.org\",\"@graph\":[{\"@type\":\"Article\",\"@id\":\"https:\/\/narteks.net\/index.php\/2011\/02\/15\/karanlik-seyler-soyluyorum\/#article\",\"isPartOf\":{\"@id\":\"https:\/\/narteks.net\/index.php\/2011\/02\/15\/karanlik-seyler-soyluyorum\/\"},\"author\":{\"name\":\"Tar\u0131k\",\"@id\":\"https:\/\/narteks.net\/#\/schema\/person\/61f37d9834294b72d31d274e7ed79bca\"},\"headline\":\"KARANLIK \u015eEYLER S\u00d6YL\u00dcYORUM\",\"datePublished\":\"2011-02-15T13:14:58+00:00\",\"mainEntityOfPage\":{\"@id\":\"https:\/\/narteks.net\/index.php\/2011\/02\/15\/karanlik-seyler-soyluyorum\/\"},\"wordCount\":142,\"commentCount\":0,\"publisher\":{\"@id\":\"https:\/\/narteks.net\/#organization\"},\"articleSection\":[\"\u0130ngeborg BACHMANN\"],\"inLanguage\":\"tr\",\"potentialAction\":[{\"@type\":\"CommentAction\",\"name\":\"Comment\",\"target\":[\"https:\/\/narteks.net\/index.php\/2011\/02\/15\/karanlik-seyler-soyluyorum\/#respond\"]}]},{\"@type\":\"WebPage\",\"@id\":\"https:\/\/narteks.net\/index.php\/2011\/02\/15\/karanlik-seyler-soyluyorum\/\",\"url\":\"https:\/\/narteks.net\/index.php\/2011\/02\/15\/karanlik-seyler-soyluyorum\/\",\"name\":\"KARANLIK \u015eEYLER S\u00d6YL\u00dcYORUM - narteks.net\",\"isPartOf\":{\"@id\":\"https:\/\/narteks.net\/#website\"},\"datePublished\":\"2011-02-15T13:14:58+00:00\",\"breadcrumb\":{\"@id\":\"https:\/\/narteks.net\/index.php\/2011\/02\/15\/karanlik-seyler-soyluyorum\/#breadcrumb\"},\"inLanguage\":\"tr\",\"potentialAction\":[{\"@type\":\"ReadAction\",\"target\":[\"https:\/\/narteks.net\/index.php\/2011\/02\/15\/karanlik-seyler-soyluyorum\/\"]}]},{\"@type\":\"BreadcrumbList\",\"@id\":\"https:\/\/narteks.net\/index.php\/2011\/02\/15\/karanlik-seyler-soyluyorum\/#breadcrumb\",\"itemListElement\":[{\"@type\":\"ListItem\",\"position\":1,\"name\":\"Anasayfa\",\"item\":\"https:\/\/narteks.net\/\"},{\"@type\":\"ListItem\",\"position\":2,\"name\":\"KARANLIK \u015eEYLER S\u00d6YL\u00dcYORUM\"}]},{\"@type\":\"WebSite\",\"@id\":\"https:\/\/narteks.net\/#website\",\"url\":\"https:\/\/narteks.net\/\",\"name\":\"narteks.net\",\"description\":\"K\u00fclt\u00fcr Sanat Edebiyat Felsefe\",\"publisher\":{\"@id\":\"https:\/\/narteks.net\/#organization\"},\"alternateName\":\"K\u00fclt\u00fcr Sanat Edebiyat Felsefe\",\"potentialAction\":[{\"@type\":\"SearchAction\",\"target\":{\"@type\":\"EntryPoint\",\"urlTemplate\":\"https:\/\/narteks.net\/?s={search_term_string}\"},\"query-input\":{\"@type\":\"PropertyValueSpecification\",\"valueRequired\":true,\"valueName\":\"search_term_string\"}}],\"inLanguage\":\"tr\"},{\"@type\":\"Organization\",\"@id\":\"https:\/\/narteks.net\/#organization\",\"name\":\"narteks.net\",\"url\":\"https:\/\/narteks.net\/\",\"logo\":{\"@type\":\"ImageObject\",\"inLanguage\":\"tr\",\"@id\":\"https:\/\/narteks.net\/#\/schema\/logo\/image\/\",\"url\":\"https:\/\/narteks.net\/wp-content\/uploads\/narteks.png\",\"contentUrl\":\"https:\/\/narteks.net\/wp-content\/uploads\/narteks.png\",\"width\":300,\"height\":90,\"caption\":\"narteks.net\"},\"image\":{\"@id\":\"https:\/\/narteks.net\/#\/schema\/logo\/image\/\"},\"sameAs\":[\"https:\/\/x.com\/narteks\",\"https:\/\/instagram.com\/narteksnet\"]},{\"@type\":\"Person\",\"@id\":\"https:\/\/narteks.net\/#\/schema\/person\/61f37d9834294b72d31d274e7ed79bca\",\"name\":\"Tar\u0131k\",\"image\":{\"@type\":\"ImageObject\",\"inLanguage\":\"tr\",\"@id\":\"https:\/\/narteks.net\/#\/schema\/person\/image\/\",\"url\":\"https:\/\/secure.gravatar.com\/avatar\/50865afb55632c4ae467e0af0930f6510aa2297d8014be502a55b14f3b7550cf?s=96&d=mm&r=g\",\"contentUrl\":\"https:\/\/secure.gravatar.com\/avatar\/50865afb55632c4ae467e0af0930f6510aa2297d8014be502a55b14f3b7550cf?s=96&d=mm&r=g\",\"caption\":\"Tar\u0131k\"},\"sameAs\":[\"http:\/\/narteks.net\"],\"url\":\"https:\/\/narteks.net\/index.php\/author\/narbak\/\"}]}<\/script>\n<!-- \/ Yoast SEO Premium plugin. -->","yoast_head_json":{"title":"KARANLIK \u015eEYLER S\u00d6YL\u00dcYORUM - narteks.net","robots":{"index":"index","follow":"follow","max-snippet":"max-snippet:-1","max-image-preview":"max-image-preview:large","max-video-preview":"max-video-preview:-1"},"canonical":"https:\/\/narteks.net\/index.php\/2011\/02\/15\/karanlik-seyler-soyluyorum\/","og_locale":"tr_TR","og_type":"article","og_title":"KARANLIK \u015eEYLER S\u00d6YL\u00dcYORUM","og_description":"Orpheus gibi \u00f6l\u00fcm\u00fc \u00e7al\u0131\u015f\u0131yorum hayat\u0131n tellerinde yery\u00fcz\u00fcn\u00fcn g\u00fczelli\u011fine kar\u015f\u0131 ve g\u00f6\u011f\u00fc y\u00f6neten g\u00f6zlerine yaln\u0131zca karanl\u0131k \u015feylerdir s\u00f6yleyebildi\u011fim. Unutma, o sabah hen\u00fcz \u0131slakken \u00e7i\u011fden yatt\u0131\u011f\u0131n yer ve karanfil uyurken y\u00fcre\u011finin \u00fcst\u00fcnde sen de birdenbire g\u00f6rm\u00fc\u015ft\u00fcn kara \u0131rma\u011f\u0131 yan\u0131 ba\u015f\u0131nda ak\u0131p giden. Suskunun telleri gerilmi\u015f kan dalgalar\u0131 \u00fcst\u00fcne, inleyen y\u00fcre\u011fini kavrad\u0131m ben; gecenin g\u00f6lge sa\u00e7lar\u0131na d\u00f6n\u00fc\u015ft\u00fc sa\u00e7lar\u0131n, [&hellip;]","og_url":"https:\/\/narteks.net\/index.php\/2011\/02\/15\/karanlik-seyler-soyluyorum\/","og_site_name":"narteks.net","article_published_time":"2011-02-15T13:14:58+00:00","og_image":[{"width":300,"height":90,"url":"https:\/\/narteks.net\/wp-content\/uploads\/narteks.png","type":"image\/png"}],"author":"Tar\u0131k","twitter_card":"summary_large_image","twitter_creator":"@narteks","twitter_site":"@narteks","twitter_misc":{"Yazan:":"Tar\u0131k","Tahmini okuma s\u00fcresi":"1 dakika"},"schema":{"@context":"https:\/\/schema.org","@graph":[{"@type":"Article","@id":"https:\/\/narteks.net\/index.php\/2011\/02\/15\/karanlik-seyler-soyluyorum\/#article","isPartOf":{"@id":"https:\/\/narteks.net\/index.php\/2011\/02\/15\/karanlik-seyler-soyluyorum\/"},"author":{"name":"Tar\u0131k","@id":"https:\/\/narteks.net\/#\/schema\/person\/61f37d9834294b72d31d274e7ed79bca"},"headline":"KARANLIK \u015eEYLER S\u00d6YL\u00dcYORUM","datePublished":"2011-02-15T13:14:58+00:00","mainEntityOfPage":{"@id":"https:\/\/narteks.net\/index.php\/2011\/02\/15\/karanlik-seyler-soyluyorum\/"},"wordCount":142,"commentCount":0,"publisher":{"@id":"https:\/\/narteks.net\/#organization"},"articleSection":["\u0130ngeborg BACHMANN"],"inLanguage":"tr","potentialAction":[{"@type":"CommentAction","name":"Comment","target":["https:\/\/narteks.net\/index.php\/2011\/02\/15\/karanlik-seyler-soyluyorum\/#respond"]}]},{"@type":"WebPage","@id":"https:\/\/narteks.net\/index.php\/2011\/02\/15\/karanlik-seyler-soyluyorum\/","url":"https:\/\/narteks.net\/index.php\/2011\/02\/15\/karanlik-seyler-soyluyorum\/","name":"KARANLIK \u015eEYLER S\u00d6YL\u00dcYORUM - narteks.net","isPartOf":{"@id":"https:\/\/narteks.net\/#website"},"datePublished":"2011-02-15T13:14:58+00:00","breadcrumb":{"@id":"https:\/\/narteks.net\/index.php\/2011\/02\/15\/karanlik-seyler-soyluyorum\/#breadcrumb"},"inLanguage":"tr","potentialAction":[{"@type":"ReadAction","target":["https:\/\/narteks.net\/index.php\/2011\/02\/15\/karanlik-seyler-soyluyorum\/"]}]},{"@type":"BreadcrumbList","@id":"https:\/\/narteks.net\/index.php\/2011\/02\/15\/karanlik-seyler-soyluyorum\/#breadcrumb","itemListElement":[{"@type":"ListItem","position":1,"name":"Anasayfa","item":"https:\/\/narteks.net\/"},{"@type":"ListItem","position":2,"name":"KARANLIK \u015eEYLER S\u00d6YL\u00dcYORUM"}]},{"@type":"WebSite","@id":"https:\/\/narteks.net\/#website","url":"https:\/\/narteks.net\/","name":"narteks.net","description":"K\u00fclt\u00fcr Sanat Edebiyat Felsefe","publisher":{"@id":"https:\/\/narteks.net\/#organization"},"alternateName":"K\u00fclt\u00fcr Sanat Edebiyat Felsefe","potentialAction":[{"@type":"SearchAction","target":{"@type":"EntryPoint","urlTemplate":"https:\/\/narteks.net\/?s={search_term_string}"},"query-input":{"@type":"PropertyValueSpecification","valueRequired":true,"valueName":"search_term_string"}}],"inLanguage":"tr"},{"@type":"Organization","@id":"https:\/\/narteks.net\/#organization","name":"narteks.net","url":"https:\/\/narteks.net\/","logo":{"@type":"ImageObject","inLanguage":"tr","@id":"https:\/\/narteks.net\/#\/schema\/logo\/image\/","url":"https:\/\/narteks.net\/wp-content\/uploads\/narteks.png","contentUrl":"https:\/\/narteks.net\/wp-content\/uploads\/narteks.png","width":300,"height":90,"caption":"narteks.net"},"image":{"@id":"https:\/\/narteks.net\/#\/schema\/logo\/image\/"},"sameAs":["https:\/\/x.com\/narteks","https:\/\/instagram.com\/narteksnet"]},{"@type":"Person","@id":"https:\/\/narteks.net\/#\/schema\/person\/61f37d9834294b72d31d274e7ed79bca","name":"Tar\u0131k","image":{"@type":"ImageObject","inLanguage":"tr","@id":"https:\/\/narteks.net\/#\/schema\/person\/image\/","url":"https:\/\/secure.gravatar.com\/avatar\/50865afb55632c4ae467e0af0930f6510aa2297d8014be502a55b14f3b7550cf?s=96&d=mm&r=g","contentUrl":"https:\/\/secure.gravatar.com\/avatar\/50865afb55632c4ae467e0af0930f6510aa2297d8014be502a55b14f3b7550cf?s=96&d=mm&r=g","caption":"Tar\u0131k"},"sameAs":["http:\/\/narteks.net"],"url":"https:\/\/narteks.net\/index.php\/author\/narbak\/"}]}},"_links":{"self":[{"href":"https:\/\/narteks.net\/index.php\/wp-json\/wp\/v2\/posts\/5040","targetHints":{"allow":["GET"]}}],"collection":[{"href":"https:\/\/narteks.net\/index.php\/wp-json\/wp\/v2\/posts"}],"about":[{"href":"https:\/\/narteks.net\/index.php\/wp-json\/wp\/v2\/types\/post"}],"author":[{"embeddable":true,"href":"https:\/\/narteks.net\/index.php\/wp-json\/wp\/v2\/users\/1"}],"replies":[{"embeddable":true,"href":"https:\/\/narteks.net\/index.php\/wp-json\/wp\/v2\/comments?post=5040"}],"version-history":[{"count":0,"href":"https:\/\/narteks.net\/index.php\/wp-json\/wp\/v2\/posts\/5040\/revisions"}],"wp:attachment":[{"href":"https:\/\/narteks.net\/index.php\/wp-json\/wp\/v2\/media?parent=5040"}],"wp:term":[{"taxonomy":"category","embeddable":true,"href":"https:\/\/narteks.net\/index.php\/wp-json\/wp\/v2\/categories?post=5040"},{"taxonomy":"post_tag","embeddable":true,"href":"https:\/\/narteks.net\/index.php\/wp-json\/wp\/v2\/tags?post=5040"}],"curies":[{"name":"wp","href":"https:\/\/api.w.org\/{rel}","templated":true}]}}