{"id":5042,"date":"2011-02-15T16:15:59","date_gmt":"2011-02-15T13:15:59","guid":{"rendered":"http:\/\/localhost\/wordpress\/2011\/02\/15\/ada-sarkilarindan\/"},"modified":"2011-02-15T16:15:59","modified_gmt":"2011-02-15T13:15:59","slug":"ada-sarkilarindan","status":"publish","type":"post","link":"https:\/\/narteks.net\/index.php\/2011\/02\/15\/ada-sarkilarindan\/","title":{"rendered":"ADA \u015eARKILARINDAN"},"content":{"rendered":"<p>\u0130nsan ayr\u0131l\u0131rken<br \/>f\u0131rlatmal\u0131 \u015fapkas\u0131n\u0131 denize,<br \/>i\u00e7inde yaz boyu toplad\u0131\u011f\u0131<br \/>deniz kabuklar\u0131<br \/>ve gitmeli sa\u00e7lar\u0131 u\u00e7u\u015farak r\u00fczg\u00e2rda,<br \/>kurdu\u011fu sofray\u0131 sevgilisine,<br \/>devirmeli denize,<br \/>barda\u011f\u0131nda kalan \u015farab\u0131 d\u00f6kmeli denize,<br \/>ekme\u011fini bal\u0131klara vermeli<br \/>ve denize bir damla kan katmal\u0131,<br \/>b\u0131\u00e7a\u011f\u0131n\u0131 dalgalara saplamal\u0131<br \/>ve salmal\u0131 sulara ayakkab\u0131lar\u0131n\u0131,<br \/>y\u00fcrek, \u00e7apa ve ha\u00e7<br \/>ve gitmeli sa\u00e7lar\u0131 u\u00e7u\u015farak r\u00fczg\u00e2rda!<br \/>D\u00f6ner gelir sonra.<br \/>Ne zaman?<br \/>Sorma. <\/p>\n<p>Ingeborg Bachmann<\/p>\n","protected":false},"excerpt":{"rendered":"<p>\u0130nsan ayr\u0131l\u0131rkenf\u0131rlatmal\u0131 \u015fapkas\u0131n\u0131 denize,i\u00e7inde yaz boyu toplad\u0131\u011f\u0131deniz kabuklar\u0131ve gitmeli sa\u00e7lar\u0131 u\u00e7u\u015farak r\u00fczg\u00e2rda,kurdu\u011fu sofray\u0131 sevgilisine,devirmeli denize,barda\u011f\u0131nda kalan \u015farab\u0131 d\u00f6kmeli denize,ekme\u011fini bal\u0131klara vermelive denize bir damla kan katmal\u0131,b\u0131\u00e7a\u011f\u0131n\u0131 dalgalara saplamal\u0131ve salmal\u0131 sulara ayakkab\u0131lar\u0131n\u0131,y\u00fcrek, \u00e7apa ve ha\u00e7ve gitmeli sa\u00e7lar\u0131 u\u00e7u\u015farak r\u00fczg\u00e2rda!D\u00f6ner gelir sonra.Ne zaman?Sorma. Ingeborg Bachmann<\/p>\n","protected":false},"author":1,"featured_media":0,"comment_status":"open","ping_status":"open","sticky":false,"template":"","format":"standard","meta":{"footnotes":""},"categories":[71],"tags":[],"class_list":{"0":"post-5042","1":"post","2":"type-post","3":"status-publish","4":"format-standard","6":"category-ingeborg-bachmann"},"yoast_head":"<!-- This site is optimized with the Yoast SEO Premium plugin v24.9 (Yoast SEO v24.9) - https:\/\/yoast.com\/wordpress\/plugins\/seo\/ -->\n<title>ADA \u015eARKILARINDAN - narteks.net<\/title>\n<meta name=\"robots\" content=\"index, follow, max-snippet:-1, max-image-preview:large, max-video-preview:-1\" \/>\n<link rel=\"canonical\" href=\"https:\/\/narteks.net\/index.php\/2011\/02\/15\/ada-sarkilarindan\/\" \/>\n<meta property=\"og:locale\" content=\"tr_TR\" \/>\n<meta property=\"og:type\" content=\"article\" \/>\n<meta property=\"og:title\" content=\"ADA \u015eARKILARINDAN\" \/>\n<meta property=\"og:description\" content=\"\u0130nsan ayr\u0131l\u0131rkenf\u0131rlatmal\u0131 \u015fapkas\u0131n\u0131 denize,i\u00e7inde yaz boyu toplad\u0131\u011f\u0131deniz kabuklar\u0131ve gitmeli sa\u00e7lar\u0131 u\u00e7u\u015farak r\u00fczg\u00e2rda,kurdu\u011fu sofray\u0131 sevgilisine,devirmeli denize,barda\u011f\u0131nda kalan \u015farab\u0131 d\u00f6kmeli denize,ekme\u011fini bal\u0131klara vermelive denize bir damla kan katmal\u0131,b\u0131\u00e7a\u011f\u0131n\u0131 dalgalara saplamal\u0131ve salmal\u0131 sulara ayakkab\u0131lar\u0131n\u0131,y\u00fcrek, \u00e7apa ve ha\u00e7ve gitmeli sa\u00e7lar\u0131 u\u00e7u\u015farak r\u00fczg\u00e2rda!D\u00f6ner gelir sonra.Ne zaman?Sorma. Ingeborg Bachmann\" \/>\n<meta property=\"og:url\" content=\"https:\/\/narteks.net\/index.php\/2011\/02\/15\/ada-sarkilarindan\/\" \/>\n<meta property=\"og:site_name\" content=\"narteks.net\" \/>\n<meta property=\"article:published_time\" content=\"2011-02-15T13:15:59+00:00\" \/>\n<meta property=\"og:image\" content=\"https:\/\/narteks.net\/wp-content\/uploads\/narteks.png\" \/>\n\t<meta property=\"og:image:width\" content=\"300\" \/>\n\t<meta property=\"og:image:height\" content=\"90\" \/>\n\t<meta property=\"og:image:type\" content=\"image\/png\" \/>\n<meta name=\"author\" content=\"Tar\u0131k\" \/>\n<meta name=\"twitter:card\" content=\"summary_large_image\" \/>\n<meta name=\"twitter:creator\" content=\"@narteks\" \/>\n<meta name=\"twitter:site\" content=\"@narteks\" \/>\n<meta name=\"twitter:label1\" content=\"Yazan:\" \/>\n\t<meta name=\"twitter:data1\" content=\"Tar\u0131k\" \/>\n<script type=\"application\/ld+json\" class=\"yoast-schema-graph\">{\"@context\":\"https:\/\/schema.org\",\"@graph\":[{\"@type\":\"Article\",\"@id\":\"https:\/\/narteks.net\/index.php\/2011\/02\/15\/ada-sarkilarindan\/#article\",\"isPartOf\":{\"@id\":\"https:\/\/narteks.net\/index.php\/2011\/02\/15\/ada-sarkilarindan\/\"},\"author\":{\"name\":\"Tar\u0131k\",\"@id\":\"https:\/\/narteks.net\/#\/schema\/person\/61f37d9834294b72d31d274e7ed79bca\"},\"headline\":\"ADA \u015eARKILARINDAN\",\"datePublished\":\"2011-02-15T13:15:59+00:00\",\"mainEntityOfPage\":{\"@id\":\"https:\/\/narteks.net\/index.php\/2011\/02\/15\/ada-sarkilarindan\/\"},\"wordCount\":85,\"commentCount\":0,\"publisher\":{\"@id\":\"https:\/\/narteks.net\/#organization\"},\"articleSection\":[\"\u0130ngeborg BACHMANN\"],\"inLanguage\":\"tr\",\"potentialAction\":[{\"@type\":\"CommentAction\",\"name\":\"Comment\",\"target\":[\"https:\/\/narteks.net\/index.php\/2011\/02\/15\/ada-sarkilarindan\/#respond\"]}]},{\"@type\":\"WebPage\",\"@id\":\"https:\/\/narteks.net\/index.php\/2011\/02\/15\/ada-sarkilarindan\/\",\"url\":\"https:\/\/narteks.net\/index.php\/2011\/02\/15\/ada-sarkilarindan\/\",\"name\":\"ADA \u015eARKILARINDAN - narteks.net\",\"isPartOf\":{\"@id\":\"https:\/\/narteks.net\/#website\"},\"datePublished\":\"2011-02-15T13:15:59+00:00\",\"breadcrumb\":{\"@id\":\"https:\/\/narteks.net\/index.php\/2011\/02\/15\/ada-sarkilarindan\/#breadcrumb\"},\"inLanguage\":\"tr\",\"potentialAction\":[{\"@type\":\"ReadAction\",\"target\":[\"https:\/\/narteks.net\/index.php\/2011\/02\/15\/ada-sarkilarindan\/\"]}]},{\"@type\":\"BreadcrumbList\",\"@id\":\"https:\/\/narteks.net\/index.php\/2011\/02\/15\/ada-sarkilarindan\/#breadcrumb\",\"itemListElement\":[{\"@type\":\"ListItem\",\"position\":1,\"name\":\"Anasayfa\",\"item\":\"https:\/\/narteks.net\/\"},{\"@type\":\"ListItem\",\"position\":2,\"name\":\"ADA \u015eARKILARINDAN\"}]},{\"@type\":\"WebSite\",\"@id\":\"https:\/\/narteks.net\/#website\",\"url\":\"https:\/\/narteks.net\/\",\"name\":\"narteks.net\",\"description\":\"K\u00fclt\u00fcr Sanat Edebiyat Felsefe\",\"publisher\":{\"@id\":\"https:\/\/narteks.net\/#organization\"},\"alternateName\":\"K\u00fclt\u00fcr Sanat Edebiyat Felsefe\",\"potentialAction\":[{\"@type\":\"SearchAction\",\"target\":{\"@type\":\"EntryPoint\",\"urlTemplate\":\"https:\/\/narteks.net\/?s={search_term_string}\"},\"query-input\":{\"@type\":\"PropertyValueSpecification\",\"valueRequired\":true,\"valueName\":\"search_term_string\"}}],\"inLanguage\":\"tr\"},{\"@type\":\"Organization\",\"@id\":\"https:\/\/narteks.net\/#organization\",\"name\":\"narteks.net\",\"url\":\"https:\/\/narteks.net\/\",\"logo\":{\"@type\":\"ImageObject\",\"inLanguage\":\"tr\",\"@id\":\"https:\/\/narteks.net\/#\/schema\/logo\/image\/\",\"url\":\"https:\/\/narteks.net\/wp-content\/uploads\/narteks.png\",\"contentUrl\":\"https:\/\/narteks.net\/wp-content\/uploads\/narteks.png\",\"width\":300,\"height\":90,\"caption\":\"narteks.net\"},\"image\":{\"@id\":\"https:\/\/narteks.net\/#\/schema\/logo\/image\/\"},\"sameAs\":[\"https:\/\/x.com\/narteks\",\"https:\/\/instagram.com\/narteksnet\"]},{\"@type\":\"Person\",\"@id\":\"https:\/\/narteks.net\/#\/schema\/person\/61f37d9834294b72d31d274e7ed79bca\",\"name\":\"Tar\u0131k\",\"image\":{\"@type\":\"ImageObject\",\"inLanguage\":\"tr\",\"@id\":\"https:\/\/narteks.net\/#\/schema\/person\/image\/\",\"url\":\"https:\/\/secure.gravatar.com\/avatar\/50865afb55632c4ae467e0af0930f6510aa2297d8014be502a55b14f3b7550cf?s=96&d=mm&r=g\",\"contentUrl\":\"https:\/\/secure.gravatar.com\/avatar\/50865afb55632c4ae467e0af0930f6510aa2297d8014be502a55b14f3b7550cf?s=96&d=mm&r=g\",\"caption\":\"Tar\u0131k\"},\"sameAs\":[\"http:\/\/narteks.net\"],\"url\":\"https:\/\/narteks.net\/index.php\/author\/narbak\/\"}]}<\/script>\n<!-- \/ Yoast SEO Premium plugin. -->","yoast_head_json":{"title":"ADA \u015eARKILARINDAN - narteks.net","robots":{"index":"index","follow":"follow","max-snippet":"max-snippet:-1","max-image-preview":"max-image-preview:large","max-video-preview":"max-video-preview:-1"},"canonical":"https:\/\/narteks.net\/index.php\/2011\/02\/15\/ada-sarkilarindan\/","og_locale":"tr_TR","og_type":"article","og_title":"ADA \u015eARKILARINDAN","og_description":"\u0130nsan ayr\u0131l\u0131rkenf\u0131rlatmal\u0131 \u015fapkas\u0131n\u0131 denize,i\u00e7inde yaz boyu toplad\u0131\u011f\u0131deniz kabuklar\u0131ve gitmeli sa\u00e7lar\u0131 u\u00e7u\u015farak r\u00fczg\u00e2rda,kurdu\u011fu sofray\u0131 sevgilisine,devirmeli denize,barda\u011f\u0131nda kalan \u015farab\u0131 d\u00f6kmeli denize,ekme\u011fini bal\u0131klara vermelive denize bir damla kan katmal\u0131,b\u0131\u00e7a\u011f\u0131n\u0131 dalgalara saplamal\u0131ve salmal\u0131 sulara ayakkab\u0131lar\u0131n\u0131,y\u00fcrek, \u00e7apa ve ha\u00e7ve gitmeli sa\u00e7lar\u0131 u\u00e7u\u015farak r\u00fczg\u00e2rda!D\u00f6ner gelir sonra.Ne zaman?Sorma. Ingeborg Bachmann","og_url":"https:\/\/narteks.net\/index.php\/2011\/02\/15\/ada-sarkilarindan\/","og_site_name":"narteks.net","article_published_time":"2011-02-15T13:15:59+00:00","og_image":[{"width":300,"height":90,"url":"https:\/\/narteks.net\/wp-content\/uploads\/narteks.png","type":"image\/png"}],"author":"Tar\u0131k","twitter_card":"summary_large_image","twitter_creator":"@narteks","twitter_site":"@narteks","twitter_misc":{"Yazan:":"Tar\u0131k"},"schema":{"@context":"https:\/\/schema.org","@graph":[{"@type":"Article","@id":"https:\/\/narteks.net\/index.php\/2011\/02\/15\/ada-sarkilarindan\/#article","isPartOf":{"@id":"https:\/\/narteks.net\/index.php\/2011\/02\/15\/ada-sarkilarindan\/"},"author":{"name":"Tar\u0131k","@id":"https:\/\/narteks.net\/#\/schema\/person\/61f37d9834294b72d31d274e7ed79bca"},"headline":"ADA \u015eARKILARINDAN","datePublished":"2011-02-15T13:15:59+00:00","mainEntityOfPage":{"@id":"https:\/\/narteks.net\/index.php\/2011\/02\/15\/ada-sarkilarindan\/"},"wordCount":85,"commentCount":0,"publisher":{"@id":"https:\/\/narteks.net\/#organization"},"articleSection":["\u0130ngeborg BACHMANN"],"inLanguage":"tr","potentialAction":[{"@type":"CommentAction","name":"Comment","target":["https:\/\/narteks.net\/index.php\/2011\/02\/15\/ada-sarkilarindan\/#respond"]}]},{"@type":"WebPage","@id":"https:\/\/narteks.net\/index.php\/2011\/02\/15\/ada-sarkilarindan\/","url":"https:\/\/narteks.net\/index.php\/2011\/02\/15\/ada-sarkilarindan\/","name":"ADA \u015eARKILARINDAN - narteks.net","isPartOf":{"@id":"https:\/\/narteks.net\/#website"},"datePublished":"2011-02-15T13:15:59+00:00","breadcrumb":{"@id":"https:\/\/narteks.net\/index.php\/2011\/02\/15\/ada-sarkilarindan\/#breadcrumb"},"inLanguage":"tr","potentialAction":[{"@type":"ReadAction","target":["https:\/\/narteks.net\/index.php\/2011\/02\/15\/ada-sarkilarindan\/"]}]},{"@type":"BreadcrumbList","@id":"https:\/\/narteks.net\/index.php\/2011\/02\/15\/ada-sarkilarindan\/#breadcrumb","itemListElement":[{"@type":"ListItem","position":1,"name":"Anasayfa","item":"https:\/\/narteks.net\/"},{"@type":"ListItem","position":2,"name":"ADA \u015eARKILARINDAN"}]},{"@type":"WebSite","@id":"https:\/\/narteks.net\/#website","url":"https:\/\/narteks.net\/","name":"narteks.net","description":"K\u00fclt\u00fcr Sanat Edebiyat Felsefe","publisher":{"@id":"https:\/\/narteks.net\/#organization"},"alternateName":"K\u00fclt\u00fcr Sanat Edebiyat Felsefe","potentialAction":[{"@type":"SearchAction","target":{"@type":"EntryPoint","urlTemplate":"https:\/\/narteks.net\/?s={search_term_string}"},"query-input":{"@type":"PropertyValueSpecification","valueRequired":true,"valueName":"search_term_string"}}],"inLanguage":"tr"},{"@type":"Organization","@id":"https:\/\/narteks.net\/#organization","name":"narteks.net","url":"https:\/\/narteks.net\/","logo":{"@type":"ImageObject","inLanguage":"tr","@id":"https:\/\/narteks.net\/#\/schema\/logo\/image\/","url":"https:\/\/narteks.net\/wp-content\/uploads\/narteks.png","contentUrl":"https:\/\/narteks.net\/wp-content\/uploads\/narteks.png","width":300,"height":90,"caption":"narteks.net"},"image":{"@id":"https:\/\/narteks.net\/#\/schema\/logo\/image\/"},"sameAs":["https:\/\/x.com\/narteks","https:\/\/instagram.com\/narteksnet"]},{"@type":"Person","@id":"https:\/\/narteks.net\/#\/schema\/person\/61f37d9834294b72d31d274e7ed79bca","name":"Tar\u0131k","image":{"@type":"ImageObject","inLanguage":"tr","@id":"https:\/\/narteks.net\/#\/schema\/person\/image\/","url":"https:\/\/secure.gravatar.com\/avatar\/50865afb55632c4ae467e0af0930f6510aa2297d8014be502a55b14f3b7550cf?s=96&d=mm&r=g","contentUrl":"https:\/\/secure.gravatar.com\/avatar\/50865afb55632c4ae467e0af0930f6510aa2297d8014be502a55b14f3b7550cf?s=96&d=mm&r=g","caption":"Tar\u0131k"},"sameAs":["http:\/\/narteks.net"],"url":"https:\/\/narteks.net\/index.php\/author\/narbak\/"}]}},"_links":{"self":[{"href":"https:\/\/narteks.net\/index.php\/wp-json\/wp\/v2\/posts\/5042","targetHints":{"allow":["GET"]}}],"collection":[{"href":"https:\/\/narteks.net\/index.php\/wp-json\/wp\/v2\/posts"}],"about":[{"href":"https:\/\/narteks.net\/index.php\/wp-json\/wp\/v2\/types\/post"}],"author":[{"embeddable":true,"href":"https:\/\/narteks.net\/index.php\/wp-json\/wp\/v2\/users\/1"}],"replies":[{"embeddable":true,"href":"https:\/\/narteks.net\/index.php\/wp-json\/wp\/v2\/comments?post=5042"}],"version-history":[{"count":0,"href":"https:\/\/narteks.net\/index.php\/wp-json\/wp\/v2\/posts\/5042\/revisions"}],"wp:attachment":[{"href":"https:\/\/narteks.net\/index.php\/wp-json\/wp\/v2\/media?parent=5042"}],"wp:term":[{"taxonomy":"category","embeddable":true,"href":"https:\/\/narteks.net\/index.php\/wp-json\/wp\/v2\/categories?post=5042"},{"taxonomy":"post_tag","embeddable":true,"href":"https:\/\/narteks.net\/index.php\/wp-json\/wp\/v2\/tags?post=5042"}],"curies":[{"name":"wp","href":"https:\/\/api.w.org\/{rel}","templated":true}]}}