{"id":5043,"date":"2011-02-15T16:16:29","date_gmt":"2011-02-15T13:16:29","guid":{"rendered":"http:\/\/localhost\/wordpress\/2011\/02\/15\/insansiz\/"},"modified":"2011-02-15T16:16:29","modified_gmt":"2011-02-15T13:16:29","slug":"insansiz","status":"publish","type":"post","link":"https:\/\/narteks.net\/index.php\/2011\/02\/15\/insansiz\/","title":{"rendered":"\u0130NSANSIZ"},"content":{"rendered":"<p>Bulutlardan yap\u0131lma ilen\u00e7li bir saray,<br \/>i\u00e7inde s\u00fcr\u00fcklendi\u011fimiz&#8230;<br \/>Belki ka\u00e7 cennetten ge\u00e7mi\u015fizdir<br \/>b\u00f6yle donuk g\u00f6zlerle, kim bilir?<br \/>Bizler, zaman s\u00fcrg\u00fcnleri,<br \/>topraklar\u0131ndan kovulmu\u015f, bizler,<br \/>yersiz yurtsuz gece u\u00e7ucular\u0131.<\/p>\n<p>Tanr\u0131n\u0131n etraf\u0131nda da kanat \u00e7\u0131rpm\u0131\u015f\u0131zd\u0131r belki,<br \/>ve ok gibi, k\u00f6p\u00fckler sa\u00e7arak u\u00e7tu\u011fumuzdan, onu<br \/>g\u00f6rmeksizin,<br \/>ve s\u00fcrd\u00fcrd\u00fc\u011f\u00fcm\u00fczden tohum sa\u00e7may\u0131, daha<br \/>karanl\u0131k ku\u015faklar boyunca s\u00fcrd\u00fcrelim diye ya\u015famay\u0131,<br \/>su\u00e7lu gibiyizdir \u015fimdi, kim bilir?<\/p>\n<p>Kim s\u00f6yleyebilir belki nice zamanlard\u0131r \u00f6lmedi\u011fimizi?<br \/>S\u00fcrekli y\u00fckselmekte tutundu\u011fumuz bulutlar.<br \/>\u0130ncelen havada \u015fimdiden felce u\u011fram\u0131\u015f ellerimiz,<br \/>ya art\u0131k sesimiz solu\u011fumuz da kesildi\u011finde<br \/>Son anlar\u0131m\u0131za m\u0131 kalacak ilen\u00e7ler?<\/p>\n<p>Ingeborg Bachmann<\/p>\n","protected":false},"excerpt":{"rendered":"<p>Bulutlardan yap\u0131lma ilen\u00e7li bir saray,i\u00e7inde s\u00fcr\u00fcklendi\u011fimiz&#8230;Belki ka\u00e7 cennetten ge\u00e7mi\u015fizdirb\u00f6yle donuk g\u00f6zlerle, kim bilir?Bizler, zaman s\u00fcrg\u00fcnleri,topraklar\u0131ndan kovulmu\u015f, bizler,yersiz yurtsuz gece u\u00e7ucular\u0131. Tanr\u0131n\u0131n etraf\u0131nda da kanat \u00e7\u0131rpm\u0131\u015f\u0131zd\u0131r belki,ve ok gibi, k\u00f6p\u00fckler sa\u00e7arak u\u00e7tu\u011fumuzdan, onug\u00f6rmeksizin,ve s\u00fcrd\u00fcrd\u00fc\u011f\u00fcm\u00fczden tohum sa\u00e7may\u0131, dahakaranl\u0131k ku\u015faklar boyunca s\u00fcrd\u00fcrelim diye ya\u015famay\u0131,su\u00e7lu gibiyizdir \u015fimdi, kim bilir? Kim s\u00f6yleyebilir belki nice zamanlard\u0131r \u00f6lmedi\u011fimizi?S\u00fcrekli y\u00fckselmekte tutundu\u011fumuz bulutlar.\u0130ncelen havada [&hellip;]<\/p>\n","protected":false},"author":1,"featured_media":0,"comment_status":"open","ping_status":"open","sticky":false,"template":"","format":"standard","meta":{"footnotes":""},"categories":[71],"tags":[],"class_list":{"0":"post-5043","1":"post","2":"type-post","3":"status-publish","4":"format-standard","6":"category-ingeborg-bachmann"},"yoast_head":"<!-- This site is optimized with the Yoast SEO Premium plugin v24.9 (Yoast SEO v24.9) - https:\/\/yoast.com\/wordpress\/plugins\/seo\/ -->\n<title>\u0130NSANSIZ - narteks.net<\/title>\n<meta name=\"robots\" content=\"index, follow, max-snippet:-1, max-image-preview:large, max-video-preview:-1\" \/>\n<link rel=\"canonical\" href=\"https:\/\/narteks.net\/index.php\/2011\/02\/15\/insansiz\/\" \/>\n<meta property=\"og:locale\" content=\"tr_TR\" \/>\n<meta property=\"og:type\" content=\"article\" \/>\n<meta property=\"og:title\" content=\"\u0130NSANSIZ\" \/>\n<meta property=\"og:description\" content=\"Bulutlardan yap\u0131lma ilen\u00e7li bir saray,i\u00e7inde s\u00fcr\u00fcklendi\u011fimiz&#8230;Belki ka\u00e7 cennetten ge\u00e7mi\u015fizdirb\u00f6yle donuk g\u00f6zlerle, kim bilir?Bizler, zaman s\u00fcrg\u00fcnleri,topraklar\u0131ndan kovulmu\u015f, bizler,yersiz yurtsuz gece u\u00e7ucular\u0131. Tanr\u0131n\u0131n etraf\u0131nda da kanat \u00e7\u0131rpm\u0131\u015f\u0131zd\u0131r belki,ve ok gibi, k\u00f6p\u00fckler sa\u00e7arak u\u00e7tu\u011fumuzdan, onug\u00f6rmeksizin,ve s\u00fcrd\u00fcrd\u00fc\u011f\u00fcm\u00fczden tohum sa\u00e7may\u0131, dahakaranl\u0131k ku\u015faklar boyunca s\u00fcrd\u00fcrelim diye ya\u015famay\u0131,su\u00e7lu gibiyizdir \u015fimdi, kim bilir? Kim s\u00f6yleyebilir belki nice zamanlard\u0131r \u00f6lmedi\u011fimizi?S\u00fcrekli y\u00fckselmekte tutundu\u011fumuz bulutlar.\u0130ncelen havada [&hellip;]\" \/>\n<meta property=\"og:url\" content=\"https:\/\/narteks.net\/index.php\/2011\/02\/15\/insansiz\/\" \/>\n<meta property=\"og:site_name\" content=\"narteks.net\" \/>\n<meta property=\"article:published_time\" content=\"2011-02-15T13:16:29+00:00\" \/>\n<meta property=\"og:image\" content=\"https:\/\/narteks.net\/wp-content\/uploads\/narteks.png\" \/>\n\t<meta property=\"og:image:width\" content=\"300\" \/>\n\t<meta property=\"og:image:height\" content=\"90\" \/>\n\t<meta property=\"og:image:type\" content=\"image\/png\" \/>\n<meta name=\"author\" content=\"Tar\u0131k\" \/>\n<meta name=\"twitter:card\" content=\"summary_large_image\" \/>\n<meta name=\"twitter:creator\" content=\"@narteks\" \/>\n<meta name=\"twitter:site\" content=\"@narteks\" \/>\n<meta name=\"twitter:label1\" content=\"Yazan:\" \/>\n\t<meta name=\"twitter:data1\" content=\"Tar\u0131k\" \/>\n\t<meta name=\"twitter:label2\" content=\"Tahmini okuma s\u00fcresi\" \/>\n\t<meta name=\"twitter:data2\" content=\"1 dakika\" \/>\n<script type=\"application\/ld+json\" class=\"yoast-schema-graph\">{\"@context\":\"https:\/\/schema.org\",\"@graph\":[{\"@type\":\"Article\",\"@id\":\"https:\/\/narteks.net\/index.php\/2011\/02\/15\/insansiz\/#article\",\"isPartOf\":{\"@id\":\"https:\/\/narteks.net\/index.php\/2011\/02\/15\/insansiz\/\"},\"author\":{\"name\":\"Tar\u0131k\",\"@id\":\"https:\/\/narteks.net\/#\/schema\/person\/61f37d9834294b72d31d274e7ed79bca\"},\"headline\":\"\u0130NSANSIZ\",\"datePublished\":\"2011-02-15T13:16:29+00:00\",\"mainEntityOfPage\":{\"@id\":\"https:\/\/narteks.net\/index.php\/2011\/02\/15\/insansiz\/\"},\"wordCount\":131,\"commentCount\":0,\"publisher\":{\"@id\":\"https:\/\/narteks.net\/#organization\"},\"articleSection\":[\"\u0130ngeborg BACHMANN\"],\"inLanguage\":\"tr\",\"potentialAction\":[{\"@type\":\"CommentAction\",\"name\":\"Comment\",\"target\":[\"https:\/\/narteks.net\/index.php\/2011\/02\/15\/insansiz\/#respond\"]}]},{\"@type\":\"WebPage\",\"@id\":\"https:\/\/narteks.net\/index.php\/2011\/02\/15\/insansiz\/\",\"url\":\"https:\/\/narteks.net\/index.php\/2011\/02\/15\/insansiz\/\",\"name\":\"\u0130NSANSIZ - narteks.net\",\"isPartOf\":{\"@id\":\"https:\/\/narteks.net\/#website\"},\"datePublished\":\"2011-02-15T13:16:29+00:00\",\"breadcrumb\":{\"@id\":\"https:\/\/narteks.net\/index.php\/2011\/02\/15\/insansiz\/#breadcrumb\"},\"inLanguage\":\"tr\",\"potentialAction\":[{\"@type\":\"ReadAction\",\"target\":[\"https:\/\/narteks.net\/index.php\/2011\/02\/15\/insansiz\/\"]}]},{\"@type\":\"BreadcrumbList\",\"@id\":\"https:\/\/narteks.net\/index.php\/2011\/02\/15\/insansiz\/#breadcrumb\",\"itemListElement\":[{\"@type\":\"ListItem\",\"position\":1,\"name\":\"Anasayfa\",\"item\":\"https:\/\/narteks.net\/\"},{\"@type\":\"ListItem\",\"position\":2,\"name\":\"\u0130NSANSIZ\"}]},{\"@type\":\"WebSite\",\"@id\":\"https:\/\/narteks.net\/#website\",\"url\":\"https:\/\/narteks.net\/\",\"name\":\"narteks.net\",\"description\":\"K\u00fclt\u00fcr Sanat Edebiyat Felsefe\",\"publisher\":{\"@id\":\"https:\/\/narteks.net\/#organization\"},\"alternateName\":\"K\u00fclt\u00fcr Sanat Edebiyat Felsefe\",\"potentialAction\":[{\"@type\":\"SearchAction\",\"target\":{\"@type\":\"EntryPoint\",\"urlTemplate\":\"https:\/\/narteks.net\/?s={search_term_string}\"},\"query-input\":{\"@type\":\"PropertyValueSpecification\",\"valueRequired\":true,\"valueName\":\"search_term_string\"}}],\"inLanguage\":\"tr\"},{\"@type\":\"Organization\",\"@id\":\"https:\/\/narteks.net\/#organization\",\"name\":\"narteks.net\",\"url\":\"https:\/\/narteks.net\/\",\"logo\":{\"@type\":\"ImageObject\",\"inLanguage\":\"tr\",\"@id\":\"https:\/\/narteks.net\/#\/schema\/logo\/image\/\",\"url\":\"https:\/\/narteks.net\/wp-content\/uploads\/narteks.png\",\"contentUrl\":\"https:\/\/narteks.net\/wp-content\/uploads\/narteks.png\",\"width\":300,\"height\":90,\"caption\":\"narteks.net\"},\"image\":{\"@id\":\"https:\/\/narteks.net\/#\/schema\/logo\/image\/\"},\"sameAs\":[\"https:\/\/x.com\/narteks\",\"https:\/\/instagram.com\/narteksnet\"]},{\"@type\":\"Person\",\"@id\":\"https:\/\/narteks.net\/#\/schema\/person\/61f37d9834294b72d31d274e7ed79bca\",\"name\":\"Tar\u0131k\",\"image\":{\"@type\":\"ImageObject\",\"inLanguage\":\"tr\",\"@id\":\"https:\/\/narteks.net\/#\/schema\/person\/image\/\",\"url\":\"https:\/\/secure.gravatar.com\/avatar\/50865afb55632c4ae467e0af0930f6510aa2297d8014be502a55b14f3b7550cf?s=96&d=mm&r=g\",\"contentUrl\":\"https:\/\/secure.gravatar.com\/avatar\/50865afb55632c4ae467e0af0930f6510aa2297d8014be502a55b14f3b7550cf?s=96&d=mm&r=g\",\"caption\":\"Tar\u0131k\"},\"sameAs\":[\"http:\/\/narteks.net\"],\"url\":\"https:\/\/narteks.net\/index.php\/author\/narbak\/\"}]}<\/script>\n<!-- \/ Yoast SEO Premium plugin. -->","yoast_head_json":{"title":"\u0130NSANSIZ - narteks.net","robots":{"index":"index","follow":"follow","max-snippet":"max-snippet:-1","max-image-preview":"max-image-preview:large","max-video-preview":"max-video-preview:-1"},"canonical":"https:\/\/narteks.net\/index.php\/2011\/02\/15\/insansiz\/","og_locale":"tr_TR","og_type":"article","og_title":"\u0130NSANSIZ","og_description":"Bulutlardan yap\u0131lma ilen\u00e7li bir saray,i\u00e7inde s\u00fcr\u00fcklendi\u011fimiz&#8230;Belki ka\u00e7 cennetten ge\u00e7mi\u015fizdirb\u00f6yle donuk g\u00f6zlerle, kim bilir?Bizler, zaman s\u00fcrg\u00fcnleri,topraklar\u0131ndan kovulmu\u015f, bizler,yersiz yurtsuz gece u\u00e7ucular\u0131. Tanr\u0131n\u0131n etraf\u0131nda da kanat \u00e7\u0131rpm\u0131\u015f\u0131zd\u0131r belki,ve ok gibi, k\u00f6p\u00fckler sa\u00e7arak u\u00e7tu\u011fumuzdan, onug\u00f6rmeksizin,ve s\u00fcrd\u00fcrd\u00fc\u011f\u00fcm\u00fczden tohum sa\u00e7may\u0131, dahakaranl\u0131k ku\u015faklar boyunca s\u00fcrd\u00fcrelim diye ya\u015famay\u0131,su\u00e7lu gibiyizdir \u015fimdi, kim bilir? Kim s\u00f6yleyebilir belki nice zamanlard\u0131r \u00f6lmedi\u011fimizi?S\u00fcrekli y\u00fckselmekte tutundu\u011fumuz bulutlar.\u0130ncelen havada [&hellip;]","og_url":"https:\/\/narteks.net\/index.php\/2011\/02\/15\/insansiz\/","og_site_name":"narteks.net","article_published_time":"2011-02-15T13:16:29+00:00","og_image":[{"width":300,"height":90,"url":"https:\/\/narteks.net\/wp-content\/uploads\/narteks.png","type":"image\/png"}],"author":"Tar\u0131k","twitter_card":"summary_large_image","twitter_creator":"@narteks","twitter_site":"@narteks","twitter_misc":{"Yazan:":"Tar\u0131k","Tahmini okuma s\u00fcresi":"1 dakika"},"schema":{"@context":"https:\/\/schema.org","@graph":[{"@type":"Article","@id":"https:\/\/narteks.net\/index.php\/2011\/02\/15\/insansiz\/#article","isPartOf":{"@id":"https:\/\/narteks.net\/index.php\/2011\/02\/15\/insansiz\/"},"author":{"name":"Tar\u0131k","@id":"https:\/\/narteks.net\/#\/schema\/person\/61f37d9834294b72d31d274e7ed79bca"},"headline":"\u0130NSANSIZ","datePublished":"2011-02-15T13:16:29+00:00","mainEntityOfPage":{"@id":"https:\/\/narteks.net\/index.php\/2011\/02\/15\/insansiz\/"},"wordCount":131,"commentCount":0,"publisher":{"@id":"https:\/\/narteks.net\/#organization"},"articleSection":["\u0130ngeborg BACHMANN"],"inLanguage":"tr","potentialAction":[{"@type":"CommentAction","name":"Comment","target":["https:\/\/narteks.net\/index.php\/2011\/02\/15\/insansiz\/#respond"]}]},{"@type":"WebPage","@id":"https:\/\/narteks.net\/index.php\/2011\/02\/15\/insansiz\/","url":"https:\/\/narteks.net\/index.php\/2011\/02\/15\/insansiz\/","name":"\u0130NSANSIZ - narteks.net","isPartOf":{"@id":"https:\/\/narteks.net\/#website"},"datePublished":"2011-02-15T13:16:29+00:00","breadcrumb":{"@id":"https:\/\/narteks.net\/index.php\/2011\/02\/15\/insansiz\/#breadcrumb"},"inLanguage":"tr","potentialAction":[{"@type":"ReadAction","target":["https:\/\/narteks.net\/index.php\/2011\/02\/15\/insansiz\/"]}]},{"@type":"BreadcrumbList","@id":"https:\/\/narteks.net\/index.php\/2011\/02\/15\/insansiz\/#breadcrumb","itemListElement":[{"@type":"ListItem","position":1,"name":"Anasayfa","item":"https:\/\/narteks.net\/"},{"@type":"ListItem","position":2,"name":"\u0130NSANSIZ"}]},{"@type":"WebSite","@id":"https:\/\/narteks.net\/#website","url":"https:\/\/narteks.net\/","name":"narteks.net","description":"K\u00fclt\u00fcr Sanat Edebiyat Felsefe","publisher":{"@id":"https:\/\/narteks.net\/#organization"},"alternateName":"K\u00fclt\u00fcr Sanat Edebiyat Felsefe","potentialAction":[{"@type":"SearchAction","target":{"@type":"EntryPoint","urlTemplate":"https:\/\/narteks.net\/?s={search_term_string}"},"query-input":{"@type":"PropertyValueSpecification","valueRequired":true,"valueName":"search_term_string"}}],"inLanguage":"tr"},{"@type":"Organization","@id":"https:\/\/narteks.net\/#organization","name":"narteks.net","url":"https:\/\/narteks.net\/","logo":{"@type":"ImageObject","inLanguage":"tr","@id":"https:\/\/narteks.net\/#\/schema\/logo\/image\/","url":"https:\/\/narteks.net\/wp-content\/uploads\/narteks.png","contentUrl":"https:\/\/narteks.net\/wp-content\/uploads\/narteks.png","width":300,"height":90,"caption":"narteks.net"},"image":{"@id":"https:\/\/narteks.net\/#\/schema\/logo\/image\/"},"sameAs":["https:\/\/x.com\/narteks","https:\/\/instagram.com\/narteksnet"]},{"@type":"Person","@id":"https:\/\/narteks.net\/#\/schema\/person\/61f37d9834294b72d31d274e7ed79bca","name":"Tar\u0131k","image":{"@type":"ImageObject","inLanguage":"tr","@id":"https:\/\/narteks.net\/#\/schema\/person\/image\/","url":"https:\/\/secure.gravatar.com\/avatar\/50865afb55632c4ae467e0af0930f6510aa2297d8014be502a55b14f3b7550cf?s=96&d=mm&r=g","contentUrl":"https:\/\/secure.gravatar.com\/avatar\/50865afb55632c4ae467e0af0930f6510aa2297d8014be502a55b14f3b7550cf?s=96&d=mm&r=g","caption":"Tar\u0131k"},"sameAs":["http:\/\/narteks.net"],"url":"https:\/\/narteks.net\/index.php\/author\/narbak\/"}]}},"_links":{"self":[{"href":"https:\/\/narteks.net\/index.php\/wp-json\/wp\/v2\/posts\/5043","targetHints":{"allow":["GET"]}}],"collection":[{"href":"https:\/\/narteks.net\/index.php\/wp-json\/wp\/v2\/posts"}],"about":[{"href":"https:\/\/narteks.net\/index.php\/wp-json\/wp\/v2\/types\/post"}],"author":[{"embeddable":true,"href":"https:\/\/narteks.net\/index.php\/wp-json\/wp\/v2\/users\/1"}],"replies":[{"embeddable":true,"href":"https:\/\/narteks.net\/index.php\/wp-json\/wp\/v2\/comments?post=5043"}],"version-history":[{"count":0,"href":"https:\/\/narteks.net\/index.php\/wp-json\/wp\/v2\/posts\/5043\/revisions"}],"wp:attachment":[{"href":"https:\/\/narteks.net\/index.php\/wp-json\/wp\/v2\/media?parent=5043"}],"wp:term":[{"taxonomy":"category","embeddable":true,"href":"https:\/\/narteks.net\/index.php\/wp-json\/wp\/v2\/categories?post=5043"},{"taxonomy":"post_tag","embeddable":true,"href":"https:\/\/narteks.net\/index.php\/wp-json\/wp\/v2\/tags?post=5043"}],"curies":[{"name":"wp","href":"https:\/\/api.w.org\/{rel}","templated":true}]}}