{"id":505,"date":"2009-04-12T13:08:35","date_gmt":"2009-04-12T10:08:35","guid":{"rendered":"http:\/\/localhost\/wordpress\/2009\/04\/12\/emperyal-oteli\/"},"modified":"2009-04-12T13:08:35","modified_gmt":"2009-04-12T10:08:35","slug":"emperyal-oteli","status":"publish","type":"post","link":"https:\/\/narteks.net\/index.php\/2009\/04\/12\/emperyal-oteli\/","title":{"rendered":"EMPERYAL OTEL\u0130"},"content":{"rendered":"<p>\u00a0<\/p>\n<p>ben hi\u00e7 b\u00f6ylesini g\u00f6rmemi\u015ftim <br \/> vurdun kan\u0131ma girdin itiraz\u0131m var <br \/> s\u0131ms\u0131cak bir merhaba diyecektim <br \/> ba\u015f\u0131m\u0131 usulca dizine koyacakt\u0131m <br \/> d\u00f6rt g\u00fcn d\u00f6rt gece susacakt\u0131m <br \/> ya\u011fmur s\u00f6necekti yanacakt\u0131 <br \/> sameland seferden d\u00f6necekti <br \/> duvardaki saat duracakt\u0131 <br \/> kalbim kendili\u011finden duracakt\u0131 <br \/> ben hi\u00e7 b\u00f6ylesini g\u00f6rmemi\u015ftim <br \/> vurdun kan\u0131ma girdin itiraz\u0131m var <br \/> emperyal otelinde bu sonbahar <br \/> bu camlar\u0131n nokta nokta h\u00fczn\u00fc <br \/> bu bizim berheva olmu\u015flu\u011fumuz <br \/> bir nokta bir hat kalm\u0131\u015fl\u0131\u011f\u0131m\u0131z <br \/> bu rezil bu \u00e7ar\u015famba g\u00fcn\u00fc <br \/> intihar etmi\u015f k\u00f6t\u00fcmser yapraklar <br \/> \u00f6ks\u00fcr\u00fckl\u00fc aks\u0131r\u0131kl\u0131 bu takvim <br \/> ben hi\u00e7 b\u00f6ylesini g\u00f6rmemi\u015ftim <br \/> vurdun kan\u0131ma girdin itiraz\u0131m var <br \/> sesleri liman sislerinde bo\u011fulur <br \/> gemiler yorgun ve uykuludur <br \/> sabaht\u0131r saat be\u015f bu\u00e7uktur <br \/> sen kollar\u0131m\u0131n aras\u0131ndas\u0131n <br \/> onlar gibi de\u011filsin sen ba\u015fkas\u0131n <br \/> bu senin g\u00f6zlerin gibisi yoktur <br \/> adam\u0131n r\u00fcyas\u0131na r\u00fcyas\u0131na sokulur <br \/> akl\u0131n\u0131n i\u00e7inde siyah bir vapur <br \/> k\u0131vran\u0131r insaf nedir bilmez <br \/> otelin penceresinde duracakt\u0131n <br \/> \u015fehri karanl\u0131kta g\u00f6recektin <br \/> karanl\u0131kta ya\u011fmuru g\u00f6recektin <br \/> sa\u00e7lar\u0131n \u0131slanacak \u0131slanacakt\u0131 <br \/> k\u0131\u015f geceleri gibi uzun uzun <br \/> tek damla g\u00f6zya\u015f\u0131 d\u00f6kmeksizin <br \/> maria dolores a\u011flayacakt\u0131 <br \/> istanbul&#8217;u ya\u011fmur tutacakt\u0131 <br \/> b\u00fct\u00fcn bir g\u00fcn i\u015f arayacakt\u0131m <br \/> sana bir t\u00fcrk\u00fc getirecektim <br \/> kulaklar\u0131m\u0131z \u00e7\u0131nlayacakt\u0131 <br \/> emperyal oteli&#8217;nin resmini \u00e7ektim <br \/> ak\u015fam sa\u00e7aklar\u0131ndan daml\u0131yordu <br \/> kap\u0131s\u0131nda durman\u0131 s\u00f6ylemi\u015ftim <br \/> y\u00fcz\u00fcn zambaklara benziyordu <br \/> cumhuriyet bah\u00e7esi&#8217;nde insanlar geziyordu <br \/> tepeba\u015f\u0131&#8217;ndaki k\u00fc\u00e7\u00fck yahudiler <br \/> asmal\u0131mes\u00e7it&#8217;teki rum kemanc\u0131 <br \/> b\u00f6yle r\u00fczgars\u0131z kalm\u0131\u015fl\u0131\u011f\u0131m\u0131z <br \/> bu bizim \u00e7ekti\u011fimiz sanc\u0131 <br \/> el ele tutu\u015fmu\u015f geziyordu <br \/> gazeteler cinayeti yaz\u0131yordu <br \/> hali\u00e7&#8217;e bir avu\u00e7 kan d\u00f6k\u00fclm\u00fc\u015ft\u00fc <br \/> emperyal oteli&#8217;nde \u00fc\u00e7 gece kald\u0131k <br \/> fazlas\u0131na param\u0131z yetmiyordu <br \/> g\u00f6zlerin g\u00f6zlerimden gitmiyordu <br \/> d\u00f6rd\u00fcnc\u00fc gece sokakta kald\u0131k <br \/> karanl\u0131k bir t\u00fcrl\u00fc bitmiyordu <br \/> sirkeci gar\u0131&#8217;nda sabahlad\u0131k <br \/> bilen bilmeyen bizi ay\u0131plad\u0131 <br \/> halbuki kimlere kimlere ba\u015fvurmad\u0131k <br \/> hi\u00e7biri y\u00fcz\u00fcm\u00fcze bakm\u0131yordu <br \/> hi\u00e7 kimse elimizden tutmuyordu <br \/> ben hi\u00e7 b\u00f6ylesini g\u00f6rmemi\u015ftim <br \/> vurdun &#8230;. kan\u0131ma girdin &#8230;.. kabul\u00fcms\u00fcn.<\/p>\n<p>Attila \u0130LHAN<\/p>\n","protected":false},"excerpt":{"rendered":"<p>\u00a0 ben hi\u00e7 b\u00f6ylesini g\u00f6rmemi\u015ftim vurdun kan\u0131ma girdin itiraz\u0131m var s\u0131ms\u0131cak bir merhaba diyecektim ba\u015f\u0131m\u0131 usulca dizine koyacakt\u0131m d\u00f6rt g\u00fcn d\u00f6rt gece susacakt\u0131m ya\u011fmur s\u00f6necekti yanacakt\u0131 sameland seferden d\u00f6necekti duvardaki saat duracakt\u0131 kalbim kendili\u011finden duracakt\u0131 ben hi\u00e7 b\u00f6ylesini g\u00f6rmemi\u015ftim vurdun kan\u0131ma girdin itiraz\u0131m var emperyal otelinde bu sonbahar bu camlar\u0131n nokta nokta h\u00fczn\u00fc bu bizim [&hellip;]<\/p>\n","protected":false},"author":1,"featured_media":0,"comment_status":"open","ping_status":"open","sticky":false,"template":"","format":"standard","meta":{"footnotes":""},"categories":[11],"tags":[],"class_list":{"0":"post-505","1":"post","2":"type-post","3":"status-publish","4":"format-standard","6":"category-attila-ilhan"},"yoast_head":"<!-- This site is optimized with the Yoast SEO Premium plugin v24.9 (Yoast SEO v24.9) - https:\/\/yoast.com\/wordpress\/plugins\/seo\/ -->\n<title>EMPERYAL OTEL\u0130 - narteks.net<\/title>\n<meta name=\"robots\" content=\"index, follow, max-snippet:-1, max-image-preview:large, max-video-preview:-1\" \/>\n<link rel=\"canonical\" href=\"https:\/\/narteks.net\/index.php\/2009\/04\/12\/emperyal-oteli\/\" \/>\n<meta property=\"og:locale\" content=\"tr_TR\" \/>\n<meta property=\"og:type\" content=\"article\" \/>\n<meta property=\"og:title\" content=\"EMPERYAL OTEL\u0130\" \/>\n<meta property=\"og:description\" content=\"\u00a0 ben hi\u00e7 b\u00f6ylesini g\u00f6rmemi\u015ftim vurdun kan\u0131ma girdin itiraz\u0131m var s\u0131ms\u0131cak bir merhaba diyecektim ba\u015f\u0131m\u0131 usulca dizine koyacakt\u0131m d\u00f6rt g\u00fcn d\u00f6rt gece susacakt\u0131m ya\u011fmur s\u00f6necekti yanacakt\u0131 sameland seferden d\u00f6necekti duvardaki saat duracakt\u0131 kalbim kendili\u011finden duracakt\u0131 ben hi\u00e7 b\u00f6ylesini g\u00f6rmemi\u015ftim vurdun kan\u0131ma girdin itiraz\u0131m var emperyal otelinde bu sonbahar bu camlar\u0131n nokta nokta h\u00fczn\u00fc bu bizim [&hellip;]\" \/>\n<meta property=\"og:url\" content=\"https:\/\/narteks.net\/index.php\/2009\/04\/12\/emperyal-oteli\/\" \/>\n<meta property=\"og:site_name\" content=\"narteks.net\" \/>\n<meta property=\"article:published_time\" content=\"2009-04-12T10:08:35+00:00\" \/>\n<meta property=\"og:image\" content=\"https:\/\/narteks.net\/wp-content\/uploads\/narteks.png\" \/>\n\t<meta property=\"og:image:width\" content=\"300\" \/>\n\t<meta property=\"og:image:height\" content=\"90\" \/>\n\t<meta property=\"og:image:type\" content=\"image\/png\" \/>\n<meta name=\"author\" content=\"Tar\u0131k\" \/>\n<meta name=\"twitter:card\" content=\"summary_large_image\" \/>\n<meta name=\"twitter:creator\" content=\"@narteks\" \/>\n<meta name=\"twitter:site\" content=\"@narteks\" \/>\n<meta name=\"twitter:label1\" content=\"Yazan:\" \/>\n\t<meta name=\"twitter:data1\" content=\"Tar\u0131k\" \/>\n\t<meta name=\"twitter:label2\" content=\"Tahmini okuma s\u00fcresi\" \/>\n\t<meta name=\"twitter:data2\" content=\"2 dakika\" \/>\n<script type=\"application\/ld+json\" class=\"yoast-schema-graph\">{\"@context\":\"https:\/\/schema.org\",\"@graph\":[{\"@type\":\"Article\",\"@id\":\"https:\/\/narteks.net\/index.php\/2009\/04\/12\/emperyal-oteli\/#article\",\"isPartOf\":{\"@id\":\"https:\/\/narteks.net\/index.php\/2009\/04\/12\/emperyal-oteli\/\"},\"author\":{\"name\":\"Tar\u0131k\",\"@id\":\"https:\/\/narteks.net\/#\/schema\/person\/61f37d9834294b72d31d274e7ed79bca\"},\"headline\":\"EMPERYAL OTEL\u0130\",\"datePublished\":\"2009-04-12T10:08:35+00:00\",\"mainEntityOfPage\":{\"@id\":\"https:\/\/narteks.net\/index.php\/2009\/04\/12\/emperyal-oteli\/\"},\"wordCount\":385,\"commentCount\":0,\"publisher\":{\"@id\":\"https:\/\/narteks.net\/#organization\"},\"articleSection\":[\"Attila ILHAN\"],\"inLanguage\":\"tr\",\"potentialAction\":[{\"@type\":\"CommentAction\",\"name\":\"Comment\",\"target\":[\"https:\/\/narteks.net\/index.php\/2009\/04\/12\/emperyal-oteli\/#respond\"]}]},{\"@type\":\"WebPage\",\"@id\":\"https:\/\/narteks.net\/index.php\/2009\/04\/12\/emperyal-oteli\/\",\"url\":\"https:\/\/narteks.net\/index.php\/2009\/04\/12\/emperyal-oteli\/\",\"name\":\"EMPERYAL OTEL\u0130 - narteks.net\",\"isPartOf\":{\"@id\":\"https:\/\/narteks.net\/#website\"},\"datePublished\":\"2009-04-12T10:08:35+00:00\",\"breadcrumb\":{\"@id\":\"https:\/\/narteks.net\/index.php\/2009\/04\/12\/emperyal-oteli\/#breadcrumb\"},\"inLanguage\":\"tr\",\"potentialAction\":[{\"@type\":\"ReadAction\",\"target\":[\"https:\/\/narteks.net\/index.php\/2009\/04\/12\/emperyal-oteli\/\"]}]},{\"@type\":\"BreadcrumbList\",\"@id\":\"https:\/\/narteks.net\/index.php\/2009\/04\/12\/emperyal-oteli\/#breadcrumb\",\"itemListElement\":[{\"@type\":\"ListItem\",\"position\":1,\"name\":\"Anasayfa\",\"item\":\"https:\/\/narteks.net\/\"},{\"@type\":\"ListItem\",\"position\":2,\"name\":\"EMPERYAL OTEL\u0130\"}]},{\"@type\":\"WebSite\",\"@id\":\"https:\/\/narteks.net\/#website\",\"url\":\"https:\/\/narteks.net\/\",\"name\":\"narteks.net\",\"description\":\"K\u00fclt\u00fcr Sanat Edebiyat Felsefe\",\"publisher\":{\"@id\":\"https:\/\/narteks.net\/#organization\"},\"alternateName\":\"K\u00fclt\u00fcr Sanat Edebiyat Felsefe\",\"potentialAction\":[{\"@type\":\"SearchAction\",\"target\":{\"@type\":\"EntryPoint\",\"urlTemplate\":\"https:\/\/narteks.net\/?s={search_term_string}\"},\"query-input\":{\"@type\":\"PropertyValueSpecification\",\"valueRequired\":true,\"valueName\":\"search_term_string\"}}],\"inLanguage\":\"tr\"},{\"@type\":\"Organization\",\"@id\":\"https:\/\/narteks.net\/#organization\",\"name\":\"narteks.net\",\"url\":\"https:\/\/narteks.net\/\",\"logo\":{\"@type\":\"ImageObject\",\"inLanguage\":\"tr\",\"@id\":\"https:\/\/narteks.net\/#\/schema\/logo\/image\/\",\"url\":\"https:\/\/narteks.net\/wp-content\/uploads\/narteks.png\",\"contentUrl\":\"https:\/\/narteks.net\/wp-content\/uploads\/narteks.png\",\"width\":300,\"height\":90,\"caption\":\"narteks.net\"},\"image\":{\"@id\":\"https:\/\/narteks.net\/#\/schema\/logo\/image\/\"},\"sameAs\":[\"https:\/\/x.com\/narteks\",\"https:\/\/instagram.com\/narteksnet\"]},{\"@type\":\"Person\",\"@id\":\"https:\/\/narteks.net\/#\/schema\/person\/61f37d9834294b72d31d274e7ed79bca\",\"name\":\"Tar\u0131k\",\"image\":{\"@type\":\"ImageObject\",\"inLanguage\":\"tr\",\"@id\":\"https:\/\/narteks.net\/#\/schema\/person\/image\/\",\"url\":\"https:\/\/secure.gravatar.com\/avatar\/50865afb55632c4ae467e0af0930f6510aa2297d8014be502a55b14f3b7550cf?s=96&d=mm&r=g\",\"contentUrl\":\"https:\/\/secure.gravatar.com\/avatar\/50865afb55632c4ae467e0af0930f6510aa2297d8014be502a55b14f3b7550cf?s=96&d=mm&r=g\",\"caption\":\"Tar\u0131k\"},\"sameAs\":[\"http:\/\/narteks.net\"],\"url\":\"https:\/\/narteks.net\/index.php\/author\/narbak\/\"}]}<\/script>\n<!-- \/ Yoast SEO Premium plugin. -->","yoast_head_json":{"title":"EMPERYAL OTEL\u0130 - narteks.net","robots":{"index":"index","follow":"follow","max-snippet":"max-snippet:-1","max-image-preview":"max-image-preview:large","max-video-preview":"max-video-preview:-1"},"canonical":"https:\/\/narteks.net\/index.php\/2009\/04\/12\/emperyal-oteli\/","og_locale":"tr_TR","og_type":"article","og_title":"EMPERYAL OTEL\u0130","og_description":"\u00a0 ben hi\u00e7 b\u00f6ylesini g\u00f6rmemi\u015ftim vurdun kan\u0131ma girdin itiraz\u0131m var s\u0131ms\u0131cak bir merhaba diyecektim ba\u015f\u0131m\u0131 usulca dizine koyacakt\u0131m d\u00f6rt g\u00fcn d\u00f6rt gece susacakt\u0131m ya\u011fmur s\u00f6necekti yanacakt\u0131 sameland seferden d\u00f6necekti duvardaki saat duracakt\u0131 kalbim kendili\u011finden duracakt\u0131 ben hi\u00e7 b\u00f6ylesini g\u00f6rmemi\u015ftim vurdun kan\u0131ma girdin itiraz\u0131m var emperyal otelinde bu sonbahar bu camlar\u0131n nokta nokta h\u00fczn\u00fc bu bizim [&hellip;]","og_url":"https:\/\/narteks.net\/index.php\/2009\/04\/12\/emperyal-oteli\/","og_site_name":"narteks.net","article_published_time":"2009-04-12T10:08:35+00:00","og_image":[{"width":300,"height":90,"url":"https:\/\/narteks.net\/wp-content\/uploads\/narteks.png","type":"image\/png"}],"author":"Tar\u0131k","twitter_card":"summary_large_image","twitter_creator":"@narteks","twitter_site":"@narteks","twitter_misc":{"Yazan:":"Tar\u0131k","Tahmini okuma s\u00fcresi":"2 dakika"},"schema":{"@context":"https:\/\/schema.org","@graph":[{"@type":"Article","@id":"https:\/\/narteks.net\/index.php\/2009\/04\/12\/emperyal-oteli\/#article","isPartOf":{"@id":"https:\/\/narteks.net\/index.php\/2009\/04\/12\/emperyal-oteli\/"},"author":{"name":"Tar\u0131k","@id":"https:\/\/narteks.net\/#\/schema\/person\/61f37d9834294b72d31d274e7ed79bca"},"headline":"EMPERYAL OTEL\u0130","datePublished":"2009-04-12T10:08:35+00:00","mainEntityOfPage":{"@id":"https:\/\/narteks.net\/index.php\/2009\/04\/12\/emperyal-oteli\/"},"wordCount":385,"commentCount":0,"publisher":{"@id":"https:\/\/narteks.net\/#organization"},"articleSection":["Attila ILHAN"],"inLanguage":"tr","potentialAction":[{"@type":"CommentAction","name":"Comment","target":["https:\/\/narteks.net\/index.php\/2009\/04\/12\/emperyal-oteli\/#respond"]}]},{"@type":"WebPage","@id":"https:\/\/narteks.net\/index.php\/2009\/04\/12\/emperyal-oteli\/","url":"https:\/\/narteks.net\/index.php\/2009\/04\/12\/emperyal-oteli\/","name":"EMPERYAL OTEL\u0130 - narteks.net","isPartOf":{"@id":"https:\/\/narteks.net\/#website"},"datePublished":"2009-04-12T10:08:35+00:00","breadcrumb":{"@id":"https:\/\/narteks.net\/index.php\/2009\/04\/12\/emperyal-oteli\/#breadcrumb"},"inLanguage":"tr","potentialAction":[{"@type":"ReadAction","target":["https:\/\/narteks.net\/index.php\/2009\/04\/12\/emperyal-oteli\/"]}]},{"@type":"BreadcrumbList","@id":"https:\/\/narteks.net\/index.php\/2009\/04\/12\/emperyal-oteli\/#breadcrumb","itemListElement":[{"@type":"ListItem","position":1,"name":"Anasayfa","item":"https:\/\/narteks.net\/"},{"@type":"ListItem","position":2,"name":"EMPERYAL OTEL\u0130"}]},{"@type":"WebSite","@id":"https:\/\/narteks.net\/#website","url":"https:\/\/narteks.net\/","name":"narteks.net","description":"K\u00fclt\u00fcr Sanat Edebiyat Felsefe","publisher":{"@id":"https:\/\/narteks.net\/#organization"},"alternateName":"K\u00fclt\u00fcr Sanat Edebiyat Felsefe","potentialAction":[{"@type":"SearchAction","target":{"@type":"EntryPoint","urlTemplate":"https:\/\/narteks.net\/?s={search_term_string}"},"query-input":{"@type":"PropertyValueSpecification","valueRequired":true,"valueName":"search_term_string"}}],"inLanguage":"tr"},{"@type":"Organization","@id":"https:\/\/narteks.net\/#organization","name":"narteks.net","url":"https:\/\/narteks.net\/","logo":{"@type":"ImageObject","inLanguage":"tr","@id":"https:\/\/narteks.net\/#\/schema\/logo\/image\/","url":"https:\/\/narteks.net\/wp-content\/uploads\/narteks.png","contentUrl":"https:\/\/narteks.net\/wp-content\/uploads\/narteks.png","width":300,"height":90,"caption":"narteks.net"},"image":{"@id":"https:\/\/narteks.net\/#\/schema\/logo\/image\/"},"sameAs":["https:\/\/x.com\/narteks","https:\/\/instagram.com\/narteksnet"]},{"@type":"Person","@id":"https:\/\/narteks.net\/#\/schema\/person\/61f37d9834294b72d31d274e7ed79bca","name":"Tar\u0131k","image":{"@type":"ImageObject","inLanguage":"tr","@id":"https:\/\/narteks.net\/#\/schema\/person\/image\/","url":"https:\/\/secure.gravatar.com\/avatar\/50865afb55632c4ae467e0af0930f6510aa2297d8014be502a55b14f3b7550cf?s=96&d=mm&r=g","contentUrl":"https:\/\/secure.gravatar.com\/avatar\/50865afb55632c4ae467e0af0930f6510aa2297d8014be502a55b14f3b7550cf?s=96&d=mm&r=g","caption":"Tar\u0131k"},"sameAs":["http:\/\/narteks.net"],"url":"https:\/\/narteks.net\/index.php\/author\/narbak\/"}]}},"_links":{"self":[{"href":"https:\/\/narteks.net\/index.php\/wp-json\/wp\/v2\/posts\/505","targetHints":{"allow":["GET"]}}],"collection":[{"href":"https:\/\/narteks.net\/index.php\/wp-json\/wp\/v2\/posts"}],"about":[{"href":"https:\/\/narteks.net\/index.php\/wp-json\/wp\/v2\/types\/post"}],"author":[{"embeddable":true,"href":"https:\/\/narteks.net\/index.php\/wp-json\/wp\/v2\/users\/1"}],"replies":[{"embeddable":true,"href":"https:\/\/narteks.net\/index.php\/wp-json\/wp\/v2\/comments?post=505"}],"version-history":[{"count":0,"href":"https:\/\/narteks.net\/index.php\/wp-json\/wp\/v2\/posts\/505\/revisions"}],"wp:attachment":[{"href":"https:\/\/narteks.net\/index.php\/wp-json\/wp\/v2\/media?parent=505"}],"wp:term":[{"taxonomy":"category","embeddable":true,"href":"https:\/\/narteks.net\/index.php\/wp-json\/wp\/v2\/categories?post=505"},{"taxonomy":"post_tag","embeddable":true,"href":"https:\/\/narteks.net\/index.php\/wp-json\/wp\/v2\/tags?post=505"}],"curies":[{"name":"wp","href":"https:\/\/api.w.org\/{rel}","templated":true}]}}