{"id":5050,"date":"2011-02-16T12:10:09","date_gmt":"2011-02-16T09:10:09","guid":{"rendered":"http:\/\/localhost\/wordpress\/2011\/02\/16\/karl-marxin-esi-johanna-jenny-von-westphalen\/"},"modified":"2011-02-16T12:10:09","modified_gmt":"2011-02-16T09:10:09","slug":"karl-marxin-esi-johanna-jenny-von-westphalen","status":"publish","type":"post","link":"https:\/\/narteks.net\/index.php\/2011\/02\/16\/karl-marxin-esi-johanna-jenny-von-westphalen\/","title":{"rendered":"Karl Marx&#8217;\u0131n e\u015fi, Johanna &#8216;Jenny&#8217; von Westphalen"},"content":{"rendered":"<p style=\"text-align: justify;\"><img loading=\"lazy\" decoding=\"async\" src=\"http:\/\/www.visualstatistics.net\/Catastrophe\/Jenny%20Marx\/Jenny.jpg\" border=\"0\" width=\"155\" height=\"205\" style=\"float: left;\" \/>&#8220;ince uzun boyluydu. b\u00fcy\u00fcleyici ye\u015fil g\u00f6zleri ve kumral sa\u00e7lar\u0131yla \u00e7evresindekileri hayran b\u0131rak\u0131yordu. sa\u00e7lar\u0131n\u0131 bazen ensesinde toplar, bazende sal\u0131verirdi. Zarif ve ayd\u0131nl\u0131k bir y\u00fcz\u00fc vard\u0131.&#8221; <\/p>\n<p>Johanna &#8220;Jenny&#8221; von Westphalen (12 \u015eubat 1814 &#8211; 2 Aral\u0131k 1881) Karl Marx&#8217;\u0131n e\u015fi ve Berlin&#8217;deki Friedrich-Wilhelms-Universit\u00e4t isimli \u00fcniversitede profes\u00f6r olan ,yedi y\u0131l sava\u015flar\u0131nda brunswick prensine hizmet etti\u011fi i\u00e7in asalet \u00fcnvan\u0131 verilmi\u015f trierdeki prusya y\u00f6netiminde g\u00f6revli Johann Ludwig&#8217;in (Baron von Westphalen) k\u0131z\u0131d\u0131r.<br \/>Jenny ve Karl Marx, 19 haziran 1843&#8217;te k\u00fc\u00e7\u00fck bir luteryen kilisede, yaln\u0131zca ailelerin kat\u0131ld\u0131\u011f\u0131 sade bir t\u00f6renle evlendiler<br \/>Varl\u0131kl\u0131 bir aileden gelmesine ra\u011fmen, hayat\u0131 boyunca Marx ve \u00e7ocuklar\u0131yla birlikte yokluk \u00e7ekmi\u015ftir. Marx`\u0131n baz\u0131 \u00e7al\u0131\u015fmalar\u0131n\u0131n d\u00fczenlemesini yapm\u0131\u015ft\u0131r. Jenny von Westphalen kocas\u0131ndan d\u00f6rt ya\u015f b\u00fcy\u00fckt\u00fc. Yedi \u00e7ocuklar\u0131 olmu\u015f, d\u00f6rd\u00fc hen\u00fcz \u00e7ocukken \u00f6lm\u00fc\u015ft\u00fcr.<\/p>\n<p>1814\u2019te varl\u0131kl\u0131 ve soylu bir ailenin k\u0131z\u0131 olarak d\u00fcnyaya geldi. babas\u0131n\u0131n arkada\u015f\u0131n\u0131n o\u011flu olan Karl Marx ile birlikte b\u00fcy\u00fcd\u00fc. jenny\u2019nin babas\u0131 karl ve jenny\u2019nin de i\u00e7in oldu\u011fu bir gruba ders veriyordu. tabi bu dersin amac\u0131 erkek \u00e7ocuklar i\u00e7in liseye haz\u0131rl\u0131k, k\u0131z \u00e7ocuklar i\u00e7in ise sadece entelekt\u00fcel birikimlerinin olmas\u0131yd\u0131.<\/p>\n<p>\u00d6\u011frenmeye, d\u00fc\u015f\u00fcnsel maceralara hevesli, edebiyata tutkun jenny, karl ile ni\u015fanland\u0131 ve yedi y\u0131ll\u0131k ni\u015fanl\u0131l\u0131k d\u00f6neminde karl\u2019\u0131n siyasal geli\u015fimini yaln\u0131zca uzaktan izleyebildi ve kendi gayretleri ile devam etti\u011fi e\u011fitimle ni\u015fanl\u0131s\u0131 ile aras\u0131ndaki entelekt\u00fcel mesafeyi kapatamad\u0131. Birg\u00fcn Karl\u2019a yetemeyece\u011fi korkusuyla ac\u0131 \u00e7ekmeye ba\u015flar, hayallerinde Karl bir elini yitirir, kendisi onun d\u00fc\u015f\u00fcncelerini ka\u011f\u0131da ge\u00e7irir ve b\u00f6ylece vazge\u00e7ilmez olur. yazmay\u0131 ve d\u00fc\u015f\u00fcnmeyi bu denli seven, erkeklerle e\u015fit haklara sahip oldu\u011funu d\u00fc\u015f\u00fcnen jenny, art\u0131k kendisini yaln\u0131zca \u00fcst\u00fcn erke\u011finin yard\u0131mc\u0131s\u0131 olarak hayal etmektedir.<\/p>\n<p>Evlendikten sonra kocas\u0131n\u0131n en b\u00fcy\u00fck yard\u0131mc\u0131s\u0131, hatta marx\u2019\u0131n deyimiyle \u201cdevrimin kuryesi\u201d oldu. Bilgi birikimini art\u0131rmak i\u00e7in devaml\u0131 okuyor, kocas\u0131 i\u00e7in \u00f6zetler \u00e7\u0131kar\u0131yor, yaz\u0131lar\u0131n\u0131 kopya ediyor, kocas\u0131n\u0131n kitaplar\u0131 i\u00e7in matbaalarla pazarl\u0131klar ediyordu. \u00fcst\u00fcne \u00fcstl\u00fck do\u011fan yedi \u00e7ocu\u011funun d\u00f6rd\u00fc daha k\u00fc\u00e7\u00fckken \u00f6ld\u00fc. hamileliklerini bile kendi ki\u015fisel kabahati olarak g\u00f6r\u00fcyor, kocas\u0131n\u0131n \u00e7al\u0131\u015fmalar\u0131n\u0131 engelledi\u011fi d\u00fc\u015f\u00fcncesi ile rahats\u0131z oluyordu. siyasi s\u0131\u011f\u0131nmac\u0131l\u0131k ve b\u00fcy\u00fck maddi s\u0131k\u0131nt\u0131larla ge\u00e7en y\u0131llarda \u00f6lmeyi isteyecek kadar \u00e7\u00f6k\u00fcnt\u00fc i\u00e7erisindeydi. Tabi muhtemelen ,Engels&#8217;ten oldu\u011funu d\u00fc\u015f\u00fcnd\u00fc\u011f\u00fc \u00e7ocu\u011fun evlerinde \u00e7al\u0131\u015fan kad\u0131nla , karl\u2019dan oldu\u011funu da \u00f6\u011frenmi\u015fti.<\/p>\n<p style=\"text-align: justify;\">Bu \u00e7ocuk ba\u015fka ailede b\u00fcy\u00fct\u00fcl\u00fcyordu, babas\u0131 sadece bir kere g\u00f6rd\u00fc. Engels burda da paha bi\u00e7ilemez yard\u0131m elini uzatm\u0131\u015ft\u0131 arkada\u015f\u0131na. Jenny, \u00e7ocu\u011fun babas\u0131 olarak Engels&#8217;i biliyordu.<\/p>\n<p>Art\u0131k t\u00fcm kaleleri d\u00fc\u015fm\u00fc\u015ft\u00fc. entelekt\u00fcel a\u00e7\u0131dan yeri friedrich engels taraf\u0131ndan \u00e7oktan doldurulmu\u015ftu. cinsel a\u00e7\u0131dan da yeri doldurulmu\u015ftu, kocas\u0131 her ne kadar \u00f6mr\u00fcn\u00fcn sonuna kadar jenny\u2019ye tap\u0131nm\u0131\u015fsa da.<\/p>\n<p style=\"text-align: justify;\">B\u00fct\u00fcn bunlara Jenny nas\u0131l tepki verdi\u00a0 kesin olarak bilinmiyor ama t\u0131pk\u0131 sevdi\u011finin diger eksikleriyle nas\u0131l bar\u0131\u015fm\u0131\u015fsa bununla da ba\u015fa \u00e7\u0131kt\u0131.<br \/>\u00fc\u00e7 k\u0131z\u0131 da siyasi \u00e7al\u0131\u015fmalar\u0131 ile babalar\u0131n\u0131n e\u015flik\u00e7isi oldular.<\/p>\n<p style=\"text-align: justify;\">jenny 1881 y\u0131l\u0131nda kanserden \u00f6ld\u00fc. karl ancak bir y\u0131l daha ya\u015fayabildi. ama en sevdi\u011fi k\u0131z\u0131n\u0131n da gen\u00e7 ya\u015fta kanserden \u00f6l\u00fcm\u00fcn\u00fc g\u00f6rd\u00fc. ikinci k\u0131zlar\u0131 \u00fc\u00e7 \u00e7ocu\u011funun da k\u00fc\u00e7\u00fck ya\u015fta \u00f6l\u00fcm\u00fcn\u00fc g\u00f6rd\u00fckten sonra intihar etti. \u00fc\u00e7\u00fcnc\u00fc k\u0131zlar\u0131, ikinci enternasyonalde se\u00e7kin bir rol oynayan eleanor da\u00a0 intihar etti.<\/p>\n<p>jenny, liebknecht\u2019e yazd\u0131\u011f\u0131 bir mektubunda \u015f\u00f6yle diyordu:<\/p>\n<p style=\"text-align: justify;\">\u201cB\u00fct\u00fcn bu sava\u015f\u0131mlarda biz kad\u0131nlara, daha \u00f6nemsiz oldu\u011fu i\u00e7in daha zor olan b\u00f6l\u00fcm d\u00fc\u015f\u00fcyor..\u201d<\/p>\n","protected":false},"excerpt":{"rendered":"<p>&#8220;ince uzun boyluydu. b\u00fcy\u00fcleyici ye\u015fil g\u00f6zleri ve kumral sa\u00e7lar\u0131yla \u00e7evresindekileri hayran b\u0131rak\u0131yordu. sa\u00e7lar\u0131n\u0131 bazen ensesinde toplar, bazende sal\u0131verirdi. Zarif ve ayd\u0131nl\u0131k bir y\u00fcz\u00fc vard\u0131.&#8221; Johanna &#8220;Jenny&#8221; von Westphalen (12 \u015eubat 1814 &#8211; 2 Aral\u0131k 1881) Karl Marx&#8217;\u0131n e\u015fi ve Berlin&#8217;deki Friedrich-Wilhelms-Universit\u00e4t isimli \u00fcniversitede profes\u00f6r olan ,yedi y\u0131l sava\u015flar\u0131nda brunswick prensine hizmet etti\u011fi i\u00e7in asalet \u00fcnvan\u0131 [&hellip;]<\/p>\n","protected":false},"author":1,"featured_media":0,"comment_status":"open","ping_status":"open","sticky":false,"template":"","format":"standard","meta":{"footnotes":""},"categories":[176],"tags":[],"class_list":["post-5050","post","type-post","status-publish","format-standard","category-kadin-a-dair"],"yoast_head":"<!-- This site is optimized with the Yoast SEO Premium plugin v24.9 (Yoast SEO v24.9) - https:\/\/yoast.com\/wordpress\/plugins\/seo\/ -->\n<title>Karl Marx&#039;\u0131n e\u015fi, Johanna &#039;Jenny&#039; von Westphalen - narteks.net<\/title>\n<meta name=\"robots\" content=\"index, follow, max-snippet:-1, max-image-preview:large, max-video-preview:-1\" \/>\n<link rel=\"canonical\" href=\"https:\/\/narteks.net\/index.php\/2011\/02\/16\/karl-marxin-esi-johanna-jenny-von-westphalen\/\" \/>\n<meta property=\"og:locale\" content=\"tr_TR\" \/>\n<meta property=\"og:type\" content=\"article\" \/>\n<meta property=\"og:title\" content=\"Karl Marx&#039;\u0131n e\u015fi, Johanna &#039;Jenny&#039; von Westphalen\" \/>\n<meta property=\"og:description\" content=\"&#8220;ince uzun boyluydu. b\u00fcy\u00fcleyici ye\u015fil g\u00f6zleri ve kumral sa\u00e7lar\u0131yla \u00e7evresindekileri hayran b\u0131rak\u0131yordu. sa\u00e7lar\u0131n\u0131 bazen ensesinde toplar, bazende sal\u0131verirdi. Zarif ve ayd\u0131nl\u0131k bir y\u00fcz\u00fc vard\u0131.&#8221; Johanna &#8220;Jenny&#8221; von Westphalen (12 \u015eubat 1814 &#8211; 2 Aral\u0131k 1881) Karl Marx&#8217;\u0131n e\u015fi ve Berlin&#8217;deki Friedrich-Wilhelms-Universit\u00e4t isimli \u00fcniversitede profes\u00f6r olan ,yedi y\u0131l sava\u015flar\u0131nda brunswick prensine hizmet etti\u011fi i\u00e7in asalet \u00fcnvan\u0131 [&hellip;]\" \/>\n<meta property=\"og:url\" content=\"https:\/\/narteks.net\/index.php\/2011\/02\/16\/karl-marxin-esi-johanna-jenny-von-westphalen\/\" \/>\n<meta property=\"og:site_name\" content=\"narteks.net\" \/>\n<meta property=\"article:published_time\" content=\"2011-02-16T09:10:09+00:00\" \/>\n<meta property=\"og:image\" content=\"http:\/\/www.visualstatistics.net\/Catastrophe\/Jenny%20Marx\/Jenny.jpg\" \/>\n<meta name=\"author\" content=\"Tar\u0131k\" \/>\n<meta name=\"twitter:card\" content=\"summary_large_image\" \/>\n<meta name=\"twitter:creator\" content=\"@narteks\" \/>\n<meta name=\"twitter:site\" content=\"@narteks\" \/>\n<meta name=\"twitter:label1\" content=\"Yazan:\" \/>\n\t<meta name=\"twitter:data1\" content=\"Tar\u0131k\" \/>\n\t<meta name=\"twitter:label2\" content=\"Tahmini okuma s\u00fcresi\" \/>\n\t<meta name=\"twitter:data2\" content=\"3 dakika\" \/>\n<script type=\"application\/ld+json\" class=\"yoast-schema-graph\">{\"@context\":\"https:\/\/schema.org\",\"@graph\":[{\"@type\":\"Article\",\"@id\":\"https:\/\/narteks.net\/index.php\/2011\/02\/16\/karl-marxin-esi-johanna-jenny-von-westphalen\/#article\",\"isPartOf\":{\"@id\":\"https:\/\/narteks.net\/index.php\/2011\/02\/16\/karl-marxin-esi-johanna-jenny-von-westphalen\/\"},\"author\":{\"name\":\"Tar\u0131k\",\"@id\":\"https:\/\/narteks.net\/#\/schema\/person\/61f37d9834294b72d31d274e7ed79bca\"},\"headline\":\"Karl Marx&#8217;\u0131n e\u015fi, Johanna &#8216;Jenny&#8217; von Westphalen\",\"datePublished\":\"2011-02-16T09:10:09+00:00\",\"mainEntityOfPage\":{\"@id\":\"https:\/\/narteks.net\/index.php\/2011\/02\/16\/karl-marxin-esi-johanna-jenny-von-westphalen\/\"},\"wordCount\":703,\"commentCount\":0,\"publisher\":{\"@id\":\"https:\/\/narteks.net\/#organization\"},\"image\":{\"@id\":\"https:\/\/narteks.net\/index.php\/2011\/02\/16\/karl-marxin-esi-johanna-jenny-von-westphalen\/#primaryimage\"},\"thumbnailUrl\":\"http:\/\/www.visualstatistics.net\/Catastrophe\/Jenny%20Marx\/Jenny.jpg\",\"articleSection\":[\"Kad\u0131na Dair\"],\"inLanguage\":\"tr\",\"potentialAction\":[{\"@type\":\"CommentAction\",\"name\":\"Comment\",\"target\":[\"https:\/\/narteks.net\/index.php\/2011\/02\/16\/karl-marxin-esi-johanna-jenny-von-westphalen\/#respond\"]}]},{\"@type\":\"WebPage\",\"@id\":\"https:\/\/narteks.net\/index.php\/2011\/02\/16\/karl-marxin-esi-johanna-jenny-von-westphalen\/\",\"url\":\"https:\/\/narteks.net\/index.php\/2011\/02\/16\/karl-marxin-esi-johanna-jenny-von-westphalen\/\",\"name\":\"Karl Marx'\u0131n e\u015fi, Johanna 'Jenny' von Westphalen - narteks.net\",\"isPartOf\":{\"@id\":\"https:\/\/narteks.net\/#website\"},\"primaryImageOfPage\":{\"@id\":\"https:\/\/narteks.net\/index.php\/2011\/02\/16\/karl-marxin-esi-johanna-jenny-von-westphalen\/#primaryimage\"},\"image\":{\"@id\":\"https:\/\/narteks.net\/index.php\/2011\/02\/16\/karl-marxin-esi-johanna-jenny-von-westphalen\/#primaryimage\"},\"thumbnailUrl\":\"http:\/\/www.visualstatistics.net\/Catastrophe\/Jenny%20Marx\/Jenny.jpg\",\"datePublished\":\"2011-02-16T09:10:09+00:00\",\"breadcrumb\":{\"@id\":\"https:\/\/narteks.net\/index.php\/2011\/02\/16\/karl-marxin-esi-johanna-jenny-von-westphalen\/#breadcrumb\"},\"inLanguage\":\"tr\",\"potentialAction\":[{\"@type\":\"ReadAction\",\"target\":[\"https:\/\/narteks.net\/index.php\/2011\/02\/16\/karl-marxin-esi-johanna-jenny-von-westphalen\/\"]}]},{\"@type\":\"ImageObject\",\"inLanguage\":\"tr\",\"@id\":\"https:\/\/narteks.net\/index.php\/2011\/02\/16\/karl-marxin-esi-johanna-jenny-von-westphalen\/#primaryimage\",\"url\":\"http:\/\/www.visualstatistics.net\/Catastrophe\/Jenny%20Marx\/Jenny.jpg\",\"contentUrl\":\"http:\/\/www.visualstatistics.net\/Catastrophe\/Jenny%20Marx\/Jenny.jpg\"},{\"@type\":\"BreadcrumbList\",\"@id\":\"https:\/\/narteks.net\/index.php\/2011\/02\/16\/karl-marxin-esi-johanna-jenny-von-westphalen\/#breadcrumb\",\"itemListElement\":[{\"@type\":\"ListItem\",\"position\":1,\"name\":\"Anasayfa\",\"item\":\"https:\/\/narteks.net\/\"},{\"@type\":\"ListItem\",\"position\":2,\"name\":\"Karl Marx&#8217;\u0131n e\u015fi, Johanna &#8216;Jenny&#8217; von Westphalen\"}]},{\"@type\":\"WebSite\",\"@id\":\"https:\/\/narteks.net\/#website\",\"url\":\"https:\/\/narteks.net\/\",\"name\":\"narteks.net\",\"description\":\"K\u00fclt\u00fcr Sanat Edebiyat Felsefe\",\"publisher\":{\"@id\":\"https:\/\/narteks.net\/#organization\"},\"alternateName\":\"K\u00fclt\u00fcr Sanat Edebiyat Felsefe\",\"potentialAction\":[{\"@type\":\"SearchAction\",\"target\":{\"@type\":\"EntryPoint\",\"urlTemplate\":\"https:\/\/narteks.net\/?s={search_term_string}\"},\"query-input\":{\"@type\":\"PropertyValueSpecification\",\"valueRequired\":true,\"valueName\":\"search_term_string\"}}],\"inLanguage\":\"tr\"},{\"@type\":\"Organization\",\"@id\":\"https:\/\/narteks.net\/#organization\",\"name\":\"narteks.net\",\"url\":\"https:\/\/narteks.net\/\",\"logo\":{\"@type\":\"ImageObject\",\"inLanguage\":\"tr\",\"@id\":\"https:\/\/narteks.net\/#\/schema\/logo\/image\/\",\"url\":\"https:\/\/narteks.net\/wp-content\/uploads\/narteks.png\",\"contentUrl\":\"https:\/\/narteks.net\/wp-content\/uploads\/narteks.png\",\"width\":300,\"height\":90,\"caption\":\"narteks.net\"},\"image\":{\"@id\":\"https:\/\/narteks.net\/#\/schema\/logo\/image\/\"},\"sameAs\":[\"https:\/\/x.com\/narteks\",\"https:\/\/instagram.com\/narteksnet\"]},{\"@type\":\"Person\",\"@id\":\"https:\/\/narteks.net\/#\/schema\/person\/61f37d9834294b72d31d274e7ed79bca\",\"name\":\"Tar\u0131k\",\"image\":{\"@type\":\"ImageObject\",\"inLanguage\":\"tr\",\"@id\":\"https:\/\/narteks.net\/#\/schema\/person\/image\/\",\"url\":\"https:\/\/secure.gravatar.com\/avatar\/50865afb55632c4ae467e0af0930f6510aa2297d8014be502a55b14f3b7550cf?s=96&d=mm&r=g\",\"contentUrl\":\"https:\/\/secure.gravatar.com\/avatar\/50865afb55632c4ae467e0af0930f6510aa2297d8014be502a55b14f3b7550cf?s=96&d=mm&r=g\",\"caption\":\"Tar\u0131k\"},\"sameAs\":[\"http:\/\/narteks.net\"],\"url\":\"https:\/\/narteks.net\/index.php\/author\/narbak\/\"}]}<\/script>\n<!-- \/ Yoast SEO Premium plugin. -->","yoast_head_json":{"title":"Karl Marx'\u0131n e\u015fi, Johanna 'Jenny' von Westphalen - narteks.net","robots":{"index":"index","follow":"follow","max-snippet":"max-snippet:-1","max-image-preview":"max-image-preview:large","max-video-preview":"max-video-preview:-1"},"canonical":"https:\/\/narteks.net\/index.php\/2011\/02\/16\/karl-marxin-esi-johanna-jenny-von-westphalen\/","og_locale":"tr_TR","og_type":"article","og_title":"Karl Marx'\u0131n e\u015fi, Johanna 'Jenny' von Westphalen","og_description":"&#8220;ince uzun boyluydu. b\u00fcy\u00fcleyici ye\u015fil g\u00f6zleri ve kumral sa\u00e7lar\u0131yla \u00e7evresindekileri hayran b\u0131rak\u0131yordu. sa\u00e7lar\u0131n\u0131 bazen ensesinde toplar, bazende sal\u0131verirdi. Zarif ve ayd\u0131nl\u0131k bir y\u00fcz\u00fc vard\u0131.&#8221; Johanna &#8220;Jenny&#8221; von Westphalen (12 \u015eubat 1814 &#8211; 2 Aral\u0131k 1881) Karl Marx&#8217;\u0131n e\u015fi ve Berlin&#8217;deki Friedrich-Wilhelms-Universit\u00e4t isimli \u00fcniversitede profes\u00f6r olan ,yedi y\u0131l sava\u015flar\u0131nda brunswick prensine hizmet etti\u011fi i\u00e7in asalet \u00fcnvan\u0131 [&hellip;]","og_url":"https:\/\/narteks.net\/index.php\/2011\/02\/16\/karl-marxin-esi-johanna-jenny-von-westphalen\/","og_site_name":"narteks.net","article_published_time":"2011-02-16T09:10:09+00:00","og_image":[{"url":"http:\/\/www.visualstatistics.net\/Catastrophe\/Jenny%20Marx\/Jenny.jpg","type":"","width":"","height":""}],"author":"Tar\u0131k","twitter_card":"summary_large_image","twitter_creator":"@narteks","twitter_site":"@narteks","twitter_misc":{"Yazan:":"Tar\u0131k","Tahmini okuma s\u00fcresi":"3 dakika"},"schema":{"@context":"https:\/\/schema.org","@graph":[{"@type":"Article","@id":"https:\/\/narteks.net\/index.php\/2011\/02\/16\/karl-marxin-esi-johanna-jenny-von-westphalen\/#article","isPartOf":{"@id":"https:\/\/narteks.net\/index.php\/2011\/02\/16\/karl-marxin-esi-johanna-jenny-von-westphalen\/"},"author":{"name":"Tar\u0131k","@id":"https:\/\/narteks.net\/#\/schema\/person\/61f37d9834294b72d31d274e7ed79bca"},"headline":"Karl Marx&#8217;\u0131n e\u015fi, Johanna &#8216;Jenny&#8217; von Westphalen","datePublished":"2011-02-16T09:10:09+00:00","mainEntityOfPage":{"@id":"https:\/\/narteks.net\/index.php\/2011\/02\/16\/karl-marxin-esi-johanna-jenny-von-westphalen\/"},"wordCount":703,"commentCount":0,"publisher":{"@id":"https:\/\/narteks.net\/#organization"},"image":{"@id":"https:\/\/narteks.net\/index.php\/2011\/02\/16\/karl-marxin-esi-johanna-jenny-von-westphalen\/#primaryimage"},"thumbnailUrl":"http:\/\/www.visualstatistics.net\/Catastrophe\/Jenny%20Marx\/Jenny.jpg","articleSection":["Kad\u0131na Dair"],"inLanguage":"tr","potentialAction":[{"@type":"CommentAction","name":"Comment","target":["https:\/\/narteks.net\/index.php\/2011\/02\/16\/karl-marxin-esi-johanna-jenny-von-westphalen\/#respond"]}]},{"@type":"WebPage","@id":"https:\/\/narteks.net\/index.php\/2011\/02\/16\/karl-marxin-esi-johanna-jenny-von-westphalen\/","url":"https:\/\/narteks.net\/index.php\/2011\/02\/16\/karl-marxin-esi-johanna-jenny-von-westphalen\/","name":"Karl Marx'\u0131n e\u015fi, Johanna 'Jenny' von Westphalen - narteks.net","isPartOf":{"@id":"https:\/\/narteks.net\/#website"},"primaryImageOfPage":{"@id":"https:\/\/narteks.net\/index.php\/2011\/02\/16\/karl-marxin-esi-johanna-jenny-von-westphalen\/#primaryimage"},"image":{"@id":"https:\/\/narteks.net\/index.php\/2011\/02\/16\/karl-marxin-esi-johanna-jenny-von-westphalen\/#primaryimage"},"thumbnailUrl":"http:\/\/www.visualstatistics.net\/Catastrophe\/Jenny%20Marx\/Jenny.jpg","datePublished":"2011-02-16T09:10:09+00:00","breadcrumb":{"@id":"https:\/\/narteks.net\/index.php\/2011\/02\/16\/karl-marxin-esi-johanna-jenny-von-westphalen\/#breadcrumb"},"inLanguage":"tr","potentialAction":[{"@type":"ReadAction","target":["https:\/\/narteks.net\/index.php\/2011\/02\/16\/karl-marxin-esi-johanna-jenny-von-westphalen\/"]}]},{"@type":"ImageObject","inLanguage":"tr","@id":"https:\/\/narteks.net\/index.php\/2011\/02\/16\/karl-marxin-esi-johanna-jenny-von-westphalen\/#primaryimage","url":"http:\/\/www.visualstatistics.net\/Catastrophe\/Jenny%20Marx\/Jenny.jpg","contentUrl":"http:\/\/www.visualstatistics.net\/Catastrophe\/Jenny%20Marx\/Jenny.jpg"},{"@type":"BreadcrumbList","@id":"https:\/\/narteks.net\/index.php\/2011\/02\/16\/karl-marxin-esi-johanna-jenny-von-westphalen\/#breadcrumb","itemListElement":[{"@type":"ListItem","position":1,"name":"Anasayfa","item":"https:\/\/narteks.net\/"},{"@type":"ListItem","position":2,"name":"Karl Marx&#8217;\u0131n e\u015fi, Johanna &#8216;Jenny&#8217; von Westphalen"}]},{"@type":"WebSite","@id":"https:\/\/narteks.net\/#website","url":"https:\/\/narteks.net\/","name":"narteks.net","description":"K\u00fclt\u00fcr Sanat Edebiyat Felsefe","publisher":{"@id":"https:\/\/narteks.net\/#organization"},"alternateName":"K\u00fclt\u00fcr Sanat Edebiyat Felsefe","potentialAction":[{"@type":"SearchAction","target":{"@type":"EntryPoint","urlTemplate":"https:\/\/narteks.net\/?s={search_term_string}"},"query-input":{"@type":"PropertyValueSpecification","valueRequired":true,"valueName":"search_term_string"}}],"inLanguage":"tr"},{"@type":"Organization","@id":"https:\/\/narteks.net\/#organization","name":"narteks.net","url":"https:\/\/narteks.net\/","logo":{"@type":"ImageObject","inLanguage":"tr","@id":"https:\/\/narteks.net\/#\/schema\/logo\/image\/","url":"https:\/\/narteks.net\/wp-content\/uploads\/narteks.png","contentUrl":"https:\/\/narteks.net\/wp-content\/uploads\/narteks.png","width":300,"height":90,"caption":"narteks.net"},"image":{"@id":"https:\/\/narteks.net\/#\/schema\/logo\/image\/"},"sameAs":["https:\/\/x.com\/narteks","https:\/\/instagram.com\/narteksnet"]},{"@type":"Person","@id":"https:\/\/narteks.net\/#\/schema\/person\/61f37d9834294b72d31d274e7ed79bca","name":"Tar\u0131k","image":{"@type":"ImageObject","inLanguage":"tr","@id":"https:\/\/narteks.net\/#\/schema\/person\/image\/","url":"https:\/\/secure.gravatar.com\/avatar\/50865afb55632c4ae467e0af0930f6510aa2297d8014be502a55b14f3b7550cf?s=96&d=mm&r=g","contentUrl":"https:\/\/secure.gravatar.com\/avatar\/50865afb55632c4ae467e0af0930f6510aa2297d8014be502a55b14f3b7550cf?s=96&d=mm&r=g","caption":"Tar\u0131k"},"sameAs":["http:\/\/narteks.net"],"url":"https:\/\/narteks.net\/index.php\/author\/narbak\/"}]}},"_links":{"self":[{"href":"https:\/\/narteks.net\/index.php\/wp-json\/wp\/v2\/posts\/5050","targetHints":{"allow":["GET"]}}],"collection":[{"href":"https:\/\/narteks.net\/index.php\/wp-json\/wp\/v2\/posts"}],"about":[{"href":"https:\/\/narteks.net\/index.php\/wp-json\/wp\/v2\/types\/post"}],"author":[{"embeddable":true,"href":"https:\/\/narteks.net\/index.php\/wp-json\/wp\/v2\/users\/1"}],"replies":[{"embeddable":true,"href":"https:\/\/narteks.net\/index.php\/wp-json\/wp\/v2\/comments?post=5050"}],"version-history":[{"count":0,"href":"https:\/\/narteks.net\/index.php\/wp-json\/wp\/v2\/posts\/5050\/revisions"}],"wp:attachment":[{"href":"https:\/\/narteks.net\/index.php\/wp-json\/wp\/v2\/media?parent=5050"}],"wp:term":[{"taxonomy":"category","embeddable":true,"href":"https:\/\/narteks.net\/index.php\/wp-json\/wp\/v2\/categories?post=5050"},{"taxonomy":"post_tag","embeddable":true,"href":"https:\/\/narteks.net\/index.php\/wp-json\/wp\/v2\/tags?post=5050"}],"curies":[{"name":"wp","href":"https:\/\/api.w.org\/{rel}","templated":true}]}}