{"id":5053,"date":"2011-02-17T15:08:03","date_gmt":"2011-02-17T12:08:03","guid":{"rendered":"http:\/\/localhost\/wordpress\/2011\/02\/17\/ingeborg-bachman-biyografisi\/"},"modified":"2011-02-17T15:08:03","modified_gmt":"2011-02-17T12:08:03","slug":"ingeborg-bachman-biyografisi","status":"publish","type":"post","link":"https:\/\/narteks.net\/index.php\/2011\/02\/17\/ingeborg-bachman-biyografisi\/","title":{"rendered":"Ingeborg BACHMAN Biyografisi"},"content":{"rendered":"<p><img loading=\"lazy\" decoding=\"async\" src=\"http:\/\/www.bilgievi.gen.tr\/Files\/Content\/ingeborg-bachmann.jpg\" border=\"0\" width=\"155\" height=\"205\" \/><\/p>\n<p style=\"text-align: justify;\">Ingeborg Bachmann (d. Klagenfurt, 25 Haziran 1926 &#8211; \u00f6. Roma, 17 Ekim 1973)<\/p>\n<p>Ingeborg Bachmann 20. y\u00fczy\u0131l\u0131n en \u00f6nemli Avusturya&#8217;l\u0131 kad\u0131n yazarlar\u0131ndand\u0131r. Avusturya\u2019n\u0131n Klagenfurt kentinde do\u011fdu. 1945-1950 y\u0131llar\u0131 aras\u0131nda Innsbruck, Graz ve Viyana \u00dcniversitelerinde felsefe, psikoloji ve Alman filolojisi okudu. \u00c7al\u0131\u015fmalar\u0131nda \u00f6zellikle Heidegger ve Wittgenstein \u00fczerinde yo\u011funla\u015ft\u0131. Heidegger\u2019in varolu\u015f\u00e7uluk felsefesi \u00fczerine yazd\u0131\u011f\u0131 tezle doktoras\u0131n\u0131 verdi. \u0130lk \u015fiirleri 1948\/49 y\u0131llar\u0131nda yay\u0131mland\u0131. 1959\/60 y\u0131llar\u0131nda do\u00e7ent unvan\u0131yla Frankfurt \u00dcniversitesi\u2019nde \u015fiir konulu dersler verdi. 1964\u2019te Georg B\u00fcchner \u00d6d\u00fcl\u00fc\u2019n\u00fc ald\u0131. Aralar\u0131nda Fransa, \u0130ngiltere, \u0130talya ve A.B.D.\u2019nin de bulundu\u011fu pek \u00e7ok \u00fclkeye yolculuk etti. 1965\u2019ten itibaren Roma\u2019da ya\u015famaya ba\u015flad\u0131. 1973\u2019te \u00e7\u0131kt\u0131\u011f\u0131 Polonya yolculu\u011funda Auschwitz ve Birkenau toplama kamplar\u0131n\u0131 g\u00f6rd\u00fc. Ayn\u0131 y\u0131l Roma\u2019daki evinde \u00e7\u0131kan yang\u0131nda a\u011f\u0131r yaralanarak hayat\u0131n\u0131 kaybetti.<\/p>\n<p><strong>Eserleri<\/strong><\/p>\n<p>\u015eiir<\/p>\n<p> * Die gestundete Zeit (1953; Ertelenmi\u015f Zaman, Toplu \u015eiirler, YKY, 2004)<br \/> * Anrufung des Gro\u00dfen B\u00e4ren (1956; B\u00fcy\u00fck Ay\u0131\u2019ya \u00c7a\u011fr\u0131, Toplu \u015eiirler, YKY, 2004)<\/p>\n<p>Deneme<\/p>\n<p> * Frankfurter Vorlesungen (1960; Frankfurt Dersleri, Ba\u011flam Yay., 1989)<\/p>\n<p>\u00d6yk\u00fc<\/p>\n<p> * Das drei\u00dfigste Jahr (1961; Otuzuncu Ya\u015f, YKY, 2004).<\/p>\n<p>Roman<\/p>\n<p> * Malina (1971; Malina, YKY, 2004)<\/p>\n","protected":false},"excerpt":{"rendered":"<p>Ingeborg Bachmann (d. Klagenfurt, 25 Haziran 1926 &#8211; \u00f6. Roma, 17 Ekim 1973) Ingeborg Bachmann 20. y\u00fczy\u0131l\u0131n en \u00f6nemli Avusturya&#8217;l\u0131 kad\u0131n yazarlar\u0131ndand\u0131r. Avusturya\u2019n\u0131n Klagenfurt kentinde do\u011fdu. 1945-1950 y\u0131llar\u0131 aras\u0131nda Innsbruck, Graz ve Viyana \u00dcniversitelerinde felsefe, psikoloji ve Alman filolojisi okudu. \u00c7al\u0131\u015fmalar\u0131nda \u00f6zellikle Heidegger ve Wittgenstein \u00fczerinde yo\u011funla\u015ft\u0131. Heidegger\u2019in varolu\u015f\u00e7uluk felsefesi \u00fczerine yazd\u0131\u011f\u0131 tezle doktoras\u0131n\u0131 verdi. [&hellip;]<\/p>\n","protected":false},"author":1,"featured_media":0,"comment_status":"open","ping_status":"open","sticky":false,"template":"","format":"standard","meta":{"footnotes":""},"categories":[71],"tags":[],"class_list":{"0":"post-5053","1":"post","2":"type-post","3":"status-publish","4":"format-standard","6":"category-ingeborg-bachmann"},"yoast_head":"<!-- This site is optimized with the Yoast SEO Premium plugin v24.9 (Yoast SEO v24.9) - https:\/\/yoast.com\/wordpress\/plugins\/seo\/ -->\n<title>Ingeborg BACHMAN Biyografisi - narteks.net<\/title>\n<meta name=\"robots\" content=\"index, follow, max-snippet:-1, max-image-preview:large, max-video-preview:-1\" \/>\n<link rel=\"canonical\" href=\"https:\/\/narteks.net\/index.php\/2011\/02\/17\/ingeborg-bachman-biyografisi\/\" \/>\n<meta property=\"og:locale\" content=\"tr_TR\" \/>\n<meta property=\"og:type\" content=\"article\" \/>\n<meta property=\"og:title\" content=\"Ingeborg BACHMAN Biyografisi\" \/>\n<meta property=\"og:description\" content=\"Ingeborg Bachmann (d. Klagenfurt, 25 Haziran 1926 &#8211; \u00f6. Roma, 17 Ekim 1973) Ingeborg Bachmann 20. y\u00fczy\u0131l\u0131n en \u00f6nemli Avusturya&#8217;l\u0131 kad\u0131n yazarlar\u0131ndand\u0131r. Avusturya\u2019n\u0131n Klagenfurt kentinde do\u011fdu. 1945-1950 y\u0131llar\u0131 aras\u0131nda Innsbruck, Graz ve Viyana \u00dcniversitelerinde felsefe, psikoloji ve Alman filolojisi okudu. \u00c7al\u0131\u015fmalar\u0131nda \u00f6zellikle Heidegger ve Wittgenstein \u00fczerinde yo\u011funla\u015ft\u0131. Heidegger\u2019in varolu\u015f\u00e7uluk felsefesi \u00fczerine yazd\u0131\u011f\u0131 tezle doktoras\u0131n\u0131 verdi. [&hellip;]\" \/>\n<meta property=\"og:url\" content=\"https:\/\/narteks.net\/index.php\/2011\/02\/17\/ingeborg-bachman-biyografisi\/\" \/>\n<meta property=\"og:site_name\" content=\"narteks.net\" \/>\n<meta property=\"article:published_time\" content=\"2011-02-17T12:08:03+00:00\" \/>\n<meta property=\"og:image\" content=\"http:\/\/www.bilgievi.gen.tr\/Files\/Content\/ingeborg-bachmann.jpg\" \/>\n<meta name=\"author\" content=\"Tar\u0131k\" \/>\n<meta name=\"twitter:card\" content=\"summary_large_image\" \/>\n<meta name=\"twitter:creator\" content=\"@narteks\" \/>\n<meta name=\"twitter:site\" content=\"@narteks\" \/>\n<meta name=\"twitter:label1\" content=\"Yazan:\" \/>\n\t<meta name=\"twitter:data1\" content=\"Tar\u0131k\" \/>\n\t<meta name=\"twitter:label2\" content=\"Tahmini okuma s\u00fcresi\" \/>\n\t<meta name=\"twitter:data2\" content=\"1 dakika\" \/>\n<script type=\"application\/ld+json\" class=\"yoast-schema-graph\">{\"@context\":\"https:\/\/schema.org\",\"@graph\":[{\"@type\":\"Article\",\"@id\":\"https:\/\/narteks.net\/index.php\/2011\/02\/17\/ingeborg-bachman-biyografisi\/#article\",\"isPartOf\":{\"@id\":\"https:\/\/narteks.net\/index.php\/2011\/02\/17\/ingeborg-bachman-biyografisi\/\"},\"author\":{\"name\":\"Tar\u0131k\",\"@id\":\"https:\/\/narteks.net\/#\/schema\/person\/61f37d9834294b72d31d274e7ed79bca\"},\"headline\":\"Ingeborg BACHMAN Biyografisi\",\"datePublished\":\"2011-02-17T12:08:03+00:00\",\"mainEntityOfPage\":{\"@id\":\"https:\/\/narteks.net\/index.php\/2011\/02\/17\/ingeborg-bachman-biyografisi\/\"},\"wordCount\":199,\"commentCount\":0,\"publisher\":{\"@id\":\"https:\/\/narteks.net\/#organization\"},\"image\":{\"@id\":\"https:\/\/narteks.net\/index.php\/2011\/02\/17\/ingeborg-bachman-biyografisi\/#primaryimage\"},\"thumbnailUrl\":\"http:\/\/www.bilgievi.gen.tr\/Files\/Content\/ingeborg-bachmann.jpg\",\"articleSection\":[\"\u0130ngeborg BACHMANN\"],\"inLanguage\":\"tr\",\"potentialAction\":[{\"@type\":\"CommentAction\",\"name\":\"Comment\",\"target\":[\"https:\/\/narteks.net\/index.php\/2011\/02\/17\/ingeborg-bachman-biyografisi\/#respond\"]}]},{\"@type\":\"WebPage\",\"@id\":\"https:\/\/narteks.net\/index.php\/2011\/02\/17\/ingeborg-bachman-biyografisi\/\",\"url\":\"https:\/\/narteks.net\/index.php\/2011\/02\/17\/ingeborg-bachman-biyografisi\/\",\"name\":\"Ingeborg BACHMAN Biyografisi - narteks.net\",\"isPartOf\":{\"@id\":\"https:\/\/narteks.net\/#website\"},\"primaryImageOfPage\":{\"@id\":\"https:\/\/narteks.net\/index.php\/2011\/02\/17\/ingeborg-bachman-biyografisi\/#primaryimage\"},\"image\":{\"@id\":\"https:\/\/narteks.net\/index.php\/2011\/02\/17\/ingeborg-bachman-biyografisi\/#primaryimage\"},\"thumbnailUrl\":\"http:\/\/www.bilgievi.gen.tr\/Files\/Content\/ingeborg-bachmann.jpg\",\"datePublished\":\"2011-02-17T12:08:03+00:00\",\"breadcrumb\":{\"@id\":\"https:\/\/narteks.net\/index.php\/2011\/02\/17\/ingeborg-bachman-biyografisi\/#breadcrumb\"},\"inLanguage\":\"tr\",\"potentialAction\":[{\"@type\":\"ReadAction\",\"target\":[\"https:\/\/narteks.net\/index.php\/2011\/02\/17\/ingeborg-bachman-biyografisi\/\"]}]},{\"@type\":\"ImageObject\",\"inLanguage\":\"tr\",\"@id\":\"https:\/\/narteks.net\/index.php\/2011\/02\/17\/ingeborg-bachman-biyografisi\/#primaryimage\",\"url\":\"http:\/\/www.bilgievi.gen.tr\/Files\/Content\/ingeborg-bachmann.jpg\",\"contentUrl\":\"http:\/\/www.bilgievi.gen.tr\/Files\/Content\/ingeborg-bachmann.jpg\"},{\"@type\":\"BreadcrumbList\",\"@id\":\"https:\/\/narteks.net\/index.php\/2011\/02\/17\/ingeborg-bachman-biyografisi\/#breadcrumb\",\"itemListElement\":[{\"@type\":\"ListItem\",\"position\":1,\"name\":\"Anasayfa\",\"item\":\"https:\/\/narteks.net\/\"},{\"@type\":\"ListItem\",\"position\":2,\"name\":\"Ingeborg BACHMAN Biyografisi\"}]},{\"@type\":\"WebSite\",\"@id\":\"https:\/\/narteks.net\/#website\",\"url\":\"https:\/\/narteks.net\/\",\"name\":\"narteks.net\",\"description\":\"K\u00fclt\u00fcr Sanat Edebiyat Felsefe\",\"publisher\":{\"@id\":\"https:\/\/narteks.net\/#organization\"},\"alternateName\":\"K\u00fclt\u00fcr Sanat Edebiyat Felsefe\",\"potentialAction\":[{\"@type\":\"SearchAction\",\"target\":{\"@type\":\"EntryPoint\",\"urlTemplate\":\"https:\/\/narteks.net\/?s={search_term_string}\"},\"query-input\":{\"@type\":\"PropertyValueSpecification\",\"valueRequired\":true,\"valueName\":\"search_term_string\"}}],\"inLanguage\":\"tr\"},{\"@type\":\"Organization\",\"@id\":\"https:\/\/narteks.net\/#organization\",\"name\":\"narteks.net\",\"url\":\"https:\/\/narteks.net\/\",\"logo\":{\"@type\":\"ImageObject\",\"inLanguage\":\"tr\",\"@id\":\"https:\/\/narteks.net\/#\/schema\/logo\/image\/\",\"url\":\"https:\/\/narteks.net\/wp-content\/uploads\/narteks.png\",\"contentUrl\":\"https:\/\/narteks.net\/wp-content\/uploads\/narteks.png\",\"width\":300,\"height\":90,\"caption\":\"narteks.net\"},\"image\":{\"@id\":\"https:\/\/narteks.net\/#\/schema\/logo\/image\/\"},\"sameAs\":[\"https:\/\/x.com\/narteks\",\"https:\/\/instagram.com\/narteksnet\"]},{\"@type\":\"Person\",\"@id\":\"https:\/\/narteks.net\/#\/schema\/person\/61f37d9834294b72d31d274e7ed79bca\",\"name\":\"Tar\u0131k\",\"image\":{\"@type\":\"ImageObject\",\"inLanguage\":\"tr\",\"@id\":\"https:\/\/narteks.net\/#\/schema\/person\/image\/\",\"url\":\"https:\/\/secure.gravatar.com\/avatar\/50865afb55632c4ae467e0af0930f6510aa2297d8014be502a55b14f3b7550cf?s=96&d=mm&r=g\",\"contentUrl\":\"https:\/\/secure.gravatar.com\/avatar\/50865afb55632c4ae467e0af0930f6510aa2297d8014be502a55b14f3b7550cf?s=96&d=mm&r=g\",\"caption\":\"Tar\u0131k\"},\"sameAs\":[\"http:\/\/narteks.net\"],\"url\":\"https:\/\/narteks.net\/index.php\/author\/narbak\/\"}]}<\/script>\n<!-- \/ Yoast SEO Premium plugin. -->","yoast_head_json":{"title":"Ingeborg BACHMAN Biyografisi - narteks.net","robots":{"index":"index","follow":"follow","max-snippet":"max-snippet:-1","max-image-preview":"max-image-preview:large","max-video-preview":"max-video-preview:-1"},"canonical":"https:\/\/narteks.net\/index.php\/2011\/02\/17\/ingeborg-bachman-biyografisi\/","og_locale":"tr_TR","og_type":"article","og_title":"Ingeborg BACHMAN Biyografisi","og_description":"Ingeborg Bachmann (d. Klagenfurt, 25 Haziran 1926 &#8211; \u00f6. Roma, 17 Ekim 1973) Ingeborg Bachmann 20. y\u00fczy\u0131l\u0131n en \u00f6nemli Avusturya&#8217;l\u0131 kad\u0131n yazarlar\u0131ndand\u0131r. Avusturya\u2019n\u0131n Klagenfurt kentinde do\u011fdu. 1945-1950 y\u0131llar\u0131 aras\u0131nda Innsbruck, Graz ve Viyana \u00dcniversitelerinde felsefe, psikoloji ve Alman filolojisi okudu. \u00c7al\u0131\u015fmalar\u0131nda \u00f6zellikle Heidegger ve Wittgenstein \u00fczerinde yo\u011funla\u015ft\u0131. Heidegger\u2019in varolu\u015f\u00e7uluk felsefesi \u00fczerine yazd\u0131\u011f\u0131 tezle doktoras\u0131n\u0131 verdi. [&hellip;]","og_url":"https:\/\/narteks.net\/index.php\/2011\/02\/17\/ingeborg-bachman-biyografisi\/","og_site_name":"narteks.net","article_published_time":"2011-02-17T12:08:03+00:00","og_image":[{"url":"http:\/\/www.bilgievi.gen.tr\/Files\/Content\/ingeborg-bachmann.jpg","type":"","width":"","height":""}],"author":"Tar\u0131k","twitter_card":"summary_large_image","twitter_creator":"@narteks","twitter_site":"@narteks","twitter_misc":{"Yazan:":"Tar\u0131k","Tahmini okuma s\u00fcresi":"1 dakika"},"schema":{"@context":"https:\/\/schema.org","@graph":[{"@type":"Article","@id":"https:\/\/narteks.net\/index.php\/2011\/02\/17\/ingeborg-bachman-biyografisi\/#article","isPartOf":{"@id":"https:\/\/narteks.net\/index.php\/2011\/02\/17\/ingeborg-bachman-biyografisi\/"},"author":{"name":"Tar\u0131k","@id":"https:\/\/narteks.net\/#\/schema\/person\/61f37d9834294b72d31d274e7ed79bca"},"headline":"Ingeborg BACHMAN Biyografisi","datePublished":"2011-02-17T12:08:03+00:00","mainEntityOfPage":{"@id":"https:\/\/narteks.net\/index.php\/2011\/02\/17\/ingeborg-bachman-biyografisi\/"},"wordCount":199,"commentCount":0,"publisher":{"@id":"https:\/\/narteks.net\/#organization"},"image":{"@id":"https:\/\/narteks.net\/index.php\/2011\/02\/17\/ingeborg-bachman-biyografisi\/#primaryimage"},"thumbnailUrl":"http:\/\/www.bilgievi.gen.tr\/Files\/Content\/ingeborg-bachmann.jpg","articleSection":["\u0130ngeborg BACHMANN"],"inLanguage":"tr","potentialAction":[{"@type":"CommentAction","name":"Comment","target":["https:\/\/narteks.net\/index.php\/2011\/02\/17\/ingeborg-bachman-biyografisi\/#respond"]}]},{"@type":"WebPage","@id":"https:\/\/narteks.net\/index.php\/2011\/02\/17\/ingeborg-bachman-biyografisi\/","url":"https:\/\/narteks.net\/index.php\/2011\/02\/17\/ingeborg-bachman-biyografisi\/","name":"Ingeborg BACHMAN Biyografisi - narteks.net","isPartOf":{"@id":"https:\/\/narteks.net\/#website"},"primaryImageOfPage":{"@id":"https:\/\/narteks.net\/index.php\/2011\/02\/17\/ingeborg-bachman-biyografisi\/#primaryimage"},"image":{"@id":"https:\/\/narteks.net\/index.php\/2011\/02\/17\/ingeborg-bachman-biyografisi\/#primaryimage"},"thumbnailUrl":"http:\/\/www.bilgievi.gen.tr\/Files\/Content\/ingeborg-bachmann.jpg","datePublished":"2011-02-17T12:08:03+00:00","breadcrumb":{"@id":"https:\/\/narteks.net\/index.php\/2011\/02\/17\/ingeborg-bachman-biyografisi\/#breadcrumb"},"inLanguage":"tr","potentialAction":[{"@type":"ReadAction","target":["https:\/\/narteks.net\/index.php\/2011\/02\/17\/ingeborg-bachman-biyografisi\/"]}]},{"@type":"ImageObject","inLanguage":"tr","@id":"https:\/\/narteks.net\/index.php\/2011\/02\/17\/ingeborg-bachman-biyografisi\/#primaryimage","url":"http:\/\/www.bilgievi.gen.tr\/Files\/Content\/ingeborg-bachmann.jpg","contentUrl":"http:\/\/www.bilgievi.gen.tr\/Files\/Content\/ingeborg-bachmann.jpg"},{"@type":"BreadcrumbList","@id":"https:\/\/narteks.net\/index.php\/2011\/02\/17\/ingeborg-bachman-biyografisi\/#breadcrumb","itemListElement":[{"@type":"ListItem","position":1,"name":"Anasayfa","item":"https:\/\/narteks.net\/"},{"@type":"ListItem","position":2,"name":"Ingeborg BACHMAN Biyografisi"}]},{"@type":"WebSite","@id":"https:\/\/narteks.net\/#website","url":"https:\/\/narteks.net\/","name":"narteks.net","description":"K\u00fclt\u00fcr Sanat Edebiyat Felsefe","publisher":{"@id":"https:\/\/narteks.net\/#organization"},"alternateName":"K\u00fclt\u00fcr Sanat Edebiyat Felsefe","potentialAction":[{"@type":"SearchAction","target":{"@type":"EntryPoint","urlTemplate":"https:\/\/narteks.net\/?s={search_term_string}"},"query-input":{"@type":"PropertyValueSpecification","valueRequired":true,"valueName":"search_term_string"}}],"inLanguage":"tr"},{"@type":"Organization","@id":"https:\/\/narteks.net\/#organization","name":"narteks.net","url":"https:\/\/narteks.net\/","logo":{"@type":"ImageObject","inLanguage":"tr","@id":"https:\/\/narteks.net\/#\/schema\/logo\/image\/","url":"https:\/\/narteks.net\/wp-content\/uploads\/narteks.png","contentUrl":"https:\/\/narteks.net\/wp-content\/uploads\/narteks.png","width":300,"height":90,"caption":"narteks.net"},"image":{"@id":"https:\/\/narteks.net\/#\/schema\/logo\/image\/"},"sameAs":["https:\/\/x.com\/narteks","https:\/\/instagram.com\/narteksnet"]},{"@type":"Person","@id":"https:\/\/narteks.net\/#\/schema\/person\/61f37d9834294b72d31d274e7ed79bca","name":"Tar\u0131k","image":{"@type":"ImageObject","inLanguage":"tr","@id":"https:\/\/narteks.net\/#\/schema\/person\/image\/","url":"https:\/\/secure.gravatar.com\/avatar\/50865afb55632c4ae467e0af0930f6510aa2297d8014be502a55b14f3b7550cf?s=96&d=mm&r=g","contentUrl":"https:\/\/secure.gravatar.com\/avatar\/50865afb55632c4ae467e0af0930f6510aa2297d8014be502a55b14f3b7550cf?s=96&d=mm&r=g","caption":"Tar\u0131k"},"sameAs":["http:\/\/narteks.net"],"url":"https:\/\/narteks.net\/index.php\/author\/narbak\/"}]}},"_links":{"self":[{"href":"https:\/\/narteks.net\/index.php\/wp-json\/wp\/v2\/posts\/5053","targetHints":{"allow":["GET"]}}],"collection":[{"href":"https:\/\/narteks.net\/index.php\/wp-json\/wp\/v2\/posts"}],"about":[{"href":"https:\/\/narteks.net\/index.php\/wp-json\/wp\/v2\/types\/post"}],"author":[{"embeddable":true,"href":"https:\/\/narteks.net\/index.php\/wp-json\/wp\/v2\/users\/1"}],"replies":[{"embeddable":true,"href":"https:\/\/narteks.net\/index.php\/wp-json\/wp\/v2\/comments?post=5053"}],"version-history":[{"count":0,"href":"https:\/\/narteks.net\/index.php\/wp-json\/wp\/v2\/posts\/5053\/revisions"}],"wp:attachment":[{"href":"https:\/\/narteks.net\/index.php\/wp-json\/wp\/v2\/media?parent=5053"}],"wp:term":[{"taxonomy":"category","embeddable":true,"href":"https:\/\/narteks.net\/index.php\/wp-json\/wp\/v2\/categories?post=5053"},{"taxonomy":"post_tag","embeddable":true,"href":"https:\/\/narteks.net\/index.php\/wp-json\/wp\/v2\/tags?post=5053"}],"curies":[{"name":"wp","href":"https:\/\/api.w.org\/{rel}","templated":true}]}}