{"id":5056,"date":"2011-02-19T16:33:39","date_gmt":"2011-02-19T13:33:39","guid":{"rendered":"http:\/\/localhost\/wordpress\/2011\/02\/19\/meselemi-hice-biraktim-max-stirner\/"},"modified":"2011-02-19T16:33:39","modified_gmt":"2011-02-19T13:33:39","slug":"meselemi-hice-biraktim-max-stirner","status":"publish","type":"post","link":"https:\/\/narteks.net\/index.php\/2011\/02\/19\/meselemi-hice-biraktim-max-stirner\/","title":{"rendered":"Meselemi Hi\u00e7&#8217;e B\u0131rakt\u0131m | Max Stirner"},"content":{"rendered":"<p style=\"text-align: justify;\"><img loading=\"lazy\" decoding=\"async\" src=\"http:\/\/upload.wikimedia.org\/wikipedia\/commons\/b\/b5\/Max_stirner.jpg\" border=\"0\" width=\"155\" height=\"205\" style=\"float: left;\" \/>Nedir benim olmas\u0131 gereken! \u00d6ncelikle iyinin meselesi, sonra Tanr\u0131&#8217;n\u0131n, insanl\u0131\u011f\u0131n, ger\u00e7e\u011fin, \u00f6zg\u00fcrl\u00fc\u011f\u00fcn, h\u00fcmanizmin ve adaletin; dahas\u0131 halk\u0131m\u0131n, kral\u0131m\u0131n, anavatan\u0131m\u0131n; ve nihayet tinin ve binlercesinin. Sadece benim meselem asla benim olmamal\u0131d\u0131r. &#8220;Yuh be, egoiste bak\u0131n, sadece kendini d\u00fc\u015f\u00fcn\u00fcyor!&#8221;<br \/>Meseleleri i\u00e7in \u00e7al\u0131\u015fmam\u0131z\u0131 gerekli bulan, hatta can\u0131m\u0131z\u0131 feda etmemizi ve meselelerine hayranl\u0131k duymam\u0131z\u0131 bizden bekleyenlerin kendi meselelerini nas\u0131l ger\u00e7ekle\u015ftirdiklerine bakal\u0131m bir kez de.<\/p>\n<p>Tanr\u0131 hakk\u0131nda k\u00f6kl\u00fcce \u015feyler m\u00fcjdelemekte olan sizler binlerce y\u0131l &#8220;tanr\u0131sall\u0131\u011f\u0131 derinliklerine kadar incelediniz&#8221;; ve Tanr\u0131 kalbine kadar uzanan sizler, meselesine hizmet etmekle vazifelendirildi\u011fimiz o &#8220;Tanr\u0131&#8217;n\u0131n kendi meselesini&#8221; nas\u0131l icra etti\u011fini pekala bize a\u00e7\u0131klayabilirsiniz. Ve yapt\u0131klar\u0131n\u0131 da gizlemezsiniz. Neymi\u015f peki Tanr\u0131&#8217;n\u0131n meselesi? Bize buyurdu\u011fu gibi yabanc\u0131 bir meseleye mi tabidir, sevgi ve ger\u00e7e\u011fi kendisine maletmi\u015f midir? Burada bir yanl\u0131\u015f anlama s\u00f6z konusudur, buysa sizi \u00e7\u0131ld\u0131rt\u0131yor; Tanr\u0131 meselesinin sevgi ve ger\u00e7ek oldu\u011funu, dolay\u0131s\u0131yla sevgi ve ger\u00e7e\u011fin Tanr\u0131 i\u00e7in yabanc\u0131 bir mesele olamayaca\u011f\u0131n\u0131 \u00f6\u011fretmektesiniz. Tanr\u0131&#8217;n\u0131n yabanc\u0131 bir i\u015fi kendine meslek etmi\u015f oldu\u011fu varsay\u0131m\u0131, dolay\u0131s\u0131yla bizim gibi zavall\u0131 kar\u0131ncalarla benze\u015f olmas\u0131 sizi \u00e7\u0131ld\u0131rt\u0131yor. &#8220;Tanr\u0131 ger\u00e7ek demek olmasayd\u0131 ger\u00e7e\u011fe sahip \u00e7\u0131kar m\u0131yd\u0131&#8221;? Tanr\u0131 sadece kendinden yana yontuyor, \u00e7\u00fcnk\u00fc o bir b\u00fct\u00fcnl\u00fckt\u00fcr, dolay\u0131s\u0131yla her \u015fey onun meselesidir! Biz ama, biz bir b\u00fct\u00fcnl\u00fck de\u011filiz, dolay\u0131s\u0131yla bizim meselemiz k\u00fc\u00e7\u00fcc\u00fck ve a\u015fa\u011f\u0131l\u0131k bir i\u015ftir; i\u015fte bu nedenle de &#8220;y\u00fcce bir meseleye hizmet etmek zorunday\u0131z&#8221;. \u015euras\u0131 a\u00e7\u0131kt\u0131rki, Tanr\u0131&#8217;y\u0131 sadece Tanr\u0131 ilgilendiriyor, onun me\u015fguliyeti sadece kendisidir, sadece kendisini d\u00fc\u015f\u00fcn\u00fcyor ve kendi g\u00f6z\u00fcnde yine sadece kendisi var; vay haline Tanr\u0131&#8217;y\u0131 tatmin etmeyene. O, kendinden \u00fcst\u00fcn herhangi bir varl\u0131\u011fa hizmet etmiyor ve sadece kendisini tatmin ediyor. Onun meselesi tam anlam\u0131yla egoist bir meseledir.<\/p>\n<p>Peki ya insanl\u0131k, meselesini kendi meselemizmi\u015f gibi g\u00f6rmemiz gereken o insanl\u0131k y\u00fcce bir varl\u0131\u011fa m\u0131 hizmet etmektedir? Onun meselesi bir ba\u015fkas\u0131n\u0131n meselesi midir? Ve y\u00fcce bir meseleye mi hizmet etmektedir? Hay\u0131r, insanl\u0131k kendinden ba\u015fka kimseyi g\u00f6rm\u00fcyor, meselesi kendisidir ve sadece kendisine faydas\u0131 vard\u0131r. Ama\u00e7lar\u0131 ve istemleri u\u011fruna halklar\u0131 ve bireyleri ac\u0131lara s\u00fcr\u00fckleyip kulland\u0131ktan sonra, onlara te\u015fekk\u00fcr olsun diye tarihin \u00e7\u00f6pl\u00fc\u011f\u00fcne f\u0131rlat\u0131yor. \u0130nsanl\u0131\u011f\u0131n da meselesi tam anlam\u0131yla egoist bir mesele de\u011fil midir?<\/p>\n<p>Kendi meselesini bizim meselemizmi\u015f gibi g\u00f6steren ve bizim \u00e7\u0131karlar\u0131m\u0131zdan dem vuran herkese t\u00fcm meselesinin sadece kendisinde d\u00fc\u011f\u00fcmlendi\u011fini a\u00e7\u0131klamama gerek yok. Bir kez olsun di\u011fer kavramlar\u0131 da g\u00f6zden ge\u00e7irin. Hakikat, \u00f6zg\u00fcrl\u00fck, h\u00fcmanizm, adalet, sizden kendilerine hayran olman\u0131z ve hizmet etmeniz d\u0131\u015f\u0131nda ba\u015fka bir \u015fey istiyorlar m\u0131?<\/p>\n<p>T\u00fcm bunlar sizden gayretle boyun e\u011fmenizi bekliyor. Sad\u0131k yurtseverlerce savunulan \u015fu halka bak\u0131n bir kez de. Halk i\u00e7in kanl\u0131 sava\u015flarda \u00f6len ya da a\u00e7l\u0131k ve sefaleti g\u00f6ze alarak sava\u015fan yurtseverler, halk\u0131 ne derece ilgilendiriyor? Halk onlar\u0131n bok y\u0131\u011f\u0131n\u0131na d\u00f6n\u00fc\u015fen cesetleri aras\u0131nda &#8220;ye\u015feren halk&#8221; oluyor! Bireyler, &#8220;halk\u0131n b\u00fcy\u00fck meselesi i\u00e7in&#8221; \u00f6l\u00fcrken, halk onlara arkalar\u0131ndan te\u015fekk\u00fcr yolluyor ve kadavralar\u0131ndan kendine k\u00e0r pay\u0131 \u00e7\u0131kar\u0131yor. Buna ben okkal\u0131 bir egoizm derim.<\/p>\n<p>\u015eimdi de &#8220;Benim&#8221; dedi\u011fi \u015feyleri \u015fefkatle koruyan sultana bakal\u0131m. Sultan tam bir \u00f6zgeci de\u011fil midir ve onun olan \u015feyler i\u00e7in ya\u015fam\u0131n\u0131 daima adamam\u0131\u015f m\u0131d\u0131r? Evet, &#8220;onun olanlar&#8221; i\u00e7in, tabii. Sen ona de\u011fil, kendine ait oldu\u011funu g\u00f6stermeye \u00e7al\u0131\u015f ve bunu bir kez olsun dene: onun egoizmini reddetmekle zindan\u0131 boylayabilirsin. Sultan\u0131n meselesi kendisidir: o bir b\u00fct\u00fcnl\u00fckt\u00fcr ve kendisi i\u00e7in biriciktir ve &#8220;onun&#8221; olmak istemeyen birini tahamm\u00fcl edemez.<br \/>Bu parlak \u00f6nerilerden egoistin \u00e7ok daha iyi hareket etti\u011fini anlayam\u0131yor musunuz? Ben, kendi ad\u0131ma bundan bir ders al\u0131yor ve bu b\u00fcy\u00fck egoistlere \u00f6zgeci davran\u0131p hizmet edece\u011fime, kendim egoist oluyorum.<br \/>Tanr\u0131&#8217;n\u0131n da, insanl\u0131\u011f\u0131n da i\u015fi kendilerine dayanmaktad\u0131r, kendileridir. Benim meselem de benim. Tanr\u0131 gibi her \u015fey ve hi\u00e7im, birici\u011fim.<br \/>E\u011fer Tanr\u0131 ve insanl\u0131k, sizlerin de do\u011frulad\u0131\u011f\u0131 gibi, bir b\u00fct\u00fcnl\u00fck iseler, benim de onlardan eksik bir yan\u0131m yok ve &#8220;bo\u015f&#8221; oldu\u011fuma dair bir \u015fikayetim de yok. Ben hi\u00e7im derken, bo\u015f oldu\u011fumu s\u00f6ylemiyorum, bizzat yarat\u0131c\u0131 bir hi\u00e7im, bir yarat\u0131c\u0131 olarak her \u015feyi yaratan bir hi\u00e7.<br \/>Tepeden t\u0131rna\u011fa kadar benim olmayan her i\u015fe u\u011furlar olsun! Sizce benim i\u015fim en az\u0131ndan &#8220;iyi bir i\u015f&#8221; olmal\u0131d\u0131r? Nedir iyi i\u015f, k\u00f6t\u00fc i\u015f! \u0130\u015fim demek zaten ben demek&#8217;im. Ve ben ne iyiyim, ne de k\u00f6t\u00fc. \u0130yinin de k\u00f6t\u00fcn\u00fcn de benim i\u00e7in hi\u00e7bir anlam\u0131 yoktur.<br \/>Tanr\u0131&#8217;n\u0131n i\u015fi, insanl\u0131\u011f\u0131n i\u015fi, ger\u00e7e\u011fin i\u015fi, iyinin i\u015fi, do\u011frunun i\u015fi, \u00f6zg\u00fcrl\u00fc\u011f\u00fcn i\u015fi ve daha niceleri. Bunlar\u0131n hi\u00e7biri benim i\u015fim de\u011fildir, benim i\u015fim sadece benim oland\u0131r ve o genel de\u011fil, biriciktir, benim gibi.<\/p>\n<p>Hi\u00e7bir \u015fey benden \u00fcst\u00fcn de\u011fildir!<\/p>\n<p style=\"text-align: justify;\">\u00a0<\/p>\n<p style=\"text-align: justify;\">\u00c7eviren: H. \u0130brahim T\u00fcrkdo\u011fan<\/p>\n","protected":false},"excerpt":{"rendered":"<p>Nedir benim olmas\u0131 gereken! \u00d6ncelikle iyinin meselesi, sonra Tanr\u0131&#8217;n\u0131n, insanl\u0131\u011f\u0131n, ger\u00e7e\u011fin, \u00f6zg\u00fcrl\u00fc\u011f\u00fcn, h\u00fcmanizmin ve adaletin; dahas\u0131 halk\u0131m\u0131n, kral\u0131m\u0131n, anavatan\u0131m\u0131n; ve nihayet tinin ve binlercesinin. Sadece benim meselem asla benim olmamal\u0131d\u0131r. &#8220;Yuh be, egoiste bak\u0131n, sadece kendini d\u00fc\u015f\u00fcn\u00fcyor!&#8221;Meseleleri i\u00e7in \u00e7al\u0131\u015fmam\u0131z\u0131 gerekli bulan, hatta can\u0131m\u0131z\u0131 feda etmemizi ve meselelerine hayranl\u0131k duymam\u0131z\u0131 bizden bekleyenlerin kendi meselelerini nas\u0131l ger\u00e7ekle\u015ftirdiklerine [&hellip;]<\/p>\n","protected":false},"author":1,"featured_media":0,"comment_status":"open","ping_status":"open","sticky":false,"template":"","format":"standard","meta":{"footnotes":""},"categories":[103],"tags":[],"class_list":["post-5056","post","type-post","status-publish","format-standard","category-felsefe-genel"],"yoast_head":"<!-- This site is optimized with the Yoast SEO Premium plugin v24.9 (Yoast SEO v24.9) - https:\/\/yoast.com\/wordpress\/plugins\/seo\/ -->\n<title>Meselemi Hi\u00e7&#039;e B\u0131rakt\u0131m | Max Stirner - narteks.net<\/title>\n<meta name=\"robots\" content=\"index, follow, max-snippet:-1, max-image-preview:large, max-video-preview:-1\" \/>\n<link rel=\"canonical\" href=\"https:\/\/narteks.net\/index.php\/2011\/02\/19\/meselemi-hice-biraktim-max-stirner\/\" \/>\n<meta property=\"og:locale\" content=\"tr_TR\" \/>\n<meta property=\"og:type\" content=\"article\" \/>\n<meta property=\"og:title\" content=\"Meselemi Hi\u00e7&#039;e B\u0131rakt\u0131m | Max Stirner\" \/>\n<meta property=\"og:description\" content=\"Nedir benim olmas\u0131 gereken! \u00d6ncelikle iyinin meselesi, sonra Tanr\u0131&#8217;n\u0131n, insanl\u0131\u011f\u0131n, ger\u00e7e\u011fin, \u00f6zg\u00fcrl\u00fc\u011f\u00fcn, h\u00fcmanizmin ve adaletin; dahas\u0131 halk\u0131m\u0131n, kral\u0131m\u0131n, anavatan\u0131m\u0131n; ve nihayet tinin ve binlercesinin. Sadece benim meselem asla benim olmamal\u0131d\u0131r. &#8220;Yuh be, egoiste bak\u0131n, sadece kendini d\u00fc\u015f\u00fcn\u00fcyor!&#8221;Meseleleri i\u00e7in \u00e7al\u0131\u015fmam\u0131z\u0131 gerekli bulan, hatta can\u0131m\u0131z\u0131 feda etmemizi ve meselelerine hayranl\u0131k duymam\u0131z\u0131 bizden bekleyenlerin kendi meselelerini nas\u0131l ger\u00e7ekle\u015ftirdiklerine [&hellip;]\" \/>\n<meta property=\"og:url\" content=\"https:\/\/narteks.net\/index.php\/2011\/02\/19\/meselemi-hice-biraktim-max-stirner\/\" \/>\n<meta property=\"og:site_name\" content=\"narteks.net\" \/>\n<meta property=\"article:published_time\" content=\"2011-02-19T13:33:39+00:00\" \/>\n<meta property=\"og:image\" content=\"http:\/\/upload.wikimedia.org\/wikipedia\/commons\/b\/b5\/Max_stirner.jpg\" \/>\n<meta name=\"author\" content=\"Tar\u0131k\" \/>\n<meta name=\"twitter:card\" content=\"summary_large_image\" \/>\n<meta name=\"twitter:creator\" content=\"@narteks\" \/>\n<meta name=\"twitter:site\" content=\"@narteks\" \/>\n<meta name=\"twitter:label1\" content=\"Yazan:\" \/>\n\t<meta name=\"twitter:data1\" content=\"Tar\u0131k\" \/>\n\t<meta name=\"twitter:label2\" content=\"Tahmini okuma s\u00fcresi\" \/>\n\t<meta name=\"twitter:data2\" content=\"5 dakika\" \/>\n<script type=\"application\/ld+json\" class=\"yoast-schema-graph\">{\"@context\":\"https:\/\/schema.org\",\"@graph\":[{\"@type\":\"Article\",\"@id\":\"https:\/\/narteks.net\/index.php\/2011\/02\/19\/meselemi-hice-biraktim-max-stirner\/#article\",\"isPartOf\":{\"@id\":\"https:\/\/narteks.net\/index.php\/2011\/02\/19\/meselemi-hice-biraktim-max-stirner\/\"},\"author\":{\"name\":\"Tar\u0131k\",\"@id\":\"https:\/\/narteks.net\/#\/schema\/person\/61f37d9834294b72d31d274e7ed79bca\"},\"headline\":\"Meselemi Hi\u00e7&#8217;e B\u0131rakt\u0131m | Max Stirner\",\"datePublished\":\"2011-02-19T13:33:39+00:00\",\"mainEntityOfPage\":{\"@id\":\"https:\/\/narteks.net\/index.php\/2011\/02\/19\/meselemi-hice-biraktim-max-stirner\/\"},\"wordCount\":952,\"commentCount\":0,\"publisher\":{\"@id\":\"https:\/\/narteks.net\/#organization\"},\"image\":{\"@id\":\"https:\/\/narteks.net\/index.php\/2011\/02\/19\/meselemi-hice-biraktim-max-stirner\/#primaryimage\"},\"thumbnailUrl\":\"http:\/\/upload.wikimedia.org\/wikipedia\/commons\/b\/b5\/Max_stirner.jpg\",\"articleSection\":[\"Felsefe (Genel)\"],\"inLanguage\":\"tr\",\"potentialAction\":[{\"@type\":\"CommentAction\",\"name\":\"Comment\",\"target\":[\"https:\/\/narteks.net\/index.php\/2011\/02\/19\/meselemi-hice-biraktim-max-stirner\/#respond\"]}]},{\"@type\":\"WebPage\",\"@id\":\"https:\/\/narteks.net\/index.php\/2011\/02\/19\/meselemi-hice-biraktim-max-stirner\/\",\"url\":\"https:\/\/narteks.net\/index.php\/2011\/02\/19\/meselemi-hice-biraktim-max-stirner\/\",\"name\":\"Meselemi Hi\u00e7'e B\u0131rakt\u0131m | Max Stirner - narteks.net\",\"isPartOf\":{\"@id\":\"https:\/\/narteks.net\/#website\"},\"primaryImageOfPage\":{\"@id\":\"https:\/\/narteks.net\/index.php\/2011\/02\/19\/meselemi-hice-biraktim-max-stirner\/#primaryimage\"},\"image\":{\"@id\":\"https:\/\/narteks.net\/index.php\/2011\/02\/19\/meselemi-hice-biraktim-max-stirner\/#primaryimage\"},\"thumbnailUrl\":\"http:\/\/upload.wikimedia.org\/wikipedia\/commons\/b\/b5\/Max_stirner.jpg\",\"datePublished\":\"2011-02-19T13:33:39+00:00\",\"breadcrumb\":{\"@id\":\"https:\/\/narteks.net\/index.php\/2011\/02\/19\/meselemi-hice-biraktim-max-stirner\/#breadcrumb\"},\"inLanguage\":\"tr\",\"potentialAction\":[{\"@type\":\"ReadAction\",\"target\":[\"https:\/\/narteks.net\/index.php\/2011\/02\/19\/meselemi-hice-biraktim-max-stirner\/\"]}]},{\"@type\":\"ImageObject\",\"inLanguage\":\"tr\",\"@id\":\"https:\/\/narteks.net\/index.php\/2011\/02\/19\/meselemi-hice-biraktim-max-stirner\/#primaryimage\",\"url\":\"http:\/\/upload.wikimedia.org\/wikipedia\/commons\/b\/b5\/Max_stirner.jpg\",\"contentUrl\":\"http:\/\/upload.wikimedia.org\/wikipedia\/commons\/b\/b5\/Max_stirner.jpg\"},{\"@type\":\"BreadcrumbList\",\"@id\":\"https:\/\/narteks.net\/index.php\/2011\/02\/19\/meselemi-hice-biraktim-max-stirner\/#breadcrumb\",\"itemListElement\":[{\"@type\":\"ListItem\",\"position\":1,\"name\":\"Anasayfa\",\"item\":\"https:\/\/narteks.net\/\"},{\"@type\":\"ListItem\",\"position\":2,\"name\":\"Meselemi Hi\u00e7&#8217;e B\u0131rakt\u0131m | Max Stirner\"}]},{\"@type\":\"WebSite\",\"@id\":\"https:\/\/narteks.net\/#website\",\"url\":\"https:\/\/narteks.net\/\",\"name\":\"narteks.net\",\"description\":\"K\u00fclt\u00fcr Sanat Edebiyat Felsefe\",\"publisher\":{\"@id\":\"https:\/\/narteks.net\/#organization\"},\"alternateName\":\"K\u00fclt\u00fcr Sanat Edebiyat Felsefe\",\"potentialAction\":[{\"@type\":\"SearchAction\",\"target\":{\"@type\":\"EntryPoint\",\"urlTemplate\":\"https:\/\/narteks.net\/?s={search_term_string}\"},\"query-input\":{\"@type\":\"PropertyValueSpecification\",\"valueRequired\":true,\"valueName\":\"search_term_string\"}}],\"inLanguage\":\"tr\"},{\"@type\":\"Organization\",\"@id\":\"https:\/\/narteks.net\/#organization\",\"name\":\"narteks.net\",\"url\":\"https:\/\/narteks.net\/\",\"logo\":{\"@type\":\"ImageObject\",\"inLanguage\":\"tr\",\"@id\":\"https:\/\/narteks.net\/#\/schema\/logo\/image\/\",\"url\":\"https:\/\/narteks.net\/wp-content\/uploads\/narteks.png\",\"contentUrl\":\"https:\/\/narteks.net\/wp-content\/uploads\/narteks.png\",\"width\":300,\"height\":90,\"caption\":\"narteks.net\"},\"image\":{\"@id\":\"https:\/\/narteks.net\/#\/schema\/logo\/image\/\"},\"sameAs\":[\"https:\/\/x.com\/narteks\",\"https:\/\/instagram.com\/narteksnet\"]},{\"@type\":\"Person\",\"@id\":\"https:\/\/narteks.net\/#\/schema\/person\/61f37d9834294b72d31d274e7ed79bca\",\"name\":\"Tar\u0131k\",\"image\":{\"@type\":\"ImageObject\",\"inLanguage\":\"tr\",\"@id\":\"https:\/\/narteks.net\/#\/schema\/person\/image\/\",\"url\":\"https:\/\/secure.gravatar.com\/avatar\/50865afb55632c4ae467e0af0930f6510aa2297d8014be502a55b14f3b7550cf?s=96&d=mm&r=g\",\"contentUrl\":\"https:\/\/secure.gravatar.com\/avatar\/50865afb55632c4ae467e0af0930f6510aa2297d8014be502a55b14f3b7550cf?s=96&d=mm&r=g\",\"caption\":\"Tar\u0131k\"},\"sameAs\":[\"http:\/\/narteks.net\"],\"url\":\"https:\/\/narteks.net\/index.php\/author\/narbak\/\"}]}<\/script>\n<!-- \/ Yoast SEO Premium plugin. -->","yoast_head_json":{"title":"Meselemi Hi\u00e7'e B\u0131rakt\u0131m | Max Stirner - narteks.net","robots":{"index":"index","follow":"follow","max-snippet":"max-snippet:-1","max-image-preview":"max-image-preview:large","max-video-preview":"max-video-preview:-1"},"canonical":"https:\/\/narteks.net\/index.php\/2011\/02\/19\/meselemi-hice-biraktim-max-stirner\/","og_locale":"tr_TR","og_type":"article","og_title":"Meselemi Hi\u00e7'e B\u0131rakt\u0131m | Max Stirner","og_description":"Nedir benim olmas\u0131 gereken! \u00d6ncelikle iyinin meselesi, sonra Tanr\u0131&#8217;n\u0131n, insanl\u0131\u011f\u0131n, ger\u00e7e\u011fin, \u00f6zg\u00fcrl\u00fc\u011f\u00fcn, h\u00fcmanizmin ve adaletin; dahas\u0131 halk\u0131m\u0131n, kral\u0131m\u0131n, anavatan\u0131m\u0131n; ve nihayet tinin ve binlercesinin. Sadece benim meselem asla benim olmamal\u0131d\u0131r. &#8220;Yuh be, egoiste bak\u0131n, sadece kendini d\u00fc\u015f\u00fcn\u00fcyor!&#8221;Meseleleri i\u00e7in \u00e7al\u0131\u015fmam\u0131z\u0131 gerekli bulan, hatta can\u0131m\u0131z\u0131 feda etmemizi ve meselelerine hayranl\u0131k duymam\u0131z\u0131 bizden bekleyenlerin kendi meselelerini nas\u0131l ger\u00e7ekle\u015ftirdiklerine [&hellip;]","og_url":"https:\/\/narteks.net\/index.php\/2011\/02\/19\/meselemi-hice-biraktim-max-stirner\/","og_site_name":"narteks.net","article_published_time":"2011-02-19T13:33:39+00:00","og_image":[{"url":"http:\/\/upload.wikimedia.org\/wikipedia\/commons\/b\/b5\/Max_stirner.jpg","type":"","width":"","height":""}],"author":"Tar\u0131k","twitter_card":"summary_large_image","twitter_creator":"@narteks","twitter_site":"@narteks","twitter_misc":{"Yazan:":"Tar\u0131k","Tahmini okuma s\u00fcresi":"5 dakika"},"schema":{"@context":"https:\/\/schema.org","@graph":[{"@type":"Article","@id":"https:\/\/narteks.net\/index.php\/2011\/02\/19\/meselemi-hice-biraktim-max-stirner\/#article","isPartOf":{"@id":"https:\/\/narteks.net\/index.php\/2011\/02\/19\/meselemi-hice-biraktim-max-stirner\/"},"author":{"name":"Tar\u0131k","@id":"https:\/\/narteks.net\/#\/schema\/person\/61f37d9834294b72d31d274e7ed79bca"},"headline":"Meselemi Hi\u00e7&#8217;e B\u0131rakt\u0131m | Max Stirner","datePublished":"2011-02-19T13:33:39+00:00","mainEntityOfPage":{"@id":"https:\/\/narteks.net\/index.php\/2011\/02\/19\/meselemi-hice-biraktim-max-stirner\/"},"wordCount":952,"commentCount":0,"publisher":{"@id":"https:\/\/narteks.net\/#organization"},"image":{"@id":"https:\/\/narteks.net\/index.php\/2011\/02\/19\/meselemi-hice-biraktim-max-stirner\/#primaryimage"},"thumbnailUrl":"http:\/\/upload.wikimedia.org\/wikipedia\/commons\/b\/b5\/Max_stirner.jpg","articleSection":["Felsefe (Genel)"],"inLanguage":"tr","potentialAction":[{"@type":"CommentAction","name":"Comment","target":["https:\/\/narteks.net\/index.php\/2011\/02\/19\/meselemi-hice-biraktim-max-stirner\/#respond"]}]},{"@type":"WebPage","@id":"https:\/\/narteks.net\/index.php\/2011\/02\/19\/meselemi-hice-biraktim-max-stirner\/","url":"https:\/\/narteks.net\/index.php\/2011\/02\/19\/meselemi-hice-biraktim-max-stirner\/","name":"Meselemi Hi\u00e7'e B\u0131rakt\u0131m | Max Stirner - narteks.net","isPartOf":{"@id":"https:\/\/narteks.net\/#website"},"primaryImageOfPage":{"@id":"https:\/\/narteks.net\/index.php\/2011\/02\/19\/meselemi-hice-biraktim-max-stirner\/#primaryimage"},"image":{"@id":"https:\/\/narteks.net\/index.php\/2011\/02\/19\/meselemi-hice-biraktim-max-stirner\/#primaryimage"},"thumbnailUrl":"http:\/\/upload.wikimedia.org\/wikipedia\/commons\/b\/b5\/Max_stirner.jpg","datePublished":"2011-02-19T13:33:39+00:00","breadcrumb":{"@id":"https:\/\/narteks.net\/index.php\/2011\/02\/19\/meselemi-hice-biraktim-max-stirner\/#breadcrumb"},"inLanguage":"tr","potentialAction":[{"@type":"ReadAction","target":["https:\/\/narteks.net\/index.php\/2011\/02\/19\/meselemi-hice-biraktim-max-stirner\/"]}]},{"@type":"ImageObject","inLanguage":"tr","@id":"https:\/\/narteks.net\/index.php\/2011\/02\/19\/meselemi-hice-biraktim-max-stirner\/#primaryimage","url":"http:\/\/upload.wikimedia.org\/wikipedia\/commons\/b\/b5\/Max_stirner.jpg","contentUrl":"http:\/\/upload.wikimedia.org\/wikipedia\/commons\/b\/b5\/Max_stirner.jpg"},{"@type":"BreadcrumbList","@id":"https:\/\/narteks.net\/index.php\/2011\/02\/19\/meselemi-hice-biraktim-max-stirner\/#breadcrumb","itemListElement":[{"@type":"ListItem","position":1,"name":"Anasayfa","item":"https:\/\/narteks.net\/"},{"@type":"ListItem","position":2,"name":"Meselemi Hi\u00e7&#8217;e B\u0131rakt\u0131m | Max Stirner"}]},{"@type":"WebSite","@id":"https:\/\/narteks.net\/#website","url":"https:\/\/narteks.net\/","name":"narteks.net","description":"K\u00fclt\u00fcr Sanat Edebiyat Felsefe","publisher":{"@id":"https:\/\/narteks.net\/#organization"},"alternateName":"K\u00fclt\u00fcr Sanat Edebiyat Felsefe","potentialAction":[{"@type":"SearchAction","target":{"@type":"EntryPoint","urlTemplate":"https:\/\/narteks.net\/?s={search_term_string}"},"query-input":{"@type":"PropertyValueSpecification","valueRequired":true,"valueName":"search_term_string"}}],"inLanguage":"tr"},{"@type":"Organization","@id":"https:\/\/narteks.net\/#organization","name":"narteks.net","url":"https:\/\/narteks.net\/","logo":{"@type":"ImageObject","inLanguage":"tr","@id":"https:\/\/narteks.net\/#\/schema\/logo\/image\/","url":"https:\/\/narteks.net\/wp-content\/uploads\/narteks.png","contentUrl":"https:\/\/narteks.net\/wp-content\/uploads\/narteks.png","width":300,"height":90,"caption":"narteks.net"},"image":{"@id":"https:\/\/narteks.net\/#\/schema\/logo\/image\/"},"sameAs":["https:\/\/x.com\/narteks","https:\/\/instagram.com\/narteksnet"]},{"@type":"Person","@id":"https:\/\/narteks.net\/#\/schema\/person\/61f37d9834294b72d31d274e7ed79bca","name":"Tar\u0131k","image":{"@type":"ImageObject","inLanguage":"tr","@id":"https:\/\/narteks.net\/#\/schema\/person\/image\/","url":"https:\/\/secure.gravatar.com\/avatar\/50865afb55632c4ae467e0af0930f6510aa2297d8014be502a55b14f3b7550cf?s=96&d=mm&r=g","contentUrl":"https:\/\/secure.gravatar.com\/avatar\/50865afb55632c4ae467e0af0930f6510aa2297d8014be502a55b14f3b7550cf?s=96&d=mm&r=g","caption":"Tar\u0131k"},"sameAs":["http:\/\/narteks.net"],"url":"https:\/\/narteks.net\/index.php\/author\/narbak\/"}]}},"_links":{"self":[{"href":"https:\/\/narteks.net\/index.php\/wp-json\/wp\/v2\/posts\/5056","targetHints":{"allow":["GET"]}}],"collection":[{"href":"https:\/\/narteks.net\/index.php\/wp-json\/wp\/v2\/posts"}],"about":[{"href":"https:\/\/narteks.net\/index.php\/wp-json\/wp\/v2\/types\/post"}],"author":[{"embeddable":true,"href":"https:\/\/narteks.net\/index.php\/wp-json\/wp\/v2\/users\/1"}],"replies":[{"embeddable":true,"href":"https:\/\/narteks.net\/index.php\/wp-json\/wp\/v2\/comments?post=5056"}],"version-history":[{"count":0,"href":"https:\/\/narteks.net\/index.php\/wp-json\/wp\/v2\/posts\/5056\/revisions"}],"wp:attachment":[{"href":"https:\/\/narteks.net\/index.php\/wp-json\/wp\/v2\/media?parent=5056"}],"wp:term":[{"taxonomy":"category","embeddable":true,"href":"https:\/\/narteks.net\/index.php\/wp-json\/wp\/v2\/categories?post=5056"},{"taxonomy":"post_tag","embeddable":true,"href":"https:\/\/narteks.net\/index.php\/wp-json\/wp\/v2\/tags?post=5056"}],"curies":[{"name":"wp","href":"https:\/\/api.w.org\/{rel}","templated":true}]}}