{"id":5057,"date":"2011-02-21T14:06:15","date_gmt":"2011-02-21T11:06:15","guid":{"rendered":"http:\/\/localhost\/wordpress\/2011\/02\/21\/ya-sonsuz-hayat-bence-onlar-icin-uygunyeter-ki-tez-gocsunler-f-nietzsche\/"},"modified":"2011-02-21T14:06:15","modified_gmt":"2011-02-21T11:06:15","slug":"ya-sonsuz-hayat-bence-onlar-icin-uygunyeter-ki-tez-gocsunler-f-nietzsche","status":"publish","type":"post","link":"https:\/\/narteks.net\/index.php\/2011\/02\/21\/ya-sonsuz-hayat-bence-onlar-icin-uygunyeter-ki-tez-gocsunler-f-nietzsche\/","title":{"rendered":"Ya sonsuz hayat? bence onlar i\u00e7in uygun,yeter ki tez g\u00f6\u00e7s\u00fcnler | F. Nietzsche"},"content":{"rendered":"<p style=\"text-align: justify;\"><img loading=\"lazy\" decoding=\"async\" src=\"images\/stories\/nietzsche1.jpg\" border=\"0\" width=\"155\" height=\"205\" style=\"float: left;\" \/>\u00d6l\u00fcm \u00f6\u011f\u00fctleyenler vard\u0131r.<br \/>D\u00fcnya, hayattan \u00e7ekilmelerini \u00f6nerdi\u011fimiz b\u00f6yleleriyle doludur.<br \/>\u0130\u015fte b\u00f6yle gereksiz insanlarla doludur d\u00fcnya.<br \/>Bu fazlalar y\u00fcz\u00fcnden hayat bozulmu\u015ftur.<br \/>Bunlar\u0131 &#8220;sonsuz hayat&#8221; s\u00f6zleriyle kand\u0131r\u0131p bu d\u00fcnyadan ay\u0131rmak gerek.<br \/>\u00d6l\u00fcm \u00f6\u011f\u00fctleyenlere sar\u0131 veya kara diyorlar.<br \/>Fakat ben onlar\u0131 size ba\u015fka renklerde de g\u00f6stermek istiyorum.<br \/>\u0130\u015fte i\u00e7lerinde vah\u015fi hayvan ta\u015f\u0131yan,<br \/>keyfetmek ve kendini yemekten ba\u015fka bir\u015fey yapamayan korkun\u00e7lar.<br \/>Onlar\u0131n keyifleri de, bir kendini yemedir.<br \/>Bu korkun\u00e7lar daha insan bile olamam\u0131\u015flard\u0131r.<br \/>Vars\u0131n \u00f6l\u00fcm vaat etsinler ve kendileri de g\u00f6\u00e7s\u00fcnler.<br \/>\u0130\u015fte ruhu veremliler: Daha do\u011fmadan, \u00f6lmeye ba\u015flarlar<br \/>ve yorgunluktan bir tarafa \u00e7ekilip kendi kendine \u00f6zlem \u00e7ekerler.<br \/>Onlar \u00f6lmeyi istiyorlar.<br \/>Bizim de onlar\u0131n bu arzusunu onaylamam\u0131z gerekir.<br \/>Bu \u00f6l\u00fcleri diriltmekten ve bu canl\u0131 tabutlar\u0131 zedelemekten sak\u0131nal\u0131m.<br \/>Kar\u015f\u0131lar\u0131na bir hasta , bir ihtiyar, bir cenaze \u00e7\u0131ksa hemen &#8220;hayat bo\u015ftur&#8221; derler.<br \/>Fakat kendileri ve varl\u0131\u011f\u0131n yaln\u0131z bir y\u00fcz\u00fcn\u00fc g\u00f6ren g\u00f6zleri bo\u015ftur.<br \/>Yo\u011fun bir kedere b\u00fcr\u00fcnm\u00fc\u015f ve \u00f6l\u00fcm getirecek k\u00fc\u00e7\u00fck rastlant\u0131lara inan\u0131p<br \/>b\u00f6yle beklerler ve di\u015flerini g\u0131c\u0131rdat\u0131rlar.<br \/>Yahut \u015fekerlemelerine uzan\u0131rlar ve \u00e7ocuklar\u0131yla alay ederler: Bir saman \u00e7\u00f6p\u00fc gibi olan hayatlar\u0131na as\u0131l\u0131rlar.Ve bir saman \u00e7\u00f6p\u00fcne as\u0131l\u0131 durmakla alay ederler.<br \/>Onlar\u0131n hikmeti \u015fudur: &#8220;Ya\u015famak isteyen delidir.<br \/>\u0130\u015fte biz bu kadar deliyiz ve hayatta en b\u00fcy\u00fck delilik budur.&#8221;<br \/>&#8220;Hayat yaln\u0131z ac\u0131d\u0131r&#8221;; Baz\u0131lar\u0131 b\u00f6yle derler ve bu yalan de\u011fildir.<br \/>\u00d6yleyse bu hayat\u0131n bitmesine \u00e7al\u0131\u015f\u0131n.<br \/>\u00d6yleyse yaln\u0131z ac\u0131 olan bu hayat\u0131n bitmesine \u00e7al\u0131\u015f\u0131n.<br \/>Erdemleri onlar\u0131n \u015fu \u00f6\u011f\u00fcd\u00fc vermelidir: &#8220;Sen kendini \u00f6ld\u00fcrmelisin.<br \/>Sen kendini bu hayattan \u00e7ekmelisin.&#8221;<br \/>\u00d6l\u00fcm \u00f6\u011f\u00fctleyenlerden baz\u0131lar\u0131, &#8220;\u015eehvet g\u00fcnaht\u0131r&#8221; derler. &#8220;b\u0131rak\u0131n kenara \u00e7ekilelim ve<br \/>\u00e7ocuk yapmayal\u0131m.&#8221;<br \/>Baz\u0131lar\u0131 da: &#8220;Do\u011furmak g\u00fc\u00e7t\u00fcr,&#8221; derler. Ve niye do\u011furmal\u0131?<br \/>&#8220;B\u00fct\u00fcn do\u011fanlar mutsuz oluyorlar&#8221; Bunlar da \u00f6l\u00fcm \u00f6\u011f\u00fct\u00e7\u00fclerdir.<br \/>Yine bir k\u0131s\u0131mlar\u0131: &#8220;Ac\u0131mak gerek. Neyim varsa al\u0131n.<br \/>Ben ne isem al\u0131n ki hayata daha az ba\u011flanay\u0131m.&#8221; der.<br \/>Fakat tam merhametli olsalard\u0131 en yak\u0131nlar\u0131n\u0131 hayattan b\u0131kt\u0131r\u0131rlard\u0131.<br \/>K\u00f6t\u00fc olmak, onlar\u0131n ger\u00e7ek iyilikleri olurdu.<br \/>Fakat bunlar hayattan \u00e7ekilmek isterler.<br \/>Ba\u015fkalar\u0131n\u0131 zincirleri ve arma\u011fanlar\u0131yla hayata daha s\u0131k\u0131 ba\u011flamaktan ne bekliyorlar?<br \/>Hayatlar\u0131 vah\u015fi bir \u00e7al\u0131\u015fma ve huzursuzluktan ibaret olanlar,<br \/>sizler, hayattan pek yorgun de\u011fil misiniz?<br \/>\u00d6l\u00fcm \u00f6\u011f\u00fct\u00e7\u00fcleri i\u00e7in pek olgun de\u011fil misiniz?<br \/>Vah\u015fi \u00e7al\u0131\u015fmay\u0131, aceleyi, yeniyi, yabanc\u0131y\u0131 seven sizler,<br \/>kendinizden memnun de\u011filsiniz.<br \/>\u00c7al\u0131\u015fman\u0131z, kendinizi unutmak i\u00e7in arzu ve bir ka\u00e7mad\u0131r.<br \/>Hayata daha fazla inansayd\u0131n\u0131z, kendinizi &#8220;An&#8221;a bu kadar kapt\u0131rmazd\u0131n\u0131z.<br \/>Fakat beklemek i\u00e7in, hatta tembellik etmek i\u00e7in bile yeteri kadar iste\u011finiz yok.<br \/>Her yerde \u00f6l\u00fcm \u00f6\u011f\u00fctleyenlerin sesi \u00e7\u0131nl\u0131yor ve d\u00fcnya,<br \/>kendilerine \u00f6l\u00fcm \u00f6\u011f\u00fctlenmesi gereken b\u00f6yle insanlarla doludur.<br \/>Ya sonsuz hayat?<br \/>Bence onlar i\u00e7in uygun,<br \/>yeter ki tez g\u00f6\u00e7s\u00fcnler.<\/p>\n<p>F. Nietzsche &#8211; Zerd\u00fc\u015ft&#8217;ten..<\/p>\n","protected":false},"excerpt":{"rendered":"<p>\u00d6l\u00fcm \u00f6\u011f\u00fctleyenler vard\u0131r.D\u00fcnya, hayattan \u00e7ekilmelerini \u00f6nerdi\u011fimiz b\u00f6yleleriyle doludur.\u0130\u015fte b\u00f6yle gereksiz insanlarla doludur d\u00fcnya.Bu fazlalar y\u00fcz\u00fcnden hayat bozulmu\u015ftur.Bunlar\u0131 &#8220;sonsuz hayat&#8221; s\u00f6zleriyle kand\u0131r\u0131p bu d\u00fcnyadan ay\u0131rmak gerek.\u00d6l\u00fcm \u00f6\u011f\u00fctleyenlere sar\u0131 veya kara diyorlar.Fakat ben onlar\u0131 size ba\u015fka renklerde de g\u00f6stermek istiyorum.\u0130\u015fte i\u00e7lerinde vah\u015fi hayvan ta\u015f\u0131yan,keyfetmek ve kendini yemekten ba\u015fka bir\u015fey yapamayan korkun\u00e7lar.Onlar\u0131n keyifleri de, bir kendini yemedir.Bu korkun\u00e7lar [&hellip;]<\/p>\n","protected":false},"author":1,"featured_media":0,"comment_status":"open","ping_status":"open","sticky":false,"template":"","format":"standard","meta":{"footnotes":""},"categories":[73],"tags":[],"class_list":["post-5057","post","type-post","status-publish","format-standard","category-friedrich-wilhelm-nietzsche"],"yoast_head":"<!-- This site is optimized with the Yoast SEO Premium plugin v24.9 (Yoast SEO v24.9) - https:\/\/yoast.com\/wordpress\/plugins\/seo\/ -->\n<title>Ya sonsuz hayat? bence onlar i\u00e7in uygun,yeter ki tez g\u00f6\u00e7s\u00fcnler | F. Nietzsche - narteks.net<\/title>\n<meta name=\"robots\" content=\"index, follow, max-snippet:-1, max-image-preview:large, max-video-preview:-1\" \/>\n<link rel=\"canonical\" href=\"https:\/\/narteks.net\/index.php\/2011\/02\/21\/ya-sonsuz-hayat-bence-onlar-icin-uygunyeter-ki-tez-gocsunler-f-nietzsche\/\" \/>\n<meta property=\"og:locale\" content=\"tr_TR\" \/>\n<meta property=\"og:type\" content=\"article\" \/>\n<meta property=\"og:title\" content=\"Ya sonsuz hayat? bence onlar i\u00e7in uygun,yeter ki tez g\u00f6\u00e7s\u00fcnler | F. Nietzsche\" \/>\n<meta property=\"og:description\" content=\"\u00d6l\u00fcm \u00f6\u011f\u00fctleyenler vard\u0131r.D\u00fcnya, hayattan \u00e7ekilmelerini \u00f6nerdi\u011fimiz b\u00f6yleleriyle doludur.\u0130\u015fte b\u00f6yle gereksiz insanlarla doludur d\u00fcnya.Bu fazlalar y\u00fcz\u00fcnden hayat bozulmu\u015ftur.Bunlar\u0131 &#8220;sonsuz hayat&#8221; s\u00f6zleriyle kand\u0131r\u0131p bu d\u00fcnyadan ay\u0131rmak gerek.\u00d6l\u00fcm \u00f6\u011f\u00fctleyenlere sar\u0131 veya kara diyorlar.Fakat ben onlar\u0131 size ba\u015fka renklerde de g\u00f6stermek istiyorum.\u0130\u015fte i\u00e7lerinde vah\u015fi hayvan ta\u015f\u0131yan,keyfetmek ve kendini yemekten ba\u015fka bir\u015fey yapamayan korkun\u00e7lar.Onlar\u0131n keyifleri de, bir kendini yemedir.Bu korkun\u00e7lar [&hellip;]\" \/>\n<meta property=\"og:url\" content=\"https:\/\/narteks.net\/index.php\/2011\/02\/21\/ya-sonsuz-hayat-bence-onlar-icin-uygunyeter-ki-tez-gocsunler-f-nietzsche\/\" \/>\n<meta property=\"og:site_name\" content=\"narteks.net\" \/>\n<meta property=\"article:published_time\" content=\"2011-02-21T11:06:15+00:00\" \/>\n<meta property=\"og:image\" content=\"https:\/\/narteks.net\/wp-content\/uploads\/narteks.png\" \/>\n\t<meta property=\"og:image:width\" content=\"300\" \/>\n\t<meta property=\"og:image:height\" content=\"90\" \/>\n\t<meta property=\"og:image:type\" content=\"image\/png\" \/>\n<meta name=\"author\" content=\"Tar\u0131k\" \/>\n<meta name=\"twitter:card\" content=\"summary_large_image\" \/>\n<meta name=\"twitter:creator\" content=\"@narteks\" \/>\n<meta name=\"twitter:site\" content=\"@narteks\" \/>\n<meta name=\"twitter:label1\" content=\"Yazan:\" \/>\n\t<meta name=\"twitter:data1\" content=\"Tar\u0131k\" \/>\n\t<meta name=\"twitter:label2\" content=\"Tahmini okuma s\u00fcresi\" \/>\n\t<meta name=\"twitter:data2\" content=\"3 dakika\" \/>\n<script type=\"application\/ld+json\" class=\"yoast-schema-graph\">{\"@context\":\"https:\/\/schema.org\",\"@graph\":[{\"@type\":\"Article\",\"@id\":\"https:\/\/narteks.net\/index.php\/2011\/02\/21\/ya-sonsuz-hayat-bence-onlar-icin-uygunyeter-ki-tez-gocsunler-f-nietzsche\/#article\",\"isPartOf\":{\"@id\":\"https:\/\/narteks.net\/index.php\/2011\/02\/21\/ya-sonsuz-hayat-bence-onlar-icin-uygunyeter-ki-tez-gocsunler-f-nietzsche\/\"},\"author\":{\"name\":\"Tar\u0131k\",\"@id\":\"https:\/\/narteks.net\/#\/schema\/person\/61f37d9834294b72d31d274e7ed79bca\"},\"headline\":\"Ya sonsuz hayat? bence onlar i\u00e7in uygun,yeter ki tez g\u00f6\u00e7s\u00fcnler | F. Nietzsche\",\"datePublished\":\"2011-02-21T11:06:15+00:00\",\"mainEntityOfPage\":{\"@id\":\"https:\/\/narteks.net\/index.php\/2011\/02\/21\/ya-sonsuz-hayat-bence-onlar-icin-uygunyeter-ki-tez-gocsunler-f-nietzsche\/\"},\"wordCount\":560,\"commentCount\":0,\"publisher\":{\"@id\":\"https:\/\/narteks.net\/#organization\"},\"articleSection\":[\"Friedrich Wilhelm N\u0130ETZSCHE\"],\"inLanguage\":\"tr\",\"potentialAction\":[{\"@type\":\"CommentAction\",\"name\":\"Comment\",\"target\":[\"https:\/\/narteks.net\/index.php\/2011\/02\/21\/ya-sonsuz-hayat-bence-onlar-icin-uygunyeter-ki-tez-gocsunler-f-nietzsche\/#respond\"]}]},{\"@type\":\"WebPage\",\"@id\":\"https:\/\/narteks.net\/index.php\/2011\/02\/21\/ya-sonsuz-hayat-bence-onlar-icin-uygunyeter-ki-tez-gocsunler-f-nietzsche\/\",\"url\":\"https:\/\/narteks.net\/index.php\/2011\/02\/21\/ya-sonsuz-hayat-bence-onlar-icin-uygunyeter-ki-tez-gocsunler-f-nietzsche\/\",\"name\":\"Ya sonsuz hayat? bence onlar i\u00e7in uygun,yeter ki tez g\u00f6\u00e7s\u00fcnler | F. Nietzsche - narteks.net\",\"isPartOf\":{\"@id\":\"https:\/\/narteks.net\/#website\"},\"datePublished\":\"2011-02-21T11:06:15+00:00\",\"breadcrumb\":{\"@id\":\"https:\/\/narteks.net\/index.php\/2011\/02\/21\/ya-sonsuz-hayat-bence-onlar-icin-uygunyeter-ki-tez-gocsunler-f-nietzsche\/#breadcrumb\"},\"inLanguage\":\"tr\",\"potentialAction\":[{\"@type\":\"ReadAction\",\"target\":[\"https:\/\/narteks.net\/index.php\/2011\/02\/21\/ya-sonsuz-hayat-bence-onlar-icin-uygunyeter-ki-tez-gocsunler-f-nietzsche\/\"]}]},{\"@type\":\"BreadcrumbList\",\"@id\":\"https:\/\/narteks.net\/index.php\/2011\/02\/21\/ya-sonsuz-hayat-bence-onlar-icin-uygunyeter-ki-tez-gocsunler-f-nietzsche\/#breadcrumb\",\"itemListElement\":[{\"@type\":\"ListItem\",\"position\":1,\"name\":\"Anasayfa\",\"item\":\"https:\/\/narteks.net\/\"},{\"@type\":\"ListItem\",\"position\":2,\"name\":\"Ya sonsuz hayat? bence onlar i\u00e7in uygun,yeter ki tez g\u00f6\u00e7s\u00fcnler | F. Nietzsche\"}]},{\"@type\":\"WebSite\",\"@id\":\"https:\/\/narteks.net\/#website\",\"url\":\"https:\/\/narteks.net\/\",\"name\":\"narteks.net\",\"description\":\"K\u00fclt\u00fcr Sanat Edebiyat Felsefe\",\"publisher\":{\"@id\":\"https:\/\/narteks.net\/#organization\"},\"alternateName\":\"K\u00fclt\u00fcr Sanat Edebiyat Felsefe\",\"potentialAction\":[{\"@type\":\"SearchAction\",\"target\":{\"@type\":\"EntryPoint\",\"urlTemplate\":\"https:\/\/narteks.net\/?s={search_term_string}\"},\"query-input\":{\"@type\":\"PropertyValueSpecification\",\"valueRequired\":true,\"valueName\":\"search_term_string\"}}],\"inLanguage\":\"tr\"},{\"@type\":\"Organization\",\"@id\":\"https:\/\/narteks.net\/#organization\",\"name\":\"narteks.net\",\"url\":\"https:\/\/narteks.net\/\",\"logo\":{\"@type\":\"ImageObject\",\"inLanguage\":\"tr\",\"@id\":\"https:\/\/narteks.net\/#\/schema\/logo\/image\/\",\"url\":\"https:\/\/narteks.net\/wp-content\/uploads\/narteks.png\",\"contentUrl\":\"https:\/\/narteks.net\/wp-content\/uploads\/narteks.png\",\"width\":300,\"height\":90,\"caption\":\"narteks.net\"},\"image\":{\"@id\":\"https:\/\/narteks.net\/#\/schema\/logo\/image\/\"},\"sameAs\":[\"https:\/\/x.com\/narteks\",\"https:\/\/instagram.com\/narteksnet\"]},{\"@type\":\"Person\",\"@id\":\"https:\/\/narteks.net\/#\/schema\/person\/61f37d9834294b72d31d274e7ed79bca\",\"name\":\"Tar\u0131k\",\"image\":{\"@type\":\"ImageObject\",\"inLanguage\":\"tr\",\"@id\":\"https:\/\/narteks.net\/#\/schema\/person\/image\/\",\"url\":\"https:\/\/secure.gravatar.com\/avatar\/50865afb55632c4ae467e0af0930f6510aa2297d8014be502a55b14f3b7550cf?s=96&d=mm&r=g\",\"contentUrl\":\"https:\/\/secure.gravatar.com\/avatar\/50865afb55632c4ae467e0af0930f6510aa2297d8014be502a55b14f3b7550cf?s=96&d=mm&r=g\",\"caption\":\"Tar\u0131k\"},\"sameAs\":[\"http:\/\/narteks.net\"],\"url\":\"https:\/\/narteks.net\/index.php\/author\/narbak\/\"}]}<\/script>\n<!-- \/ Yoast SEO Premium plugin. -->","yoast_head_json":{"title":"Ya sonsuz hayat? bence onlar i\u00e7in uygun,yeter ki tez g\u00f6\u00e7s\u00fcnler | F. Nietzsche - narteks.net","robots":{"index":"index","follow":"follow","max-snippet":"max-snippet:-1","max-image-preview":"max-image-preview:large","max-video-preview":"max-video-preview:-1"},"canonical":"https:\/\/narteks.net\/index.php\/2011\/02\/21\/ya-sonsuz-hayat-bence-onlar-icin-uygunyeter-ki-tez-gocsunler-f-nietzsche\/","og_locale":"tr_TR","og_type":"article","og_title":"Ya sonsuz hayat? bence onlar i\u00e7in uygun,yeter ki tez g\u00f6\u00e7s\u00fcnler | F. Nietzsche","og_description":"\u00d6l\u00fcm \u00f6\u011f\u00fctleyenler vard\u0131r.D\u00fcnya, hayattan \u00e7ekilmelerini \u00f6nerdi\u011fimiz b\u00f6yleleriyle doludur.\u0130\u015fte b\u00f6yle gereksiz insanlarla doludur d\u00fcnya.Bu fazlalar y\u00fcz\u00fcnden hayat bozulmu\u015ftur.Bunlar\u0131 &#8220;sonsuz hayat&#8221; s\u00f6zleriyle kand\u0131r\u0131p bu d\u00fcnyadan ay\u0131rmak gerek.\u00d6l\u00fcm \u00f6\u011f\u00fctleyenlere sar\u0131 veya kara diyorlar.Fakat ben onlar\u0131 size ba\u015fka renklerde de g\u00f6stermek istiyorum.\u0130\u015fte i\u00e7lerinde vah\u015fi hayvan ta\u015f\u0131yan,keyfetmek ve kendini yemekten ba\u015fka bir\u015fey yapamayan korkun\u00e7lar.Onlar\u0131n keyifleri de, bir kendini yemedir.Bu korkun\u00e7lar [&hellip;]","og_url":"https:\/\/narteks.net\/index.php\/2011\/02\/21\/ya-sonsuz-hayat-bence-onlar-icin-uygunyeter-ki-tez-gocsunler-f-nietzsche\/","og_site_name":"narteks.net","article_published_time":"2011-02-21T11:06:15+00:00","og_image":[{"width":300,"height":90,"url":"https:\/\/narteks.net\/wp-content\/uploads\/narteks.png","type":"image\/png"}],"author":"Tar\u0131k","twitter_card":"summary_large_image","twitter_creator":"@narteks","twitter_site":"@narteks","twitter_misc":{"Yazan:":"Tar\u0131k","Tahmini okuma s\u00fcresi":"3 dakika"},"schema":{"@context":"https:\/\/schema.org","@graph":[{"@type":"Article","@id":"https:\/\/narteks.net\/index.php\/2011\/02\/21\/ya-sonsuz-hayat-bence-onlar-icin-uygunyeter-ki-tez-gocsunler-f-nietzsche\/#article","isPartOf":{"@id":"https:\/\/narteks.net\/index.php\/2011\/02\/21\/ya-sonsuz-hayat-bence-onlar-icin-uygunyeter-ki-tez-gocsunler-f-nietzsche\/"},"author":{"name":"Tar\u0131k","@id":"https:\/\/narteks.net\/#\/schema\/person\/61f37d9834294b72d31d274e7ed79bca"},"headline":"Ya sonsuz hayat? bence onlar i\u00e7in uygun,yeter ki tez g\u00f6\u00e7s\u00fcnler | F. Nietzsche","datePublished":"2011-02-21T11:06:15+00:00","mainEntityOfPage":{"@id":"https:\/\/narteks.net\/index.php\/2011\/02\/21\/ya-sonsuz-hayat-bence-onlar-icin-uygunyeter-ki-tez-gocsunler-f-nietzsche\/"},"wordCount":560,"commentCount":0,"publisher":{"@id":"https:\/\/narteks.net\/#organization"},"articleSection":["Friedrich Wilhelm N\u0130ETZSCHE"],"inLanguage":"tr","potentialAction":[{"@type":"CommentAction","name":"Comment","target":["https:\/\/narteks.net\/index.php\/2011\/02\/21\/ya-sonsuz-hayat-bence-onlar-icin-uygunyeter-ki-tez-gocsunler-f-nietzsche\/#respond"]}]},{"@type":"WebPage","@id":"https:\/\/narteks.net\/index.php\/2011\/02\/21\/ya-sonsuz-hayat-bence-onlar-icin-uygunyeter-ki-tez-gocsunler-f-nietzsche\/","url":"https:\/\/narteks.net\/index.php\/2011\/02\/21\/ya-sonsuz-hayat-bence-onlar-icin-uygunyeter-ki-tez-gocsunler-f-nietzsche\/","name":"Ya sonsuz hayat? bence onlar i\u00e7in uygun,yeter ki tez g\u00f6\u00e7s\u00fcnler | F. Nietzsche - narteks.net","isPartOf":{"@id":"https:\/\/narteks.net\/#website"},"datePublished":"2011-02-21T11:06:15+00:00","breadcrumb":{"@id":"https:\/\/narteks.net\/index.php\/2011\/02\/21\/ya-sonsuz-hayat-bence-onlar-icin-uygunyeter-ki-tez-gocsunler-f-nietzsche\/#breadcrumb"},"inLanguage":"tr","potentialAction":[{"@type":"ReadAction","target":["https:\/\/narteks.net\/index.php\/2011\/02\/21\/ya-sonsuz-hayat-bence-onlar-icin-uygunyeter-ki-tez-gocsunler-f-nietzsche\/"]}]},{"@type":"BreadcrumbList","@id":"https:\/\/narteks.net\/index.php\/2011\/02\/21\/ya-sonsuz-hayat-bence-onlar-icin-uygunyeter-ki-tez-gocsunler-f-nietzsche\/#breadcrumb","itemListElement":[{"@type":"ListItem","position":1,"name":"Anasayfa","item":"https:\/\/narteks.net\/"},{"@type":"ListItem","position":2,"name":"Ya sonsuz hayat? bence onlar i\u00e7in uygun,yeter ki tez g\u00f6\u00e7s\u00fcnler | F. Nietzsche"}]},{"@type":"WebSite","@id":"https:\/\/narteks.net\/#website","url":"https:\/\/narteks.net\/","name":"narteks.net","description":"K\u00fclt\u00fcr Sanat Edebiyat Felsefe","publisher":{"@id":"https:\/\/narteks.net\/#organization"},"alternateName":"K\u00fclt\u00fcr Sanat Edebiyat Felsefe","potentialAction":[{"@type":"SearchAction","target":{"@type":"EntryPoint","urlTemplate":"https:\/\/narteks.net\/?s={search_term_string}"},"query-input":{"@type":"PropertyValueSpecification","valueRequired":true,"valueName":"search_term_string"}}],"inLanguage":"tr"},{"@type":"Organization","@id":"https:\/\/narteks.net\/#organization","name":"narteks.net","url":"https:\/\/narteks.net\/","logo":{"@type":"ImageObject","inLanguage":"tr","@id":"https:\/\/narteks.net\/#\/schema\/logo\/image\/","url":"https:\/\/narteks.net\/wp-content\/uploads\/narteks.png","contentUrl":"https:\/\/narteks.net\/wp-content\/uploads\/narteks.png","width":300,"height":90,"caption":"narteks.net"},"image":{"@id":"https:\/\/narteks.net\/#\/schema\/logo\/image\/"},"sameAs":["https:\/\/x.com\/narteks","https:\/\/instagram.com\/narteksnet"]},{"@type":"Person","@id":"https:\/\/narteks.net\/#\/schema\/person\/61f37d9834294b72d31d274e7ed79bca","name":"Tar\u0131k","image":{"@type":"ImageObject","inLanguage":"tr","@id":"https:\/\/narteks.net\/#\/schema\/person\/image\/","url":"https:\/\/secure.gravatar.com\/avatar\/50865afb55632c4ae467e0af0930f6510aa2297d8014be502a55b14f3b7550cf?s=96&d=mm&r=g","contentUrl":"https:\/\/secure.gravatar.com\/avatar\/50865afb55632c4ae467e0af0930f6510aa2297d8014be502a55b14f3b7550cf?s=96&d=mm&r=g","caption":"Tar\u0131k"},"sameAs":["http:\/\/narteks.net"],"url":"https:\/\/narteks.net\/index.php\/author\/narbak\/"}]}},"_links":{"self":[{"href":"https:\/\/narteks.net\/index.php\/wp-json\/wp\/v2\/posts\/5057","targetHints":{"allow":["GET"]}}],"collection":[{"href":"https:\/\/narteks.net\/index.php\/wp-json\/wp\/v2\/posts"}],"about":[{"href":"https:\/\/narteks.net\/index.php\/wp-json\/wp\/v2\/types\/post"}],"author":[{"embeddable":true,"href":"https:\/\/narteks.net\/index.php\/wp-json\/wp\/v2\/users\/1"}],"replies":[{"embeddable":true,"href":"https:\/\/narteks.net\/index.php\/wp-json\/wp\/v2\/comments?post=5057"}],"version-history":[{"count":0,"href":"https:\/\/narteks.net\/index.php\/wp-json\/wp\/v2\/posts\/5057\/revisions"}],"wp:attachment":[{"href":"https:\/\/narteks.net\/index.php\/wp-json\/wp\/v2\/media?parent=5057"}],"wp:term":[{"taxonomy":"category","embeddable":true,"href":"https:\/\/narteks.net\/index.php\/wp-json\/wp\/v2\/categories?post=5057"},{"taxonomy":"post_tag","embeddable":true,"href":"https:\/\/narteks.net\/index.php\/wp-json\/wp\/v2\/tags?post=5057"}],"curies":[{"name":"wp","href":"https:\/\/api.w.org\/{rel}","templated":true}]}}