{"id":5061,"date":"2011-02-23T14:11:07","date_gmt":"2011-02-23T11:11:07","guid":{"rendered":"http:\/\/localhost\/wordpress\/2011\/02\/23\/egitimin-felsefesi-albert-einstein\/"},"modified":"2011-02-23T14:11:07","modified_gmt":"2011-02-23T11:11:07","slug":"egitimin-felsefesi-albert-einstein","status":"publish","type":"post","link":"https:\/\/narteks.net\/index.php\/2011\/02\/23\/egitimin-felsefesi-albert-einstein\/","title":{"rendered":"E\u011fitimin Felsefesi | Albert EINSTEIN"},"content":{"rendered":"<p style=\"text-align: justify;\"><img loading=\"lazy\" decoding=\"async\" src=\"http:\/\/www.bayansitesi.net\/wp-content\/uploads\/AlbertEinstein.jpg\" border=\"0\" width=\"155\" height=\"205\" style=\"float: left;\" \/>Bir\u00e7oklar\u0131 Darwin&#8217;in ya\u015fama sava\u015f\u0131 teorisini ve ona ba\u011flanan ay\u0131klanmaya dayanarak yar\u0131\u015fmac\u0131 e\u011fitimi destekliyorlar. Baz\u0131lar\u0131 da s\u00f6zde bilimsel \u00e7al\u0131\u015fmalarla, ekonomik yar\u0131\u015fma alan\u0131nda tekler aras\u0131nda y\u0131k\u0131c\u0131 bir sava\u015f\u0131n zorunlu oldu\u011funu ispatlamay\u0131 denediler. Ama do\u011fru de\u011fildir bu g\u00f6r\u00fc\u015f; \u00e7\u00fcnk\u00fc insan ya\u015fama sava\u015f\u0131ndaki g\u00fcc\u00fcn\u00fc toplum halinde ya\u015fayan bir canl\u0131 varl\u0131k olmas\u0131na bor\u00e7ludur. Bir kar\u0131nca yuvas\u0131nda nas\u0131l tek tek kar\u0131ncalar\u0131n birbiriyle sava\u015fmas\u0131, ya\u015famalar\u0131 i\u00e7in zorunlu de\u011filse, insan toplumunda da teklerin ya\u015famak i\u00e7in birbiriyle sava\u015fmalar\u0131 \u015fart de\u011fildir.<\/p>\n<p>Ya\u015faman\u0131n amac\u0131 kaba anlam\u0131yla ba\u015far\u0131 oldu\u011fu inanc\u0131n\u0131 gen\u00e7lere a\u015f\u0131latmaktan sak\u0131nmal\u0131y\u0131z. \u00c7\u00fcnk\u00fc ba\u015far\u0131 kazanan bir insan ba\u015fkalar\u0131ndan b\u00fcy\u00fck pay al\u0131r ve bu pay \u00e7ok kez onlara g\u00f6rd\u00fc\u011f\u00fc hizmetin kar\u015f\u0131l\u0131\u011f\u0131n\u0131 kat kat a\u015far. Bir insan\u0131n de\u011feri verdi\u011fiyle \u00f6l\u00e7\u00fcl\u00fcr, alabilece\u011fiyle de\u011fil.<\/p>\n<p>Okulda ve hayatta \u00e7al\u0131\u015fman\u0131n en \u00f6nemli d\u00fcrtkeni \u00e7al\u0131\u015fma zevki, yapt\u0131\u011f\u0131n\u0131 g\u00f6rme sevinci ve al\u0131nan sonucun toplum i\u00e7in de\u011ferini bilmedir. Gen\u00e7lerde bu ruh g\u00fc\u00e7lerini uyand\u0131rmak ve art\u0131rmak okulun ba\u015fl\u0131ca i\u015fidir. Yaln\u0131z b\u00f6ylesi bir psikoloji temeline dayanarak insanl\u0131\u011f\u0131n en y\u00fcce de\u011ferlerine ula\u015fma iste\u011fi ve sevinci yarat\u0131labilir: O de\u011ferler de\u00a0 bilgi\u00a0 ve sanatt\u0131r.<\/p>\n<p>\u015e\u00fcphesiz bu dedi\u011fim verimli ruh yeteneklerini uyand\u0131rmak, zor kullanmaktan ya da ki\u015fisel tutkuyu d\u00fcrt\u00fcklemekten daha g\u00fc\u00e7 bir i\u015ftir, ama bu yolun daha g\u00fc\u00e7 olmas\u0131, daha de\u011ferli olmas\u0131na engel de\u011fildir. \u00d6nemli olan \u00e7ocu\u011fun oyun e\u011filimini, do\u011fal olan kendini g\u00f6sterme iste\u011fini geli\u015ftirmek ve onu toplumun b\u00fct\u00fcn i\u015f alanlar\u0131na g\u00f6t\u00fcrmektir. B\u00f6yle bir e\u011fitimin temeli, sonu ba\u015far\u0131ya ve de\u011ferin bilinmesine varan bir \u00e7al\u0131\u015fma iste\u011fidir. Okul bu temele dayan\u0131p \u00e7al\u0131\u015fmay\u0131 ba\u015far\u0131rsa yeni ku\u015faklar ona b\u00fcy\u00fck sayg\u0131 g\u00f6sterecekler ve okulun verdi\u011fi \u00f6devleri bir \u00e7e\u015fit arma\u011fan sayacaklard\u0131r. Ben okul zaman\u0131n\u0131 tatil g\u00fcnlerinden daha \u00e7ok seven \u00e7ocuklar tan\u0131d\u0131m.<\/p>\n<p> B\u00f6ylesi bir okul, \u00f6\u011fretmenden kendi alan\u0131nda bir \u00e7e\u015fit sanat\u00e7\u0131 olmas\u0131n\u0131 ister. Okulda bir havan\u0131n esmesi i\u00e7in ne yap\u0131labilir? Bunun evrensel yolunu bulmak insan\u0131n hi\u00e7 hasta olmamas\u0131na \u00e7are bulmak kadar zordur. Ama bu zorunlu ko\u015fullar\u0131 bulmak m\u00fcmk\u00fcnd\u00fcr. \u0130lk olarak, \u00f6\u011fretmenlerin b\u00f6ylesi bir okulda yeti\u015fmi\u015f olmalar\u0131 gerekir. \u0130kinci olarak, \u00f6\u011fretmene \u00f6\u011fretece\u011fi \u015feyleri ve \u00f6\u011fretme yollar\u0131n\u0131 se\u00e7mekte b\u00fcy\u00fck bir \u00f6zg\u00fcrl\u00fck verilmelidir. \u00c7\u00fcnk\u00fc zorlama ve d\u0131\u015f bask\u0131 \u00f6\u011fretmenin de i\u015f g\u00f6rme sevincini \u00f6ld\u00fcr\u00fcr&#8230;<\/p>\n<p> E\u011fitimin Felsefesi | Albert EINSTEIN<\/p>\n","protected":false},"excerpt":{"rendered":"<p>Bir\u00e7oklar\u0131 Darwin&#8217;in ya\u015fama sava\u015f\u0131 teorisini ve ona ba\u011flanan ay\u0131klanmaya dayanarak yar\u0131\u015fmac\u0131 e\u011fitimi destekliyorlar. Baz\u0131lar\u0131 da s\u00f6zde bilimsel \u00e7al\u0131\u015fmalarla, ekonomik yar\u0131\u015fma alan\u0131nda tekler aras\u0131nda y\u0131k\u0131c\u0131 bir sava\u015f\u0131n zorunlu oldu\u011funu ispatlamay\u0131 denediler. Ama do\u011fru de\u011fildir bu g\u00f6r\u00fc\u015f; \u00e7\u00fcnk\u00fc insan ya\u015fama sava\u015f\u0131ndaki g\u00fcc\u00fcn\u00fc toplum halinde ya\u015fayan bir canl\u0131 varl\u0131k olmas\u0131na bor\u00e7ludur. Bir kar\u0131nca yuvas\u0131nda nas\u0131l tek tek kar\u0131ncalar\u0131n [&hellip;]<\/p>\n","protected":false},"author":1,"featured_media":0,"comment_status":"open","ping_status":"open","sticky":false,"template":"","format":"standard","meta":{"footnotes":""},"categories":[103],"tags":[],"class_list":{"0":"post-5061","1":"post","2":"type-post","3":"status-publish","4":"format-standard","6":"category-felsefe-genel"},"yoast_head":"<!-- This site is optimized with the Yoast SEO Premium plugin v24.9 (Yoast SEO v24.9) - https:\/\/yoast.com\/wordpress\/plugins\/seo\/ -->\n<title>E\u011fitimin Felsefesi | Albert EINSTEIN - narteks.net<\/title>\n<meta name=\"robots\" content=\"index, follow, max-snippet:-1, max-image-preview:large, max-video-preview:-1\" \/>\n<link rel=\"canonical\" href=\"https:\/\/narteks.net\/index.php\/2011\/02\/23\/egitimin-felsefesi-albert-einstein\/\" \/>\n<meta property=\"og:locale\" content=\"tr_TR\" \/>\n<meta property=\"og:type\" content=\"article\" \/>\n<meta property=\"og:title\" content=\"E\u011fitimin Felsefesi | Albert EINSTEIN\" \/>\n<meta property=\"og:description\" content=\"Bir\u00e7oklar\u0131 Darwin&#8217;in ya\u015fama sava\u015f\u0131 teorisini ve ona ba\u011flanan ay\u0131klanmaya dayanarak yar\u0131\u015fmac\u0131 e\u011fitimi destekliyorlar. Baz\u0131lar\u0131 da s\u00f6zde bilimsel \u00e7al\u0131\u015fmalarla, ekonomik yar\u0131\u015fma alan\u0131nda tekler aras\u0131nda y\u0131k\u0131c\u0131 bir sava\u015f\u0131n zorunlu oldu\u011funu ispatlamay\u0131 denediler. Ama do\u011fru de\u011fildir bu g\u00f6r\u00fc\u015f; \u00e7\u00fcnk\u00fc insan ya\u015fama sava\u015f\u0131ndaki g\u00fcc\u00fcn\u00fc toplum halinde ya\u015fayan bir canl\u0131 varl\u0131k olmas\u0131na bor\u00e7ludur. Bir kar\u0131nca yuvas\u0131nda nas\u0131l tek tek kar\u0131ncalar\u0131n [&hellip;]\" \/>\n<meta property=\"og:url\" content=\"https:\/\/narteks.net\/index.php\/2011\/02\/23\/egitimin-felsefesi-albert-einstein\/\" \/>\n<meta property=\"og:site_name\" content=\"narteks.net\" \/>\n<meta property=\"article:published_time\" content=\"2011-02-23T11:11:07+00:00\" \/>\n<meta property=\"og:image\" content=\"http:\/\/www.bayansitesi.net\/wp-content\/uploads\/AlbertEinstein.jpg\" \/>\n<meta name=\"author\" content=\"Tar\u0131k\" \/>\n<meta name=\"twitter:card\" content=\"summary_large_image\" \/>\n<meta name=\"twitter:creator\" content=\"@narteks\" \/>\n<meta name=\"twitter:site\" content=\"@narteks\" \/>\n<meta name=\"twitter:label1\" content=\"Yazan:\" \/>\n\t<meta name=\"twitter:data1\" content=\"Tar\u0131k\" \/>\n\t<meta name=\"twitter:label2\" content=\"Tahmini okuma s\u00fcresi\" \/>\n\t<meta name=\"twitter:data2\" content=\"2 dakika\" \/>\n<script type=\"application\/ld+json\" class=\"yoast-schema-graph\">{\"@context\":\"https:\/\/schema.org\",\"@graph\":[{\"@type\":\"Article\",\"@id\":\"https:\/\/narteks.net\/index.php\/2011\/02\/23\/egitimin-felsefesi-albert-einstein\/#article\",\"isPartOf\":{\"@id\":\"https:\/\/narteks.net\/index.php\/2011\/02\/23\/egitimin-felsefesi-albert-einstein\/\"},\"author\":{\"name\":\"Tar\u0131k\",\"@id\":\"https:\/\/narteks.net\/#\/schema\/person\/61f37d9834294b72d31d274e7ed79bca\"},\"headline\":\"E\u011fitimin Felsefesi | Albert EINSTEIN\",\"datePublished\":\"2011-02-23T11:11:07+00:00\",\"mainEntityOfPage\":{\"@id\":\"https:\/\/narteks.net\/index.php\/2011\/02\/23\/egitimin-felsefesi-albert-einstein\/\"},\"wordCount\":490,\"commentCount\":0,\"publisher\":{\"@id\":\"https:\/\/narteks.net\/#organization\"},\"image\":{\"@id\":\"https:\/\/narteks.net\/index.php\/2011\/02\/23\/egitimin-felsefesi-albert-einstein\/#primaryimage\"},\"thumbnailUrl\":\"http:\/\/www.bayansitesi.net\/wp-content\/uploads\/AlbertEinstein.jpg\",\"articleSection\":[\"Felsefe (Genel)\"],\"inLanguage\":\"tr\",\"potentialAction\":[{\"@type\":\"CommentAction\",\"name\":\"Comment\",\"target\":[\"https:\/\/narteks.net\/index.php\/2011\/02\/23\/egitimin-felsefesi-albert-einstein\/#respond\"]}]},{\"@type\":\"WebPage\",\"@id\":\"https:\/\/narteks.net\/index.php\/2011\/02\/23\/egitimin-felsefesi-albert-einstein\/\",\"url\":\"https:\/\/narteks.net\/index.php\/2011\/02\/23\/egitimin-felsefesi-albert-einstein\/\",\"name\":\"E\u011fitimin Felsefesi | Albert EINSTEIN - narteks.net\",\"isPartOf\":{\"@id\":\"https:\/\/narteks.net\/#website\"},\"primaryImageOfPage\":{\"@id\":\"https:\/\/narteks.net\/index.php\/2011\/02\/23\/egitimin-felsefesi-albert-einstein\/#primaryimage\"},\"image\":{\"@id\":\"https:\/\/narteks.net\/index.php\/2011\/02\/23\/egitimin-felsefesi-albert-einstein\/#primaryimage\"},\"thumbnailUrl\":\"http:\/\/www.bayansitesi.net\/wp-content\/uploads\/AlbertEinstein.jpg\",\"datePublished\":\"2011-02-23T11:11:07+00:00\",\"breadcrumb\":{\"@id\":\"https:\/\/narteks.net\/index.php\/2011\/02\/23\/egitimin-felsefesi-albert-einstein\/#breadcrumb\"},\"inLanguage\":\"tr\",\"potentialAction\":[{\"@type\":\"ReadAction\",\"target\":[\"https:\/\/narteks.net\/index.php\/2011\/02\/23\/egitimin-felsefesi-albert-einstein\/\"]}]},{\"@type\":\"ImageObject\",\"inLanguage\":\"tr\",\"@id\":\"https:\/\/narteks.net\/index.php\/2011\/02\/23\/egitimin-felsefesi-albert-einstein\/#primaryimage\",\"url\":\"http:\/\/www.bayansitesi.net\/wp-content\/uploads\/AlbertEinstein.jpg\",\"contentUrl\":\"http:\/\/www.bayansitesi.net\/wp-content\/uploads\/AlbertEinstein.jpg\"},{\"@type\":\"BreadcrumbList\",\"@id\":\"https:\/\/narteks.net\/index.php\/2011\/02\/23\/egitimin-felsefesi-albert-einstein\/#breadcrumb\",\"itemListElement\":[{\"@type\":\"ListItem\",\"position\":1,\"name\":\"Anasayfa\",\"item\":\"https:\/\/narteks.net\/\"},{\"@type\":\"ListItem\",\"position\":2,\"name\":\"E\u011fitimin Felsefesi | Albert EINSTEIN\"}]},{\"@type\":\"WebSite\",\"@id\":\"https:\/\/narteks.net\/#website\",\"url\":\"https:\/\/narteks.net\/\",\"name\":\"narteks.net\",\"description\":\"K\u00fclt\u00fcr Sanat Edebiyat Felsefe\",\"publisher\":{\"@id\":\"https:\/\/narteks.net\/#organization\"},\"alternateName\":\"K\u00fclt\u00fcr Sanat Edebiyat Felsefe\",\"potentialAction\":[{\"@type\":\"SearchAction\",\"target\":{\"@type\":\"EntryPoint\",\"urlTemplate\":\"https:\/\/narteks.net\/?s={search_term_string}\"},\"query-input\":{\"@type\":\"PropertyValueSpecification\",\"valueRequired\":true,\"valueName\":\"search_term_string\"}}],\"inLanguage\":\"tr\"},{\"@type\":\"Organization\",\"@id\":\"https:\/\/narteks.net\/#organization\",\"name\":\"narteks.net\",\"url\":\"https:\/\/narteks.net\/\",\"logo\":{\"@type\":\"ImageObject\",\"inLanguage\":\"tr\",\"@id\":\"https:\/\/narteks.net\/#\/schema\/logo\/image\/\",\"url\":\"https:\/\/narteks.net\/wp-content\/uploads\/narteks.png\",\"contentUrl\":\"https:\/\/narteks.net\/wp-content\/uploads\/narteks.png\",\"width\":300,\"height\":90,\"caption\":\"narteks.net\"},\"image\":{\"@id\":\"https:\/\/narteks.net\/#\/schema\/logo\/image\/\"},\"sameAs\":[\"https:\/\/x.com\/narteks\",\"https:\/\/instagram.com\/narteksnet\"]},{\"@type\":\"Person\",\"@id\":\"https:\/\/narteks.net\/#\/schema\/person\/61f37d9834294b72d31d274e7ed79bca\",\"name\":\"Tar\u0131k\",\"image\":{\"@type\":\"ImageObject\",\"inLanguage\":\"tr\",\"@id\":\"https:\/\/narteks.net\/#\/schema\/person\/image\/\",\"url\":\"https:\/\/secure.gravatar.com\/avatar\/50865afb55632c4ae467e0af0930f6510aa2297d8014be502a55b14f3b7550cf?s=96&d=mm&r=g\",\"contentUrl\":\"https:\/\/secure.gravatar.com\/avatar\/50865afb55632c4ae467e0af0930f6510aa2297d8014be502a55b14f3b7550cf?s=96&d=mm&r=g\",\"caption\":\"Tar\u0131k\"},\"sameAs\":[\"http:\/\/narteks.net\"],\"url\":\"https:\/\/narteks.net\/index.php\/author\/narbak\/\"}]}<\/script>\n<!-- \/ Yoast SEO Premium plugin. -->","yoast_head_json":{"title":"E\u011fitimin Felsefesi | Albert EINSTEIN - narteks.net","robots":{"index":"index","follow":"follow","max-snippet":"max-snippet:-1","max-image-preview":"max-image-preview:large","max-video-preview":"max-video-preview:-1"},"canonical":"https:\/\/narteks.net\/index.php\/2011\/02\/23\/egitimin-felsefesi-albert-einstein\/","og_locale":"tr_TR","og_type":"article","og_title":"E\u011fitimin Felsefesi | Albert EINSTEIN","og_description":"Bir\u00e7oklar\u0131 Darwin&#8217;in ya\u015fama sava\u015f\u0131 teorisini ve ona ba\u011flanan ay\u0131klanmaya dayanarak yar\u0131\u015fmac\u0131 e\u011fitimi destekliyorlar. Baz\u0131lar\u0131 da s\u00f6zde bilimsel \u00e7al\u0131\u015fmalarla, ekonomik yar\u0131\u015fma alan\u0131nda tekler aras\u0131nda y\u0131k\u0131c\u0131 bir sava\u015f\u0131n zorunlu oldu\u011funu ispatlamay\u0131 denediler. Ama do\u011fru de\u011fildir bu g\u00f6r\u00fc\u015f; \u00e7\u00fcnk\u00fc insan ya\u015fama sava\u015f\u0131ndaki g\u00fcc\u00fcn\u00fc toplum halinde ya\u015fayan bir canl\u0131 varl\u0131k olmas\u0131na bor\u00e7ludur. Bir kar\u0131nca yuvas\u0131nda nas\u0131l tek tek kar\u0131ncalar\u0131n [&hellip;]","og_url":"https:\/\/narteks.net\/index.php\/2011\/02\/23\/egitimin-felsefesi-albert-einstein\/","og_site_name":"narteks.net","article_published_time":"2011-02-23T11:11:07+00:00","og_image":[{"url":"http:\/\/www.bayansitesi.net\/wp-content\/uploads\/AlbertEinstein.jpg","type":"","width":"","height":""}],"author":"Tar\u0131k","twitter_card":"summary_large_image","twitter_creator":"@narteks","twitter_site":"@narteks","twitter_misc":{"Yazan:":"Tar\u0131k","Tahmini okuma s\u00fcresi":"2 dakika"},"schema":{"@context":"https:\/\/schema.org","@graph":[{"@type":"Article","@id":"https:\/\/narteks.net\/index.php\/2011\/02\/23\/egitimin-felsefesi-albert-einstein\/#article","isPartOf":{"@id":"https:\/\/narteks.net\/index.php\/2011\/02\/23\/egitimin-felsefesi-albert-einstein\/"},"author":{"name":"Tar\u0131k","@id":"https:\/\/narteks.net\/#\/schema\/person\/61f37d9834294b72d31d274e7ed79bca"},"headline":"E\u011fitimin Felsefesi | Albert EINSTEIN","datePublished":"2011-02-23T11:11:07+00:00","mainEntityOfPage":{"@id":"https:\/\/narteks.net\/index.php\/2011\/02\/23\/egitimin-felsefesi-albert-einstein\/"},"wordCount":490,"commentCount":0,"publisher":{"@id":"https:\/\/narteks.net\/#organization"},"image":{"@id":"https:\/\/narteks.net\/index.php\/2011\/02\/23\/egitimin-felsefesi-albert-einstein\/#primaryimage"},"thumbnailUrl":"http:\/\/www.bayansitesi.net\/wp-content\/uploads\/AlbertEinstein.jpg","articleSection":["Felsefe (Genel)"],"inLanguage":"tr","potentialAction":[{"@type":"CommentAction","name":"Comment","target":["https:\/\/narteks.net\/index.php\/2011\/02\/23\/egitimin-felsefesi-albert-einstein\/#respond"]}]},{"@type":"WebPage","@id":"https:\/\/narteks.net\/index.php\/2011\/02\/23\/egitimin-felsefesi-albert-einstein\/","url":"https:\/\/narteks.net\/index.php\/2011\/02\/23\/egitimin-felsefesi-albert-einstein\/","name":"E\u011fitimin Felsefesi | Albert EINSTEIN - narteks.net","isPartOf":{"@id":"https:\/\/narteks.net\/#website"},"primaryImageOfPage":{"@id":"https:\/\/narteks.net\/index.php\/2011\/02\/23\/egitimin-felsefesi-albert-einstein\/#primaryimage"},"image":{"@id":"https:\/\/narteks.net\/index.php\/2011\/02\/23\/egitimin-felsefesi-albert-einstein\/#primaryimage"},"thumbnailUrl":"http:\/\/www.bayansitesi.net\/wp-content\/uploads\/AlbertEinstein.jpg","datePublished":"2011-02-23T11:11:07+00:00","breadcrumb":{"@id":"https:\/\/narteks.net\/index.php\/2011\/02\/23\/egitimin-felsefesi-albert-einstein\/#breadcrumb"},"inLanguage":"tr","potentialAction":[{"@type":"ReadAction","target":["https:\/\/narteks.net\/index.php\/2011\/02\/23\/egitimin-felsefesi-albert-einstein\/"]}]},{"@type":"ImageObject","inLanguage":"tr","@id":"https:\/\/narteks.net\/index.php\/2011\/02\/23\/egitimin-felsefesi-albert-einstein\/#primaryimage","url":"http:\/\/www.bayansitesi.net\/wp-content\/uploads\/AlbertEinstein.jpg","contentUrl":"http:\/\/www.bayansitesi.net\/wp-content\/uploads\/AlbertEinstein.jpg"},{"@type":"BreadcrumbList","@id":"https:\/\/narteks.net\/index.php\/2011\/02\/23\/egitimin-felsefesi-albert-einstein\/#breadcrumb","itemListElement":[{"@type":"ListItem","position":1,"name":"Anasayfa","item":"https:\/\/narteks.net\/"},{"@type":"ListItem","position":2,"name":"E\u011fitimin Felsefesi | Albert EINSTEIN"}]},{"@type":"WebSite","@id":"https:\/\/narteks.net\/#website","url":"https:\/\/narteks.net\/","name":"narteks.net","description":"K\u00fclt\u00fcr Sanat Edebiyat Felsefe","publisher":{"@id":"https:\/\/narteks.net\/#organization"},"alternateName":"K\u00fclt\u00fcr Sanat Edebiyat Felsefe","potentialAction":[{"@type":"SearchAction","target":{"@type":"EntryPoint","urlTemplate":"https:\/\/narteks.net\/?s={search_term_string}"},"query-input":{"@type":"PropertyValueSpecification","valueRequired":true,"valueName":"search_term_string"}}],"inLanguage":"tr"},{"@type":"Organization","@id":"https:\/\/narteks.net\/#organization","name":"narteks.net","url":"https:\/\/narteks.net\/","logo":{"@type":"ImageObject","inLanguage":"tr","@id":"https:\/\/narteks.net\/#\/schema\/logo\/image\/","url":"https:\/\/narteks.net\/wp-content\/uploads\/narteks.png","contentUrl":"https:\/\/narteks.net\/wp-content\/uploads\/narteks.png","width":300,"height":90,"caption":"narteks.net"},"image":{"@id":"https:\/\/narteks.net\/#\/schema\/logo\/image\/"},"sameAs":["https:\/\/x.com\/narteks","https:\/\/instagram.com\/narteksnet"]},{"@type":"Person","@id":"https:\/\/narteks.net\/#\/schema\/person\/61f37d9834294b72d31d274e7ed79bca","name":"Tar\u0131k","image":{"@type":"ImageObject","inLanguage":"tr","@id":"https:\/\/narteks.net\/#\/schema\/person\/image\/","url":"https:\/\/secure.gravatar.com\/avatar\/50865afb55632c4ae467e0af0930f6510aa2297d8014be502a55b14f3b7550cf?s=96&d=mm&r=g","contentUrl":"https:\/\/secure.gravatar.com\/avatar\/50865afb55632c4ae467e0af0930f6510aa2297d8014be502a55b14f3b7550cf?s=96&d=mm&r=g","caption":"Tar\u0131k"},"sameAs":["http:\/\/narteks.net"],"url":"https:\/\/narteks.net\/index.php\/author\/narbak\/"}]}},"_links":{"self":[{"href":"https:\/\/narteks.net\/index.php\/wp-json\/wp\/v2\/posts\/5061","targetHints":{"allow":["GET"]}}],"collection":[{"href":"https:\/\/narteks.net\/index.php\/wp-json\/wp\/v2\/posts"}],"about":[{"href":"https:\/\/narteks.net\/index.php\/wp-json\/wp\/v2\/types\/post"}],"author":[{"embeddable":true,"href":"https:\/\/narteks.net\/index.php\/wp-json\/wp\/v2\/users\/1"}],"replies":[{"embeddable":true,"href":"https:\/\/narteks.net\/index.php\/wp-json\/wp\/v2\/comments?post=5061"}],"version-history":[{"count":0,"href":"https:\/\/narteks.net\/index.php\/wp-json\/wp\/v2\/posts\/5061\/revisions"}],"wp:attachment":[{"href":"https:\/\/narteks.net\/index.php\/wp-json\/wp\/v2\/media?parent=5061"}],"wp:term":[{"taxonomy":"category","embeddable":true,"href":"https:\/\/narteks.net\/index.php\/wp-json\/wp\/v2\/categories?post=5061"},{"taxonomy":"post_tag","embeddable":true,"href":"https:\/\/narteks.net\/index.php\/wp-json\/wp\/v2\/tags?post=5061"}],"curies":[{"name":"wp","href":"https:\/\/api.w.org\/{rel}","templated":true}]}}