{"id":5062,"date":"2011-02-23T19:57:32","date_gmt":"2011-02-23T16:57:32","guid":{"rendered":"http:\/\/localhost\/wordpress\/2011\/02\/23\/turkuler\/"},"modified":"2011-02-23T19:57:32","modified_gmt":"2011-02-23T16:57:32","slug":"turkuler","status":"publish","type":"post","link":"https:\/\/narteks.net\/index.php\/2011\/02\/23\/turkuler\/","title":{"rendered":"T\u00dcRK\u00dcLER"},"content":{"rendered":"<p>\u00a0<\/p>\n<p>\u00f6ylesine geni\u015f ki y\u00fcre\u011fim bir deniz gibi,<br \/>g\u00fcler y\u00fcz\u00fcn bir g\u00fcne\u015f \u0131\u015f\u0131\u011f\u0131nca<br \/>tatl\u0131 ve derin yaln\u0131zl\u0131\u011f\u0131nda,<br \/>dalgan\u0131n dalgaya sessiz kar\u0131\u015ft\u0131\u011f\u0131 yerde.<br \/>gece mi bast\u0131rd\u0131? g\u00fcn m\u00fc yoksa? bilmiyorum.<br \/>g\u00fcler bana o tatl\u0131 o sevimli<br \/>g\u00fcne\u015f \u0131\u015f\u0131lt\u0131l\u0131 y\u00fcz\u00fcn,<br \/>ben bir \u00e7ocuk gibi mutluyum.<\/p>\n<p>gece yar\u0131s\u0131 bir de r\u00fczgar<br \/>yava\u015ftan yava\u015ftan pencereme \u00e7arpar.<br \/>bir sa\u011fnak baslam\u0131\u015f inceden<br \/>damlar odama yava\u015f\u00e7a.<br \/>mutlulu\u011fumun d\u00fc\u015f\u00fcd\u00fcr benim,<br \/>r\u00fczgar gibi yalar ge\u00e7er y\u00fcre\u011fimi.<br \/>bir bu\u011fudur o bak\u0131\u015f\u0131nda senin.<br \/>bir ya\u011fmur tad\u0131yla sarar y\u00fcre\u011fimi.<\/p>\n<p>\u00a0<\/p>\n<p>Friedrich W. Nietzsche<\/p>\n","protected":false},"excerpt":{"rendered":"<p>\u00a0 \u00f6ylesine geni\u015f ki y\u00fcre\u011fim bir deniz gibi,g\u00fcler y\u00fcz\u00fcn bir g\u00fcne\u015f \u0131\u015f\u0131\u011f\u0131ncatatl\u0131 ve derin yaln\u0131zl\u0131\u011f\u0131nda,dalgan\u0131n dalgaya sessiz kar\u0131\u015ft\u0131\u011f\u0131 yerde.gece mi bast\u0131rd\u0131? g\u00fcn m\u00fc yoksa? bilmiyorum.g\u00fcler bana o tatl\u0131 o sevimlig\u00fcne\u015f \u0131\u015f\u0131lt\u0131l\u0131 y\u00fcz\u00fcn,ben bir \u00e7ocuk gibi mutluyum. gece yar\u0131s\u0131 bir de r\u00fczgaryava\u015ftan yava\u015ftan pencereme \u00e7arpar.bir sa\u011fnak baslam\u0131\u015f incedendamlar odama yava\u015f\u00e7a.mutlulu\u011fumun d\u00fc\u015f\u00fcd\u00fcr benim,r\u00fczgar gibi yalar ge\u00e7er y\u00fcre\u011fimi.bir [&hellip;]<\/p>\n","protected":false},"author":1,"featured_media":0,"comment_status":"open","ping_status":"open","sticky":false,"template":"","format":"standard","meta":{"footnotes":""},"categories":[158],"tags":[],"class_list":{"0":"post-5062","1":"post","2":"type-post","3":"status-publish","4":"format-standard","6":"category-friedrich-nietzsche"},"yoast_head":"<!-- This site is optimized with the Yoast SEO Premium plugin v24.9 (Yoast SEO v24.9) - https:\/\/yoast.com\/wordpress\/plugins\/seo\/ -->\n<title>T\u00dcRK\u00dcLER - narteks.net<\/title>\n<meta name=\"robots\" content=\"index, follow, max-snippet:-1, max-image-preview:large, max-video-preview:-1\" \/>\n<link rel=\"canonical\" href=\"https:\/\/narteks.net\/index.php\/2011\/02\/23\/turkuler\/\" \/>\n<meta property=\"og:locale\" content=\"tr_TR\" \/>\n<meta property=\"og:type\" content=\"article\" \/>\n<meta property=\"og:title\" content=\"T\u00dcRK\u00dcLER\" \/>\n<meta property=\"og:description\" content=\"\u00a0 \u00f6ylesine geni\u015f ki y\u00fcre\u011fim bir deniz gibi,g\u00fcler y\u00fcz\u00fcn bir g\u00fcne\u015f \u0131\u015f\u0131\u011f\u0131ncatatl\u0131 ve derin yaln\u0131zl\u0131\u011f\u0131nda,dalgan\u0131n dalgaya sessiz kar\u0131\u015ft\u0131\u011f\u0131 yerde.gece mi bast\u0131rd\u0131? g\u00fcn m\u00fc yoksa? bilmiyorum.g\u00fcler bana o tatl\u0131 o sevimlig\u00fcne\u015f \u0131\u015f\u0131lt\u0131l\u0131 y\u00fcz\u00fcn,ben bir \u00e7ocuk gibi mutluyum. gece yar\u0131s\u0131 bir de r\u00fczgaryava\u015ftan yava\u015ftan pencereme \u00e7arpar.bir sa\u011fnak baslam\u0131\u015f incedendamlar odama yava\u015f\u00e7a.mutlulu\u011fumun d\u00fc\u015f\u00fcd\u00fcr benim,r\u00fczgar gibi yalar ge\u00e7er y\u00fcre\u011fimi.bir [&hellip;]\" \/>\n<meta property=\"og:url\" content=\"https:\/\/narteks.net\/index.php\/2011\/02\/23\/turkuler\/\" \/>\n<meta property=\"og:site_name\" content=\"narteks.net\" \/>\n<meta property=\"article:published_time\" content=\"2011-02-23T16:57:32+00:00\" \/>\n<meta property=\"og:image\" content=\"https:\/\/narteks.net\/wp-content\/uploads\/narteks.png\" \/>\n\t<meta property=\"og:image:width\" content=\"300\" \/>\n\t<meta property=\"og:image:height\" content=\"90\" \/>\n\t<meta property=\"og:image:type\" content=\"image\/png\" \/>\n<meta name=\"author\" content=\"Tar\u0131k\" \/>\n<meta name=\"twitter:card\" content=\"summary_large_image\" \/>\n<meta name=\"twitter:creator\" content=\"@narteks\" \/>\n<meta name=\"twitter:site\" content=\"@narteks\" \/>\n<meta name=\"twitter:label1\" content=\"Yazan:\" \/>\n\t<meta name=\"twitter:data1\" content=\"Tar\u0131k\" \/>\n\t<meta name=\"twitter:label2\" content=\"Tahmini okuma s\u00fcresi\" \/>\n\t<meta name=\"twitter:data2\" content=\"1 dakika\" \/>\n<script type=\"application\/ld+json\" class=\"yoast-schema-graph\">{\"@context\":\"https:\/\/schema.org\",\"@graph\":[{\"@type\":\"Article\",\"@id\":\"https:\/\/narteks.net\/index.php\/2011\/02\/23\/turkuler\/#article\",\"isPartOf\":{\"@id\":\"https:\/\/narteks.net\/index.php\/2011\/02\/23\/turkuler\/\"},\"author\":{\"name\":\"Tar\u0131k\",\"@id\":\"https:\/\/narteks.net\/#\/schema\/person\/61f37d9834294b72d31d274e7ed79bca\"},\"headline\":\"T\u00dcRK\u00dcLER\",\"datePublished\":\"2011-02-23T16:57:32+00:00\",\"mainEntityOfPage\":{\"@id\":\"https:\/\/narteks.net\/index.php\/2011\/02\/23\/turkuler\/\"},\"wordCount\":114,\"commentCount\":0,\"publisher\":{\"@id\":\"https:\/\/narteks.net\/#organization\"},\"articleSection\":[\"Friedrich NIETZSCHE\"],\"inLanguage\":\"tr\",\"potentialAction\":[{\"@type\":\"CommentAction\",\"name\":\"Comment\",\"target\":[\"https:\/\/narteks.net\/index.php\/2011\/02\/23\/turkuler\/#respond\"]}]},{\"@type\":\"WebPage\",\"@id\":\"https:\/\/narteks.net\/index.php\/2011\/02\/23\/turkuler\/\",\"url\":\"https:\/\/narteks.net\/index.php\/2011\/02\/23\/turkuler\/\",\"name\":\"T\u00dcRK\u00dcLER - narteks.net\",\"isPartOf\":{\"@id\":\"https:\/\/narteks.net\/#website\"},\"datePublished\":\"2011-02-23T16:57:32+00:00\",\"breadcrumb\":{\"@id\":\"https:\/\/narteks.net\/index.php\/2011\/02\/23\/turkuler\/#breadcrumb\"},\"inLanguage\":\"tr\",\"potentialAction\":[{\"@type\":\"ReadAction\",\"target\":[\"https:\/\/narteks.net\/index.php\/2011\/02\/23\/turkuler\/\"]}]},{\"@type\":\"BreadcrumbList\",\"@id\":\"https:\/\/narteks.net\/index.php\/2011\/02\/23\/turkuler\/#breadcrumb\",\"itemListElement\":[{\"@type\":\"ListItem\",\"position\":1,\"name\":\"Anasayfa\",\"item\":\"https:\/\/narteks.net\/\"},{\"@type\":\"ListItem\",\"position\":2,\"name\":\"T\u00dcRK\u00dcLER\"}]},{\"@type\":\"WebSite\",\"@id\":\"https:\/\/narteks.net\/#website\",\"url\":\"https:\/\/narteks.net\/\",\"name\":\"narteks.net\",\"description\":\"K\u00fclt\u00fcr Sanat Edebiyat Felsefe\",\"publisher\":{\"@id\":\"https:\/\/narteks.net\/#organization\"},\"alternateName\":\"K\u00fclt\u00fcr Sanat Edebiyat Felsefe\",\"potentialAction\":[{\"@type\":\"SearchAction\",\"target\":{\"@type\":\"EntryPoint\",\"urlTemplate\":\"https:\/\/narteks.net\/?s={search_term_string}\"},\"query-input\":{\"@type\":\"PropertyValueSpecification\",\"valueRequired\":true,\"valueName\":\"search_term_string\"}}],\"inLanguage\":\"tr\"},{\"@type\":\"Organization\",\"@id\":\"https:\/\/narteks.net\/#organization\",\"name\":\"narteks.net\",\"url\":\"https:\/\/narteks.net\/\",\"logo\":{\"@type\":\"ImageObject\",\"inLanguage\":\"tr\",\"@id\":\"https:\/\/narteks.net\/#\/schema\/logo\/image\/\",\"url\":\"https:\/\/narteks.net\/wp-content\/uploads\/narteks.png\",\"contentUrl\":\"https:\/\/narteks.net\/wp-content\/uploads\/narteks.png\",\"width\":300,\"height\":90,\"caption\":\"narteks.net\"},\"image\":{\"@id\":\"https:\/\/narteks.net\/#\/schema\/logo\/image\/\"},\"sameAs\":[\"https:\/\/x.com\/narteks\",\"https:\/\/instagram.com\/narteksnet\"]},{\"@type\":\"Person\",\"@id\":\"https:\/\/narteks.net\/#\/schema\/person\/61f37d9834294b72d31d274e7ed79bca\",\"name\":\"Tar\u0131k\",\"image\":{\"@type\":\"ImageObject\",\"inLanguage\":\"tr\",\"@id\":\"https:\/\/narteks.net\/#\/schema\/person\/image\/\",\"url\":\"https:\/\/secure.gravatar.com\/avatar\/50865afb55632c4ae467e0af0930f6510aa2297d8014be502a55b14f3b7550cf?s=96&d=mm&r=g\",\"contentUrl\":\"https:\/\/secure.gravatar.com\/avatar\/50865afb55632c4ae467e0af0930f6510aa2297d8014be502a55b14f3b7550cf?s=96&d=mm&r=g\",\"caption\":\"Tar\u0131k\"},\"sameAs\":[\"http:\/\/narteks.net\"],\"url\":\"https:\/\/narteks.net\/index.php\/author\/narbak\/\"}]}<\/script>\n<!-- \/ Yoast SEO Premium plugin. -->","yoast_head_json":{"title":"T\u00dcRK\u00dcLER - narteks.net","robots":{"index":"index","follow":"follow","max-snippet":"max-snippet:-1","max-image-preview":"max-image-preview:large","max-video-preview":"max-video-preview:-1"},"canonical":"https:\/\/narteks.net\/index.php\/2011\/02\/23\/turkuler\/","og_locale":"tr_TR","og_type":"article","og_title":"T\u00dcRK\u00dcLER","og_description":"\u00a0 \u00f6ylesine geni\u015f ki y\u00fcre\u011fim bir deniz gibi,g\u00fcler y\u00fcz\u00fcn bir g\u00fcne\u015f \u0131\u015f\u0131\u011f\u0131ncatatl\u0131 ve derin yaln\u0131zl\u0131\u011f\u0131nda,dalgan\u0131n dalgaya sessiz kar\u0131\u015ft\u0131\u011f\u0131 yerde.gece mi bast\u0131rd\u0131? g\u00fcn m\u00fc yoksa? bilmiyorum.g\u00fcler bana o tatl\u0131 o sevimlig\u00fcne\u015f \u0131\u015f\u0131lt\u0131l\u0131 y\u00fcz\u00fcn,ben bir \u00e7ocuk gibi mutluyum. gece yar\u0131s\u0131 bir de r\u00fczgaryava\u015ftan yava\u015ftan pencereme \u00e7arpar.bir sa\u011fnak baslam\u0131\u015f incedendamlar odama yava\u015f\u00e7a.mutlulu\u011fumun d\u00fc\u015f\u00fcd\u00fcr benim,r\u00fczgar gibi yalar ge\u00e7er y\u00fcre\u011fimi.bir [&hellip;]","og_url":"https:\/\/narteks.net\/index.php\/2011\/02\/23\/turkuler\/","og_site_name":"narteks.net","article_published_time":"2011-02-23T16:57:32+00:00","og_image":[{"width":300,"height":90,"url":"https:\/\/narteks.net\/wp-content\/uploads\/narteks.png","type":"image\/png"}],"author":"Tar\u0131k","twitter_card":"summary_large_image","twitter_creator":"@narteks","twitter_site":"@narteks","twitter_misc":{"Yazan:":"Tar\u0131k","Tahmini okuma s\u00fcresi":"1 dakika"},"schema":{"@context":"https:\/\/schema.org","@graph":[{"@type":"Article","@id":"https:\/\/narteks.net\/index.php\/2011\/02\/23\/turkuler\/#article","isPartOf":{"@id":"https:\/\/narteks.net\/index.php\/2011\/02\/23\/turkuler\/"},"author":{"name":"Tar\u0131k","@id":"https:\/\/narteks.net\/#\/schema\/person\/61f37d9834294b72d31d274e7ed79bca"},"headline":"T\u00dcRK\u00dcLER","datePublished":"2011-02-23T16:57:32+00:00","mainEntityOfPage":{"@id":"https:\/\/narteks.net\/index.php\/2011\/02\/23\/turkuler\/"},"wordCount":114,"commentCount":0,"publisher":{"@id":"https:\/\/narteks.net\/#organization"},"articleSection":["Friedrich NIETZSCHE"],"inLanguage":"tr","potentialAction":[{"@type":"CommentAction","name":"Comment","target":["https:\/\/narteks.net\/index.php\/2011\/02\/23\/turkuler\/#respond"]}]},{"@type":"WebPage","@id":"https:\/\/narteks.net\/index.php\/2011\/02\/23\/turkuler\/","url":"https:\/\/narteks.net\/index.php\/2011\/02\/23\/turkuler\/","name":"T\u00dcRK\u00dcLER - narteks.net","isPartOf":{"@id":"https:\/\/narteks.net\/#website"},"datePublished":"2011-02-23T16:57:32+00:00","breadcrumb":{"@id":"https:\/\/narteks.net\/index.php\/2011\/02\/23\/turkuler\/#breadcrumb"},"inLanguage":"tr","potentialAction":[{"@type":"ReadAction","target":["https:\/\/narteks.net\/index.php\/2011\/02\/23\/turkuler\/"]}]},{"@type":"BreadcrumbList","@id":"https:\/\/narteks.net\/index.php\/2011\/02\/23\/turkuler\/#breadcrumb","itemListElement":[{"@type":"ListItem","position":1,"name":"Anasayfa","item":"https:\/\/narteks.net\/"},{"@type":"ListItem","position":2,"name":"T\u00dcRK\u00dcLER"}]},{"@type":"WebSite","@id":"https:\/\/narteks.net\/#website","url":"https:\/\/narteks.net\/","name":"narteks.net","description":"K\u00fclt\u00fcr Sanat Edebiyat Felsefe","publisher":{"@id":"https:\/\/narteks.net\/#organization"},"alternateName":"K\u00fclt\u00fcr Sanat Edebiyat Felsefe","potentialAction":[{"@type":"SearchAction","target":{"@type":"EntryPoint","urlTemplate":"https:\/\/narteks.net\/?s={search_term_string}"},"query-input":{"@type":"PropertyValueSpecification","valueRequired":true,"valueName":"search_term_string"}}],"inLanguage":"tr"},{"@type":"Organization","@id":"https:\/\/narteks.net\/#organization","name":"narteks.net","url":"https:\/\/narteks.net\/","logo":{"@type":"ImageObject","inLanguage":"tr","@id":"https:\/\/narteks.net\/#\/schema\/logo\/image\/","url":"https:\/\/narteks.net\/wp-content\/uploads\/narteks.png","contentUrl":"https:\/\/narteks.net\/wp-content\/uploads\/narteks.png","width":300,"height":90,"caption":"narteks.net"},"image":{"@id":"https:\/\/narteks.net\/#\/schema\/logo\/image\/"},"sameAs":["https:\/\/x.com\/narteks","https:\/\/instagram.com\/narteksnet"]},{"@type":"Person","@id":"https:\/\/narteks.net\/#\/schema\/person\/61f37d9834294b72d31d274e7ed79bca","name":"Tar\u0131k","image":{"@type":"ImageObject","inLanguage":"tr","@id":"https:\/\/narteks.net\/#\/schema\/person\/image\/","url":"https:\/\/secure.gravatar.com\/avatar\/50865afb55632c4ae467e0af0930f6510aa2297d8014be502a55b14f3b7550cf?s=96&d=mm&r=g","contentUrl":"https:\/\/secure.gravatar.com\/avatar\/50865afb55632c4ae467e0af0930f6510aa2297d8014be502a55b14f3b7550cf?s=96&d=mm&r=g","caption":"Tar\u0131k"},"sameAs":["http:\/\/narteks.net"],"url":"https:\/\/narteks.net\/index.php\/author\/narbak\/"}]}},"_links":{"self":[{"href":"https:\/\/narteks.net\/index.php\/wp-json\/wp\/v2\/posts\/5062","targetHints":{"allow":["GET"]}}],"collection":[{"href":"https:\/\/narteks.net\/index.php\/wp-json\/wp\/v2\/posts"}],"about":[{"href":"https:\/\/narteks.net\/index.php\/wp-json\/wp\/v2\/types\/post"}],"author":[{"embeddable":true,"href":"https:\/\/narteks.net\/index.php\/wp-json\/wp\/v2\/users\/1"}],"replies":[{"embeddable":true,"href":"https:\/\/narteks.net\/index.php\/wp-json\/wp\/v2\/comments?post=5062"}],"version-history":[{"count":0,"href":"https:\/\/narteks.net\/index.php\/wp-json\/wp\/v2\/posts\/5062\/revisions"}],"wp:attachment":[{"href":"https:\/\/narteks.net\/index.php\/wp-json\/wp\/v2\/media?parent=5062"}],"wp:term":[{"taxonomy":"category","embeddable":true,"href":"https:\/\/narteks.net\/index.php\/wp-json\/wp\/v2\/categories?post=5062"},{"taxonomy":"post_tag","embeddable":true,"href":"https:\/\/narteks.net\/index.php\/wp-json\/wp\/v2\/tags?post=5062"}],"curies":[{"name":"wp","href":"https:\/\/api.w.org\/{rel}","templated":true}]}}