{"id":5064,"date":"2011-02-23T20:00:23","date_gmt":"2011-02-23T17:00:23","guid":{"rendered":"http:\/\/localhost\/wordpress\/2011\/02\/23\/aradnenn-yakinmasi\/"},"modified":"2011-02-23T20:00:23","modified_gmt":"2011-02-23T17:00:23","slug":"aradnenn-yakinmasi","status":"publish","type":"post","link":"https:\/\/narteks.net\/index.php\/2011\/02\/23\/aradnenn-yakinmasi\/","title":{"rendered":"AR\u0130ADNE&#8217;N\u0130N YAKINMASI"},"content":{"rendered":"<p>\u00a0<\/p>\n<p>Kim \u0131s\u0131t\u0131r, kim sever beni daha?<br \/>S\u0131cak eller uzat\u0131n bana!<br \/>Y\u00fcrek mangallar\u0131 uzat\u0131n bana!<br \/>Vurulup d\u00fc\u015f\u00fcr\u00fclm\u00fc\u015f \u00e7\u0131rp\u0131na \u00e7\u0131rp\u0131na,<br \/>can \u00e7eki\u015fenler gibi, ayaklar\u0131 ovu\u015fturulan,<br \/>sars\u0131lm\u0131\u015f\u0131m, ah! Bilinmeyen ate\u015flerle yana yana,<br \/>sen pe\u015fimdesin, ey D\u00fc\u015f\u00fcnce!<br \/>Adland\u0131r\u0131lamaz! A\u00e7\u0131klanamaz! \u0130\u011fren\u00e7!<br \/>Sen, ey bulutlar\u0131n ard\u0131ndaki avc\u0131!<br \/>Yerle bir olmu\u015fum senin \u015fim\u015feklerinle,<br \/>sen alayc\u0131 g\u00f6z, dikmi\u015fin g\u00f6z\u00fcn\u00fc bana karanl\u0131klardan!<br \/>Yat\u0131yorum \u00f6yle,<br \/>k\u0131vr\u0131larak, \u00e7\u0131rp\u0131narak, i\u015fkencesiyle<br \/>b\u00fct\u00fcn sonsuz ezalar\u0131n,<br \/>vurdun beni<br \/>sen ey zalim avc\u0131,<br \/>sen ey tan\u0131nmaz &#8211; T a n r \u0131&#8230;<br \/>ur, daha derine vur!<br \/>Bir kez daha, haydi vur!<br \/>Kopar, par\u00e7ala bu y\u00fcre\u011fi!<br \/>Niye bu i\u015fkence<br \/>k\u00f6relmi\u015f oklarla?<br \/>Neye g\u00f6z koydun b\u00f6yle,<br \/>usanmad\u0131n m\u0131 bu insan i\u015fkencesinden,<br \/>ac\u0131 vermekten haz duyan Tanr\u0131 \u015fim\u015fe\u011fi g\u00f6zlerle?<br \/>\u00d6ld\u00fcrmek de\u011fil istedi\u011fin,<br \/>yaln\u0131zca eziyet, eziyet etmek mi?<br \/>Bana &#8211; niye eziyet ediyorsun,<br \/>sen, ey ac\u0131 vermekten haz duyan tan\u0131nmaz Tanr\u0131?<\/p>\n<p>Ha ha!<br \/>Usul usul sokuluyorsun<br \/>b\u00f6ylesi gece yar\u0131s\u0131nda?&#8230;<br \/>Ne istiyorsun?<br \/>Konu\u015f!<br \/>\u00dcst\u00fcme geliyorsun, s\u0131k\u0131\u015ft\u0131r\u0131yorsun beni,<br \/>Ha! \u00c7ok yakla\u015ft\u0131n yan\u0131ma!<br \/>Solu\u011fumu duyuyorsun,<br \/>y\u00fcre\u011fimi dinliyorsun,<br \/>k\u0131skan\u00e7 seni!<br \/>&#8211; neden k\u0131skan\u0131yorsun beni?<br \/>Git! Defol!<br \/>O merdiven de niye?<br \/>\u0130\u00e7eri mi girmek istiyorsun,<br \/>y\u00fcre\u011fime t\u0131rmanmak,<br \/>en mahrem<br \/>d\u00fc\u015f\u00fcncelerime t\u0131rmanmak?<br \/>Utanmaz! Tan\u0131nmaz! H\u0131rs\u0131z!<br \/>Ne \u00e7almak istiyorsun?<br \/>Ne g\u00f6zetlemek istiyorsun?<br \/>Ne i\u015fkencesi etmek istiyorsun?<br \/>Sen ey i\u015fkenceci!<br \/>sen &#8211; Cellat &#8211; Tanr\u0131!<br \/>Yoksa k\u00f6pek gibi,<br \/>taklalar m\u0131 atayd\u0131m kar\u015f\u0131nda?<br \/>teslim mi olayd\u0131m, kendimden ge\u00e7erek<br \/>sevginle &#8211; s\u0131rna\u015farak?<\/p>\n<p>Bo\u015funa!<br \/>S\u00fcrd\u00fcr bat\u0131rman\u0131!<br \/>Zalim diken!<br \/>k\u00f6pek de\u011filim &#8211; av\u0131n\u0131m yaln\u0131zca senin,<br \/>zalim avc\u0131!<br \/>en gururlu esirinim,<br \/>en ey bulutlar\u0131n ard\u0131ndaki haydut&#8230;<br \/>Konu\u015f art\u0131k!<br \/>Ey \u015fim\u015feklerin ard\u0131na gizlenen! Tan\u0131nmaz! konu\u015f!<br \/>Ne istiyorsun, ey E\u015fkiya&#8230; b e n d e n?<\/p>\n<p>Nas\u0131l?<br \/>Fidye mi?<br \/>Ne istiyorsun fidye diye?<br \/>\u00c7ok iste &#8211; b\u00f6ylesi yara\u015f\u0131r gururuma!<br \/>ve az konu\u015f &#8211; b\u00f6ylesi yara\u015f\u0131r \u00f6teki gururuma!<\/p>\n<p>Ha ha!<br \/>Beni &#8211; istiyorsun ha? beni?<br \/>her\u015feyimle beni?&#8230;<br \/>Ha ha!<br \/>Ve i\u015fkence ediyorsun bana, delisin ya i\u015fte,<br \/>gururumu k\u0131r\u0131yorsun i\u015fkencenle?<br \/>S e v g i ver bana &#8211; kim \u0131s\u0131t\u0131r ki beni daha?<br \/>kim sever ki beni daha?<br \/>s\u0131cak eller uzat bana,<br \/>y\u00fcrek mangallar\u0131 uzat bana,<br \/>bana, yaln\u0131zlar\u0131n en yaln\u0131z\u0131na,<br \/>buzunu ver ah! yedi kat donmu\u015f buz,<br \/>d\u00fc\u015fmanlar\u0131 bile<br \/>d\u00fc\u015fmanlar\u0131 \u00f6zlemeyi \u00f6\u011freten,<br \/>ver, evet, teslim et,<br \/>ey zalim d\u00fc\u015fman<br \/>bana &#8211; k e n d i n i!<\/p>\n<p>Ka\u00e7\u0131yor!<br \/>Bu kez o ka\u00e7\u0131yor,<br \/>tek yolda\u015f\u0131m,<br \/>en b\u00fcy\u00fck d\u00fc\u015fman\u0131m, tan\u0131nmaz\u0131m benim,<br \/>Cellat-Tanr\u0131m benim!&#8230;<\/p>\n<p>Hay\u0131r!<br \/>gel geri!<br \/>b\u00fct\u00fcn i\u015fkencelerinle birlikte geri gel!<br \/>B\u00fct\u00fcn g\u00f6zya\u015flar\u0131m<br \/>sana ak\u0131yor,<br \/>y\u00fcre\u011fimin son alevi<br \/>seni ayd\u0131nlat\u0131yor.<br \/>Gel, geri gel,<br \/>tan\u0131nmaz Tanr\u0131m! A c \u0131 m benim!<\/p>\n<p>son mutlulu\u011fum benim!&#8230;<\/p>\n<p>\u00a0<\/p>\n<p>Friedrich W. Nietzsche<\/p>\n","protected":false},"excerpt":{"rendered":"<p>\u00a0 Kim \u0131s\u0131t\u0131r, kim sever beni daha?S\u0131cak eller uzat\u0131n bana!Y\u00fcrek mangallar\u0131 uzat\u0131n bana!Vurulup d\u00fc\u015f\u00fcr\u00fclm\u00fc\u015f \u00e7\u0131rp\u0131na \u00e7\u0131rp\u0131na,can \u00e7eki\u015fenler gibi, ayaklar\u0131 ovu\u015fturulan,sars\u0131lm\u0131\u015f\u0131m, ah! Bilinmeyen ate\u015flerle yana yana,sen pe\u015fimdesin, ey D\u00fc\u015f\u00fcnce!Adland\u0131r\u0131lamaz! A\u00e7\u0131klanamaz! \u0130\u011fren\u00e7!Sen, ey bulutlar\u0131n ard\u0131ndaki avc\u0131!Yerle bir olmu\u015fum senin \u015fim\u015feklerinle,sen alayc\u0131 g\u00f6z, dikmi\u015fin g\u00f6z\u00fcn\u00fc bana karanl\u0131klardan!Yat\u0131yorum \u00f6yle,k\u0131vr\u0131larak, \u00e7\u0131rp\u0131narak, i\u015fkencesiyleb\u00fct\u00fcn sonsuz ezalar\u0131n,vurdun benisen ey zalim avc\u0131,sen ey tan\u0131nmaz [&hellip;]<\/p>\n","protected":false},"author":1,"featured_media":0,"comment_status":"open","ping_status":"open","sticky":false,"template":"","format":"standard","meta":{"footnotes":""},"categories":[158],"tags":[],"class_list":{"0":"post-5064","1":"post","2":"type-post","3":"status-publish","4":"format-standard","6":"category-friedrich-nietzsche"},"yoast_head":"<!-- This site is optimized with the Yoast SEO Premium plugin v24.9 (Yoast SEO v24.9) - https:\/\/yoast.com\/wordpress\/plugins\/seo\/ -->\n<title>AR\u0130ADNE&#039;N\u0130N YAKINMASI - narteks.net<\/title>\n<meta name=\"robots\" content=\"index, follow, max-snippet:-1, max-image-preview:large, max-video-preview:-1\" \/>\n<link rel=\"canonical\" href=\"https:\/\/narteks.net\/index.php\/2011\/02\/23\/aradnenn-yakinmasi\/\" \/>\n<meta property=\"og:locale\" content=\"tr_TR\" \/>\n<meta property=\"og:type\" content=\"article\" \/>\n<meta property=\"og:title\" content=\"AR\u0130ADNE&#039;N\u0130N YAKINMASI\" \/>\n<meta property=\"og:description\" content=\"\u00a0 Kim \u0131s\u0131t\u0131r, kim sever beni daha?S\u0131cak eller uzat\u0131n bana!Y\u00fcrek mangallar\u0131 uzat\u0131n bana!Vurulup d\u00fc\u015f\u00fcr\u00fclm\u00fc\u015f \u00e7\u0131rp\u0131na \u00e7\u0131rp\u0131na,can \u00e7eki\u015fenler gibi, ayaklar\u0131 ovu\u015fturulan,sars\u0131lm\u0131\u015f\u0131m, ah! Bilinmeyen ate\u015flerle yana yana,sen pe\u015fimdesin, ey D\u00fc\u015f\u00fcnce!Adland\u0131r\u0131lamaz! A\u00e7\u0131klanamaz! \u0130\u011fren\u00e7!Sen, ey bulutlar\u0131n ard\u0131ndaki avc\u0131!Yerle bir olmu\u015fum senin \u015fim\u015feklerinle,sen alayc\u0131 g\u00f6z, dikmi\u015fin g\u00f6z\u00fcn\u00fc bana karanl\u0131klardan!Yat\u0131yorum \u00f6yle,k\u0131vr\u0131larak, \u00e7\u0131rp\u0131narak, i\u015fkencesiyleb\u00fct\u00fcn sonsuz ezalar\u0131n,vurdun benisen ey zalim avc\u0131,sen ey tan\u0131nmaz [&hellip;]\" \/>\n<meta property=\"og:url\" content=\"https:\/\/narteks.net\/index.php\/2011\/02\/23\/aradnenn-yakinmasi\/\" \/>\n<meta property=\"og:site_name\" content=\"narteks.net\" \/>\n<meta property=\"article:published_time\" content=\"2011-02-23T17:00:23+00:00\" \/>\n<meta property=\"og:image\" content=\"https:\/\/narteks.net\/wp-content\/uploads\/narteks.png\" \/>\n\t<meta property=\"og:image:width\" content=\"300\" \/>\n\t<meta property=\"og:image:height\" content=\"90\" \/>\n\t<meta property=\"og:image:type\" content=\"image\/png\" \/>\n<meta name=\"author\" content=\"Tar\u0131k\" \/>\n<meta name=\"twitter:card\" content=\"summary_large_image\" \/>\n<meta name=\"twitter:creator\" content=\"@narteks\" \/>\n<meta name=\"twitter:site\" content=\"@narteks\" \/>\n<meta name=\"twitter:label1\" content=\"Yazan:\" \/>\n\t<meta name=\"twitter:data1\" content=\"Tar\u0131k\" \/>\n\t<meta name=\"twitter:label2\" content=\"Tahmini okuma s\u00fcresi\" \/>\n\t<meta name=\"twitter:data2\" content=\"3 dakika\" \/>\n<script type=\"application\/ld+json\" class=\"yoast-schema-graph\">{\"@context\":\"https:\/\/schema.org\",\"@graph\":[{\"@type\":\"Article\",\"@id\":\"https:\/\/narteks.net\/index.php\/2011\/02\/23\/aradnenn-yakinmasi\/#article\",\"isPartOf\":{\"@id\":\"https:\/\/narteks.net\/index.php\/2011\/02\/23\/aradnenn-yakinmasi\/\"},\"author\":{\"name\":\"Tar\u0131k\",\"@id\":\"https:\/\/narteks.net\/#\/schema\/person\/61f37d9834294b72d31d274e7ed79bca\"},\"headline\":\"AR\u0130ADNE&#8217;N\u0130N YAKINMASI\",\"datePublished\":\"2011-02-23T17:00:23+00:00\",\"mainEntityOfPage\":{\"@id\":\"https:\/\/narteks.net\/index.php\/2011\/02\/23\/aradnenn-yakinmasi\/\"},\"wordCount\":545,\"commentCount\":0,\"publisher\":{\"@id\":\"https:\/\/narteks.net\/#organization\"},\"articleSection\":[\"Friedrich NIETZSCHE\"],\"inLanguage\":\"tr\",\"potentialAction\":[{\"@type\":\"CommentAction\",\"name\":\"Comment\",\"target\":[\"https:\/\/narteks.net\/index.php\/2011\/02\/23\/aradnenn-yakinmasi\/#respond\"]}]},{\"@type\":\"WebPage\",\"@id\":\"https:\/\/narteks.net\/index.php\/2011\/02\/23\/aradnenn-yakinmasi\/\",\"url\":\"https:\/\/narteks.net\/index.php\/2011\/02\/23\/aradnenn-yakinmasi\/\",\"name\":\"AR\u0130ADNE'N\u0130N YAKINMASI - narteks.net\",\"isPartOf\":{\"@id\":\"https:\/\/narteks.net\/#website\"},\"datePublished\":\"2011-02-23T17:00:23+00:00\",\"breadcrumb\":{\"@id\":\"https:\/\/narteks.net\/index.php\/2011\/02\/23\/aradnenn-yakinmasi\/#breadcrumb\"},\"inLanguage\":\"tr\",\"potentialAction\":[{\"@type\":\"ReadAction\",\"target\":[\"https:\/\/narteks.net\/index.php\/2011\/02\/23\/aradnenn-yakinmasi\/\"]}]},{\"@type\":\"BreadcrumbList\",\"@id\":\"https:\/\/narteks.net\/index.php\/2011\/02\/23\/aradnenn-yakinmasi\/#breadcrumb\",\"itemListElement\":[{\"@type\":\"ListItem\",\"position\":1,\"name\":\"Anasayfa\",\"item\":\"https:\/\/narteks.net\/\"},{\"@type\":\"ListItem\",\"position\":2,\"name\":\"AR\u0130ADNE&#8217;N\u0130N YAKINMASI\"}]},{\"@type\":\"WebSite\",\"@id\":\"https:\/\/narteks.net\/#website\",\"url\":\"https:\/\/narteks.net\/\",\"name\":\"narteks.net\",\"description\":\"K\u00fclt\u00fcr Sanat Edebiyat Felsefe\",\"publisher\":{\"@id\":\"https:\/\/narteks.net\/#organization\"},\"alternateName\":\"K\u00fclt\u00fcr Sanat Edebiyat Felsefe\",\"potentialAction\":[{\"@type\":\"SearchAction\",\"target\":{\"@type\":\"EntryPoint\",\"urlTemplate\":\"https:\/\/narteks.net\/?s={search_term_string}\"},\"query-input\":{\"@type\":\"PropertyValueSpecification\",\"valueRequired\":true,\"valueName\":\"search_term_string\"}}],\"inLanguage\":\"tr\"},{\"@type\":\"Organization\",\"@id\":\"https:\/\/narteks.net\/#organization\",\"name\":\"narteks.net\",\"url\":\"https:\/\/narteks.net\/\",\"logo\":{\"@type\":\"ImageObject\",\"inLanguage\":\"tr\",\"@id\":\"https:\/\/narteks.net\/#\/schema\/logo\/image\/\",\"url\":\"https:\/\/narteks.net\/wp-content\/uploads\/narteks.png\",\"contentUrl\":\"https:\/\/narteks.net\/wp-content\/uploads\/narteks.png\",\"width\":300,\"height\":90,\"caption\":\"narteks.net\"},\"image\":{\"@id\":\"https:\/\/narteks.net\/#\/schema\/logo\/image\/\"},\"sameAs\":[\"https:\/\/x.com\/narteks\",\"https:\/\/instagram.com\/narteksnet\"]},{\"@type\":\"Person\",\"@id\":\"https:\/\/narteks.net\/#\/schema\/person\/61f37d9834294b72d31d274e7ed79bca\",\"name\":\"Tar\u0131k\",\"image\":{\"@type\":\"ImageObject\",\"inLanguage\":\"tr\",\"@id\":\"https:\/\/narteks.net\/#\/schema\/person\/image\/\",\"url\":\"https:\/\/secure.gravatar.com\/avatar\/50865afb55632c4ae467e0af0930f6510aa2297d8014be502a55b14f3b7550cf?s=96&d=mm&r=g\",\"contentUrl\":\"https:\/\/secure.gravatar.com\/avatar\/50865afb55632c4ae467e0af0930f6510aa2297d8014be502a55b14f3b7550cf?s=96&d=mm&r=g\",\"caption\":\"Tar\u0131k\"},\"sameAs\":[\"http:\/\/narteks.net\"],\"url\":\"https:\/\/narteks.net\/index.php\/author\/narbak\/\"}]}<\/script>\n<!-- \/ Yoast SEO Premium plugin. -->","yoast_head_json":{"title":"AR\u0130ADNE'N\u0130N YAKINMASI - narteks.net","robots":{"index":"index","follow":"follow","max-snippet":"max-snippet:-1","max-image-preview":"max-image-preview:large","max-video-preview":"max-video-preview:-1"},"canonical":"https:\/\/narteks.net\/index.php\/2011\/02\/23\/aradnenn-yakinmasi\/","og_locale":"tr_TR","og_type":"article","og_title":"AR\u0130ADNE'N\u0130N YAKINMASI","og_description":"\u00a0 Kim \u0131s\u0131t\u0131r, kim sever beni daha?S\u0131cak eller uzat\u0131n bana!Y\u00fcrek mangallar\u0131 uzat\u0131n bana!Vurulup d\u00fc\u015f\u00fcr\u00fclm\u00fc\u015f \u00e7\u0131rp\u0131na \u00e7\u0131rp\u0131na,can \u00e7eki\u015fenler gibi, ayaklar\u0131 ovu\u015fturulan,sars\u0131lm\u0131\u015f\u0131m, ah! Bilinmeyen ate\u015flerle yana yana,sen pe\u015fimdesin, ey D\u00fc\u015f\u00fcnce!Adland\u0131r\u0131lamaz! A\u00e7\u0131klanamaz! \u0130\u011fren\u00e7!Sen, ey bulutlar\u0131n ard\u0131ndaki avc\u0131!Yerle bir olmu\u015fum senin \u015fim\u015feklerinle,sen alayc\u0131 g\u00f6z, dikmi\u015fin g\u00f6z\u00fcn\u00fc bana karanl\u0131klardan!Yat\u0131yorum \u00f6yle,k\u0131vr\u0131larak, \u00e7\u0131rp\u0131narak, i\u015fkencesiyleb\u00fct\u00fcn sonsuz ezalar\u0131n,vurdun benisen ey zalim avc\u0131,sen ey tan\u0131nmaz [&hellip;]","og_url":"https:\/\/narteks.net\/index.php\/2011\/02\/23\/aradnenn-yakinmasi\/","og_site_name":"narteks.net","article_published_time":"2011-02-23T17:00:23+00:00","og_image":[{"width":300,"height":90,"url":"https:\/\/narteks.net\/wp-content\/uploads\/narteks.png","type":"image\/png"}],"author":"Tar\u0131k","twitter_card":"summary_large_image","twitter_creator":"@narteks","twitter_site":"@narteks","twitter_misc":{"Yazan:":"Tar\u0131k","Tahmini okuma s\u00fcresi":"3 dakika"},"schema":{"@context":"https:\/\/schema.org","@graph":[{"@type":"Article","@id":"https:\/\/narteks.net\/index.php\/2011\/02\/23\/aradnenn-yakinmasi\/#article","isPartOf":{"@id":"https:\/\/narteks.net\/index.php\/2011\/02\/23\/aradnenn-yakinmasi\/"},"author":{"name":"Tar\u0131k","@id":"https:\/\/narteks.net\/#\/schema\/person\/61f37d9834294b72d31d274e7ed79bca"},"headline":"AR\u0130ADNE&#8217;N\u0130N YAKINMASI","datePublished":"2011-02-23T17:00:23+00:00","mainEntityOfPage":{"@id":"https:\/\/narteks.net\/index.php\/2011\/02\/23\/aradnenn-yakinmasi\/"},"wordCount":545,"commentCount":0,"publisher":{"@id":"https:\/\/narteks.net\/#organization"},"articleSection":["Friedrich NIETZSCHE"],"inLanguage":"tr","potentialAction":[{"@type":"CommentAction","name":"Comment","target":["https:\/\/narteks.net\/index.php\/2011\/02\/23\/aradnenn-yakinmasi\/#respond"]}]},{"@type":"WebPage","@id":"https:\/\/narteks.net\/index.php\/2011\/02\/23\/aradnenn-yakinmasi\/","url":"https:\/\/narteks.net\/index.php\/2011\/02\/23\/aradnenn-yakinmasi\/","name":"AR\u0130ADNE'N\u0130N YAKINMASI - narteks.net","isPartOf":{"@id":"https:\/\/narteks.net\/#website"},"datePublished":"2011-02-23T17:00:23+00:00","breadcrumb":{"@id":"https:\/\/narteks.net\/index.php\/2011\/02\/23\/aradnenn-yakinmasi\/#breadcrumb"},"inLanguage":"tr","potentialAction":[{"@type":"ReadAction","target":["https:\/\/narteks.net\/index.php\/2011\/02\/23\/aradnenn-yakinmasi\/"]}]},{"@type":"BreadcrumbList","@id":"https:\/\/narteks.net\/index.php\/2011\/02\/23\/aradnenn-yakinmasi\/#breadcrumb","itemListElement":[{"@type":"ListItem","position":1,"name":"Anasayfa","item":"https:\/\/narteks.net\/"},{"@type":"ListItem","position":2,"name":"AR\u0130ADNE&#8217;N\u0130N YAKINMASI"}]},{"@type":"WebSite","@id":"https:\/\/narteks.net\/#website","url":"https:\/\/narteks.net\/","name":"narteks.net","description":"K\u00fclt\u00fcr Sanat Edebiyat Felsefe","publisher":{"@id":"https:\/\/narteks.net\/#organization"},"alternateName":"K\u00fclt\u00fcr Sanat Edebiyat Felsefe","potentialAction":[{"@type":"SearchAction","target":{"@type":"EntryPoint","urlTemplate":"https:\/\/narteks.net\/?s={search_term_string}"},"query-input":{"@type":"PropertyValueSpecification","valueRequired":true,"valueName":"search_term_string"}}],"inLanguage":"tr"},{"@type":"Organization","@id":"https:\/\/narteks.net\/#organization","name":"narteks.net","url":"https:\/\/narteks.net\/","logo":{"@type":"ImageObject","inLanguage":"tr","@id":"https:\/\/narteks.net\/#\/schema\/logo\/image\/","url":"https:\/\/narteks.net\/wp-content\/uploads\/narteks.png","contentUrl":"https:\/\/narteks.net\/wp-content\/uploads\/narteks.png","width":300,"height":90,"caption":"narteks.net"},"image":{"@id":"https:\/\/narteks.net\/#\/schema\/logo\/image\/"},"sameAs":["https:\/\/x.com\/narteks","https:\/\/instagram.com\/narteksnet"]},{"@type":"Person","@id":"https:\/\/narteks.net\/#\/schema\/person\/61f37d9834294b72d31d274e7ed79bca","name":"Tar\u0131k","image":{"@type":"ImageObject","inLanguage":"tr","@id":"https:\/\/narteks.net\/#\/schema\/person\/image\/","url":"https:\/\/secure.gravatar.com\/avatar\/50865afb55632c4ae467e0af0930f6510aa2297d8014be502a55b14f3b7550cf?s=96&d=mm&r=g","contentUrl":"https:\/\/secure.gravatar.com\/avatar\/50865afb55632c4ae467e0af0930f6510aa2297d8014be502a55b14f3b7550cf?s=96&d=mm&r=g","caption":"Tar\u0131k"},"sameAs":["http:\/\/narteks.net"],"url":"https:\/\/narteks.net\/index.php\/author\/narbak\/"}]}},"_links":{"self":[{"href":"https:\/\/narteks.net\/index.php\/wp-json\/wp\/v2\/posts\/5064","targetHints":{"allow":["GET"]}}],"collection":[{"href":"https:\/\/narteks.net\/index.php\/wp-json\/wp\/v2\/posts"}],"about":[{"href":"https:\/\/narteks.net\/index.php\/wp-json\/wp\/v2\/types\/post"}],"author":[{"embeddable":true,"href":"https:\/\/narteks.net\/index.php\/wp-json\/wp\/v2\/users\/1"}],"replies":[{"embeddable":true,"href":"https:\/\/narteks.net\/index.php\/wp-json\/wp\/v2\/comments?post=5064"}],"version-history":[{"count":0,"href":"https:\/\/narteks.net\/index.php\/wp-json\/wp\/v2\/posts\/5064\/revisions"}],"wp:attachment":[{"href":"https:\/\/narteks.net\/index.php\/wp-json\/wp\/v2\/media?parent=5064"}],"wp:term":[{"taxonomy":"category","embeddable":true,"href":"https:\/\/narteks.net\/index.php\/wp-json\/wp\/v2\/categories?post=5064"},{"taxonomy":"post_tag","embeddable":true,"href":"https:\/\/narteks.net\/index.php\/wp-json\/wp\/v2\/tags?post=5064"}],"curies":[{"name":"wp","href":"https:\/\/api.w.org\/{rel}","templated":true}]}}