{"id":5066,"date":"2011-02-23T20:04:27","date_gmt":"2011-02-23T17:04:27","guid":{"rendered":"http:\/\/localhost\/wordpress\/2011\/02\/23\/friedrich-wilhelm-netzsche-biyografisi\/"},"modified":"2011-02-23T20:04:27","modified_gmt":"2011-02-23T17:04:27","slug":"friedrich-wilhelm-netzsche-biyografisi","status":"publish","type":"post","link":"https:\/\/narteks.net\/index.php\/2011\/02\/23\/friedrich-wilhelm-netzsche-biyografisi\/","title":{"rendered":"Friedrich Wilhelm N\u0130ETZSCHE Biyografisi"},"content":{"rendered":"<p style=\"text-align: justify;\"><img loading=\"lazy\" decoding=\"async\" src=\"http:\/\/upload.wikimedia.org\/wikipedia\/commons\/2\/23\/Nietzsche1882.jpg\" border=\"0\" width=\"155\" height=\"205\" style=\"float: left;\" \/>Friedrich Wilhelm Nietzsche (d. 15 Ekim 1844 &#8211; \u00f6. 25 A\u011fustos 1900), &#8220;G\u00fc\u00e7 \u0130stenci&#8221;, &#8220;\u00dcstinsan&#8221;, &#8220;Bengid\u00f6n\u00fc\u015f&#8221; gibi \u00f6zg\u00fcn fikirlerle tan\u0131nan varolu\u015f\u00e7u Alman filozof.<\/p>\n<p>Nietzsche&#8217;nin felsefe \u00f6\u011fretisi, kendi \u00e7a\u011f\u0131na t\u00fcmden bir kar\u015f\u0131 \u00e7\u0131k\u0131\u015f olarak g\u00f6r\u00fclmektedir. Kendisinin b\u00fct\u00fcn derdi, insan\u0131 ak\u0131lc\u0131l\u0131\u011f\u0131n k\u0131skac\u0131ndan kurtar\u0131p kendisi \u00fczerinden d\u00fc\u015f\u00fcnmesini sa\u011flamakt\u0131r. Ona g\u00f6re Tanr\u0131 \u00f6lm\u00fc\u015ft\u00fcr ve insanlar D\u00fcnya&#8217;da yapayaln\u0131z kalm\u0131\u015flard\u0131r. Bu y\u00fczden insanlar Tanr\u0131&#8217;dan bekledikleri umut ve istekleri bir kenara b\u0131rak\u0131p kendilerini D\u00fcnya&#8217;ya adamal\u0131lar. B\u00f6ylelikle d\u00fc\u015f\u00fcnce ile ya\u015fam aras\u0131nda ba\u011f kurulmas\u0131 daha kolay olur.<\/p>\n<p>Nietzsche, insanlara yeni de\u011ferler getirmeye \u00e7al\u0131\u015farak g\u00fc\u00e7l\u00fc insanlar\u0131n egemenli\u011finde, \u00e7o\u011funluktan ibaret olan ve s\u00fcr\u00fc olarak nitelendirdi\u011fi insanl\u0131kta ilerlemenin m\u00fcmk\u00fcn oldu\u011funu ileri s\u00fcrm\u00fc\u015ft\u00fcr. S\u00fcr\u00fc kendini feda ederek \u00fcst insan\u0131 belirleyecektir. \u00dcst insan benim diyebilen, kendi g\u00f6zleriyle g\u00f6rd\u00fc\u011f\u00fc ger\u00e7ekli\u011fi belirleyen insan olarak g\u00f6r\u00fclmektedir. B\u00fct\u00fcn varl\u0131\u011f\u0131n temelinde daha g\u00fc\u00e7l\u00fc olmaya y\u00f6nelik irade vard\u0131r. Nietzsche&#8217;ye g\u00f6re, insano\u011flu sadece kendini korumak ve ya\u015famak istemez aksine as\u0131l iste\u011fi daha da g\u00fc\u00e7l\u00fc olmakt\u0131r.<\/p>\n<p>Din, ahlak, \u00e7a\u011fda\u015f k\u00fclt\u00fcr, felsefe ve bilim gibi konularda ele\u015ftiriler yazm\u0131\u015ft\u0131r. Nietzsche&#8217;nin etkileri felsefede, egzistansiyalizm ve postmodernizm \u00fczerinde olmu\u015ftur. De\u011ferlerin g\u00f6receli\u011fini savunmu\u015f, &#8220;iyi&#8221; ve &#8220;k\u00f6t\u00fc&#8221; kavramlar\u0131n\u0131 sorgulam\u0131\u015f, ele\u015ftirmi\u015ftir.<\/p>\n<p>Kendisini &#8220;Filozoflar i\u00e7inde ilk psikolog&#8221; olarak tan\u0131mlayan Nietzsche, Psikanaliz&#8217;de kullan\u0131lan &#8220;Bilin\u00e7Alt\u0131&#8221; (id) kavram\u0131ndan ilk kez bahseden ki\u015fi olmu\u015f ve bu y\u00f6n\u00fcyle Sigmund Freud ve Psikanaliz&#8217;i etkilemi\u015ftir.<\/p>\n<p>K\u0131ta felsefesinde ve analitik felsefede alternatif yollar g\u00f6stermi\u015ftir. Ya\u015fam\u0131 olumlama, bengi d\u00f6n\u00fc\u015f, anti platonizm onun felsefesinin temel ta\u015flar\u0131d\u0131r.<\/p>\n<p>Nietzsche, erken \u00f6l\u00fcm\u00fc ve hastal\u0131\u011f\u0131 nedeniyle, &#8220;ne ahlaksal idealini, ne de trajik \u015fiirini ger\u00e7ekle\u015ftirebilmi\u015ftir.&#8221;<\/p>\n","protected":false},"excerpt":{"rendered":"<p>Friedrich Wilhelm Nietzsche (d. 15 Ekim 1844 &#8211; \u00f6. 25 A\u011fustos 1900), &#8220;G\u00fc\u00e7 \u0130stenci&#8221;, &#8220;\u00dcstinsan&#8221;, &#8220;Bengid\u00f6n\u00fc\u015f&#8221; gibi \u00f6zg\u00fcn fikirlerle tan\u0131nan varolu\u015f\u00e7u Alman filozof. Nietzsche&#8217;nin felsefe \u00f6\u011fretisi, kendi \u00e7a\u011f\u0131na t\u00fcmden bir kar\u015f\u0131 \u00e7\u0131k\u0131\u015f olarak g\u00f6r\u00fclmektedir. Kendisinin b\u00fct\u00fcn derdi, insan\u0131 ak\u0131lc\u0131l\u0131\u011f\u0131n k\u0131skac\u0131ndan kurtar\u0131p kendisi \u00fczerinden d\u00fc\u015f\u00fcnmesini sa\u011flamakt\u0131r. Ona g\u00f6re Tanr\u0131 \u00f6lm\u00fc\u015ft\u00fcr ve insanlar D\u00fcnya&#8217;da yapayaln\u0131z kalm\u0131\u015flard\u0131r. Bu [&hellip;]<\/p>\n","protected":false},"author":1,"featured_media":0,"comment_status":"open","ping_status":"open","sticky":false,"template":"","format":"standard","meta":{"footnotes":""},"categories":[158],"tags":[],"class_list":{"0":"post-5066","1":"post","2":"type-post","3":"status-publish","4":"format-standard","6":"category-friedrich-nietzsche"},"yoast_head":"<!-- This site is optimized with the Yoast SEO Premium plugin v24.9 (Yoast SEO v24.9) - https:\/\/yoast.com\/wordpress\/plugins\/seo\/ -->\n<title>Friedrich Wilhelm N\u0130ETZSCHE Biyografisi - narteks.net<\/title>\n<meta name=\"robots\" content=\"index, follow, max-snippet:-1, max-image-preview:large, max-video-preview:-1\" \/>\n<link rel=\"canonical\" href=\"https:\/\/narteks.net\/index.php\/2011\/02\/23\/friedrich-wilhelm-netzsche-biyografisi\/\" \/>\n<meta property=\"og:locale\" content=\"tr_TR\" \/>\n<meta property=\"og:type\" content=\"article\" \/>\n<meta property=\"og:title\" content=\"Friedrich Wilhelm N\u0130ETZSCHE Biyografisi\" \/>\n<meta property=\"og:description\" content=\"Friedrich Wilhelm Nietzsche (d. 15 Ekim 1844 &#8211; \u00f6. 25 A\u011fustos 1900), &#8220;G\u00fc\u00e7 \u0130stenci&#8221;, &#8220;\u00dcstinsan&#8221;, &#8220;Bengid\u00f6n\u00fc\u015f&#8221; gibi \u00f6zg\u00fcn fikirlerle tan\u0131nan varolu\u015f\u00e7u Alman filozof. Nietzsche&#8217;nin felsefe \u00f6\u011fretisi, kendi \u00e7a\u011f\u0131na t\u00fcmden bir kar\u015f\u0131 \u00e7\u0131k\u0131\u015f olarak g\u00f6r\u00fclmektedir. Kendisinin b\u00fct\u00fcn derdi, insan\u0131 ak\u0131lc\u0131l\u0131\u011f\u0131n k\u0131skac\u0131ndan kurtar\u0131p kendisi \u00fczerinden d\u00fc\u015f\u00fcnmesini sa\u011flamakt\u0131r. Ona g\u00f6re Tanr\u0131 \u00f6lm\u00fc\u015ft\u00fcr ve insanlar D\u00fcnya&#8217;da yapayaln\u0131z kalm\u0131\u015flard\u0131r. Bu [&hellip;]\" \/>\n<meta property=\"og:url\" content=\"https:\/\/narteks.net\/index.php\/2011\/02\/23\/friedrich-wilhelm-netzsche-biyografisi\/\" \/>\n<meta property=\"og:site_name\" content=\"narteks.net\" \/>\n<meta property=\"article:published_time\" content=\"2011-02-23T17:04:27+00:00\" \/>\n<meta property=\"og:image\" content=\"http:\/\/upload.wikimedia.org\/wikipedia\/commons\/2\/23\/Nietzsche1882.jpg\" \/>\n<meta name=\"author\" content=\"Tar\u0131k\" \/>\n<meta name=\"twitter:card\" content=\"summary_large_image\" \/>\n<meta name=\"twitter:creator\" content=\"@narteks\" \/>\n<meta name=\"twitter:site\" content=\"@narteks\" \/>\n<meta name=\"twitter:label1\" content=\"Yazan:\" \/>\n\t<meta name=\"twitter:data1\" content=\"Tar\u0131k\" \/>\n\t<meta name=\"twitter:label2\" content=\"Tahmini okuma s\u00fcresi\" \/>\n\t<meta name=\"twitter:data2\" content=\"2 dakika\" \/>\n<script type=\"application\/ld+json\" class=\"yoast-schema-graph\">{\"@context\":\"https:\/\/schema.org\",\"@graph\":[{\"@type\":\"Article\",\"@id\":\"https:\/\/narteks.net\/index.php\/2011\/02\/23\/friedrich-wilhelm-netzsche-biyografisi\/#article\",\"isPartOf\":{\"@id\":\"https:\/\/narteks.net\/index.php\/2011\/02\/23\/friedrich-wilhelm-netzsche-biyografisi\/\"},\"author\":{\"name\":\"Tar\u0131k\",\"@id\":\"https:\/\/narteks.net\/#\/schema\/person\/61f37d9834294b72d31d274e7ed79bca\"},\"headline\":\"Friedrich Wilhelm N\u0130ETZSCHE Biyografisi\",\"datePublished\":\"2011-02-23T17:04:27+00:00\",\"mainEntityOfPage\":{\"@id\":\"https:\/\/narteks.net\/index.php\/2011\/02\/23\/friedrich-wilhelm-netzsche-biyografisi\/\"},\"wordCount\":337,\"commentCount\":0,\"publisher\":{\"@id\":\"https:\/\/narteks.net\/#organization\"},\"image\":{\"@id\":\"https:\/\/narteks.net\/index.php\/2011\/02\/23\/friedrich-wilhelm-netzsche-biyografisi\/#primaryimage\"},\"thumbnailUrl\":\"http:\/\/upload.wikimedia.org\/wikipedia\/commons\/2\/23\/Nietzsche1882.jpg\",\"articleSection\":[\"Friedrich NIETZSCHE\"],\"inLanguage\":\"tr\",\"potentialAction\":[{\"@type\":\"CommentAction\",\"name\":\"Comment\",\"target\":[\"https:\/\/narteks.net\/index.php\/2011\/02\/23\/friedrich-wilhelm-netzsche-biyografisi\/#respond\"]}]},{\"@type\":\"WebPage\",\"@id\":\"https:\/\/narteks.net\/index.php\/2011\/02\/23\/friedrich-wilhelm-netzsche-biyografisi\/\",\"url\":\"https:\/\/narteks.net\/index.php\/2011\/02\/23\/friedrich-wilhelm-netzsche-biyografisi\/\",\"name\":\"Friedrich Wilhelm N\u0130ETZSCHE Biyografisi - narteks.net\",\"isPartOf\":{\"@id\":\"https:\/\/narteks.net\/#website\"},\"primaryImageOfPage\":{\"@id\":\"https:\/\/narteks.net\/index.php\/2011\/02\/23\/friedrich-wilhelm-netzsche-biyografisi\/#primaryimage\"},\"image\":{\"@id\":\"https:\/\/narteks.net\/index.php\/2011\/02\/23\/friedrich-wilhelm-netzsche-biyografisi\/#primaryimage\"},\"thumbnailUrl\":\"http:\/\/upload.wikimedia.org\/wikipedia\/commons\/2\/23\/Nietzsche1882.jpg\",\"datePublished\":\"2011-02-23T17:04:27+00:00\",\"breadcrumb\":{\"@id\":\"https:\/\/narteks.net\/index.php\/2011\/02\/23\/friedrich-wilhelm-netzsche-biyografisi\/#breadcrumb\"},\"inLanguage\":\"tr\",\"potentialAction\":[{\"@type\":\"ReadAction\",\"target\":[\"https:\/\/narteks.net\/index.php\/2011\/02\/23\/friedrich-wilhelm-netzsche-biyografisi\/\"]}]},{\"@type\":\"ImageObject\",\"inLanguage\":\"tr\",\"@id\":\"https:\/\/narteks.net\/index.php\/2011\/02\/23\/friedrich-wilhelm-netzsche-biyografisi\/#primaryimage\",\"url\":\"http:\/\/upload.wikimedia.org\/wikipedia\/commons\/2\/23\/Nietzsche1882.jpg\",\"contentUrl\":\"http:\/\/upload.wikimedia.org\/wikipedia\/commons\/2\/23\/Nietzsche1882.jpg\"},{\"@type\":\"BreadcrumbList\",\"@id\":\"https:\/\/narteks.net\/index.php\/2011\/02\/23\/friedrich-wilhelm-netzsche-biyografisi\/#breadcrumb\",\"itemListElement\":[{\"@type\":\"ListItem\",\"position\":1,\"name\":\"Anasayfa\",\"item\":\"https:\/\/narteks.net\/\"},{\"@type\":\"ListItem\",\"position\":2,\"name\":\"Friedrich Wilhelm N\u0130ETZSCHE Biyografisi\"}]},{\"@type\":\"WebSite\",\"@id\":\"https:\/\/narteks.net\/#website\",\"url\":\"https:\/\/narteks.net\/\",\"name\":\"narteks.net\",\"description\":\"K\u00fclt\u00fcr Sanat Edebiyat Felsefe\",\"publisher\":{\"@id\":\"https:\/\/narteks.net\/#organization\"},\"alternateName\":\"K\u00fclt\u00fcr Sanat Edebiyat Felsefe\",\"potentialAction\":[{\"@type\":\"SearchAction\",\"target\":{\"@type\":\"EntryPoint\",\"urlTemplate\":\"https:\/\/narteks.net\/?s={search_term_string}\"},\"query-input\":{\"@type\":\"PropertyValueSpecification\",\"valueRequired\":true,\"valueName\":\"search_term_string\"}}],\"inLanguage\":\"tr\"},{\"@type\":\"Organization\",\"@id\":\"https:\/\/narteks.net\/#organization\",\"name\":\"narteks.net\",\"url\":\"https:\/\/narteks.net\/\",\"logo\":{\"@type\":\"ImageObject\",\"inLanguage\":\"tr\",\"@id\":\"https:\/\/narteks.net\/#\/schema\/logo\/image\/\",\"url\":\"https:\/\/narteks.net\/wp-content\/uploads\/narteks.png\",\"contentUrl\":\"https:\/\/narteks.net\/wp-content\/uploads\/narteks.png\",\"width\":300,\"height\":90,\"caption\":\"narteks.net\"},\"image\":{\"@id\":\"https:\/\/narteks.net\/#\/schema\/logo\/image\/\"},\"sameAs\":[\"https:\/\/x.com\/narteks\",\"https:\/\/instagram.com\/narteksnet\"]},{\"@type\":\"Person\",\"@id\":\"https:\/\/narteks.net\/#\/schema\/person\/61f37d9834294b72d31d274e7ed79bca\",\"name\":\"Tar\u0131k\",\"image\":{\"@type\":\"ImageObject\",\"inLanguage\":\"tr\",\"@id\":\"https:\/\/narteks.net\/#\/schema\/person\/image\/\",\"url\":\"https:\/\/secure.gravatar.com\/avatar\/50865afb55632c4ae467e0af0930f6510aa2297d8014be502a55b14f3b7550cf?s=96&d=mm&r=g\",\"contentUrl\":\"https:\/\/secure.gravatar.com\/avatar\/50865afb55632c4ae467e0af0930f6510aa2297d8014be502a55b14f3b7550cf?s=96&d=mm&r=g\",\"caption\":\"Tar\u0131k\"},\"sameAs\":[\"http:\/\/narteks.net\"],\"url\":\"https:\/\/narteks.net\/index.php\/author\/narbak\/\"}]}<\/script>\n<!-- \/ Yoast SEO Premium plugin. -->","yoast_head_json":{"title":"Friedrich Wilhelm N\u0130ETZSCHE Biyografisi - narteks.net","robots":{"index":"index","follow":"follow","max-snippet":"max-snippet:-1","max-image-preview":"max-image-preview:large","max-video-preview":"max-video-preview:-1"},"canonical":"https:\/\/narteks.net\/index.php\/2011\/02\/23\/friedrich-wilhelm-netzsche-biyografisi\/","og_locale":"tr_TR","og_type":"article","og_title":"Friedrich Wilhelm N\u0130ETZSCHE Biyografisi","og_description":"Friedrich Wilhelm Nietzsche (d. 15 Ekim 1844 &#8211; \u00f6. 25 A\u011fustos 1900), &#8220;G\u00fc\u00e7 \u0130stenci&#8221;, &#8220;\u00dcstinsan&#8221;, &#8220;Bengid\u00f6n\u00fc\u015f&#8221; gibi \u00f6zg\u00fcn fikirlerle tan\u0131nan varolu\u015f\u00e7u Alman filozof. Nietzsche&#8217;nin felsefe \u00f6\u011fretisi, kendi \u00e7a\u011f\u0131na t\u00fcmden bir kar\u015f\u0131 \u00e7\u0131k\u0131\u015f olarak g\u00f6r\u00fclmektedir. Kendisinin b\u00fct\u00fcn derdi, insan\u0131 ak\u0131lc\u0131l\u0131\u011f\u0131n k\u0131skac\u0131ndan kurtar\u0131p kendisi \u00fczerinden d\u00fc\u015f\u00fcnmesini sa\u011flamakt\u0131r. Ona g\u00f6re Tanr\u0131 \u00f6lm\u00fc\u015ft\u00fcr ve insanlar D\u00fcnya&#8217;da yapayaln\u0131z kalm\u0131\u015flard\u0131r. Bu [&hellip;]","og_url":"https:\/\/narteks.net\/index.php\/2011\/02\/23\/friedrich-wilhelm-netzsche-biyografisi\/","og_site_name":"narteks.net","article_published_time":"2011-02-23T17:04:27+00:00","og_image":[{"url":"http:\/\/upload.wikimedia.org\/wikipedia\/commons\/2\/23\/Nietzsche1882.jpg","type":"","width":"","height":""}],"author":"Tar\u0131k","twitter_card":"summary_large_image","twitter_creator":"@narteks","twitter_site":"@narteks","twitter_misc":{"Yazan:":"Tar\u0131k","Tahmini okuma s\u00fcresi":"2 dakika"},"schema":{"@context":"https:\/\/schema.org","@graph":[{"@type":"Article","@id":"https:\/\/narteks.net\/index.php\/2011\/02\/23\/friedrich-wilhelm-netzsche-biyografisi\/#article","isPartOf":{"@id":"https:\/\/narteks.net\/index.php\/2011\/02\/23\/friedrich-wilhelm-netzsche-biyografisi\/"},"author":{"name":"Tar\u0131k","@id":"https:\/\/narteks.net\/#\/schema\/person\/61f37d9834294b72d31d274e7ed79bca"},"headline":"Friedrich Wilhelm N\u0130ETZSCHE Biyografisi","datePublished":"2011-02-23T17:04:27+00:00","mainEntityOfPage":{"@id":"https:\/\/narteks.net\/index.php\/2011\/02\/23\/friedrich-wilhelm-netzsche-biyografisi\/"},"wordCount":337,"commentCount":0,"publisher":{"@id":"https:\/\/narteks.net\/#organization"},"image":{"@id":"https:\/\/narteks.net\/index.php\/2011\/02\/23\/friedrich-wilhelm-netzsche-biyografisi\/#primaryimage"},"thumbnailUrl":"http:\/\/upload.wikimedia.org\/wikipedia\/commons\/2\/23\/Nietzsche1882.jpg","articleSection":["Friedrich NIETZSCHE"],"inLanguage":"tr","potentialAction":[{"@type":"CommentAction","name":"Comment","target":["https:\/\/narteks.net\/index.php\/2011\/02\/23\/friedrich-wilhelm-netzsche-biyografisi\/#respond"]}]},{"@type":"WebPage","@id":"https:\/\/narteks.net\/index.php\/2011\/02\/23\/friedrich-wilhelm-netzsche-biyografisi\/","url":"https:\/\/narteks.net\/index.php\/2011\/02\/23\/friedrich-wilhelm-netzsche-biyografisi\/","name":"Friedrich Wilhelm N\u0130ETZSCHE Biyografisi - narteks.net","isPartOf":{"@id":"https:\/\/narteks.net\/#website"},"primaryImageOfPage":{"@id":"https:\/\/narteks.net\/index.php\/2011\/02\/23\/friedrich-wilhelm-netzsche-biyografisi\/#primaryimage"},"image":{"@id":"https:\/\/narteks.net\/index.php\/2011\/02\/23\/friedrich-wilhelm-netzsche-biyografisi\/#primaryimage"},"thumbnailUrl":"http:\/\/upload.wikimedia.org\/wikipedia\/commons\/2\/23\/Nietzsche1882.jpg","datePublished":"2011-02-23T17:04:27+00:00","breadcrumb":{"@id":"https:\/\/narteks.net\/index.php\/2011\/02\/23\/friedrich-wilhelm-netzsche-biyografisi\/#breadcrumb"},"inLanguage":"tr","potentialAction":[{"@type":"ReadAction","target":["https:\/\/narteks.net\/index.php\/2011\/02\/23\/friedrich-wilhelm-netzsche-biyografisi\/"]}]},{"@type":"ImageObject","inLanguage":"tr","@id":"https:\/\/narteks.net\/index.php\/2011\/02\/23\/friedrich-wilhelm-netzsche-biyografisi\/#primaryimage","url":"http:\/\/upload.wikimedia.org\/wikipedia\/commons\/2\/23\/Nietzsche1882.jpg","contentUrl":"http:\/\/upload.wikimedia.org\/wikipedia\/commons\/2\/23\/Nietzsche1882.jpg"},{"@type":"BreadcrumbList","@id":"https:\/\/narteks.net\/index.php\/2011\/02\/23\/friedrich-wilhelm-netzsche-biyografisi\/#breadcrumb","itemListElement":[{"@type":"ListItem","position":1,"name":"Anasayfa","item":"https:\/\/narteks.net\/"},{"@type":"ListItem","position":2,"name":"Friedrich Wilhelm N\u0130ETZSCHE Biyografisi"}]},{"@type":"WebSite","@id":"https:\/\/narteks.net\/#website","url":"https:\/\/narteks.net\/","name":"narteks.net","description":"K\u00fclt\u00fcr Sanat Edebiyat Felsefe","publisher":{"@id":"https:\/\/narteks.net\/#organization"},"alternateName":"K\u00fclt\u00fcr Sanat Edebiyat Felsefe","potentialAction":[{"@type":"SearchAction","target":{"@type":"EntryPoint","urlTemplate":"https:\/\/narteks.net\/?s={search_term_string}"},"query-input":{"@type":"PropertyValueSpecification","valueRequired":true,"valueName":"search_term_string"}}],"inLanguage":"tr"},{"@type":"Organization","@id":"https:\/\/narteks.net\/#organization","name":"narteks.net","url":"https:\/\/narteks.net\/","logo":{"@type":"ImageObject","inLanguage":"tr","@id":"https:\/\/narteks.net\/#\/schema\/logo\/image\/","url":"https:\/\/narteks.net\/wp-content\/uploads\/narteks.png","contentUrl":"https:\/\/narteks.net\/wp-content\/uploads\/narteks.png","width":300,"height":90,"caption":"narteks.net"},"image":{"@id":"https:\/\/narteks.net\/#\/schema\/logo\/image\/"},"sameAs":["https:\/\/x.com\/narteks","https:\/\/instagram.com\/narteksnet"]},{"@type":"Person","@id":"https:\/\/narteks.net\/#\/schema\/person\/61f37d9834294b72d31d274e7ed79bca","name":"Tar\u0131k","image":{"@type":"ImageObject","inLanguage":"tr","@id":"https:\/\/narteks.net\/#\/schema\/person\/image\/","url":"https:\/\/secure.gravatar.com\/avatar\/50865afb55632c4ae467e0af0930f6510aa2297d8014be502a55b14f3b7550cf?s=96&d=mm&r=g","contentUrl":"https:\/\/secure.gravatar.com\/avatar\/50865afb55632c4ae467e0af0930f6510aa2297d8014be502a55b14f3b7550cf?s=96&d=mm&r=g","caption":"Tar\u0131k"},"sameAs":["http:\/\/narteks.net"],"url":"https:\/\/narteks.net\/index.php\/author\/narbak\/"}]}},"_links":{"self":[{"href":"https:\/\/narteks.net\/index.php\/wp-json\/wp\/v2\/posts\/5066","targetHints":{"allow":["GET"]}}],"collection":[{"href":"https:\/\/narteks.net\/index.php\/wp-json\/wp\/v2\/posts"}],"about":[{"href":"https:\/\/narteks.net\/index.php\/wp-json\/wp\/v2\/types\/post"}],"author":[{"embeddable":true,"href":"https:\/\/narteks.net\/index.php\/wp-json\/wp\/v2\/users\/1"}],"replies":[{"embeddable":true,"href":"https:\/\/narteks.net\/index.php\/wp-json\/wp\/v2\/comments?post=5066"}],"version-history":[{"count":0,"href":"https:\/\/narteks.net\/index.php\/wp-json\/wp\/v2\/posts\/5066\/revisions"}],"wp:attachment":[{"href":"https:\/\/narteks.net\/index.php\/wp-json\/wp\/v2\/media?parent=5066"}],"wp:term":[{"taxonomy":"category","embeddable":true,"href":"https:\/\/narteks.net\/index.php\/wp-json\/wp\/v2\/categories?post=5066"},{"taxonomy":"post_tag","embeddable":true,"href":"https:\/\/narteks.net\/index.php\/wp-json\/wp\/v2\/tags?post=5066"}],"curies":[{"name":"wp","href":"https:\/\/api.w.org\/{rel}","templated":true}]}}