{"id":508,"date":"2009-04-12T13:10:45","date_gmt":"2009-04-12T10:10:45","guid":{"rendered":"http:\/\/localhost\/wordpress\/2009\/04\/12\/gec-kalmis-olu\/"},"modified":"2009-04-12T13:10:45","modified_gmt":"2009-04-12T10:10:45","slug":"gec-kalmis-olu","status":"publish","type":"post","link":"https:\/\/narteks.net\/index.php\/2009\/04\/12\/gec-kalmis-olu\/","title":{"rendered":"GE\u00c7 KALMI\u015e \u00d6L\u00dc"},"content":{"rendered":"<p>\u00a0<\/p>\n<p>Korkacak bir \u015fey yok hesap tamam <br \/> S\u0131ram geldi mi hatta g\u00fclece\u011fim <br \/> Kendimi haz\u0131rlad\u0131m biliyorum <br \/> \u00d6nce turgut arkas\u0131ndan \u00f6mer haybo <br \/> Daha sonra varujan sonra nureddin <br \/> Sonra ben de\u011filsem demokrat toni <br \/> Sonra o de\u011filse mutlaka benim <br \/> Kendimi haz\u0131rlad\u0131m biliyorum <\/p>\n<p> Aysel&#8217;in g\u00f6lgesine sakland\u0131m <br \/> Hep susam\u0131\u015f\u0131m su i\u00e7iyorum<\/p>\n<p>Attila \u0130LHAN<\/p>\n","protected":false},"excerpt":{"rendered":"<p>\u00a0 Korkacak bir \u015fey yok hesap tamam S\u0131ram geldi mi hatta g\u00fclece\u011fim Kendimi haz\u0131rlad\u0131m biliyorum \u00d6nce turgut arkas\u0131ndan \u00f6mer haybo Daha sonra varujan sonra nureddin Sonra ben de\u011filsem demokrat toni Sonra o de\u011filse mutlaka benim Kendimi haz\u0131rlad\u0131m biliyorum Aysel&#8217;in g\u00f6lgesine sakland\u0131m Hep susam\u0131\u015f\u0131m su i\u00e7iyorum Attila \u0130LHAN<\/p>\n","protected":false},"author":1,"featured_media":0,"comment_status":"open","ping_status":"open","sticky":false,"template":"","format":"standard","meta":{"footnotes":""},"categories":[11],"tags":[],"class_list":{"0":"post-508","1":"post","2":"type-post","3":"status-publish","4":"format-standard","6":"category-attila-ilhan"},"yoast_head":"<!-- This site is optimized with the Yoast SEO Premium plugin v24.9 (Yoast SEO v24.9) - https:\/\/yoast.com\/wordpress\/plugins\/seo\/ -->\n<title>GE\u00c7 KALMI\u015e \u00d6L\u00dc - narteks.net<\/title>\n<meta name=\"robots\" content=\"index, follow, max-snippet:-1, max-image-preview:large, max-video-preview:-1\" \/>\n<link rel=\"canonical\" href=\"https:\/\/narteks.net\/index.php\/2009\/04\/12\/gec-kalmis-olu\/\" \/>\n<meta property=\"og:locale\" content=\"tr_TR\" \/>\n<meta property=\"og:type\" content=\"article\" \/>\n<meta property=\"og:title\" content=\"GE\u00c7 KALMI\u015e \u00d6L\u00dc\" \/>\n<meta property=\"og:description\" content=\"\u00a0 Korkacak bir \u015fey yok hesap tamam S\u0131ram geldi mi hatta g\u00fclece\u011fim Kendimi haz\u0131rlad\u0131m biliyorum \u00d6nce turgut arkas\u0131ndan \u00f6mer haybo Daha sonra varujan sonra nureddin Sonra ben de\u011filsem demokrat toni Sonra o de\u011filse mutlaka benim Kendimi haz\u0131rlad\u0131m biliyorum Aysel&#8217;in g\u00f6lgesine sakland\u0131m Hep susam\u0131\u015f\u0131m su i\u00e7iyorum Attila \u0130LHAN\" \/>\n<meta property=\"og:url\" content=\"https:\/\/narteks.net\/index.php\/2009\/04\/12\/gec-kalmis-olu\/\" \/>\n<meta property=\"og:site_name\" content=\"narteks.net\" \/>\n<meta property=\"article:published_time\" content=\"2009-04-12T10:10:45+00:00\" \/>\n<meta property=\"og:image\" content=\"https:\/\/narteks.net\/wp-content\/uploads\/narteks.png\" \/>\n\t<meta property=\"og:image:width\" content=\"300\" \/>\n\t<meta property=\"og:image:height\" content=\"90\" \/>\n\t<meta property=\"og:image:type\" content=\"image\/png\" \/>\n<meta name=\"author\" content=\"Tar\u0131k\" \/>\n<meta name=\"twitter:card\" content=\"summary_large_image\" \/>\n<meta name=\"twitter:creator\" content=\"@narteks\" \/>\n<meta name=\"twitter:site\" content=\"@narteks\" \/>\n<meta name=\"twitter:label1\" content=\"Yazan:\" \/>\n\t<meta name=\"twitter:data1\" content=\"Tar\u0131k\" \/>\n<script type=\"application\/ld+json\" class=\"yoast-schema-graph\">{\"@context\":\"https:\/\/schema.org\",\"@graph\":[{\"@type\":\"Article\",\"@id\":\"https:\/\/narteks.net\/index.php\/2009\/04\/12\/gec-kalmis-olu\/#article\",\"isPartOf\":{\"@id\":\"https:\/\/narteks.net\/index.php\/2009\/04\/12\/gec-kalmis-olu\/\"},\"author\":{\"name\":\"Tar\u0131k\",\"@id\":\"https:\/\/narteks.net\/#\/schema\/person\/61f37d9834294b72d31d274e7ed79bca\"},\"headline\":\"GE\u00c7 KALMI\u015e \u00d6L\u00dc\",\"datePublished\":\"2009-04-12T10:10:45+00:00\",\"mainEntityOfPage\":{\"@id\":\"https:\/\/narteks.net\/index.php\/2009\/04\/12\/gec-kalmis-olu\/\"},\"wordCount\":63,\"commentCount\":0,\"publisher\":{\"@id\":\"https:\/\/narteks.net\/#organization\"},\"articleSection\":[\"Attila ILHAN\"],\"inLanguage\":\"tr\",\"potentialAction\":[{\"@type\":\"CommentAction\",\"name\":\"Comment\",\"target\":[\"https:\/\/narteks.net\/index.php\/2009\/04\/12\/gec-kalmis-olu\/#respond\"]}]},{\"@type\":\"WebPage\",\"@id\":\"https:\/\/narteks.net\/index.php\/2009\/04\/12\/gec-kalmis-olu\/\",\"url\":\"https:\/\/narteks.net\/index.php\/2009\/04\/12\/gec-kalmis-olu\/\",\"name\":\"GE\u00c7 KALMI\u015e \u00d6L\u00dc - narteks.net\",\"isPartOf\":{\"@id\":\"https:\/\/narteks.net\/#website\"},\"datePublished\":\"2009-04-12T10:10:45+00:00\",\"breadcrumb\":{\"@id\":\"https:\/\/narteks.net\/index.php\/2009\/04\/12\/gec-kalmis-olu\/#breadcrumb\"},\"inLanguage\":\"tr\",\"potentialAction\":[{\"@type\":\"ReadAction\",\"target\":[\"https:\/\/narteks.net\/index.php\/2009\/04\/12\/gec-kalmis-olu\/\"]}]},{\"@type\":\"BreadcrumbList\",\"@id\":\"https:\/\/narteks.net\/index.php\/2009\/04\/12\/gec-kalmis-olu\/#breadcrumb\",\"itemListElement\":[{\"@type\":\"ListItem\",\"position\":1,\"name\":\"Anasayfa\",\"item\":\"https:\/\/narteks.net\/\"},{\"@type\":\"ListItem\",\"position\":2,\"name\":\"GE\u00c7 KALMI\u015e \u00d6L\u00dc\"}]},{\"@type\":\"WebSite\",\"@id\":\"https:\/\/narteks.net\/#website\",\"url\":\"https:\/\/narteks.net\/\",\"name\":\"narteks.net\",\"description\":\"K\u00fclt\u00fcr Sanat Edebiyat Felsefe\",\"publisher\":{\"@id\":\"https:\/\/narteks.net\/#organization\"},\"alternateName\":\"K\u00fclt\u00fcr Sanat Edebiyat Felsefe\",\"potentialAction\":[{\"@type\":\"SearchAction\",\"target\":{\"@type\":\"EntryPoint\",\"urlTemplate\":\"https:\/\/narteks.net\/?s={search_term_string}\"},\"query-input\":{\"@type\":\"PropertyValueSpecification\",\"valueRequired\":true,\"valueName\":\"search_term_string\"}}],\"inLanguage\":\"tr\"},{\"@type\":\"Organization\",\"@id\":\"https:\/\/narteks.net\/#organization\",\"name\":\"narteks.net\",\"url\":\"https:\/\/narteks.net\/\",\"logo\":{\"@type\":\"ImageObject\",\"inLanguage\":\"tr\",\"@id\":\"https:\/\/narteks.net\/#\/schema\/logo\/image\/\",\"url\":\"https:\/\/narteks.net\/wp-content\/uploads\/narteks.png\",\"contentUrl\":\"https:\/\/narteks.net\/wp-content\/uploads\/narteks.png\",\"width\":300,\"height\":90,\"caption\":\"narteks.net\"},\"image\":{\"@id\":\"https:\/\/narteks.net\/#\/schema\/logo\/image\/\"},\"sameAs\":[\"https:\/\/x.com\/narteks\",\"https:\/\/instagram.com\/narteksnet\"]},{\"@type\":\"Person\",\"@id\":\"https:\/\/narteks.net\/#\/schema\/person\/61f37d9834294b72d31d274e7ed79bca\",\"name\":\"Tar\u0131k\",\"image\":{\"@type\":\"ImageObject\",\"inLanguage\":\"tr\",\"@id\":\"https:\/\/narteks.net\/#\/schema\/person\/image\/\",\"url\":\"https:\/\/secure.gravatar.com\/avatar\/50865afb55632c4ae467e0af0930f6510aa2297d8014be502a55b14f3b7550cf?s=96&d=mm&r=g\",\"contentUrl\":\"https:\/\/secure.gravatar.com\/avatar\/50865afb55632c4ae467e0af0930f6510aa2297d8014be502a55b14f3b7550cf?s=96&d=mm&r=g\",\"caption\":\"Tar\u0131k\"},\"sameAs\":[\"http:\/\/narteks.net\"],\"url\":\"https:\/\/narteks.net\/index.php\/author\/narbak\/\"}]}<\/script>\n<!-- \/ Yoast SEO Premium plugin. -->","yoast_head_json":{"title":"GE\u00c7 KALMI\u015e \u00d6L\u00dc - narteks.net","robots":{"index":"index","follow":"follow","max-snippet":"max-snippet:-1","max-image-preview":"max-image-preview:large","max-video-preview":"max-video-preview:-1"},"canonical":"https:\/\/narteks.net\/index.php\/2009\/04\/12\/gec-kalmis-olu\/","og_locale":"tr_TR","og_type":"article","og_title":"GE\u00c7 KALMI\u015e \u00d6L\u00dc","og_description":"\u00a0 Korkacak bir \u015fey yok hesap tamam S\u0131ram geldi mi hatta g\u00fclece\u011fim Kendimi haz\u0131rlad\u0131m biliyorum \u00d6nce turgut arkas\u0131ndan \u00f6mer haybo Daha sonra varujan sonra nureddin Sonra ben de\u011filsem demokrat toni Sonra o de\u011filse mutlaka benim Kendimi haz\u0131rlad\u0131m biliyorum Aysel&#8217;in g\u00f6lgesine sakland\u0131m Hep susam\u0131\u015f\u0131m su i\u00e7iyorum Attila \u0130LHAN","og_url":"https:\/\/narteks.net\/index.php\/2009\/04\/12\/gec-kalmis-olu\/","og_site_name":"narteks.net","article_published_time":"2009-04-12T10:10:45+00:00","og_image":[{"width":300,"height":90,"url":"https:\/\/narteks.net\/wp-content\/uploads\/narteks.png","type":"image\/png"}],"author":"Tar\u0131k","twitter_card":"summary_large_image","twitter_creator":"@narteks","twitter_site":"@narteks","twitter_misc":{"Yazan:":"Tar\u0131k"},"schema":{"@context":"https:\/\/schema.org","@graph":[{"@type":"Article","@id":"https:\/\/narteks.net\/index.php\/2009\/04\/12\/gec-kalmis-olu\/#article","isPartOf":{"@id":"https:\/\/narteks.net\/index.php\/2009\/04\/12\/gec-kalmis-olu\/"},"author":{"name":"Tar\u0131k","@id":"https:\/\/narteks.net\/#\/schema\/person\/61f37d9834294b72d31d274e7ed79bca"},"headline":"GE\u00c7 KALMI\u015e \u00d6L\u00dc","datePublished":"2009-04-12T10:10:45+00:00","mainEntityOfPage":{"@id":"https:\/\/narteks.net\/index.php\/2009\/04\/12\/gec-kalmis-olu\/"},"wordCount":63,"commentCount":0,"publisher":{"@id":"https:\/\/narteks.net\/#organization"},"articleSection":["Attila ILHAN"],"inLanguage":"tr","potentialAction":[{"@type":"CommentAction","name":"Comment","target":["https:\/\/narteks.net\/index.php\/2009\/04\/12\/gec-kalmis-olu\/#respond"]}]},{"@type":"WebPage","@id":"https:\/\/narteks.net\/index.php\/2009\/04\/12\/gec-kalmis-olu\/","url":"https:\/\/narteks.net\/index.php\/2009\/04\/12\/gec-kalmis-olu\/","name":"GE\u00c7 KALMI\u015e \u00d6L\u00dc - narteks.net","isPartOf":{"@id":"https:\/\/narteks.net\/#website"},"datePublished":"2009-04-12T10:10:45+00:00","breadcrumb":{"@id":"https:\/\/narteks.net\/index.php\/2009\/04\/12\/gec-kalmis-olu\/#breadcrumb"},"inLanguage":"tr","potentialAction":[{"@type":"ReadAction","target":["https:\/\/narteks.net\/index.php\/2009\/04\/12\/gec-kalmis-olu\/"]}]},{"@type":"BreadcrumbList","@id":"https:\/\/narteks.net\/index.php\/2009\/04\/12\/gec-kalmis-olu\/#breadcrumb","itemListElement":[{"@type":"ListItem","position":1,"name":"Anasayfa","item":"https:\/\/narteks.net\/"},{"@type":"ListItem","position":2,"name":"GE\u00c7 KALMI\u015e \u00d6L\u00dc"}]},{"@type":"WebSite","@id":"https:\/\/narteks.net\/#website","url":"https:\/\/narteks.net\/","name":"narteks.net","description":"K\u00fclt\u00fcr Sanat Edebiyat Felsefe","publisher":{"@id":"https:\/\/narteks.net\/#organization"},"alternateName":"K\u00fclt\u00fcr Sanat Edebiyat Felsefe","potentialAction":[{"@type":"SearchAction","target":{"@type":"EntryPoint","urlTemplate":"https:\/\/narteks.net\/?s={search_term_string}"},"query-input":{"@type":"PropertyValueSpecification","valueRequired":true,"valueName":"search_term_string"}}],"inLanguage":"tr"},{"@type":"Organization","@id":"https:\/\/narteks.net\/#organization","name":"narteks.net","url":"https:\/\/narteks.net\/","logo":{"@type":"ImageObject","inLanguage":"tr","@id":"https:\/\/narteks.net\/#\/schema\/logo\/image\/","url":"https:\/\/narteks.net\/wp-content\/uploads\/narteks.png","contentUrl":"https:\/\/narteks.net\/wp-content\/uploads\/narteks.png","width":300,"height":90,"caption":"narteks.net"},"image":{"@id":"https:\/\/narteks.net\/#\/schema\/logo\/image\/"},"sameAs":["https:\/\/x.com\/narteks","https:\/\/instagram.com\/narteksnet"]},{"@type":"Person","@id":"https:\/\/narteks.net\/#\/schema\/person\/61f37d9834294b72d31d274e7ed79bca","name":"Tar\u0131k","image":{"@type":"ImageObject","inLanguage":"tr","@id":"https:\/\/narteks.net\/#\/schema\/person\/image\/","url":"https:\/\/secure.gravatar.com\/avatar\/50865afb55632c4ae467e0af0930f6510aa2297d8014be502a55b14f3b7550cf?s=96&d=mm&r=g","contentUrl":"https:\/\/secure.gravatar.com\/avatar\/50865afb55632c4ae467e0af0930f6510aa2297d8014be502a55b14f3b7550cf?s=96&d=mm&r=g","caption":"Tar\u0131k"},"sameAs":["http:\/\/narteks.net"],"url":"https:\/\/narteks.net\/index.php\/author\/narbak\/"}]}},"_links":{"self":[{"href":"https:\/\/narteks.net\/index.php\/wp-json\/wp\/v2\/posts\/508","targetHints":{"allow":["GET"]}}],"collection":[{"href":"https:\/\/narteks.net\/index.php\/wp-json\/wp\/v2\/posts"}],"about":[{"href":"https:\/\/narteks.net\/index.php\/wp-json\/wp\/v2\/types\/post"}],"author":[{"embeddable":true,"href":"https:\/\/narteks.net\/index.php\/wp-json\/wp\/v2\/users\/1"}],"replies":[{"embeddable":true,"href":"https:\/\/narteks.net\/index.php\/wp-json\/wp\/v2\/comments?post=508"}],"version-history":[{"count":0,"href":"https:\/\/narteks.net\/index.php\/wp-json\/wp\/v2\/posts\/508\/revisions"}],"wp:attachment":[{"href":"https:\/\/narteks.net\/index.php\/wp-json\/wp\/v2\/media?parent=508"}],"wp:term":[{"taxonomy":"category","embeddable":true,"href":"https:\/\/narteks.net\/index.php\/wp-json\/wp\/v2\/categories?post=508"},{"taxonomy":"post_tag","embeddable":true,"href":"https:\/\/narteks.net\/index.php\/wp-json\/wp\/v2\/tags?post=508"}],"curies":[{"name":"wp","href":"https:\/\/api.w.org\/{rel}","templated":true}]}}