{"id":5080,"date":"2011-02-24T13:38:22","date_gmt":"2011-02-24T10:38:22","guid":{"rendered":"http:\/\/localhost\/wordpress\/2011\/02\/24\/yurek-ki-paramparca\/"},"modified":"2011-02-24T13:38:22","modified_gmt":"2011-02-24T10:38:22","slug":"yurek-ki-paramparca","status":"publish","type":"post","link":"https:\/\/narteks.net\/index.php\/2011\/02\/24\/yurek-ki-paramparca\/","title":{"rendered":"Y\u00dcREK K\u0130 PARAMPAR\u00c7A"},"content":{"rendered":"<p>\u00a0<\/p>\n<p>Nas\u0131l da uyarl\u0131yor kendini<br \/>Yatak \u00e7ar\u015faflar\u0131ndan \u00f6d\u00fc kopuyor<br \/>\u00c7ar\u015faflar \u00e7ar\u015faflar g\u00f6k mavisi<br \/>Yast\u0131klar desen sisten buluttan<br \/>\u0130nanc\u0131n\u0131 \u00f6rt\u00fcnmek istiyor olmuyor<br \/>Kusur i\u015flemeyim diye i\u00e7i gidiyor<\/p>\n<p>Aynada budanm\u0131\u015f a\u011fa\u00e7tan korkuyor<br \/>K\u0131\u015f i\u00e7in fazlaca zavall\u0131<br \/>Nas\u0131l da korkuyor so\u011fuktan<br \/>Aynas\u0131n\u0131n i\u00e7inde nas\u0131l saydam<br \/>\u00d6yle belirsiz ki yitip gidiyor<br \/>Zaman ak\u0131p gidiyor dalgalar\u0131ndan<br \/>Kan\u0131 tersine ak\u0131yor kimi zaman<br \/>G\u00f6zya\u015flar\u0131 \u00e7ama\u015f\u0131rlarda leke<br \/>Ye\u015fil ye\u015fil a\u011fa\u00e7lar derliyor eli<br \/>Ve yosun demetleri kumsallardan<br \/>Dikenli bir \u00e7al\u0131l\u0131k inanc\u0131ysa<br \/>Elleri kanay\u0131p duruyor y\u00fcre\u011finin \u00fcst\u00fcnde<br \/>Damla \u0131\u015f\u0131k kalmam\u0131\u015f g\u00f6zlerinde<br \/>K\u00fc\u00e7\u00fck ahtapotlar\u0131n \u00f6l\u00fc kollar\u0131 gibi<br \/>Ayaklar\u0131 gitmem diyor denizde<br \/>Yitip gitmi\u015f i\u015fte evren i\u00e7inde<br \/>\u00c7arp\u0131p duruyor \u00e7at\u0131lara kentlere<br \/>Bu arada kusurlar\u0131na da kendine de<br \/>\u0130\u015fte bu y\u00fczden onun\u00e7in dua edin ki<br \/>Tanr\u0131 silsin belle\u011finden her \u015feyi<br \/>Silsin kendi olma an\u0131s\u0131n\u0131 bile<\/p>\n<p>\u00c7ev: Cemal S\u00fcreya<\/p>\n","protected":false},"excerpt":{"rendered":"<p>\u00a0 Nas\u0131l da uyarl\u0131yor kendiniYatak \u00e7ar\u015faflar\u0131ndan \u00f6d\u00fc kopuyor\u00c7ar\u015faflar \u00e7ar\u015faflar g\u00f6k mavisiYast\u0131klar desen sisten buluttan\u0130nanc\u0131n\u0131 \u00f6rt\u00fcnmek istiyor olmuyorKusur i\u015flemeyim diye i\u00e7i gidiyor Aynada budanm\u0131\u015f a\u011fa\u00e7tan korkuyorK\u0131\u015f i\u00e7in fazlaca zavall\u0131Nas\u0131l da korkuyor so\u011fuktanAynas\u0131n\u0131n i\u00e7inde nas\u0131l saydam\u00d6yle belirsiz ki yitip gidiyorZaman ak\u0131p gidiyor dalgalar\u0131ndanKan\u0131 tersine ak\u0131yor kimi zamanG\u00f6zya\u015flar\u0131 \u00e7ama\u015f\u0131rlarda lekeYe\u015fil ye\u015fil a\u011fa\u00e7lar derliyor eliVe yosun demetleri kumsallardanDikenli bir [&hellip;]<\/p>\n","protected":false},"author":1,"featured_media":0,"comment_status":"open","ping_status":"open","sticky":false,"template":"","format":"standard","meta":{"footnotes":""},"categories":[160],"tags":[],"class_list":{"0":"post-5080","1":"post","2":"type-post","3":"status-publish","4":"format-standard","6":"category-pierre-reverdy"},"yoast_head":"<!-- This site is optimized with the Yoast SEO Premium plugin v24.9 (Yoast SEO v24.9) - https:\/\/yoast.com\/wordpress\/plugins\/seo\/ -->\n<title>Y\u00dcREK K\u0130 PARAMPAR\u00c7A - narteks.net<\/title>\n<meta name=\"robots\" content=\"index, follow, max-snippet:-1, max-image-preview:large, max-video-preview:-1\" \/>\n<link rel=\"canonical\" href=\"https:\/\/narteks.net\/index.php\/2011\/02\/24\/yurek-ki-paramparca\/\" \/>\n<meta property=\"og:locale\" content=\"tr_TR\" \/>\n<meta property=\"og:type\" content=\"article\" \/>\n<meta property=\"og:title\" content=\"Y\u00dcREK K\u0130 PARAMPAR\u00c7A\" \/>\n<meta property=\"og:description\" content=\"\u00a0 Nas\u0131l da uyarl\u0131yor kendiniYatak \u00e7ar\u015faflar\u0131ndan \u00f6d\u00fc kopuyor\u00c7ar\u015faflar \u00e7ar\u015faflar g\u00f6k mavisiYast\u0131klar desen sisten buluttan\u0130nanc\u0131n\u0131 \u00f6rt\u00fcnmek istiyor olmuyorKusur i\u015flemeyim diye i\u00e7i gidiyor Aynada budanm\u0131\u015f a\u011fa\u00e7tan korkuyorK\u0131\u015f i\u00e7in fazlaca zavall\u0131Nas\u0131l da korkuyor so\u011fuktanAynas\u0131n\u0131n i\u00e7inde nas\u0131l saydam\u00d6yle belirsiz ki yitip gidiyorZaman ak\u0131p gidiyor dalgalar\u0131ndanKan\u0131 tersine ak\u0131yor kimi zamanG\u00f6zya\u015flar\u0131 \u00e7ama\u015f\u0131rlarda lekeYe\u015fil ye\u015fil a\u011fa\u00e7lar derliyor eliVe yosun demetleri kumsallardanDikenli bir [&hellip;]\" \/>\n<meta property=\"og:url\" content=\"https:\/\/narteks.net\/index.php\/2011\/02\/24\/yurek-ki-paramparca\/\" \/>\n<meta property=\"og:site_name\" content=\"narteks.net\" \/>\n<meta property=\"article:published_time\" content=\"2011-02-24T10:38:22+00:00\" \/>\n<meta property=\"og:image\" content=\"https:\/\/narteks.net\/wp-content\/uploads\/narteks.png\" \/>\n\t<meta property=\"og:image:width\" content=\"300\" \/>\n\t<meta property=\"og:image:height\" content=\"90\" \/>\n\t<meta property=\"og:image:type\" content=\"image\/png\" \/>\n<meta name=\"author\" content=\"Tar\u0131k\" \/>\n<meta name=\"twitter:card\" content=\"summary_large_image\" \/>\n<meta name=\"twitter:creator\" content=\"@narteks\" \/>\n<meta name=\"twitter:site\" content=\"@narteks\" \/>\n<meta name=\"twitter:label1\" content=\"Yazan:\" \/>\n\t<meta name=\"twitter:data1\" content=\"Tar\u0131k\" \/>\n\t<meta name=\"twitter:label2\" content=\"Tahmini okuma s\u00fcresi\" \/>\n\t<meta name=\"twitter:data2\" content=\"1 dakika\" \/>\n<script type=\"application\/ld+json\" class=\"yoast-schema-graph\">{\"@context\":\"https:\/\/schema.org\",\"@graph\":[{\"@type\":\"Article\",\"@id\":\"https:\/\/narteks.net\/index.php\/2011\/02\/24\/yurek-ki-paramparca\/#article\",\"isPartOf\":{\"@id\":\"https:\/\/narteks.net\/index.php\/2011\/02\/24\/yurek-ki-paramparca\/\"},\"author\":{\"name\":\"Tar\u0131k\",\"@id\":\"https:\/\/narteks.net\/#\/schema\/person\/61f37d9834294b72d31d274e7ed79bca\"},\"headline\":\"Y\u00dcREK K\u0130 PARAMPAR\u00c7A\",\"datePublished\":\"2011-02-24T10:38:22+00:00\",\"mainEntityOfPage\":{\"@id\":\"https:\/\/narteks.net\/index.php\/2011\/02\/24\/yurek-ki-paramparca\/\"},\"wordCount\":162,\"commentCount\":0,\"publisher\":{\"@id\":\"https:\/\/narteks.net\/#organization\"},\"articleSection\":[\"Pierre REVERDY\"],\"inLanguage\":\"tr\",\"potentialAction\":[{\"@type\":\"CommentAction\",\"name\":\"Comment\",\"target\":[\"https:\/\/narteks.net\/index.php\/2011\/02\/24\/yurek-ki-paramparca\/#respond\"]}]},{\"@type\":\"WebPage\",\"@id\":\"https:\/\/narteks.net\/index.php\/2011\/02\/24\/yurek-ki-paramparca\/\",\"url\":\"https:\/\/narteks.net\/index.php\/2011\/02\/24\/yurek-ki-paramparca\/\",\"name\":\"Y\u00dcREK K\u0130 PARAMPAR\u00c7A - narteks.net\",\"isPartOf\":{\"@id\":\"https:\/\/narteks.net\/#website\"},\"datePublished\":\"2011-02-24T10:38:22+00:00\",\"breadcrumb\":{\"@id\":\"https:\/\/narteks.net\/index.php\/2011\/02\/24\/yurek-ki-paramparca\/#breadcrumb\"},\"inLanguage\":\"tr\",\"potentialAction\":[{\"@type\":\"ReadAction\",\"target\":[\"https:\/\/narteks.net\/index.php\/2011\/02\/24\/yurek-ki-paramparca\/\"]}]},{\"@type\":\"BreadcrumbList\",\"@id\":\"https:\/\/narteks.net\/index.php\/2011\/02\/24\/yurek-ki-paramparca\/#breadcrumb\",\"itemListElement\":[{\"@type\":\"ListItem\",\"position\":1,\"name\":\"Anasayfa\",\"item\":\"https:\/\/narteks.net\/\"},{\"@type\":\"ListItem\",\"position\":2,\"name\":\"Y\u00dcREK K\u0130 PARAMPAR\u00c7A\"}]},{\"@type\":\"WebSite\",\"@id\":\"https:\/\/narteks.net\/#website\",\"url\":\"https:\/\/narteks.net\/\",\"name\":\"narteks.net\",\"description\":\"K\u00fclt\u00fcr Sanat Edebiyat Felsefe\",\"publisher\":{\"@id\":\"https:\/\/narteks.net\/#organization\"},\"alternateName\":\"K\u00fclt\u00fcr Sanat Edebiyat Felsefe\",\"potentialAction\":[{\"@type\":\"SearchAction\",\"target\":{\"@type\":\"EntryPoint\",\"urlTemplate\":\"https:\/\/narteks.net\/?s={search_term_string}\"},\"query-input\":{\"@type\":\"PropertyValueSpecification\",\"valueRequired\":true,\"valueName\":\"search_term_string\"}}],\"inLanguage\":\"tr\"},{\"@type\":\"Organization\",\"@id\":\"https:\/\/narteks.net\/#organization\",\"name\":\"narteks.net\",\"url\":\"https:\/\/narteks.net\/\",\"logo\":{\"@type\":\"ImageObject\",\"inLanguage\":\"tr\",\"@id\":\"https:\/\/narteks.net\/#\/schema\/logo\/image\/\",\"url\":\"https:\/\/narteks.net\/wp-content\/uploads\/narteks.png\",\"contentUrl\":\"https:\/\/narteks.net\/wp-content\/uploads\/narteks.png\",\"width\":300,\"height\":90,\"caption\":\"narteks.net\"},\"image\":{\"@id\":\"https:\/\/narteks.net\/#\/schema\/logo\/image\/\"},\"sameAs\":[\"https:\/\/x.com\/narteks\",\"https:\/\/instagram.com\/narteksnet\"]},{\"@type\":\"Person\",\"@id\":\"https:\/\/narteks.net\/#\/schema\/person\/61f37d9834294b72d31d274e7ed79bca\",\"name\":\"Tar\u0131k\",\"image\":{\"@type\":\"ImageObject\",\"inLanguage\":\"tr\",\"@id\":\"https:\/\/narteks.net\/#\/schema\/person\/image\/\",\"url\":\"https:\/\/secure.gravatar.com\/avatar\/50865afb55632c4ae467e0af0930f6510aa2297d8014be502a55b14f3b7550cf?s=96&d=mm&r=g\",\"contentUrl\":\"https:\/\/secure.gravatar.com\/avatar\/50865afb55632c4ae467e0af0930f6510aa2297d8014be502a55b14f3b7550cf?s=96&d=mm&r=g\",\"caption\":\"Tar\u0131k\"},\"sameAs\":[\"http:\/\/narteks.net\"],\"url\":\"https:\/\/narteks.net\/index.php\/author\/narbak\/\"}]}<\/script>\n<!-- \/ Yoast SEO Premium plugin. -->","yoast_head_json":{"title":"Y\u00dcREK K\u0130 PARAMPAR\u00c7A - narteks.net","robots":{"index":"index","follow":"follow","max-snippet":"max-snippet:-1","max-image-preview":"max-image-preview:large","max-video-preview":"max-video-preview:-1"},"canonical":"https:\/\/narteks.net\/index.php\/2011\/02\/24\/yurek-ki-paramparca\/","og_locale":"tr_TR","og_type":"article","og_title":"Y\u00dcREK K\u0130 PARAMPAR\u00c7A","og_description":"\u00a0 Nas\u0131l da uyarl\u0131yor kendiniYatak \u00e7ar\u015faflar\u0131ndan \u00f6d\u00fc kopuyor\u00c7ar\u015faflar \u00e7ar\u015faflar g\u00f6k mavisiYast\u0131klar desen sisten buluttan\u0130nanc\u0131n\u0131 \u00f6rt\u00fcnmek istiyor olmuyorKusur i\u015flemeyim diye i\u00e7i gidiyor Aynada budanm\u0131\u015f a\u011fa\u00e7tan korkuyorK\u0131\u015f i\u00e7in fazlaca zavall\u0131Nas\u0131l da korkuyor so\u011fuktanAynas\u0131n\u0131n i\u00e7inde nas\u0131l saydam\u00d6yle belirsiz ki yitip gidiyorZaman ak\u0131p gidiyor dalgalar\u0131ndanKan\u0131 tersine ak\u0131yor kimi zamanG\u00f6zya\u015flar\u0131 \u00e7ama\u015f\u0131rlarda lekeYe\u015fil ye\u015fil a\u011fa\u00e7lar derliyor eliVe yosun demetleri kumsallardanDikenli bir [&hellip;]","og_url":"https:\/\/narteks.net\/index.php\/2011\/02\/24\/yurek-ki-paramparca\/","og_site_name":"narteks.net","article_published_time":"2011-02-24T10:38:22+00:00","og_image":[{"width":300,"height":90,"url":"https:\/\/narteks.net\/wp-content\/uploads\/narteks.png","type":"image\/png"}],"author":"Tar\u0131k","twitter_card":"summary_large_image","twitter_creator":"@narteks","twitter_site":"@narteks","twitter_misc":{"Yazan:":"Tar\u0131k","Tahmini okuma s\u00fcresi":"1 dakika"},"schema":{"@context":"https:\/\/schema.org","@graph":[{"@type":"Article","@id":"https:\/\/narteks.net\/index.php\/2011\/02\/24\/yurek-ki-paramparca\/#article","isPartOf":{"@id":"https:\/\/narteks.net\/index.php\/2011\/02\/24\/yurek-ki-paramparca\/"},"author":{"name":"Tar\u0131k","@id":"https:\/\/narteks.net\/#\/schema\/person\/61f37d9834294b72d31d274e7ed79bca"},"headline":"Y\u00dcREK K\u0130 PARAMPAR\u00c7A","datePublished":"2011-02-24T10:38:22+00:00","mainEntityOfPage":{"@id":"https:\/\/narteks.net\/index.php\/2011\/02\/24\/yurek-ki-paramparca\/"},"wordCount":162,"commentCount":0,"publisher":{"@id":"https:\/\/narteks.net\/#organization"},"articleSection":["Pierre REVERDY"],"inLanguage":"tr","potentialAction":[{"@type":"CommentAction","name":"Comment","target":["https:\/\/narteks.net\/index.php\/2011\/02\/24\/yurek-ki-paramparca\/#respond"]}]},{"@type":"WebPage","@id":"https:\/\/narteks.net\/index.php\/2011\/02\/24\/yurek-ki-paramparca\/","url":"https:\/\/narteks.net\/index.php\/2011\/02\/24\/yurek-ki-paramparca\/","name":"Y\u00dcREK K\u0130 PARAMPAR\u00c7A - narteks.net","isPartOf":{"@id":"https:\/\/narteks.net\/#website"},"datePublished":"2011-02-24T10:38:22+00:00","breadcrumb":{"@id":"https:\/\/narteks.net\/index.php\/2011\/02\/24\/yurek-ki-paramparca\/#breadcrumb"},"inLanguage":"tr","potentialAction":[{"@type":"ReadAction","target":["https:\/\/narteks.net\/index.php\/2011\/02\/24\/yurek-ki-paramparca\/"]}]},{"@type":"BreadcrumbList","@id":"https:\/\/narteks.net\/index.php\/2011\/02\/24\/yurek-ki-paramparca\/#breadcrumb","itemListElement":[{"@type":"ListItem","position":1,"name":"Anasayfa","item":"https:\/\/narteks.net\/"},{"@type":"ListItem","position":2,"name":"Y\u00dcREK K\u0130 PARAMPAR\u00c7A"}]},{"@type":"WebSite","@id":"https:\/\/narteks.net\/#website","url":"https:\/\/narteks.net\/","name":"narteks.net","description":"K\u00fclt\u00fcr Sanat Edebiyat Felsefe","publisher":{"@id":"https:\/\/narteks.net\/#organization"},"alternateName":"K\u00fclt\u00fcr Sanat Edebiyat Felsefe","potentialAction":[{"@type":"SearchAction","target":{"@type":"EntryPoint","urlTemplate":"https:\/\/narteks.net\/?s={search_term_string}"},"query-input":{"@type":"PropertyValueSpecification","valueRequired":true,"valueName":"search_term_string"}}],"inLanguage":"tr"},{"@type":"Organization","@id":"https:\/\/narteks.net\/#organization","name":"narteks.net","url":"https:\/\/narteks.net\/","logo":{"@type":"ImageObject","inLanguage":"tr","@id":"https:\/\/narteks.net\/#\/schema\/logo\/image\/","url":"https:\/\/narteks.net\/wp-content\/uploads\/narteks.png","contentUrl":"https:\/\/narteks.net\/wp-content\/uploads\/narteks.png","width":300,"height":90,"caption":"narteks.net"},"image":{"@id":"https:\/\/narteks.net\/#\/schema\/logo\/image\/"},"sameAs":["https:\/\/x.com\/narteks","https:\/\/instagram.com\/narteksnet"]},{"@type":"Person","@id":"https:\/\/narteks.net\/#\/schema\/person\/61f37d9834294b72d31d274e7ed79bca","name":"Tar\u0131k","image":{"@type":"ImageObject","inLanguage":"tr","@id":"https:\/\/narteks.net\/#\/schema\/person\/image\/","url":"https:\/\/secure.gravatar.com\/avatar\/50865afb55632c4ae467e0af0930f6510aa2297d8014be502a55b14f3b7550cf?s=96&d=mm&r=g","contentUrl":"https:\/\/secure.gravatar.com\/avatar\/50865afb55632c4ae467e0af0930f6510aa2297d8014be502a55b14f3b7550cf?s=96&d=mm&r=g","caption":"Tar\u0131k"},"sameAs":["http:\/\/narteks.net"],"url":"https:\/\/narteks.net\/index.php\/author\/narbak\/"}]}},"_links":{"self":[{"href":"https:\/\/narteks.net\/index.php\/wp-json\/wp\/v2\/posts\/5080","targetHints":{"allow":["GET"]}}],"collection":[{"href":"https:\/\/narteks.net\/index.php\/wp-json\/wp\/v2\/posts"}],"about":[{"href":"https:\/\/narteks.net\/index.php\/wp-json\/wp\/v2\/types\/post"}],"author":[{"embeddable":true,"href":"https:\/\/narteks.net\/index.php\/wp-json\/wp\/v2\/users\/1"}],"replies":[{"embeddable":true,"href":"https:\/\/narteks.net\/index.php\/wp-json\/wp\/v2\/comments?post=5080"}],"version-history":[{"count":0,"href":"https:\/\/narteks.net\/index.php\/wp-json\/wp\/v2\/posts\/5080\/revisions"}],"wp:attachment":[{"href":"https:\/\/narteks.net\/index.php\/wp-json\/wp\/v2\/media?parent=5080"}],"wp:term":[{"taxonomy":"category","embeddable":true,"href":"https:\/\/narteks.net\/index.php\/wp-json\/wp\/v2\/categories?post=5080"},{"taxonomy":"post_tag","embeddable":true,"href":"https:\/\/narteks.net\/index.php\/wp-json\/wp\/v2\/tags?post=5080"}],"curies":[{"name":"wp","href":"https:\/\/api.w.org\/{rel}","templated":true}]}}