{"id":5086,"date":"2011-02-24T13:47:44","date_gmt":"2011-02-24T10:47:44","guid":{"rendered":"http:\/\/localhost\/wordpress\/2011\/02\/24\/kuru-iskele\/"},"modified":"2011-02-24T13:47:44","modified_gmt":"2011-02-24T10:47:44","slug":"kuru-iskele","status":"publish","type":"post","link":"https:\/\/narteks.net\/index.php\/2011\/02\/24\/kuru-iskele\/","title":{"rendered":"KURU \u0130SKELE"},"content":{"rendered":"<p>\u00a0<\/p>\n<p>A\u011fa\u00e7 dallar\u0131 aras\u0131nda a\u011flayan maske<br \/>Bitmi\u015f bir karnaval gecesinde<br \/>Ya\u015flar ak\u0131yordu k\u0131m\u0131lt\u0131s\u0131z g\u00f6zkapaklar\u0131ndan<br \/>g\u00fclmenin ac\u0131n\u0131n ve \u00f6zlemin g\u00f6zya\u015flar\u0131<\/p>\n<p>Gece yar\u0131s\u0131<br \/>yeniden boyan\u0131yor her \u015fey<br \/>Yeni bir g\u00fcn ba\u015flar<br \/>Eve d\u00f6nen bir sarho\u015f<br \/>anlat\u0131r soka\u011f\u0131n kap\u0131lar\u0131na kendi \u00f6yk\u00fcs\u00fcn\u00fc<br \/>Ac\u0131l\u0131 \u00f6yk\u00fc<br \/>Onunla birlikte sabah\u0131n \u0131\u015f\u0131klar\u0131<\/p>\n<p>Ya\u011fmur ya\u011far ve par\u0131ldar g\u00f6zkapaklar\u0131n<br \/>H\u0131r\u0131ldayarak sular kald\u0131r\u0131mlar\u0131 a\u011fa\u00e7lar<br \/>Ve bakar\u0131m burun deliklerinden yolculu\u011funa gecenin<\/p>\n<p>Bulut s\u00fcr\u00fcs\u00fc ko\u015far solgun g\u00f6ky\u00fcz\u00fc \u00fczerinde<br \/>kendilerini sokak lambalar\u0131na asanlara<br \/>Cana yak\u0131n olacak d\u00fc\u015f<br \/>Ama y\u00fcz\u00fcn ac\u0131mas\u0131z<br \/>Maske<br \/>G\u00fcl\u00fcyor d\u00fc\u015f\u00fcnerek i\u00e7 karart\u0131c\u0131 ertesi g\u00fcn\u00fc<\/p>\n<p>Ge\u00e7erek yank\u0131lanan kald\u0131r\u0131m ta\u015flar\u0131n\u0131<br \/>G\u00f6lgenin koyula\u015ft\u0131\u011f\u0131 sokak k\u00f6\u015felerinde<br \/>Yukarda par\u0131ld\u0131yor bir \u0131\u015f\u0131k<br \/>Rahat m\u0131 rahat<br \/>Nerede seni \u00e7eken, seni bekleyen bar\u0131nak<br \/>Hi\u00e7bir \u015feyi korumuyor gece<br \/>Ama g\u00f6ky\u00fcz\u00fc<br \/>Senin i\u00e7in bir bo\u015f konuttur belki.<\/p>\n<p>\u00c7eviri:\u00d6zdemir \u0130NCE<\/p>\n","protected":false},"excerpt":{"rendered":"<p>\u00a0 A\u011fa\u00e7 dallar\u0131 aras\u0131nda a\u011flayan maskeBitmi\u015f bir karnaval gecesindeYa\u015flar ak\u0131yordu k\u0131m\u0131lt\u0131s\u0131z g\u00f6zkapaklar\u0131ndang\u00fclmenin ac\u0131n\u0131n ve \u00f6zlemin g\u00f6zya\u015flar\u0131 Gece yar\u0131s\u0131yeniden boyan\u0131yor her \u015feyYeni bir g\u00fcn ba\u015flarEve d\u00f6nen bir sarho\u015fanlat\u0131r soka\u011f\u0131n kap\u0131lar\u0131na kendi \u00f6yk\u00fcs\u00fcn\u00fcAc\u0131l\u0131 \u00f6yk\u00fcOnunla birlikte sabah\u0131n \u0131\u015f\u0131klar\u0131 Ya\u011fmur ya\u011far ve par\u0131ldar g\u00f6zkapaklar\u0131nH\u0131r\u0131ldayarak sular kald\u0131r\u0131mlar\u0131 a\u011fa\u00e7larVe bakar\u0131m burun deliklerinden yolculu\u011funa gecenin Bulut s\u00fcr\u00fcs\u00fc ko\u015far solgun g\u00f6ky\u00fcz\u00fc \u00fczerindekendilerini sokak [&hellip;]<\/p>\n","protected":false},"author":1,"featured_media":0,"comment_status":"open","ping_status":"open","sticky":false,"template":"","format":"standard","meta":{"footnotes":""},"categories":[160],"tags":[],"class_list":{"0":"post-5086","1":"post","2":"type-post","3":"status-publish","4":"format-standard","6":"category-pierre-reverdy"},"yoast_head":"<!-- This site is optimized with the Yoast SEO Premium plugin v24.9 (Yoast SEO v24.9) - https:\/\/yoast.com\/wordpress\/plugins\/seo\/ -->\n<title>KURU \u0130SKELE - narteks.net<\/title>\n<meta name=\"robots\" content=\"index, follow, max-snippet:-1, max-image-preview:large, max-video-preview:-1\" \/>\n<link rel=\"canonical\" href=\"https:\/\/narteks.net\/index.php\/2011\/02\/24\/kuru-iskele\/\" \/>\n<meta property=\"og:locale\" content=\"tr_TR\" \/>\n<meta property=\"og:type\" content=\"article\" \/>\n<meta property=\"og:title\" content=\"KURU \u0130SKELE\" \/>\n<meta property=\"og:description\" content=\"\u00a0 A\u011fa\u00e7 dallar\u0131 aras\u0131nda a\u011flayan maskeBitmi\u015f bir karnaval gecesindeYa\u015flar ak\u0131yordu k\u0131m\u0131lt\u0131s\u0131z g\u00f6zkapaklar\u0131ndang\u00fclmenin ac\u0131n\u0131n ve \u00f6zlemin g\u00f6zya\u015flar\u0131 Gece yar\u0131s\u0131yeniden boyan\u0131yor her \u015feyYeni bir g\u00fcn ba\u015flarEve d\u00f6nen bir sarho\u015fanlat\u0131r soka\u011f\u0131n kap\u0131lar\u0131na kendi \u00f6yk\u00fcs\u00fcn\u00fcAc\u0131l\u0131 \u00f6yk\u00fcOnunla birlikte sabah\u0131n \u0131\u015f\u0131klar\u0131 Ya\u011fmur ya\u011far ve par\u0131ldar g\u00f6zkapaklar\u0131nH\u0131r\u0131ldayarak sular kald\u0131r\u0131mlar\u0131 a\u011fa\u00e7larVe bakar\u0131m burun deliklerinden yolculu\u011funa gecenin Bulut s\u00fcr\u00fcs\u00fc ko\u015far solgun g\u00f6ky\u00fcz\u00fc \u00fczerindekendilerini sokak [&hellip;]\" \/>\n<meta property=\"og:url\" content=\"https:\/\/narteks.net\/index.php\/2011\/02\/24\/kuru-iskele\/\" \/>\n<meta property=\"og:site_name\" content=\"narteks.net\" \/>\n<meta property=\"article:published_time\" content=\"2011-02-24T10:47:44+00:00\" \/>\n<meta property=\"og:image\" content=\"https:\/\/narteks.net\/wp-content\/uploads\/narteks.png\" \/>\n\t<meta property=\"og:image:width\" content=\"300\" \/>\n\t<meta property=\"og:image:height\" content=\"90\" \/>\n\t<meta property=\"og:image:type\" content=\"image\/png\" \/>\n<meta name=\"author\" content=\"Tar\u0131k\" \/>\n<meta name=\"twitter:card\" content=\"summary_large_image\" \/>\n<meta name=\"twitter:creator\" content=\"@narteks\" \/>\n<meta name=\"twitter:site\" content=\"@narteks\" \/>\n<meta name=\"twitter:label1\" content=\"Yazan:\" \/>\n\t<meta name=\"twitter:data1\" content=\"Tar\u0131k\" \/>\n\t<meta name=\"twitter:label2\" content=\"Tahmini okuma s\u00fcresi\" \/>\n\t<meta name=\"twitter:data2\" content=\"1 dakika\" \/>\n<script type=\"application\/ld+json\" class=\"yoast-schema-graph\">{\"@context\":\"https:\/\/schema.org\",\"@graph\":[{\"@type\":\"Article\",\"@id\":\"https:\/\/narteks.net\/index.php\/2011\/02\/24\/kuru-iskele\/#article\",\"isPartOf\":{\"@id\":\"https:\/\/narteks.net\/index.php\/2011\/02\/24\/kuru-iskele\/\"},\"author\":{\"name\":\"Tar\u0131k\",\"@id\":\"https:\/\/narteks.net\/#\/schema\/person\/61f37d9834294b72d31d274e7ed79bca\"},\"headline\":\"KURU \u0130SKELE\",\"datePublished\":\"2011-02-24T10:47:44+00:00\",\"mainEntityOfPage\":{\"@id\":\"https:\/\/narteks.net\/index.php\/2011\/02\/24\/kuru-iskele\/\"},\"wordCount\":178,\"commentCount\":0,\"publisher\":{\"@id\":\"https:\/\/narteks.net\/#organization\"},\"articleSection\":[\"Pierre REVERDY\"],\"inLanguage\":\"tr\",\"potentialAction\":[{\"@type\":\"CommentAction\",\"name\":\"Comment\",\"target\":[\"https:\/\/narteks.net\/index.php\/2011\/02\/24\/kuru-iskele\/#respond\"]}]},{\"@type\":\"WebPage\",\"@id\":\"https:\/\/narteks.net\/index.php\/2011\/02\/24\/kuru-iskele\/\",\"url\":\"https:\/\/narteks.net\/index.php\/2011\/02\/24\/kuru-iskele\/\",\"name\":\"KURU \u0130SKELE - narteks.net\",\"isPartOf\":{\"@id\":\"https:\/\/narteks.net\/#website\"},\"datePublished\":\"2011-02-24T10:47:44+00:00\",\"breadcrumb\":{\"@id\":\"https:\/\/narteks.net\/index.php\/2011\/02\/24\/kuru-iskele\/#breadcrumb\"},\"inLanguage\":\"tr\",\"potentialAction\":[{\"@type\":\"ReadAction\",\"target\":[\"https:\/\/narteks.net\/index.php\/2011\/02\/24\/kuru-iskele\/\"]}]},{\"@type\":\"BreadcrumbList\",\"@id\":\"https:\/\/narteks.net\/index.php\/2011\/02\/24\/kuru-iskele\/#breadcrumb\",\"itemListElement\":[{\"@type\":\"ListItem\",\"position\":1,\"name\":\"Anasayfa\",\"item\":\"https:\/\/narteks.net\/\"},{\"@type\":\"ListItem\",\"position\":2,\"name\":\"KURU \u0130SKELE\"}]},{\"@type\":\"WebSite\",\"@id\":\"https:\/\/narteks.net\/#website\",\"url\":\"https:\/\/narteks.net\/\",\"name\":\"narteks.net\",\"description\":\"K\u00fclt\u00fcr Sanat Edebiyat Felsefe\",\"publisher\":{\"@id\":\"https:\/\/narteks.net\/#organization\"},\"alternateName\":\"K\u00fclt\u00fcr Sanat Edebiyat Felsefe\",\"potentialAction\":[{\"@type\":\"SearchAction\",\"target\":{\"@type\":\"EntryPoint\",\"urlTemplate\":\"https:\/\/narteks.net\/?s={search_term_string}\"},\"query-input\":{\"@type\":\"PropertyValueSpecification\",\"valueRequired\":true,\"valueName\":\"search_term_string\"}}],\"inLanguage\":\"tr\"},{\"@type\":\"Organization\",\"@id\":\"https:\/\/narteks.net\/#organization\",\"name\":\"narteks.net\",\"url\":\"https:\/\/narteks.net\/\",\"logo\":{\"@type\":\"ImageObject\",\"inLanguage\":\"tr\",\"@id\":\"https:\/\/narteks.net\/#\/schema\/logo\/image\/\",\"url\":\"https:\/\/narteks.net\/wp-content\/uploads\/narteks.png\",\"contentUrl\":\"https:\/\/narteks.net\/wp-content\/uploads\/narteks.png\",\"width\":300,\"height\":90,\"caption\":\"narteks.net\"},\"image\":{\"@id\":\"https:\/\/narteks.net\/#\/schema\/logo\/image\/\"},\"sameAs\":[\"https:\/\/x.com\/narteks\",\"https:\/\/instagram.com\/narteksnet\"]},{\"@type\":\"Person\",\"@id\":\"https:\/\/narteks.net\/#\/schema\/person\/61f37d9834294b72d31d274e7ed79bca\",\"name\":\"Tar\u0131k\",\"image\":{\"@type\":\"ImageObject\",\"inLanguage\":\"tr\",\"@id\":\"https:\/\/narteks.net\/#\/schema\/person\/image\/\",\"url\":\"https:\/\/secure.gravatar.com\/avatar\/50865afb55632c4ae467e0af0930f6510aa2297d8014be502a55b14f3b7550cf?s=96&d=mm&r=g\",\"contentUrl\":\"https:\/\/secure.gravatar.com\/avatar\/50865afb55632c4ae467e0af0930f6510aa2297d8014be502a55b14f3b7550cf?s=96&d=mm&r=g\",\"caption\":\"Tar\u0131k\"},\"sameAs\":[\"http:\/\/narteks.net\"],\"url\":\"https:\/\/narteks.net\/index.php\/author\/narbak\/\"}]}<\/script>\n<!-- \/ Yoast SEO Premium plugin. -->","yoast_head_json":{"title":"KURU \u0130SKELE - narteks.net","robots":{"index":"index","follow":"follow","max-snippet":"max-snippet:-1","max-image-preview":"max-image-preview:large","max-video-preview":"max-video-preview:-1"},"canonical":"https:\/\/narteks.net\/index.php\/2011\/02\/24\/kuru-iskele\/","og_locale":"tr_TR","og_type":"article","og_title":"KURU \u0130SKELE","og_description":"\u00a0 A\u011fa\u00e7 dallar\u0131 aras\u0131nda a\u011flayan maskeBitmi\u015f bir karnaval gecesindeYa\u015flar ak\u0131yordu k\u0131m\u0131lt\u0131s\u0131z g\u00f6zkapaklar\u0131ndang\u00fclmenin ac\u0131n\u0131n ve \u00f6zlemin g\u00f6zya\u015flar\u0131 Gece yar\u0131s\u0131yeniden boyan\u0131yor her \u015feyYeni bir g\u00fcn ba\u015flarEve d\u00f6nen bir sarho\u015fanlat\u0131r soka\u011f\u0131n kap\u0131lar\u0131na kendi \u00f6yk\u00fcs\u00fcn\u00fcAc\u0131l\u0131 \u00f6yk\u00fcOnunla birlikte sabah\u0131n \u0131\u015f\u0131klar\u0131 Ya\u011fmur ya\u011far ve par\u0131ldar g\u00f6zkapaklar\u0131nH\u0131r\u0131ldayarak sular kald\u0131r\u0131mlar\u0131 a\u011fa\u00e7larVe bakar\u0131m burun deliklerinden yolculu\u011funa gecenin Bulut s\u00fcr\u00fcs\u00fc ko\u015far solgun g\u00f6ky\u00fcz\u00fc \u00fczerindekendilerini sokak [&hellip;]","og_url":"https:\/\/narteks.net\/index.php\/2011\/02\/24\/kuru-iskele\/","og_site_name":"narteks.net","article_published_time":"2011-02-24T10:47:44+00:00","og_image":[{"width":300,"height":90,"url":"https:\/\/narteks.net\/wp-content\/uploads\/narteks.png","type":"image\/png"}],"author":"Tar\u0131k","twitter_card":"summary_large_image","twitter_creator":"@narteks","twitter_site":"@narteks","twitter_misc":{"Yazan:":"Tar\u0131k","Tahmini okuma s\u00fcresi":"1 dakika"},"schema":{"@context":"https:\/\/schema.org","@graph":[{"@type":"Article","@id":"https:\/\/narteks.net\/index.php\/2011\/02\/24\/kuru-iskele\/#article","isPartOf":{"@id":"https:\/\/narteks.net\/index.php\/2011\/02\/24\/kuru-iskele\/"},"author":{"name":"Tar\u0131k","@id":"https:\/\/narteks.net\/#\/schema\/person\/61f37d9834294b72d31d274e7ed79bca"},"headline":"KURU \u0130SKELE","datePublished":"2011-02-24T10:47:44+00:00","mainEntityOfPage":{"@id":"https:\/\/narteks.net\/index.php\/2011\/02\/24\/kuru-iskele\/"},"wordCount":178,"commentCount":0,"publisher":{"@id":"https:\/\/narteks.net\/#organization"},"articleSection":["Pierre REVERDY"],"inLanguage":"tr","potentialAction":[{"@type":"CommentAction","name":"Comment","target":["https:\/\/narteks.net\/index.php\/2011\/02\/24\/kuru-iskele\/#respond"]}]},{"@type":"WebPage","@id":"https:\/\/narteks.net\/index.php\/2011\/02\/24\/kuru-iskele\/","url":"https:\/\/narteks.net\/index.php\/2011\/02\/24\/kuru-iskele\/","name":"KURU \u0130SKELE - narteks.net","isPartOf":{"@id":"https:\/\/narteks.net\/#website"},"datePublished":"2011-02-24T10:47:44+00:00","breadcrumb":{"@id":"https:\/\/narteks.net\/index.php\/2011\/02\/24\/kuru-iskele\/#breadcrumb"},"inLanguage":"tr","potentialAction":[{"@type":"ReadAction","target":["https:\/\/narteks.net\/index.php\/2011\/02\/24\/kuru-iskele\/"]}]},{"@type":"BreadcrumbList","@id":"https:\/\/narteks.net\/index.php\/2011\/02\/24\/kuru-iskele\/#breadcrumb","itemListElement":[{"@type":"ListItem","position":1,"name":"Anasayfa","item":"https:\/\/narteks.net\/"},{"@type":"ListItem","position":2,"name":"KURU \u0130SKELE"}]},{"@type":"WebSite","@id":"https:\/\/narteks.net\/#website","url":"https:\/\/narteks.net\/","name":"narteks.net","description":"K\u00fclt\u00fcr Sanat Edebiyat Felsefe","publisher":{"@id":"https:\/\/narteks.net\/#organization"},"alternateName":"K\u00fclt\u00fcr Sanat Edebiyat Felsefe","potentialAction":[{"@type":"SearchAction","target":{"@type":"EntryPoint","urlTemplate":"https:\/\/narteks.net\/?s={search_term_string}"},"query-input":{"@type":"PropertyValueSpecification","valueRequired":true,"valueName":"search_term_string"}}],"inLanguage":"tr"},{"@type":"Organization","@id":"https:\/\/narteks.net\/#organization","name":"narteks.net","url":"https:\/\/narteks.net\/","logo":{"@type":"ImageObject","inLanguage":"tr","@id":"https:\/\/narteks.net\/#\/schema\/logo\/image\/","url":"https:\/\/narteks.net\/wp-content\/uploads\/narteks.png","contentUrl":"https:\/\/narteks.net\/wp-content\/uploads\/narteks.png","width":300,"height":90,"caption":"narteks.net"},"image":{"@id":"https:\/\/narteks.net\/#\/schema\/logo\/image\/"},"sameAs":["https:\/\/x.com\/narteks","https:\/\/instagram.com\/narteksnet"]},{"@type":"Person","@id":"https:\/\/narteks.net\/#\/schema\/person\/61f37d9834294b72d31d274e7ed79bca","name":"Tar\u0131k","image":{"@type":"ImageObject","inLanguage":"tr","@id":"https:\/\/narteks.net\/#\/schema\/person\/image\/","url":"https:\/\/secure.gravatar.com\/avatar\/50865afb55632c4ae467e0af0930f6510aa2297d8014be502a55b14f3b7550cf?s=96&d=mm&r=g","contentUrl":"https:\/\/secure.gravatar.com\/avatar\/50865afb55632c4ae467e0af0930f6510aa2297d8014be502a55b14f3b7550cf?s=96&d=mm&r=g","caption":"Tar\u0131k"},"sameAs":["http:\/\/narteks.net"],"url":"https:\/\/narteks.net\/index.php\/author\/narbak\/"}]}},"_links":{"self":[{"href":"https:\/\/narteks.net\/index.php\/wp-json\/wp\/v2\/posts\/5086","targetHints":{"allow":["GET"]}}],"collection":[{"href":"https:\/\/narteks.net\/index.php\/wp-json\/wp\/v2\/posts"}],"about":[{"href":"https:\/\/narteks.net\/index.php\/wp-json\/wp\/v2\/types\/post"}],"author":[{"embeddable":true,"href":"https:\/\/narteks.net\/index.php\/wp-json\/wp\/v2\/users\/1"}],"replies":[{"embeddable":true,"href":"https:\/\/narteks.net\/index.php\/wp-json\/wp\/v2\/comments?post=5086"}],"version-history":[{"count":0,"href":"https:\/\/narteks.net\/index.php\/wp-json\/wp\/v2\/posts\/5086\/revisions"}],"wp:attachment":[{"href":"https:\/\/narteks.net\/index.php\/wp-json\/wp\/v2\/media?parent=5086"}],"wp:term":[{"taxonomy":"category","embeddable":true,"href":"https:\/\/narteks.net\/index.php\/wp-json\/wp\/v2\/categories?post=5086"},{"taxonomy":"post_tag","embeddable":true,"href":"https:\/\/narteks.net\/index.php\/wp-json\/wp\/v2\/tags?post=5086"}],"curies":[{"name":"wp","href":"https:\/\/api.w.org\/{rel}","templated":true}]}}